{"id":7183,"date":"2024-09-12T09:08:12","date_gmt":"2024-09-12T09:08:12","guid":{"rendered":"https:\/\/automotiverevista.pt\/?p=7183"},"modified":"2024-09-12T09:10:38","modified_gmt":"2024-09-12T09:10:38","slug":"kobelco-com-gama-especifica-para-jardinagem-e-paisagismo","status":"publish","type":"post","link":"https:\/\/automotiverevista.pt\/index.php\/2024\/09\/12\/kobelco-com-gama-especifica-para-jardinagem-e-paisagismo\/","title":{"rendered":"Kobelco com gama espec\u00edfica para jardinagem e paisagismo"},"content":{"rendered":"\n<p>A Revista Automotive esteve na sede europeia da Kobelco Construction Machinery Europe localizada em Amesterd\u00e3o (Holanda), para entrevistar <strong>Ruben Gomez<\/strong>, <em>Retail Sales and Marketing Manager for Spain &amp; Portugal<\/em>, que nos fala sobre a especializa\u00e7\u00e3o da Kobelco no <a href=\"https:\/\/automotiverevista.pt\/index.php\/2024\/06\/21\/kobelco-com-tres-novidades-e-motores-mercedes-benz\/\">segmento de jardinagem e paisagismo<\/a> e como a empresa se posiciona nesses segmentos.<\/p>\n\n\n\n<p>Ruben Gomez explica-nos assim que \u201c a atividade da jardinagem \u00e9 realizada num ambiente mais controlado e com terrenos mais macios. Tipicamente n\u00e3o \u00e9 um trabalho \u201cpesado\u201d para as m\u00e1quinas, por isso uma m\u00e1quina at\u00e9 \u00e0s 2 toneladas \u00e9 o suficiente para efetuar a maior parte dos trabalhos. Para este setor, a gama de m\u00e1quinas da Kobelco vai desde a SK17, at\u00e9 \u00e0 SK34 ou seja, a s\u00e3o m\u00e1quinas compactas.<\/p>\n\n\n\n<p>Claro que depende sempre da tipologia de servi\u00e7o que a empresa de jardinagem realiza. Se forem trabalhos pontuais de algumas horas numa semana, por exemplo, num centro da cidade, a SK17 \u00e9 mais do que suficiente. Mas se t\u00eam de trabalhar turnos completos durante semanas, a\u00ed dever\u00e3o optar por uma SK26, porque j\u00e1 tem uma cabine, ar condicionado, e ainda a possibilidade de acoplar diferentes implementos, algo que n\u00e3o \u00e9 poss\u00edvel com a SK17.<\/p>\n\n\n\n<figure class=\"wp-block-image size-large is-resized\"><img decoding=\"async\" width=\"1024\" height=\"614\" src=\"https:\/\/automotiverevista.pt\/wp-content\/uploads\/2024\/09\/SK140SRLC-7_EU_Jobsite-1-1024x614.jpg\" alt=\"\" class=\"wp-image-7193\" style=\"width:881px;height:auto\" srcset=\"https:\/\/automotiverevista.pt\/wp-content\/uploads\/2024\/09\/SK140SRLC-7_EU_Jobsite-1-1024x614.jpg 1024w, https:\/\/automotiverevista.pt\/wp-content\/uploads\/2024\/09\/SK140SRLC-7_EU_Jobsite-1-300x180.jpg 300w, https:\/\/automotiverevista.pt\/wp-content\/uploads\/2024\/09\/SK140SRLC-7_EU_Jobsite-1-768x460.jpg 768w, https:\/\/automotiverevista.pt\/wp-content\/uploads\/2024\/09\/SK140SRLC-7_EU_Jobsite-1-750x450.jpg 750w, https:\/\/automotiverevista.pt\/wp-content\/uploads\/2024\/09\/SK140SRLC-7_EU_Jobsite-1.jpg 1096w\" sizes=\"(max-width: 1024px) 100vw, 1024px\" \/><\/figure>\n\n\n\n<p>Para o mercado portugu\u00eas, principalmente pelo facto dos ver\u00f5es serem bastante quentes, a SK26 \u00e9 a m\u00e1quina que tem tido mais apet\u00eancia. At\u00e9 pela flexibilidade que a m\u00e1quina permite em termos de implementos e pela for\u00e7a hidr\u00e1ulica que ela possui, sendo assim uma m\u00e1quina bastante vers\u00e1til.<\/p>\n\n\n\n<p>Espec\u00edfico de Portugal \u00e9 tamb\u00e9m a possibilidade de transporte das m\u00e1quinas em reboques ligeiros. Em Portugal podemos transportar a SK10 ou a SK17 com um ve\u00edculo ligeiro, atrav\u00e9s de um reboque. Uma SK26 j\u00e1 n\u00e3o \u00e9 poss\u00edvel, apesar de em outros pa\u00edses europeus isso ser poss\u00edvel.<\/p>\n\n\n\n<p><strong>Mercado em crescimento<\/strong><\/p>\n\n\n\n<p>O mercado das escavadoras compactas est\u00e1 em franco crescimento em Portugal. Por exemplo, em Espanha vende-se cerca de 3000 escavadoras novas compactas e em Portugal vendem-se cerca de 1200. Em Portugal, este mercado agora \u00e9 muito maior do que em Espanha. Isto explica-se porque Portugal era tipicamente um mercado comprador de m\u00e1quinas usadas e que mudou o foco para m\u00e1quinas novas, influenciado pelas m\u00e1quinas chinesas com pre\u00e7os altamente competitivos.<\/p>\n\n\n\n<p>Esse movimento at\u00e9 foi bom, porque habituou o cliente a usar m\u00e1quinas novas, mas com os problemas que estas marcas tiveram, os clientes passaram a procurar marcas de maior qualidade, como \u00e9 o caso da gama da Kobelco.<\/p>\n\n\n\n<p>Nesta<a href=\"https:\/\/automotiverevista.pt\/index.php\/2024\/06\/21\/kobelco-com-tres-novidades-e-motores-mercedes-benz\/\"> gama compact<\/a>a, as nossas m\u00e1quinas requerem uma manuten\u00e7\u00e3o muito simples, onde o n\u00edvel de eletr\u00f3nica \u00e9 muito reduzido, permitindo ao cliente oper\u00e1-las com bastante facilidade. At\u00e9 em termos de opera\u00e7\u00e3o, a gama compacta \u00e9 muito intuitiva para os operadores, facilitando o seu manuseio e sendo necess\u00e1ria uma forma\u00e7\u00e3o mais b\u00e1sica como operador.<\/p>\n\n\n\n<p>Claro que, um especialista como a Kobelco que s\u00f3 produz escavadoras, um modelo SK26 j\u00e1 traz n\u00edveis de tecnologia e sofistica\u00e7\u00e3o diferentes do mercado, como um ecr\u00e3 digital e v\u00e1rias possibilidades de configura\u00e7\u00e3o da m\u00e1quina e dos seus implementos.<\/p>\n\n\n\n<figure class=\"wp-block-image size-large is-resized\"><img decoding=\"async\" width=\"1024\" height=\"683\" src=\"https:\/\/automotiverevista.pt\/wp-content\/uploads\/2024\/09\/SK270SRNLC-7_EU_Jobsite-1024x683.jpg\" alt=\"\" class=\"wp-image-7187\" style=\"width:1048px;height:auto\" srcset=\"https:\/\/automotiverevista.pt\/wp-content\/uploads\/2024\/09\/SK270SRNLC-7_EU_Jobsite-1024x683.jpg 1024w, https:\/\/automotiverevista.pt\/wp-content\/uploads\/2024\/09\/SK270SRNLC-7_EU_Jobsite-300x200.jpg 300w, https:\/\/automotiverevista.pt\/wp-content\/uploads\/2024\/09\/SK270SRNLC-7_EU_Jobsite-768x512.jpg 768w, https:\/\/automotiverevista.pt\/wp-content\/uploads\/2024\/09\/SK270SRNLC-7_EU_Jobsite-750x500.jpg 750w, https:\/\/automotiverevista.pt\/wp-content\/uploads\/2024\/09\/SK270SRNLC-7_EU_Jobsite-1140x760.jpg 1140w, https:\/\/automotiverevista.pt\/wp-content\/uploads\/2024\/09\/SK270SRNLC-7_EU_Jobsite.jpg 1500w\" sizes=\"(max-width: 1024px) 100vw, 1024px\" \/><\/figure>\n\n\n\n<p><strong>Segmento do Paisagismo<\/strong><\/p>\n\n\n\n<p>O paisagismo \u00e9 quase que o oposto da jardinagem, porque trabalha em grandes \u00e1reas e tem bastante espa\u00e7o para as m\u00e1quinas operarem. Aqui utilizam-se as escavadoras maiores porque existe espa\u00e7o de movimenta\u00e7\u00e3o e pretende-se m\u00e1quinas com boa estabilidade, pois trabalha-se geralmente em terrenos mais \u00edngremes.<\/p>\n\n\n\n<p>Para este segmento, as mais indicadas da gama da Kobelco ser\u00e3o a SK180, SK210, SK260 e at\u00e9 diria a SK300 para os trabalhos com grande dimens\u00e3o, por exemplo junto \u00e0s autoestradas.<\/p>\n\n\n\n<p>Aqui as m\u00e1quinas j\u00e1 s\u00e3o extremamente tecnol\u00f3gicas e requerem uma forma\u00e7\u00e3o mais dedicada dos operadores. Enquanto na jardinagem os clientes est\u00e3o mais habituados a gerirem pequenos equipamentos e as escavadoras s\u00e3o um complemento da atividade, no paisagismo as escavadoras s\u00e3o os principais elementos da atividade, e por isso o n\u00edvel de conhecimento dos clientes \u00e9 muito mais aprofundado.<\/p>\n\n\n\n<p>No paisagismo, as empresas est\u00e3o preocupadas com a performance das escavadoras e s\u00e3o muito detalhados nas caracter\u00edsticas t\u00e9cnicas que procuram. Neste segmento, os clientes sabem o valor das m\u00e1quinas Kobelco, onde somos bastante reconhecidos.<\/p>\n\n\n\n<figure class=\"wp-block-image size-large is-resized\"><img decoding=\"async\" width=\"1024\" height=\"683\" src=\"https:\/\/automotiverevista.pt\/wp-content\/uploads\/2024\/09\/SK300LC-11_EU_Jobsite-1024x683.jpg\" alt=\"\" class=\"wp-image-7188\" style=\"width:905px;height:auto\" srcset=\"https:\/\/automotiverevista.pt\/wp-content\/uploads\/2024\/09\/SK300LC-11_EU_Jobsite-1024x683.jpg 1024w, https:\/\/automotiverevista.pt\/wp-content\/uploads\/2024\/09\/SK300LC-11_EU_Jobsite-300x200.jpg 300w, https:\/\/automotiverevista.pt\/wp-content\/uploads\/2024\/09\/SK300LC-11_EU_Jobsite-768x512.jpg 768w, https:\/\/automotiverevista.pt\/wp-content\/uploads\/2024\/09\/SK300LC-11_EU_Jobsite-750x500.jpg 750w, https:\/\/automotiverevista.pt\/wp-content\/uploads\/2024\/09\/SK300LC-11_EU_Jobsite-1140x760.jpg 1140w, https:\/\/automotiverevista.pt\/wp-content\/uploads\/2024\/09\/SK300LC-11_EU_Jobsite.jpg 1500w\" sizes=\"(max-width: 1024px) 100vw, 1024px\" \/><\/figure>\n\n\n\n<p><strong>Ampla assist\u00eancia t\u00e9cnica<\/strong><\/p>\n\n\n\n<p>Uma rede de assist\u00eancia alargada, <a href=\"https:\/\/automotiverevista.pt\/index.php\/2024\/07\/03\/kobelco-forca-iberica-e-presenca-nacional\/\">como temos em Portuga<\/a>l, conta bastante para o cliente. No paisagismo os tempos de execu\u00e7\u00e3o das obras s\u00e3o avaliados ao detalhe, e qualquer m\u00e1quina que fique inoperante vai incorrer em custos para a empresa. Complementarmente a uma boa rede de assist\u00eancia, temos um armaz\u00e9m de pe\u00e7as na Holanda que possui um stock consider\u00e1vel e de f\u00e1cil expedi\u00e7\u00e3o, n\u00e3o sendo necess\u00e1rio esperar que uma determinada pe\u00e7a tenha de ser enviada do Jap\u00e3o, por exemplo.<\/p>\n\n\n\n<p>A nossa sede na Holanda tem tamb\u00e9m t\u00e9cnicos especializados e com grande conhecimento das m\u00e1quinas Kobelco, e que se deslocam por toda a Europa no sentido de auxiliar os nossos distribuidores e inclusive clientes, nos mais variados assuntos t\u00e9cnicos.<\/p>\n\n\n\n<figure class=\"wp-block-image size-large is-resized\"><img decoding=\"async\" width=\"1024\" height=\"768\" src=\"https:\/\/automotiverevista.pt\/wp-content\/uploads\/2024\/09\/SK75SR-7_SideDrain_EU_Jobsite-1024x768.jpg\" alt=\"\" class=\"wp-image-7189\" style=\"width:944px;height:auto\" srcset=\"https:\/\/automotiverevista.pt\/wp-content\/uploads\/2024\/09\/SK75SR-7_SideDrain_EU_Jobsite-1024x768.jpg 1024w, https:\/\/automotiverevista.pt\/wp-content\/uploads\/2024\/09\/SK75SR-7_SideDrain_EU_Jobsite-300x225.jpg 300w, https:\/\/automotiverevista.pt\/wp-content\/uploads\/2024\/09\/SK75SR-7_SideDrain_EU_Jobsite-768x576.jpg 768w, https:\/\/automotiverevista.pt\/wp-content\/uploads\/2024\/09\/SK75SR-7_SideDrain_EU_Jobsite-750x563.jpg 750w, https:\/\/automotiverevista.pt\/wp-content\/uploads\/2024\/09\/SK75SR-7_SideDrain_EU_Jobsite-1140x855.jpg 1140w, https:\/\/automotiverevista.pt\/wp-content\/uploads\/2024\/09\/SK75SR-7_SideDrain_EU_Jobsite.jpg 1500w\" sizes=\"(max-width: 1024px) 100vw, 1024px\" \/><\/figure>\n\n\n\n<p><strong>Abordagem especialista<\/strong><\/p>\n\n\n\n<p>A Kobelco n\u00e3o produz p\u00e1s carregadoras, motoniveladoras ou retroescavadoras. Nem sequer produz escavadoras de rodas. Somos<a href=\"https:\/\/automotiverevista.pt\/index.php\/2024\/03\/19\/kobelco-precisao-e-reputacao-no-setor-da-demolicao\/\"> especialistas em escavadoras de rastos<\/a>, e essa especializa\u00e7\u00e3o torna-nos muito diferenciados no mercado. Temos modelos espec\u00edficos para <a href=\"https:\/\/automotiverevista.pt\/index.php\/2024\/03\/19\/kobelco-precisao-e-reputacao-no-setor-da-demolicao\/\">cada segmento de mercado,<\/a> com tecnologias adaptadas \u00e0s diferentes tipologias de trabalho como \u00e9 o caso da jardinagem e do paisagismo.<\/p>\n\n\n\n<p>As escavadoras Kobelco para o paisagismo t\u00eam um n\u00edvel muito elevado de precis\u00e3o e de tecnologias associadas. H\u00e1 um grau de automa\u00e7\u00e3o de tarefas maior e uma possibilidade de configura\u00e7\u00e3o muito alargada, quer em termos mec\u00e2nicos (bombas hidr\u00e1ulicas, engates r\u00e1pidos, etc.), quer em termos tecnol\u00f3gicos (software, entre outros).<\/p>\n\n\n\n<p>A disponibilidade da informa\u00e7\u00e3o \u00e9 igualmente importante. Na Kobelco, qualquer interessado pode descarregar as fichas t\u00e9cnicas de um modelo, sem ter de preencher formul\u00e1rios ou ter de esperar dias. As fichas t\u00e9cnicas s\u00e3o de livre acesso e de r\u00e1pido download, contendo informa\u00e7\u00e3o muito detalhada sobre qualquer m\u00e1quina.<\/p>\n\n\n\n<p>Esta transpar\u00eancia d\u00e1 ao cliente muita informa\u00e7\u00e3o importante no momento da compra e at\u00e9 da utiliza\u00e7\u00e3o das nossas m\u00e1quinas. Estamos inclusivamente a trabalhar para ter um novo website, que ter\u00e1 mais informa\u00e7\u00e3o dispon\u00edvel em<a href=\"https:\/\/automotiverevista.pt\/index.php\/2024\/07\/03\/kobelco-forca-iberica-e-presenca-nacional\/\"> espanhol e portugu\u00eas.<\/a><\/p>\n\n\n\n<p>Claro que, para al\u00e9m das boas caracter\u00edsticas t\u00e9cnicas que as Kobelco t\u00eam, \u00e9 sempre em opera\u00e7\u00e3o que elas mostram o seu real valor. Nesse aspeto, temos tido um excelente feedback dos operadores que sentem um grande conforto no seu manuseio, al\u00e9m de conseguirem ter uma produtividade acima da m\u00e9dia\u201d conclui Ruben G\u00f3mez.<\/p>\n\n\n\n<figure class=\"wp-block-image size-large\"><img decoding=\"async\" width=\"1024\" height=\"683\" src=\"https:\/\/automotiverevista.pt\/wp-content\/uploads\/2024\/09\/SK75SR-7_EU_Jobsite-1024x683.jpg\" alt=\"\" class=\"wp-image-7190\" srcset=\"https:\/\/automotiverevista.pt\/wp-content\/uploads\/2024\/09\/SK75SR-7_EU_Jobsite-1024x683.jpg 1024w, https:\/\/automotiverevista.pt\/wp-content\/uploads\/2024\/09\/SK75SR-7_EU_Jobsite-300x200.jpg 300w, https:\/\/automotiverevista.pt\/wp-content\/uploads\/2024\/09\/SK75SR-7_EU_Jobsite-768x512.jpg 768w, https:\/\/automotiverevista.pt\/wp-content\/uploads\/2024\/09\/SK75SR-7_EU_Jobsite-750x500.jpg 750w, https:\/\/automotiverevista.pt\/wp-content\/uploads\/2024\/09\/SK75SR-7_EU_Jobsite-1140x760.jpg 1140w, https:\/\/automotiverevista.pt\/wp-content\/uploads\/2024\/09\/SK75SR-7_EU_Jobsite.jpg 1500w\" sizes=\"(max-width: 1024px) 100vw, 1024px\" \/><\/figure>\n","protected":false},"excerpt":{"rendered":"<p>A Revista Automotive esteve na sede europeia da Kobelco Construction Machinery Europe localizada em Amesterd\u00e3o (Holanda), para entrevistar Ruben Gomez, Retail Sales and Marketing Manager for Spain &amp; Portugal, que nos fala sobre a especializa\u00e7\u00e3o da Kobelco no segmento de jardinagem e paisagismo e como a empresa se posiciona nesses segmentos. Ruben Gomez explica-nos assim [&hellip;]<\/p>\n","protected":false},"author":1,"featured_media":7186,"comment_status":"closed","ping_status":"open","sticky":false,"template":"","format":"standard","meta":{"jnews-multi-image_gallery":[],"jnews_single_post":{"format":"standard"},"jnews_primary_category":[],"footnotes":""},"categories":[25],"tags":[],"class_list":["post-7183","post","type-post","status-publish","format-standard","has-post-thumbnail","hentry","category-pesados-e-maquinas"],"yoast_head":"<!-- This site is optimized with the Yoast SEO Premium plugin v27.5 (Yoast SEO v27.5) - https:\/\/yoast.com\/product\/yoast-seo-premium-wordpress\/ -->\n<title>Kobelco: Especializa\u00e7\u00e3o em Jardinagem e Paisagismo - Revista Automotive<\/title>\n<meta name=\"description\" content=\"Descubra a especializa\u00e7\u00e3o da Kobelco em m\u00e1quinas para jardinagem e paisagismo. Conhe\u00e7a as m\u00e1quinas compactas ideais para este setor.\" \/>\n<meta name=\"robots\" content=\"index, follow, max-snippet:-1, max-image-preview:large, max-video-preview:-1\" \/>\n<link rel=\"canonical\" href=\"https:\/\/automotiverevista.pt\/index.php\/2024\/09\/12\/kobelco-com-gama-especifica-para-jardinagem-e-paisagismo\/\" \/>\n<meta property=\"og:locale\" content=\"pt_PT\" \/>\n<meta property=\"og:type\" content=\"article\" \/>\n<meta property=\"og:title\" content=\"Kobelco com gama espec\u00edfica para jardinagem e paisagismo\" \/>\n<meta property=\"og:description\" content=\"Descubra a especializa\u00e7\u00e3o da Kobelco em m\u00e1quinas para jardinagem e paisagismo. Conhe\u00e7a as m\u00e1quinas compactas ideais para este setor.\" \/>\n<meta property=\"og:url\" content=\"https:\/\/automotiverevista.pt\/index.php\/2024\/09\/12\/kobelco-com-gama-especifica-para-jardinagem-e-paisagismo\/\" \/>\n<meta property=\"og:site_name\" content=\"Revista Automotive\" \/>\n<meta property=\"article:published_time\" content=\"2024-09-12T09:08:12+00:00\" \/>\n<meta property=\"article:modified_time\" content=\"2024-09-12T09:10:38+00:00\" \/>\n<meta property=\"og:image\" content=\"https:\/\/automotiverevista.pt\/wp-content\/uploads\/2024\/09\/Sk10SR-2E_EU_Jobsite.jpg\" \/>\n\t<meta property=\"og:image:width\" content=\"1500\" \/>\n\t<meta property=\"og:image:height\" content=\"1000\" \/>\n\t<meta property=\"og:image:type\" content=\"image\/jpeg\" \/>\n<meta name=\"author\" content=\"adminNovo\" \/>\n<meta name=\"twitter:card\" content=\"summary_large_image\" \/>\n<meta name=\"twitter:label1\" content=\"Escrito por\" \/>\n\t<meta name=\"twitter:data1\" content=\"adminNovo\" \/>\n\t<meta name=\"twitter:label2\" content=\"Tempo estimado de leitura\" \/>\n\t<meta name=\"twitter:data2\" content=\"7 minutos\" \/>\n<script type=\"application\/ld+json\" class=\"yoast-schema-graph\">{\"@context\":\"https:\\\/\\\/schema.org\",\"@graph\":[{\"@type\":\"Article\",\"@id\":\"https:\\\/\\\/automotiverevista.pt\\\/index.php\\\/2024\\\/09\\\/12\\\/kobelco-com-gama-especifica-para-jardinagem-e-paisagismo\\\/#article\",\"isPartOf\":{\"@id\":\"https:\\\/\\\/automotiverevista.pt\\\/index.php\\\/2024\\\/09\\\/12\\\/kobelco-com-gama-especifica-para-jardinagem-e-paisagismo\\\/\"},\"author\":{\"name\":\"adminNovo\",\"@id\":\"https:\\\/\\\/automotiverevista.pt\\\/#\\\/schema\\\/person\\\/1265858bc8c78a0f969de814da8be281\"},\"headline\":\"Kobelco com gama espec\u00edfica para jardinagem e paisagismo\",\"datePublished\":\"2024-09-12T09:08:12+00:00\",\"dateModified\":\"2024-09-12T09:10:38+00:00\",\"mainEntityOfPage\":{\"@id\":\"https:\\\/\\\/automotiverevista.pt\\\/index.php\\\/2024\\\/09\\\/12\\\/kobelco-com-gama-especifica-para-jardinagem-e-paisagismo\\\/\"},\"wordCount\":1133,\"publisher\":{\"@id\":\"https:\\\/\\\/automotiverevista.pt\\\/#organization\"},\"image\":{\"@id\":\"https:\\\/\\\/automotiverevista.pt\\\/index.php\\\/2024\\\/09\\\/12\\\/kobelco-com-gama-especifica-para-jardinagem-e-paisagismo\\\/#primaryimage\"},\"thumbnailUrl\":\"https:\\\/\\\/automotiverevista.pt\\\/wp-content\\\/uploads\\\/2024\\\/09\\\/Sk10SR-2E_EU_Jobsite.jpg\",\"articleSection\":[\"Pesados e M\u00e1quinas\"],\"inLanguage\":\"pt-PT\"},{\"@type\":\"WebPage\",\"@id\":\"https:\\\/\\\/automotiverevista.pt\\\/index.php\\\/2024\\\/09\\\/12\\\/kobelco-com-gama-especifica-para-jardinagem-e-paisagismo\\\/\",\"url\":\"https:\\\/\\\/automotiverevista.pt\\\/index.php\\\/2024\\\/09\\\/12\\\/kobelco-com-gama-especifica-para-jardinagem-e-paisagismo\\\/\",\"name\":\"Kobelco: Especializa\u00e7\u00e3o em Jardinagem e Paisagismo - Revista Automotive\",\"isPartOf\":{\"@id\":\"https:\\\/\\\/automotiverevista.pt\\\/#website\"},\"primaryImageOfPage\":{\"@id\":\"https:\\\/\\\/automotiverevista.pt\\\/index.php\\\/2024\\\/09\\\/12\\\/kobelco-com-gama-especifica-para-jardinagem-e-paisagismo\\\/#primaryimage\"},\"image\":{\"@id\":\"https:\\\/\\\/automotiverevista.pt\\\/index.php\\\/2024\\\/09\\\/12\\\/kobelco-com-gama-especifica-para-jardinagem-e-paisagismo\\\/#primaryimage\"},\"thumbnailUrl\":\"https:\\\/\\\/automotiverevista.pt\\\/wp-content\\\/uploads\\\/2024\\\/09\\\/Sk10SR-2E_EU_Jobsite.jpg\",\"datePublished\":\"2024-09-12T09:08:12+00:00\",\"dateModified\":\"2024-09-12T09:10:38+00:00\",\"description\":\"Descubra a especializa\u00e7\u00e3o da Kobelco em m\u00e1quinas para jardinagem e paisagismo. Conhe\u00e7a as m\u00e1quinas compactas ideais para este setor.\",\"breadcrumb\":{\"@id\":\"https:\\\/\\\/automotiverevista.pt\\\/index.php\\\/2024\\\/09\\\/12\\\/kobelco-com-gama-especifica-para-jardinagem-e-paisagismo\\\/#breadcrumb\"},\"inLanguage\":\"pt-PT\",\"potentialAction\":[{\"@type\":\"ReadAction\",\"target\":[\"https:\\\/\\\/automotiverevista.pt\\\/index.php\\\/2024\\\/09\\\/12\\\/kobelco-com-gama-especifica-para-jardinagem-e-paisagismo\\\/\"]}]},{\"@type\":\"ImageObject\",\"inLanguage\":\"pt-PT\",\"@id\":\"https:\\\/\\\/automotiverevista.pt\\\/index.php\\\/2024\\\/09\\\/12\\\/kobelco-com-gama-especifica-para-jardinagem-e-paisagismo\\\/#primaryimage\",\"url\":\"https:\\\/\\\/automotiverevista.pt\\\/wp-content\\\/uploads\\\/2024\\\/09\\\/Sk10SR-2E_EU_Jobsite.jpg\",\"contentUrl\":\"https:\\\/\\\/automotiverevista.pt\\\/wp-content\\\/uploads\\\/2024\\\/09\\\/Sk10SR-2E_EU_Jobsite.jpg\",\"width\":1500,\"height\":1000},{\"@type\":\"BreadcrumbList\",\"@id\":\"https:\\\/\\\/automotiverevista.pt\\\/index.php\\\/2024\\\/09\\\/12\\\/kobelco-com-gama-especifica-para-jardinagem-e-paisagismo\\\/#breadcrumb\",\"itemListElement\":[{\"@type\":\"ListItem\",\"position\":1,\"name\":\"Home\",\"item\":\"https:\\\/\\\/automotiverevista.pt\\\/\"},{\"@type\":\"ListItem\",\"position\":2,\"name\":\"Kobelco com gama espec\u00edfica para jardinagem e paisagismo\"}]},{\"@type\":\"WebSite\",\"@id\":\"https:\\\/\\\/automotiverevista.pt\\\/#website\",\"url\":\"https:\\\/\\\/automotiverevista.pt\\\/\",\"name\":\"Revista Automotive\",\"description\":\"Revista Automotive Portugal\",\"publisher\":{\"@id\":\"https:\\\/\\\/automotiverevista.pt\\\/#organization\"},\"potentialAction\":[{\"@type\":\"SearchAction\",\"target\":{\"@type\":\"EntryPoint\",\"urlTemplate\":\"https:\\\/\\\/automotiverevista.pt\\\/?s={search_term_string}\"},\"query-input\":{\"@type\":\"PropertyValueSpecification\",\"valueRequired\":true,\"valueName\":\"search_term_string\"}}],\"inLanguage\":\"pt-PT\"},{\"@type\":\"Organization\",\"@id\":\"https:\\\/\\\/automotiverevista.pt\\\/#organization\",\"name\":\"Revista Automotive Portugal\",\"url\":\"https:\\\/\\\/automotiverevista.pt\\\/\",\"logo\":{\"@type\":\"ImageObject\",\"inLanguage\":\"pt-PT\",\"@id\":\"https:\\\/\\\/automotiverevista.pt\\\/#\\\/schema\\\/logo\\\/image\\\/\",\"url\":\"https:\\\/\\\/automotiverevista.pt\\\/wp-content\\\/uploads\\\/2022\\\/07\\\/Logo-Automotive-2021_500-1.jpg\",\"contentUrl\":\"https:\\\/\\\/automotiverevista.pt\\\/wp-content\\\/uploads\\\/2022\\\/07\\\/Logo-Automotive-2021_500-1.jpg\",\"width\":500,\"height\":160,\"caption\":\"Revista Automotive Portugal\"},\"image\":{\"@id\":\"https:\\\/\\\/automotiverevista.pt\\\/#\\\/schema\\\/logo\\\/image\\\/\"},\"sameAs\":[\"https:\\\/\\\/linkedin.com\\\/in\\\/automotiverevista\"]},{\"@type\":\"Person\",\"@id\":\"https:\\\/\\\/automotiverevista.pt\\\/#\\\/schema\\\/person\\\/1265858bc8c78a0f969de814da8be281\",\"name\":\"adminNovo\",\"image\":{\"@type\":\"ImageObject\",\"inLanguage\":\"pt-PT\",\"@id\":\"https:\\\/\\\/secure.gravatar.com\\\/avatar\\\/c606c1288dcc11eb4c709aa5136fdb962583c410f5c23c0b7bf6917c542be355?s=96&d=mm&r=g\",\"url\":\"https:\\\/\\\/secure.gravatar.com\\\/avatar\\\/c606c1288dcc11eb4c709aa5136fdb962583c410f5c23c0b7bf6917c542be355?s=96&d=mm&r=g\",\"contentUrl\":\"https:\\\/\\\/secure.gravatar.com\\\/avatar\\\/c606c1288dcc11eb4c709aa5136fdb962583c410f5c23c0b7bf6917c542be355?s=96&d=mm&r=g\",\"caption\":\"adminNovo\"},\"sameAs\":[\"https:\\\/\\\/automotiverevista.pt\"],\"url\":\"https:\\\/\\\/automotiverevista.pt\\\/index.php\\\/author\\\/adminnovo\\\/\"}]}<\/script>\n<!-- \/ Yoast SEO Premium plugin. -->","yoast_head_json":{"title":"Kobelco: Especializa\u00e7\u00e3o em Jardinagem e Paisagismo - Revista Automotive","description":"Descubra a especializa\u00e7\u00e3o da Kobelco em m\u00e1quinas para jardinagem e paisagismo. Conhe\u00e7a as m\u00e1quinas compactas ideais para este setor.","robots":{"index":"index","follow":"follow","max-snippet":"max-snippet:-1","max-image-preview":"max-image-preview:large","max-video-preview":"max-video-preview:-1"},"canonical":"https:\/\/automotiverevista.pt\/index.php\/2024\/09\/12\/kobelco-com-gama-especifica-para-jardinagem-e-paisagismo\/","og_locale":"pt_PT","og_type":"article","og_title":"Kobelco com gama espec\u00edfica para jardinagem e paisagismo","og_description":"Descubra a especializa\u00e7\u00e3o da Kobelco em m\u00e1quinas para jardinagem e paisagismo. Conhe\u00e7a as m\u00e1quinas compactas ideais para este setor.","og_url":"https:\/\/automotiverevista.pt\/index.php\/2024\/09\/12\/kobelco-com-gama-especifica-para-jardinagem-e-paisagismo\/","og_site_name":"Revista Automotive","article_published_time":"2024-09-12T09:08:12+00:00","article_modified_time":"2024-09-12T09:10:38+00:00","og_image":[{"width":1500,"height":1000,"url":"https:\/\/automotiverevista.pt\/wp-content\/uploads\/2024\/09\/Sk10SR-2E_EU_Jobsite.jpg","type":"image\/jpeg"}],"author":"adminNovo","twitter_card":"summary_large_image","twitter_misc":{"Escrito por":"adminNovo","Tempo estimado de leitura":"7 minutos"},"schema":{"@context":"https:\/\/schema.org","@graph":[{"@type":"Article","@id":"https:\/\/automotiverevista.pt\/index.php\/2024\/09\/12\/kobelco-com-gama-especifica-para-jardinagem-e-paisagismo\/#article","isPartOf":{"@id":"https:\/\/automotiverevista.pt\/index.php\/2024\/09\/12\/kobelco-com-gama-especifica-para-jardinagem-e-paisagismo\/"},"author":{"name":"adminNovo","@id":"https:\/\/automotiverevista.pt\/#\/schema\/person\/1265858bc8c78a0f969de814da8be281"},"headline":"Kobelco com gama espec\u00edfica para jardinagem e paisagismo","datePublished":"2024-09-12T09:08:12+00:00","dateModified":"2024-09-12T09:10:38+00:00","mainEntityOfPage":{"@id":"https:\/\/automotiverevista.pt\/index.php\/2024\/09\/12\/kobelco-com-gama-especifica-para-jardinagem-e-paisagismo\/"},"wordCount":1133,"publisher":{"@id":"https:\/\/automotiverevista.pt\/#organization"},"image":{"@id":"https:\/\/automotiverevista.pt\/index.php\/2024\/09\/12\/kobelco-com-gama-especifica-para-jardinagem-e-paisagismo\/#primaryimage"},"thumbnailUrl":"https:\/\/automotiverevista.pt\/wp-content\/uploads\/2024\/09\/Sk10SR-2E_EU_Jobsite.jpg","articleSection":["Pesados e M\u00e1quinas"],"inLanguage":"pt-PT"},{"@type":"WebPage","@id":"https:\/\/automotiverevista.pt\/index.php\/2024\/09\/12\/kobelco-com-gama-especifica-para-jardinagem-e-paisagismo\/","url":"https:\/\/automotiverevista.pt\/index.php\/2024\/09\/12\/kobelco-com-gama-especifica-para-jardinagem-e-paisagismo\/","name":"Kobelco: Especializa\u00e7\u00e3o em Jardinagem e Paisagismo - Revista Automotive","isPartOf":{"@id":"https:\/\/automotiverevista.pt\/#website"},"primaryImageOfPage":{"@id":"https:\/\/automotiverevista.pt\/index.php\/2024\/09\/12\/kobelco-com-gama-especifica-para-jardinagem-e-paisagismo\/#primaryimage"},"image":{"@id":"https:\/\/automotiverevista.pt\/index.php\/2024\/09\/12\/kobelco-com-gama-especifica-para-jardinagem-e-paisagismo\/#primaryimage"},"thumbnailUrl":"https:\/\/automotiverevista.pt\/wp-content\/uploads\/2024\/09\/Sk10SR-2E_EU_Jobsite.jpg","datePublished":"2024-09-12T09:08:12+00:00","dateModified":"2024-09-12T09:10:38+00:00","description":"Descubra a especializa\u00e7\u00e3o da Kobelco em m\u00e1quinas para jardinagem e paisagismo. Conhe\u00e7a as m\u00e1quinas compactas ideais para este setor.","breadcrumb":{"@id":"https:\/\/automotiverevista.pt\/index.php\/2024\/09\/12\/kobelco-com-gama-especifica-para-jardinagem-e-paisagismo\/#breadcrumb"},"inLanguage":"pt-PT","potentialAction":[{"@type":"ReadAction","target":["https:\/\/automotiverevista.pt\/index.php\/2024\/09\/12\/kobelco-com-gama-especifica-para-jardinagem-e-paisagismo\/"]}]},{"@type":"ImageObject","inLanguage":"pt-PT","@id":"https:\/\/automotiverevista.pt\/index.php\/2024\/09\/12\/kobelco-com-gama-especifica-para-jardinagem-e-paisagismo\/#primaryimage","url":"https:\/\/automotiverevista.pt\/wp-content\/uploads\/2024\/09\/Sk10SR-2E_EU_Jobsite.jpg","contentUrl":"https:\/\/automotiverevista.pt\/wp-content\/uploads\/2024\/09\/Sk10SR-2E_EU_Jobsite.jpg","width":1500,"height":1000},{"@type":"BreadcrumbList","@id":"https:\/\/automotiverevista.pt\/index.php\/2024\/09\/12\/kobelco-com-gama-especifica-para-jardinagem-e-paisagismo\/#breadcrumb","itemListElement":[{"@type":"ListItem","position":1,"name":"Home","item":"https:\/\/automotiverevista.pt\/"},{"@type":"ListItem","position":2,"name":"Kobelco com gama espec\u00edfica para jardinagem e paisagismo"}]},{"@type":"WebSite","@id":"https:\/\/automotiverevista.pt\/#website","url":"https:\/\/automotiverevista.pt\/","name":"Revista Automotive","description":"Revista Automotive Portugal","publisher":{"@id":"https:\/\/automotiverevista.pt\/#organization"},"potentialAction":[{"@type":"SearchAction","target":{"@type":"EntryPoint","urlTemplate":"https:\/\/automotiverevista.pt\/?s={search_term_string}"},"query-input":{"@type":"PropertyValueSpecification","valueRequired":true,"valueName":"search_term_string"}}],"inLanguage":"pt-PT"},{"@type":"Organization","@id":"https:\/\/automotiverevista.pt\/#organization","name":"Revista Automotive Portugal","url":"https:\/\/automotiverevista.pt\/","logo":{"@type":"ImageObject","inLanguage":"pt-PT","@id":"https:\/\/automotiverevista.pt\/#\/schema\/logo\/image\/","url":"https:\/\/automotiverevista.pt\/wp-content\/uploads\/2022\/07\/Logo-Automotive-2021_500-1.jpg","contentUrl":"https:\/\/automotiverevista.pt\/wp-content\/uploads\/2022\/07\/Logo-Automotive-2021_500-1.jpg","width":500,"height":160,"caption":"Revista Automotive Portugal"},"image":{"@id":"https:\/\/automotiverevista.pt\/#\/schema\/logo\/image\/"},"sameAs":["https:\/\/linkedin.com\/in\/automotiverevista"]},{"@type":"Person","@id":"https:\/\/automotiverevista.pt\/#\/schema\/person\/1265858bc8c78a0f969de814da8be281","name":"adminNovo","image":{"@type":"ImageObject","inLanguage":"pt-PT","@id":"https:\/\/secure.gravatar.com\/avatar\/c606c1288dcc11eb4c709aa5136fdb962583c410f5c23c0b7bf6917c542be355?s=96&d=mm&r=g","url":"https:\/\/secure.gravatar.com\/avatar\/c606c1288dcc11eb4c709aa5136fdb962583c410f5c23c0b7bf6917c542be355?s=96&d=mm&r=g","contentUrl":"https:\/\/secure.gravatar.com\/avatar\/c606c1288dcc11eb4c709aa5136fdb962583c410f5c23c0b7bf6917c542be355?s=96&d=mm&r=g","caption":"adminNovo"},"sameAs":["https:\/\/automotiverevista.pt"],"url":"https:\/\/automotiverevista.pt\/index.php\/author\/adminnovo\/"}]}},"_links":{"self":[{"href":"https:\/\/automotiverevista.pt\/index.php\/wp-json\/wp\/v2\/posts\/7183","targetHints":{"allow":["GET"]}}],"collection":[{"href":"https:\/\/automotiverevista.pt\/index.php\/wp-json\/wp\/v2\/posts"}],"about":[{"href":"https:\/\/automotiverevista.pt\/index.php\/wp-json\/wp\/v2\/types\/post"}],"author":[{"embeddable":true,"href":"https:\/\/automotiverevista.pt\/index.php\/wp-json\/wp\/v2\/users\/1"}],"replies":[{"embeddable":true,"href":"https:\/\/automotiverevista.pt\/index.php\/wp-json\/wp\/v2\/comments?post=7183"}],"version-history":[{"count":4,"href":"https:\/\/automotiverevista.pt\/index.php\/wp-json\/wp\/v2\/posts\/7183\/revisions"}],"predecessor-version":[{"id":7195,"href":"https:\/\/automotiverevista.pt\/index.php\/wp-json\/wp\/v2\/posts\/7183\/revisions\/7195"}],"wp:featuredmedia":[{"embeddable":true,"href":"https:\/\/automotiverevista.pt\/index.php\/wp-json\/wp\/v2\/media\/7186"}],"wp:attachment":[{"href":"https:\/\/automotiverevista.pt\/index.php\/wp-json\/wp\/v2\/media?parent=7183"}],"wp:term":[{"taxonomy":"category","embeddable":true,"href":"https:\/\/automotiverevista.pt\/index.php\/wp-json\/wp\/v2\/categories?post=7183"},{"taxonomy":"post_tag","embeddable":true,"href":"https:\/\/automotiverevista.pt\/index.php\/wp-json\/wp\/v2\/tags?post=7183"}],"curies":[{"name":"wp","href":"https:\/\/api.w.org\/{rel}","templated":true}]}}