{"id":7196,"date":"2024-09-13T05:12:00","date_gmt":"2024-09-13T05:12:00","guid":{"rendered":"https:\/\/automotiverevista.pt\/?p=7196"},"modified":"2024-09-12T09:13:26","modified_gmt":"2024-09-12T09:13:26","slug":"automotive-testing-expo-em-estugarda","status":"publish","type":"post","link":"https:\/\/automotiverevista.pt\/index.php\/2024\/09\/13\/automotive-testing-expo-em-estugarda\/","title":{"rendered":"Automotive Testing Expo em Estugarda"},"content":{"rendered":"\n<p>A Automotive Testing Expo \u00e9 a exposi\u00e7\u00e3o internacional dedicada \u00e0s empresas que desenvolvem tecnologias e equipamentos para teste, desenvolvimento e valida\u00e7\u00e3o para a ind\u00fastria autom\u00f3vel \u2013 marcas autom\u00f3veis, marcas de primeiro equipamento e de marcas que operam no p\u00f3s-venda. Ocorre todos os anos em Detroit, Xangai e Estugarda.<\/p>\n\n\n\n<p>Estivemos presentes no evento deste ano realizado em Estugarda (Alemanha), para um contacto direto com as empresas que desenvolvem tecnologias e equipamentos para repara\u00e7\u00e3o de sistemas ADAS, testes de ve\u00edculos aut\u00f3nomos, testes de motores el\u00e9tricos e h\u00edbridos, testes de baterias e respetivas autonomias, bem como todo o espectro de tecnologias de teste e valida\u00e7\u00e3o para desenvolvimento completo de ve\u00edculos, componentes e sistemas.<\/p>\n\n\n\n<figure class=\"wp-block-image size-large is-resized\"><img decoding=\"async\" width=\"1024\" height=\"683\" src=\"https:\/\/automotiverevista.pt\/wp-content\/uploads\/2024\/09\/IMG_7491-1024x683.jpg\" alt=\"\" class=\"wp-image-7199\" style=\"width:858px;height:auto\" srcset=\"https:\/\/automotiverevista.pt\/wp-content\/uploads\/2024\/09\/IMG_7491-1024x683.jpg 1024w, https:\/\/automotiverevista.pt\/wp-content\/uploads\/2024\/09\/IMG_7491-300x200.jpg 300w, https:\/\/automotiverevista.pt\/wp-content\/uploads\/2024\/09\/IMG_7491-768x512.jpg 768w, https:\/\/automotiverevista.pt\/wp-content\/uploads\/2024\/09\/IMG_7491-750x500.jpg 750w, https:\/\/automotiverevista.pt\/wp-content\/uploads\/2024\/09\/IMG_7491-1140x760.jpg 1140w, https:\/\/automotiverevista.pt\/wp-content\/uploads\/2024\/09\/IMG_7491.jpg 1500w\" sizes=\"(max-width: 1024px) 100vw, 1024px\" \/><\/figure>\n\n\n\n<p>Dos v\u00e1rios expositores que contact\u00e1mos, foi not\u00f3ria a mensagem quase un\u00e2nime na redu\u00e7\u00e3o no investimento em novos ve\u00edculos el\u00e9tricos, pelas marcas autom\u00f3veis. As d\u00favidas da viabilidade econ\u00f3mica dos fabricantes de autom\u00f3veis nos ve\u00edculos el\u00e9tricos novos, t\u00eam direcionado os seus investimentos para tecnologias e equipamentos voltados para o teste de ve\u00edculos a combust\u00e3o e convers\u00f5es de ve\u00edculos a combust\u00e3o para el\u00e9tricos.<\/p>\n\n\n\n<figure class=\"wp-block-image size-large is-resized\"><img decoding=\"async\" width=\"1024\" height=\"683\" src=\"https:\/\/automotiverevista.pt\/wp-content\/uploads\/2024\/09\/IMG_7514-1024x683.jpg\" alt=\"\" class=\"wp-image-7200\" style=\"width:910px;height:auto\" srcset=\"https:\/\/automotiverevista.pt\/wp-content\/uploads\/2024\/09\/IMG_7514-1024x683.jpg 1024w, https:\/\/automotiverevista.pt\/wp-content\/uploads\/2024\/09\/IMG_7514-300x200.jpg 300w, https:\/\/automotiverevista.pt\/wp-content\/uploads\/2024\/09\/IMG_7514-768x512.jpg 768w, https:\/\/automotiverevista.pt\/wp-content\/uploads\/2024\/09\/IMG_7514-750x500.jpg 750w, https:\/\/automotiverevista.pt\/wp-content\/uploads\/2024\/09\/IMG_7514-1140x760.jpg 1140w, https:\/\/automotiverevista.pt\/wp-content\/uploads\/2024\/09\/IMG_7514.jpg 1500w\" sizes=\"(max-width: 1024px) 100vw, 1024px\" \/><\/figure>\n","protected":false},"excerpt":{"rendered":"<p>A Automotive Testing Expo \u00e9 a exposi\u00e7\u00e3o internacional dedicada \u00e0s empresas que desenvolvem tecnologias e equipamentos para teste, desenvolvimento e valida\u00e7\u00e3o para a ind\u00fastria autom\u00f3vel \u2013 marcas autom\u00f3veis, marcas de primeiro equipamento e de marcas que operam no p\u00f3s-venda. Ocorre todos os anos em Detroit, Xangai e Estugarda. Estivemos presentes no evento deste ano realizado [&hellip;]<\/p>\n","protected":false},"author":1,"featured_media":7197,"comment_status":"closed","ping_status":"open","sticky":false,"template":"","format":"standard","meta":{"jnews-multi-image_gallery":[],"jnews_single_post":{"format":"standard"},"jnews_primary_category":[],"footnotes":""},"categories":[23],"tags":[],"class_list":["post-7196","post","type-post","status-publish","format-standard","has-post-thumbnail","hentry","category-frotas"],"yoast_head":"<!-- This site is optimized with the Yoast SEO Premium plugin v27.5 (Yoast SEO v27.5) - https:\/\/yoast.com\/product\/yoast-seo-premium-wordpress\/ -->\n<title>Automotive Testing Expo em Estugarda - Revista Automotive<\/title>\n<meta name=\"robots\" content=\"index, follow, max-snippet:-1, max-image-preview:large, max-video-preview:-1\" \/>\n<link rel=\"canonical\" href=\"https:\/\/automotiverevista.pt\/index.php\/2024\/09\/13\/automotive-testing-expo-em-estugarda\/\" \/>\n<meta property=\"og:locale\" content=\"pt_PT\" \/>\n<meta property=\"og:type\" content=\"article\" \/>\n<meta property=\"og:title\" content=\"Automotive Testing Expo em Estugarda\" \/>\n<meta property=\"og:description\" content=\"A Automotive Testing Expo \u00e9 a exposi\u00e7\u00e3o internacional dedicada \u00e0s empresas que desenvolvem tecnologias e equipamentos para teste, desenvolvimento e valida\u00e7\u00e3o para a ind\u00fastria autom\u00f3vel \u2013 marcas autom\u00f3veis, marcas de primeiro equipamento e de marcas que operam no p\u00f3s-venda. Ocorre todos os anos em Detroit, Xangai e Estugarda. Estivemos presentes no evento deste ano realizado [&hellip;]\" \/>\n<meta property=\"og:url\" content=\"https:\/\/automotiverevista.pt\/index.php\/2024\/09\/13\/automotive-testing-expo-em-estugarda\/\" \/>\n<meta property=\"og:site_name\" content=\"Revista Automotive\" \/>\n<meta property=\"article:published_time\" content=\"2024-09-13T05:12:00+00:00\" \/>\n<meta property=\"og:image\" content=\"https:\/\/automotiverevista.pt\/wp-content\/uploads\/2024\/09\/IMG_7469.jpg\" \/>\n\t<meta property=\"og:image:width\" content=\"1500\" \/>\n\t<meta property=\"og:image:height\" content=\"1000\" \/>\n\t<meta property=\"og:image:type\" content=\"image\/jpeg\" \/>\n<meta name=\"author\" content=\"adminNovo\" \/>\n<meta name=\"twitter:card\" content=\"summary_large_image\" \/>\n<meta name=\"twitter:label1\" content=\"Escrito por\" \/>\n\t<meta name=\"twitter:data1\" content=\"adminNovo\" \/>\n\t<meta name=\"twitter:label2\" content=\"Tempo estimado de leitura\" \/>\n\t<meta name=\"twitter:data2\" content=\"2 minutos\" \/>\n<script type=\"application\/ld+json\" class=\"yoast-schema-graph\">{\"@context\":\"https:\\\/\\\/schema.org\",\"@graph\":[{\"@type\":\"Article\",\"@id\":\"https:\\\/\\\/automotiverevista.pt\\\/index.php\\\/2024\\\/09\\\/13\\\/automotive-testing-expo-em-estugarda\\\/#article\",\"isPartOf\":{\"@id\":\"https:\\\/\\\/automotiverevista.pt\\\/index.php\\\/2024\\\/09\\\/13\\\/automotive-testing-expo-em-estugarda\\\/\"},\"author\":{\"name\":\"adminNovo\",\"@id\":\"https:\\\/\\\/automotiverevista.pt\\\/#\\\/schema\\\/person\\\/1265858bc8c78a0f969de814da8be281\"},\"headline\":\"Automotive Testing Expo em Estugarda\",\"datePublished\":\"2024-09-13T05:12:00+00:00\",\"mainEntityOfPage\":{\"@id\":\"https:\\\/\\\/automotiverevista.pt\\\/index.php\\\/2024\\\/09\\\/13\\\/automotive-testing-expo-em-estugarda\\\/\"},\"wordCount\":206,\"publisher\":{\"@id\":\"https:\\\/\\\/automotiverevista.pt\\\/#organization\"},\"image\":{\"@id\":\"https:\\\/\\\/automotiverevista.pt\\\/index.php\\\/2024\\\/09\\\/13\\\/automotive-testing-expo-em-estugarda\\\/#primaryimage\"},\"thumbnailUrl\":\"https:\\\/\\\/automotiverevista.pt\\\/wp-content\\\/uploads\\\/2024\\\/09\\\/IMG_7469.jpg\",\"articleSection\":[\"Frotas\"],\"inLanguage\":\"pt-PT\"},{\"@type\":\"WebPage\",\"@id\":\"https:\\\/\\\/automotiverevista.pt\\\/index.php\\\/2024\\\/09\\\/13\\\/automotive-testing-expo-em-estugarda\\\/\",\"url\":\"https:\\\/\\\/automotiverevista.pt\\\/index.php\\\/2024\\\/09\\\/13\\\/automotive-testing-expo-em-estugarda\\\/\",\"name\":\"Automotive Testing Expo em Estugarda - Revista Automotive\",\"isPartOf\":{\"@id\":\"https:\\\/\\\/automotiverevista.pt\\\/#website\"},\"primaryImageOfPage\":{\"@id\":\"https:\\\/\\\/automotiverevista.pt\\\/index.php\\\/2024\\\/09\\\/13\\\/automotive-testing-expo-em-estugarda\\\/#primaryimage\"},\"image\":{\"@id\":\"https:\\\/\\\/automotiverevista.pt\\\/index.php\\\/2024\\\/09\\\/13\\\/automotive-testing-expo-em-estugarda\\\/#primaryimage\"},\"thumbnailUrl\":\"https:\\\/\\\/automotiverevista.pt\\\/wp-content\\\/uploads\\\/2024\\\/09\\\/IMG_7469.jpg\",\"datePublished\":\"2024-09-13T05:12:00+00:00\",\"breadcrumb\":{\"@id\":\"https:\\\/\\\/automotiverevista.pt\\\/index.php\\\/2024\\\/09\\\/13\\\/automotive-testing-expo-em-estugarda\\\/#breadcrumb\"},\"inLanguage\":\"pt-PT\",\"potentialAction\":[{\"@type\":\"ReadAction\",\"target\":[\"https:\\\/\\\/automotiverevista.pt\\\/index.php\\\/2024\\\/09\\\/13\\\/automotive-testing-expo-em-estugarda\\\/\"]}]},{\"@type\":\"ImageObject\",\"inLanguage\":\"pt-PT\",\"@id\":\"https:\\\/\\\/automotiverevista.pt\\\/index.php\\\/2024\\\/09\\\/13\\\/automotive-testing-expo-em-estugarda\\\/#primaryimage\",\"url\":\"https:\\\/\\\/automotiverevista.pt\\\/wp-content\\\/uploads\\\/2024\\\/09\\\/IMG_7469.jpg\",\"contentUrl\":\"https:\\\/\\\/automotiverevista.pt\\\/wp-content\\\/uploads\\\/2024\\\/09\\\/IMG_7469.jpg\",\"width\":1500,\"height\":1000},{\"@type\":\"BreadcrumbList\",\"@id\":\"https:\\\/\\\/automotiverevista.pt\\\/index.php\\\/2024\\\/09\\\/13\\\/automotive-testing-expo-em-estugarda\\\/#breadcrumb\",\"itemListElement\":[{\"@type\":\"ListItem\",\"position\":1,\"name\":\"Home\",\"item\":\"https:\\\/\\\/automotiverevista.pt\\\/\"},{\"@type\":\"ListItem\",\"position\":2,\"name\":\"Automotive Testing Expo em Estugarda\"}]},{\"@type\":\"WebSite\",\"@id\":\"https:\\\/\\\/automotiverevista.pt\\\/#website\",\"url\":\"https:\\\/\\\/automotiverevista.pt\\\/\",\"name\":\"Revista Automotive\",\"description\":\"Revista Automotive Portugal\",\"publisher\":{\"@id\":\"https:\\\/\\\/automotiverevista.pt\\\/#organization\"},\"potentialAction\":[{\"@type\":\"SearchAction\",\"target\":{\"@type\":\"EntryPoint\",\"urlTemplate\":\"https:\\\/\\\/automotiverevista.pt\\\/?s={search_term_string}\"},\"query-input\":{\"@type\":\"PropertyValueSpecification\",\"valueRequired\":true,\"valueName\":\"search_term_string\"}}],\"inLanguage\":\"pt-PT\"},{\"@type\":\"Organization\",\"@id\":\"https:\\\/\\\/automotiverevista.pt\\\/#organization\",\"name\":\"Revista Automotive Portugal\",\"url\":\"https:\\\/\\\/automotiverevista.pt\\\/\",\"logo\":{\"@type\":\"ImageObject\",\"inLanguage\":\"pt-PT\",\"@id\":\"https:\\\/\\\/automotiverevista.pt\\\/#\\\/schema\\\/logo\\\/image\\\/\",\"url\":\"https:\\\/\\\/automotiverevista.pt\\\/wp-content\\\/uploads\\\/2022\\\/07\\\/Logo-Automotive-2021_500-1.jpg\",\"contentUrl\":\"https:\\\/\\\/automotiverevista.pt\\\/wp-content\\\/uploads\\\/2022\\\/07\\\/Logo-Automotive-2021_500-1.jpg\",\"width\":500,\"height\":160,\"caption\":\"Revista Automotive Portugal\"},\"image\":{\"@id\":\"https:\\\/\\\/automotiverevista.pt\\\/#\\\/schema\\\/logo\\\/image\\\/\"},\"sameAs\":[\"https:\\\/\\\/linkedin.com\\\/in\\\/automotiverevista\"]},{\"@type\":\"Person\",\"@id\":\"https:\\\/\\\/automotiverevista.pt\\\/#\\\/schema\\\/person\\\/1265858bc8c78a0f969de814da8be281\",\"name\":\"adminNovo\",\"image\":{\"@type\":\"ImageObject\",\"inLanguage\":\"pt-PT\",\"@id\":\"https:\\\/\\\/secure.gravatar.com\\\/avatar\\\/c606c1288dcc11eb4c709aa5136fdb962583c410f5c23c0b7bf6917c542be355?s=96&d=mm&r=g\",\"url\":\"https:\\\/\\\/secure.gravatar.com\\\/avatar\\\/c606c1288dcc11eb4c709aa5136fdb962583c410f5c23c0b7bf6917c542be355?s=96&d=mm&r=g\",\"contentUrl\":\"https:\\\/\\\/secure.gravatar.com\\\/avatar\\\/c606c1288dcc11eb4c709aa5136fdb962583c410f5c23c0b7bf6917c542be355?s=96&d=mm&r=g\",\"caption\":\"adminNovo\"},\"sameAs\":[\"https:\\\/\\\/automotiverevista.pt\"],\"url\":\"https:\\\/\\\/automotiverevista.pt\\\/index.php\\\/author\\\/adminnovo\\\/\"}]}<\/script>\n<!-- \/ Yoast SEO Premium plugin. -->","yoast_head_json":{"title":"Automotive Testing Expo em Estugarda - Revista Automotive","robots":{"index":"index","follow":"follow","max-snippet":"max-snippet:-1","max-image-preview":"max-image-preview:large","max-video-preview":"max-video-preview:-1"},"canonical":"https:\/\/automotiverevista.pt\/index.php\/2024\/09\/13\/automotive-testing-expo-em-estugarda\/","og_locale":"pt_PT","og_type":"article","og_title":"Automotive Testing Expo em Estugarda","og_description":"A Automotive Testing Expo \u00e9 a exposi\u00e7\u00e3o internacional dedicada \u00e0s empresas que desenvolvem tecnologias e equipamentos para teste, desenvolvimento e valida\u00e7\u00e3o para a ind\u00fastria autom\u00f3vel \u2013 marcas autom\u00f3veis, marcas de primeiro equipamento e de marcas que operam no p\u00f3s-venda. Ocorre todos os anos em Detroit, Xangai e Estugarda. Estivemos presentes no evento deste ano realizado [&hellip;]","og_url":"https:\/\/automotiverevista.pt\/index.php\/2024\/09\/13\/automotive-testing-expo-em-estugarda\/","og_site_name":"Revista Automotive","article_published_time":"2024-09-13T05:12:00+00:00","og_image":[{"width":1500,"height":1000,"url":"https:\/\/automotiverevista.pt\/wp-content\/uploads\/2024\/09\/IMG_7469.jpg","type":"image\/jpeg"}],"author":"adminNovo","twitter_card":"summary_large_image","twitter_misc":{"Escrito por":"adminNovo","Tempo estimado de leitura":"2 minutos"},"schema":{"@context":"https:\/\/schema.org","@graph":[{"@type":"Article","@id":"https:\/\/automotiverevista.pt\/index.php\/2024\/09\/13\/automotive-testing-expo-em-estugarda\/#article","isPartOf":{"@id":"https:\/\/automotiverevista.pt\/index.php\/2024\/09\/13\/automotive-testing-expo-em-estugarda\/"},"author":{"name":"adminNovo","@id":"https:\/\/automotiverevista.pt\/#\/schema\/person\/1265858bc8c78a0f969de814da8be281"},"headline":"Automotive Testing Expo em Estugarda","datePublished":"2024-09-13T05:12:00+00:00","mainEntityOfPage":{"@id":"https:\/\/automotiverevista.pt\/index.php\/2024\/09\/13\/automotive-testing-expo-em-estugarda\/"},"wordCount":206,"publisher":{"@id":"https:\/\/automotiverevista.pt\/#organization"},"image":{"@id":"https:\/\/automotiverevista.pt\/index.php\/2024\/09\/13\/automotive-testing-expo-em-estugarda\/#primaryimage"},"thumbnailUrl":"https:\/\/automotiverevista.pt\/wp-content\/uploads\/2024\/09\/IMG_7469.jpg","articleSection":["Frotas"],"inLanguage":"pt-PT"},{"@type":"WebPage","@id":"https:\/\/automotiverevista.pt\/index.php\/2024\/09\/13\/automotive-testing-expo-em-estugarda\/","url":"https:\/\/automotiverevista.pt\/index.php\/2024\/09\/13\/automotive-testing-expo-em-estugarda\/","name":"Automotive Testing Expo em Estugarda - Revista Automotive","isPartOf":{"@id":"https:\/\/automotiverevista.pt\/#website"},"primaryImageOfPage":{"@id":"https:\/\/automotiverevista.pt\/index.php\/2024\/09\/13\/automotive-testing-expo-em-estugarda\/#primaryimage"},"image":{"@id":"https:\/\/automotiverevista.pt\/index.php\/2024\/09\/13\/automotive-testing-expo-em-estugarda\/#primaryimage"},"thumbnailUrl":"https:\/\/automotiverevista.pt\/wp-content\/uploads\/2024\/09\/IMG_7469.jpg","datePublished":"2024-09-13T05:12:00+00:00","breadcrumb":{"@id":"https:\/\/automotiverevista.pt\/index.php\/2024\/09\/13\/automotive-testing-expo-em-estugarda\/#breadcrumb"},"inLanguage":"pt-PT","potentialAction":[{"@type":"ReadAction","target":["https:\/\/automotiverevista.pt\/index.php\/2024\/09\/13\/automotive-testing-expo-em-estugarda\/"]}]},{"@type":"ImageObject","inLanguage":"pt-PT","@id":"https:\/\/automotiverevista.pt\/index.php\/2024\/09\/13\/automotive-testing-expo-em-estugarda\/#primaryimage","url":"https:\/\/automotiverevista.pt\/wp-content\/uploads\/2024\/09\/IMG_7469.jpg","contentUrl":"https:\/\/automotiverevista.pt\/wp-content\/uploads\/2024\/09\/IMG_7469.jpg","width":1500,"height":1000},{"@type":"BreadcrumbList","@id":"https:\/\/automotiverevista.pt\/index.php\/2024\/09\/13\/automotive-testing-expo-em-estugarda\/#breadcrumb","itemListElement":[{"@type":"ListItem","position":1,"name":"Home","item":"https:\/\/automotiverevista.pt\/"},{"@type":"ListItem","position":2,"name":"Automotive Testing Expo em Estugarda"}]},{"@type":"WebSite","@id":"https:\/\/automotiverevista.pt\/#website","url":"https:\/\/automotiverevista.pt\/","name":"Revista Automotive","description":"Revista Automotive Portugal","publisher":{"@id":"https:\/\/automotiverevista.pt\/#organization"},"potentialAction":[{"@type":"SearchAction","target":{"@type":"EntryPoint","urlTemplate":"https:\/\/automotiverevista.pt\/?s={search_term_string}"},"query-input":{"@type":"PropertyValueSpecification","valueRequired":true,"valueName":"search_term_string"}}],"inLanguage":"pt-PT"},{"@type":"Organization","@id":"https:\/\/automotiverevista.pt\/#organization","name":"Revista Automotive Portugal","url":"https:\/\/automotiverevista.pt\/","logo":{"@type":"ImageObject","inLanguage":"pt-PT","@id":"https:\/\/automotiverevista.pt\/#\/schema\/logo\/image\/","url":"https:\/\/automotiverevista.pt\/wp-content\/uploads\/2022\/07\/Logo-Automotive-2021_500-1.jpg","contentUrl":"https:\/\/automotiverevista.pt\/wp-content\/uploads\/2022\/07\/Logo-Automotive-2021_500-1.jpg","width":500,"height":160,"caption":"Revista Automotive Portugal"},"image":{"@id":"https:\/\/automotiverevista.pt\/#\/schema\/logo\/image\/"},"sameAs":["https:\/\/linkedin.com\/in\/automotiverevista"]},{"@type":"Person","@id":"https:\/\/automotiverevista.pt\/#\/schema\/person\/1265858bc8c78a0f969de814da8be281","name":"adminNovo","image":{"@type":"ImageObject","inLanguage":"pt-PT","@id":"https:\/\/secure.gravatar.com\/avatar\/c606c1288dcc11eb4c709aa5136fdb962583c410f5c23c0b7bf6917c542be355?s=96&d=mm&r=g","url":"https:\/\/secure.gravatar.com\/avatar\/c606c1288dcc11eb4c709aa5136fdb962583c410f5c23c0b7bf6917c542be355?s=96&d=mm&r=g","contentUrl":"https:\/\/secure.gravatar.com\/avatar\/c606c1288dcc11eb4c709aa5136fdb962583c410f5c23c0b7bf6917c542be355?s=96&d=mm&r=g","caption":"adminNovo"},"sameAs":["https:\/\/automotiverevista.pt"],"url":"https:\/\/automotiverevista.pt\/index.php\/author\/adminnovo\/"}]}},"_links":{"self":[{"href":"https:\/\/automotiverevista.pt\/index.php\/wp-json\/wp\/v2\/posts\/7196","targetHints":{"allow":["GET"]}}],"collection":[{"href":"https:\/\/automotiverevista.pt\/index.php\/wp-json\/wp\/v2\/posts"}],"about":[{"href":"https:\/\/automotiverevista.pt\/index.php\/wp-json\/wp\/v2\/types\/post"}],"author":[{"embeddable":true,"href":"https:\/\/automotiverevista.pt\/index.php\/wp-json\/wp\/v2\/users\/1"}],"replies":[{"embeddable":true,"href":"https:\/\/automotiverevista.pt\/index.php\/wp-json\/wp\/v2\/comments?post=7196"}],"version-history":[{"count":2,"href":"https:\/\/automotiverevista.pt\/index.php\/wp-json\/wp\/v2\/posts\/7196\/revisions"}],"predecessor-version":[{"id":7201,"href":"https:\/\/automotiverevista.pt\/index.php\/wp-json\/wp\/v2\/posts\/7196\/revisions\/7201"}],"wp:featuredmedia":[{"embeddable":true,"href":"https:\/\/automotiverevista.pt\/index.php\/wp-json\/wp\/v2\/media\/7197"}],"wp:attachment":[{"href":"https:\/\/automotiverevista.pt\/index.php\/wp-json\/wp\/v2\/media?parent=7196"}],"wp:term":[{"taxonomy":"category","embeddable":true,"href":"https:\/\/automotiverevista.pt\/index.php\/wp-json\/wp\/v2\/categories?post=7196"},{"taxonomy":"post_tag","embeddable":true,"href":"https:\/\/automotiverevista.pt\/index.php\/wp-json\/wp\/v2\/tags?post=7196"}],"curies":[{"name":"wp","href":"https:\/\/api.w.org\/{rel}","templated":true}]}}