{"id":7202,"date":"2024-09-13T06:30:00","date_gmt":"2024-09-13T06:30:00","guid":{"rendered":"https:\/\/automotiverevista.pt\/?p=7202"},"modified":"2024-09-12T09:15:46","modified_gmt":"2024-09-12T09:15:46","slug":"koelnmesse-centenario-com-novo-centro-de-congressos","status":"publish","type":"post","link":"https:\/\/automotiverevista.pt\/index.php\/2024\/09\/13\/koelnmesse-centenario-com-novo-centro-de-congressos\/","title":{"rendered":"Koelnmesse centen\u00e1rio com novo centro de congressos"},"content":{"rendered":"\n<p>Para assinalar o seu <strong>100\u00ba anivers\u00e1rio<\/strong>, a Koelnmesse inaugurou um novo centro de eventos e congressos: o Confex. O novo edif\u00edcio, tecnologicamente e ambientalmente atuais, cria oportunidades para formatos de eventos na regi\u00e3o de Col\u00f3nia, na Alemanha. Ap\u00f3s quase tr\u00eas anos de constru\u00e7\u00e3o, \u00e9 um elemento central do programa de investimento de mil milh\u00f5es de euros da Koelnmesse, empresa organizadora do sal\u00e3o <strong>The Tire Cologne<\/strong>.<\/p>\n\n\n\n<p>&#8220;Durante 100 anos, a Koelnmesse tem sido um centro de ideias e inova\u00e7\u00f5es de todo o mundo. O Confex garantir\u00e1 esta posi\u00e7\u00e3o especial para a pr\u00f3xima gera\u00e7\u00e3o,&#8221; declarou o Ministro-Presidente da Ren\u00e2nia do Norte-Vestf\u00e1lia, Hendrik W\u00fcst, por ocasi\u00e3o da abertura. &#8220;Era o desejo do antigo Presidente da C\u00e2mara de Col\u00f3nia e fundador da Koelnmesse, Konrad Adenauer, que o espa\u00e7o se tornasse um lugar de encontro &#8211; um lugar que contribu\u00edsse para a compreens\u00e3o entre na\u00e7\u00f5es, entre a Alemanha e os pa\u00edses europeus vizinhos. Isso \u00e9 verdadeiramente um sucesso.&#8221;<\/p>\n\n\n\n<figure class=\"wp-block-image size-large is-resized\"><img decoding=\"async\" width=\"1024\" height=\"702\" src=\"https:\/\/automotiverevista.pt\/wp-content\/uploads\/2024\/09\/20240628_Festakt_Koelnmesse_005_Eroffnung_der_Kolner_Messe_1924_Copyright_Koelnmesse-1024x702.jpg\" alt=\"\" class=\"wp-image-7204\" style=\"width:866px;height:auto\" srcset=\"https:\/\/automotiverevista.pt\/wp-content\/uploads\/2024\/09\/20240628_Festakt_Koelnmesse_005_Eroffnung_der_Kolner_Messe_1924_Copyright_Koelnmesse-1024x702.jpg 1024w, https:\/\/automotiverevista.pt\/wp-content\/uploads\/2024\/09\/20240628_Festakt_Koelnmesse_005_Eroffnung_der_Kolner_Messe_1924_Copyright_Koelnmesse-300x206.jpg 300w, https:\/\/automotiverevista.pt\/wp-content\/uploads\/2024\/09\/20240628_Festakt_Koelnmesse_005_Eroffnung_der_Kolner_Messe_1924_Copyright_Koelnmesse-768x527.jpg 768w, https:\/\/automotiverevista.pt\/wp-content\/uploads\/2024\/09\/20240628_Festakt_Koelnmesse_005_Eroffnung_der_Kolner_Messe_1924_Copyright_Koelnmesse-750x515.jpg 750w, https:\/\/automotiverevista.pt\/wp-content\/uploads\/2024\/09\/20240628_Festakt_Koelnmesse_005_Eroffnung_der_Kolner_Messe_1924_Copyright_Koelnmesse-1140x782.jpg 1140w, https:\/\/automotiverevista.pt\/wp-content\/uploads\/2024\/09\/20240628_Festakt_Koelnmesse_005_Eroffnung_der_Kolner_Messe_1924_Copyright_Koelnmesse.jpg 1500w\" sizes=\"(max-width: 1024px) 100vw, 1024px\" \/><figcaption class=\"wp-element-caption\">1924  feierliche Er\u00f6ffnung der ersten K\u00f6lner Messe, Gro\u00dfe Halle mit Blick zur Orchesterb\u00fchne mit Orgel, Deutschlands gr\u00f6\u00dfe Kongresshalle mit 5000 Sitzpl\u00e4tzen<\/figcaption><\/figure>\n\n\n\n<p><strong>Reputa\u00e7\u00e3o e pujan\u00e7a<\/strong><\/p>\n\n\n\n<p>W\u00fcst enfatiza que a Koelnmesse hoje \u00e9 um pilar importante para a Ren\u00e2nia do Norte-Vestf\u00e1lia como local de neg\u00f3cios e oferece \u00e0s empresas de todo o mundo uma plataforma para networking e abertura de novos mercados. N\u00e3o s\u00f3 gera valor econ\u00f3mico para a regi\u00e3o, mas tamb\u00e9m fortalece de forma sustent\u00e1vel o poder inovador e a reputa\u00e7\u00e3o internacional da regi\u00e3o.<\/p>\n\n\n\n<p>A pe\u00e7a central do edif\u00edcio Confex, com 20.500 m2, \u00e9 a Sala Confex. Esta sala pode ser dividida em tr\u00eas sec\u00e7\u00f5es e tem espa\u00e7o para 4.300 pessoas. H\u00e1 tamb\u00e9m dois n\u00edveis de confer\u00eancia com 22 salas, que podem ser usadas para uma ampla variedade de formatos de eventos gra\u00e7as \u00e0 variedade de tamanhos que v\u00e3o de 27 a 205 metros quadrados.<\/p>\n\n\n\n<p>O foyer leva diretamente ao terra\u00e7o ao ar livre de 5.600 m2, o Confex Plaza. Como parte de um dos maiores centros de exposi\u00e7\u00f5es do mundo, o Confex est\u00e1 ligado a espa\u00e7os adicionais, funcionalmente flex\u00edveis, significando que capacidade adicional pode ser acrescentada conforme necess\u00e1rio.<\/p>\n\n\n\n<figure class=\"wp-block-image size-large is-resized\"><img decoding=\"async\" width=\"1024\" height=\"759\" src=\"https:\/\/automotiverevista.pt\/wp-content\/uploads\/2024\/09\/20240628_Festakt_Koelnmesse_090_Keyvisual_100_Jahre_Copyright_Koelnmesse-1024x759.jpg\" alt=\"\" class=\"wp-image-7205\" style=\"width:799px;height:auto\" srcset=\"https:\/\/automotiverevista.pt\/wp-content\/uploads\/2024\/09\/20240628_Festakt_Koelnmesse_090_Keyvisual_100_Jahre_Copyright_Koelnmesse-1024x759.jpg 1024w, https:\/\/automotiverevista.pt\/wp-content\/uploads\/2024\/09\/20240628_Festakt_Koelnmesse_090_Keyvisual_100_Jahre_Copyright_Koelnmesse-300x222.jpg 300w, https:\/\/automotiverevista.pt\/wp-content\/uploads\/2024\/09\/20240628_Festakt_Koelnmesse_090_Keyvisual_100_Jahre_Copyright_Koelnmesse-768x569.jpg 768w, https:\/\/automotiverevista.pt\/wp-content\/uploads\/2024\/09\/20240628_Festakt_Koelnmesse_090_Keyvisual_100_Jahre_Copyright_Koelnmesse-750x556.jpg 750w, https:\/\/automotiverevista.pt\/wp-content\/uploads\/2024\/09\/20240628_Festakt_Koelnmesse_090_Keyvisual_100_Jahre_Copyright_Koelnmesse-1140x845.jpg 1140w, https:\/\/automotiverevista.pt\/wp-content\/uploads\/2024\/09\/20240628_Festakt_Koelnmesse_090_Keyvisual_100_Jahre_Copyright_Koelnmesse.jpg 1500w\" sizes=\"(max-width: 1024px) 100vw, 1024px\" \/><figcaption class=\"wp-element-caption\">Koelnmesse KeyVisual, Luftaufnahme, Luftbild, Panorama, Nordansicht mit Zoobr\u00fccke, Rhein und Dom<\/figcaption><\/figure>\n\n\n\n<p><strong>Mais infraestrutura<\/strong><\/p>\n\n\n\n<p>&#8220;Com a nova abertura, a Koelnmesse est\u00e1 a fechar uma lacuna que existia na nossa infraestrutura de feiras h\u00e1 bastante tempo. Como um local especialmente atraente para congressos e eventos h\u00edbridos para mais de 6.000 convidados, o Confex atrair\u00e1 novos eventos e grupos-alvo para Col\u00f3nia. \u00c9 por isso que a cidade e o estado, como acionistas, apoiaram a constru\u00e7\u00e3o do Confex, mesmo em tempos dif\u00edceis,&#8221; salientou Henriette Reker, Presidente da C\u00e2mara de Col\u00f3nia e Presidente do Conselho de Supervis\u00e3o da Koelnmesse.<\/p>\n\n\n\n<p>O novo edif\u00edcio de tr\u00eas andares foi projetado pela firma de arquitetura JSWD e integra-se perfeitamente no conjunto dos edif\u00edcios existentes da Koelnmesse. Juntamente com a nova Sala 1, o Confex forma a fronteira estrutural entre o recinto de feiras no centro da cidade e o Rheinpark a oeste.<\/p>\n\n\n\n<p>Durante 100 anos, a Koelnmesse tem sido um din\u00e2mico centro de inova\u00e7\u00e3o, com\u00e9rcio e coopera\u00e7\u00e3o internacional. A constru\u00e7\u00e3o do recinto de ferias foi impulsionada por Konrad Adenauer em 1924. Ele lan\u00e7ou as bases para a sua hist\u00f3ria de sucesso internacionalmente reconhecida. &#8220;O Confex \u00e9 um novo marco neste caminho que tem unido empresas, pessoas e na\u00e7\u00f5es por dez d\u00e9cadas,&#8221; enfatizou o CEO da Koelnmesse, Gerald B\u00f6se. &#8220;Bem-vindos a um mundo onde a inova\u00e7\u00e3o encontra a tradi\u00e7\u00e3o!&#8221;<\/p>\n\n\n\n<figure class=\"wp-block-image size-large is-resized\"><img decoding=\"async\" width=\"1024\" height=\"683\" src=\"https:\/\/automotiverevista.pt\/wp-content\/uploads\/2024\/09\/koelnmesse_24_060_002-1024x683.jpg\" alt=\"\" class=\"wp-image-7206\" style=\"width:902px;height:auto\" srcset=\"https:\/\/automotiverevista.pt\/wp-content\/uploads\/2024\/09\/koelnmesse_24_060_002-1024x683.jpg 1024w, https:\/\/automotiverevista.pt\/wp-content\/uploads\/2024\/09\/koelnmesse_24_060_002-300x200.jpg 300w, https:\/\/automotiverevista.pt\/wp-content\/uploads\/2024\/09\/koelnmesse_24_060_002-768x512.jpg 768w, https:\/\/automotiverevista.pt\/wp-content\/uploads\/2024\/09\/koelnmesse_24_060_002-750x500.jpg 750w, https:\/\/automotiverevista.pt\/wp-content\/uploads\/2024\/09\/koelnmesse_24_060_002-1140x760.jpg 1140w, https:\/\/automotiverevista.pt\/wp-content\/uploads\/2024\/09\/koelnmesse_24_060_002.jpg 1500w\" sizes=\"(max-width: 1024px) 100vw, 1024px\" \/><figcaption class=\"wp-element-caption\">Festakt zu 100 Jahre Koelnmesse, v.l.nr.: Oliver Frese, Gesch\u00e4ftsf\u00fchrer der Koelnmesse GmbH; Philip Harting, Vorsitzende des AUMA \u2014 Ausstellungs- und Messeausschuss der Deutschen Wirtschaft e.V.; Henriette Reker, Oberb\u00fcrgermeisterin der Stadt K\u00f6ln, Vorsitzende des Aufsichtsrats der Koelnmesse GmbH; Hendrik W\u00fcst, Ministerpr\u00e4sident NRW, MdL; Gerald B\u00f6se, Vorsitzender der Gesch\u00e4ftsf\u00fchrung der Koelnmesse<\/figcaption><\/figure>\n","protected":false},"excerpt":{"rendered":"<p>Para assinalar o seu 100\u00ba anivers\u00e1rio, a Koelnmesse inaugurou um novo centro de eventos e congressos: o Confex. O novo edif\u00edcio, tecnologicamente e ambientalmente atuais, cria oportunidades para formatos de eventos na regi\u00e3o de Col\u00f3nia, na Alemanha. Ap\u00f3s quase tr\u00eas anos de constru\u00e7\u00e3o, \u00e9 um elemento central do programa de investimento de mil milh\u00f5es de [&hellip;]<\/p>\n","protected":false},"author":1,"featured_media":7203,"comment_status":"closed","ping_status":"open","sticky":false,"template":"","format":"standard","meta":{"jnews-multi-image_gallery":[],"jnews_single_post":{"format":"standard"},"jnews_primary_category":[],"footnotes":""},"categories":[21],"tags":[],"class_list":["post-7202","post","type-post","status-publish","format-standard","has-post-thumbnail","hentry","category-pos-venda"],"yoast_head":"<!-- This site is optimized with the Yoast SEO Premium plugin v27.5 (Yoast SEO v27.5) - https:\/\/yoast.com\/product\/yoast-seo-premium-wordpress\/ -->\n<title>Koelnmesse centen\u00e1rio com novo centro de congressos - Revista Automotive<\/title>\n<meta name=\"robots\" content=\"index, follow, max-snippet:-1, max-image-preview:large, max-video-preview:-1\" \/>\n<link rel=\"canonical\" href=\"https:\/\/automotiverevista.pt\/index.php\/2024\/09\/13\/koelnmesse-centenario-com-novo-centro-de-congressos\/\" \/>\n<meta property=\"og:locale\" content=\"pt_PT\" \/>\n<meta property=\"og:type\" content=\"article\" \/>\n<meta property=\"og:title\" content=\"Koelnmesse centen\u00e1rio com novo centro de congressos\" \/>\n<meta property=\"og:description\" content=\"Para assinalar o seu 100\u00ba anivers\u00e1rio, a Koelnmesse inaugurou um novo centro de eventos e congressos: o Confex. O novo edif\u00edcio, tecnologicamente e ambientalmente atuais, cria oportunidades para formatos de eventos na regi\u00e3o de Col\u00f3nia, na Alemanha. Ap\u00f3s quase tr\u00eas anos de constru\u00e7\u00e3o, \u00e9 um elemento central do programa de investimento de mil milh\u00f5es de [&hellip;]\" \/>\n<meta property=\"og:url\" content=\"https:\/\/automotiverevista.pt\/index.php\/2024\/09\/13\/koelnmesse-centenario-com-novo-centro-de-congressos\/\" \/>\n<meta property=\"og:site_name\" content=\"Revista Automotive\" \/>\n<meta property=\"article:published_time\" content=\"2024-09-13T06:30:00+00:00\" \/>\n<meta property=\"og:image\" content=\"https:\/\/automotiverevista.pt\/wp-content\/uploads\/2024\/09\/koelnmesse_24_063_026.jpg\" \/>\n\t<meta property=\"og:image:width\" content=\"1500\" \/>\n\t<meta property=\"og:image:height\" content=\"1000\" \/>\n\t<meta property=\"og:image:type\" content=\"image\/jpeg\" \/>\n<meta name=\"author\" content=\"adminNovo\" \/>\n<meta name=\"twitter:card\" content=\"summary_large_image\" \/>\n<meta name=\"twitter:label1\" content=\"Escrito por\" \/>\n\t<meta name=\"twitter:data1\" content=\"adminNovo\" \/>\n\t<meta name=\"twitter:label2\" content=\"Tempo estimado de leitura\" \/>\n\t<meta name=\"twitter:data2\" content=\"5 minutos\" \/>\n<script type=\"application\/ld+json\" class=\"yoast-schema-graph\">{\"@context\":\"https:\\\/\\\/schema.org\",\"@graph\":[{\"@type\":\"Article\",\"@id\":\"https:\\\/\\\/automotiverevista.pt\\\/index.php\\\/2024\\\/09\\\/13\\\/koelnmesse-centenario-com-novo-centro-de-congressos\\\/#article\",\"isPartOf\":{\"@id\":\"https:\\\/\\\/automotiverevista.pt\\\/index.php\\\/2024\\\/09\\\/13\\\/koelnmesse-centenario-com-novo-centro-de-congressos\\\/\"},\"author\":{\"name\":\"adminNovo\",\"@id\":\"https:\\\/\\\/automotiverevista.pt\\\/#\\\/schema\\\/person\\\/1265858bc8c78a0f969de814da8be281\"},\"headline\":\"Koelnmesse centen\u00e1rio com novo centro de congressos\",\"datePublished\":\"2024-09-13T06:30:00+00:00\",\"mainEntityOfPage\":{\"@id\":\"https:\\\/\\\/automotiverevista.pt\\\/index.php\\\/2024\\\/09\\\/13\\\/koelnmesse-centenario-com-novo-centro-de-congressos\\\/\"},\"wordCount\":687,\"publisher\":{\"@id\":\"https:\\\/\\\/automotiverevista.pt\\\/#organization\"},\"image\":{\"@id\":\"https:\\\/\\\/automotiverevista.pt\\\/index.php\\\/2024\\\/09\\\/13\\\/koelnmesse-centenario-com-novo-centro-de-congressos\\\/#primaryimage\"},\"thumbnailUrl\":\"https:\\\/\\\/automotiverevista.pt\\\/wp-content\\\/uploads\\\/2024\\\/09\\\/koelnmesse_24_063_026.jpg\",\"articleSection\":[\"P\u00f3s-Venda\"],\"inLanguage\":\"pt-PT\"},{\"@type\":\"WebPage\",\"@id\":\"https:\\\/\\\/automotiverevista.pt\\\/index.php\\\/2024\\\/09\\\/13\\\/koelnmesse-centenario-com-novo-centro-de-congressos\\\/\",\"url\":\"https:\\\/\\\/automotiverevista.pt\\\/index.php\\\/2024\\\/09\\\/13\\\/koelnmesse-centenario-com-novo-centro-de-congressos\\\/\",\"name\":\"Koelnmesse centen\u00e1rio com novo centro de congressos - Revista Automotive\",\"isPartOf\":{\"@id\":\"https:\\\/\\\/automotiverevista.pt\\\/#website\"},\"primaryImageOfPage\":{\"@id\":\"https:\\\/\\\/automotiverevista.pt\\\/index.php\\\/2024\\\/09\\\/13\\\/koelnmesse-centenario-com-novo-centro-de-congressos\\\/#primaryimage\"},\"image\":{\"@id\":\"https:\\\/\\\/automotiverevista.pt\\\/index.php\\\/2024\\\/09\\\/13\\\/koelnmesse-centenario-com-novo-centro-de-congressos\\\/#primaryimage\"},\"thumbnailUrl\":\"https:\\\/\\\/automotiverevista.pt\\\/wp-content\\\/uploads\\\/2024\\\/09\\\/koelnmesse_24_063_026.jpg\",\"datePublished\":\"2024-09-13T06:30:00+00:00\",\"breadcrumb\":{\"@id\":\"https:\\\/\\\/automotiverevista.pt\\\/index.php\\\/2024\\\/09\\\/13\\\/koelnmesse-centenario-com-novo-centro-de-congressos\\\/#breadcrumb\"},\"inLanguage\":\"pt-PT\",\"potentialAction\":[{\"@type\":\"ReadAction\",\"target\":[\"https:\\\/\\\/automotiverevista.pt\\\/index.php\\\/2024\\\/09\\\/13\\\/koelnmesse-centenario-com-novo-centro-de-congressos\\\/\"]}]},{\"@type\":\"ImageObject\",\"inLanguage\":\"pt-PT\",\"@id\":\"https:\\\/\\\/automotiverevista.pt\\\/index.php\\\/2024\\\/09\\\/13\\\/koelnmesse-centenario-com-novo-centro-de-congressos\\\/#primaryimage\",\"url\":\"https:\\\/\\\/automotiverevista.pt\\\/wp-content\\\/uploads\\\/2024\\\/09\\\/koelnmesse_24_063_026.jpg\",\"contentUrl\":\"https:\\\/\\\/automotiverevista.pt\\\/wp-content\\\/uploads\\\/2024\\\/09\\\/koelnmesse_24_063_026.jpg\",\"width\":1500,\"height\":1000,\"caption\":\"Festakt zu 100 Jahre Koelnmesse, Rede des Hausherrn: Gerald B\u00f6se, Vorsitzender der Gesch\u00e4ftsf\u00fchrung der Koelnmesse GmbH\"},{\"@type\":\"BreadcrumbList\",\"@id\":\"https:\\\/\\\/automotiverevista.pt\\\/index.php\\\/2024\\\/09\\\/13\\\/koelnmesse-centenario-com-novo-centro-de-congressos\\\/#breadcrumb\",\"itemListElement\":[{\"@type\":\"ListItem\",\"position\":1,\"name\":\"Home\",\"item\":\"https:\\\/\\\/automotiverevista.pt\\\/\"},{\"@type\":\"ListItem\",\"position\":2,\"name\":\"Koelnmesse centen\u00e1rio com novo centro de congressos\"}]},{\"@type\":\"WebSite\",\"@id\":\"https:\\\/\\\/automotiverevista.pt\\\/#website\",\"url\":\"https:\\\/\\\/automotiverevista.pt\\\/\",\"name\":\"Revista Automotive\",\"description\":\"Revista Automotive Portugal\",\"publisher\":{\"@id\":\"https:\\\/\\\/automotiverevista.pt\\\/#organization\"},\"potentialAction\":[{\"@type\":\"SearchAction\",\"target\":{\"@type\":\"EntryPoint\",\"urlTemplate\":\"https:\\\/\\\/automotiverevista.pt\\\/?s={search_term_string}\"},\"query-input\":{\"@type\":\"PropertyValueSpecification\",\"valueRequired\":true,\"valueName\":\"search_term_string\"}}],\"inLanguage\":\"pt-PT\"},{\"@type\":\"Organization\",\"@id\":\"https:\\\/\\\/automotiverevista.pt\\\/#organization\",\"name\":\"Revista Automotive Portugal\",\"url\":\"https:\\\/\\\/automotiverevista.pt\\\/\",\"logo\":{\"@type\":\"ImageObject\",\"inLanguage\":\"pt-PT\",\"@id\":\"https:\\\/\\\/automotiverevista.pt\\\/#\\\/schema\\\/logo\\\/image\\\/\",\"url\":\"https:\\\/\\\/automotiverevista.pt\\\/wp-content\\\/uploads\\\/2022\\\/07\\\/Logo-Automotive-2021_500-1.jpg\",\"contentUrl\":\"https:\\\/\\\/automotiverevista.pt\\\/wp-content\\\/uploads\\\/2022\\\/07\\\/Logo-Automotive-2021_500-1.jpg\",\"width\":500,\"height\":160,\"caption\":\"Revista Automotive Portugal\"},\"image\":{\"@id\":\"https:\\\/\\\/automotiverevista.pt\\\/#\\\/schema\\\/logo\\\/image\\\/\"},\"sameAs\":[\"https:\\\/\\\/linkedin.com\\\/in\\\/automotiverevista\"]},{\"@type\":\"Person\",\"@id\":\"https:\\\/\\\/automotiverevista.pt\\\/#\\\/schema\\\/person\\\/1265858bc8c78a0f969de814da8be281\",\"name\":\"adminNovo\",\"image\":{\"@type\":\"ImageObject\",\"inLanguage\":\"pt-PT\",\"@id\":\"https:\\\/\\\/secure.gravatar.com\\\/avatar\\\/c606c1288dcc11eb4c709aa5136fdb962583c410f5c23c0b7bf6917c542be355?s=96&d=mm&r=g\",\"url\":\"https:\\\/\\\/secure.gravatar.com\\\/avatar\\\/c606c1288dcc11eb4c709aa5136fdb962583c410f5c23c0b7bf6917c542be355?s=96&d=mm&r=g\",\"contentUrl\":\"https:\\\/\\\/secure.gravatar.com\\\/avatar\\\/c606c1288dcc11eb4c709aa5136fdb962583c410f5c23c0b7bf6917c542be355?s=96&d=mm&r=g\",\"caption\":\"adminNovo\"},\"sameAs\":[\"https:\\\/\\\/automotiverevista.pt\"],\"url\":\"https:\\\/\\\/automotiverevista.pt\\\/index.php\\\/author\\\/adminnovo\\\/\"}]}<\/script>\n<!-- \/ Yoast SEO Premium plugin. -->","yoast_head_json":{"title":"Koelnmesse centen\u00e1rio com novo centro de congressos - Revista Automotive","robots":{"index":"index","follow":"follow","max-snippet":"max-snippet:-1","max-image-preview":"max-image-preview:large","max-video-preview":"max-video-preview:-1"},"canonical":"https:\/\/automotiverevista.pt\/index.php\/2024\/09\/13\/koelnmesse-centenario-com-novo-centro-de-congressos\/","og_locale":"pt_PT","og_type":"article","og_title":"Koelnmesse centen\u00e1rio com novo centro de congressos","og_description":"Para assinalar o seu 100\u00ba anivers\u00e1rio, a Koelnmesse inaugurou um novo centro de eventos e congressos: o Confex. O novo edif\u00edcio, tecnologicamente e ambientalmente atuais, cria oportunidades para formatos de eventos na regi\u00e3o de Col\u00f3nia, na Alemanha. Ap\u00f3s quase tr\u00eas anos de constru\u00e7\u00e3o, \u00e9 um elemento central do programa de investimento de mil milh\u00f5es de [&hellip;]","og_url":"https:\/\/automotiverevista.pt\/index.php\/2024\/09\/13\/koelnmesse-centenario-com-novo-centro-de-congressos\/","og_site_name":"Revista Automotive","article_published_time":"2024-09-13T06:30:00+00:00","og_image":[{"width":1500,"height":1000,"url":"https:\/\/automotiverevista.pt\/wp-content\/uploads\/2024\/09\/koelnmesse_24_063_026.jpg","type":"image\/jpeg"}],"author":"adminNovo","twitter_card":"summary_large_image","twitter_misc":{"Escrito por":"adminNovo","Tempo estimado de leitura":"5 minutos"},"schema":{"@context":"https:\/\/schema.org","@graph":[{"@type":"Article","@id":"https:\/\/automotiverevista.pt\/index.php\/2024\/09\/13\/koelnmesse-centenario-com-novo-centro-de-congressos\/#article","isPartOf":{"@id":"https:\/\/automotiverevista.pt\/index.php\/2024\/09\/13\/koelnmesse-centenario-com-novo-centro-de-congressos\/"},"author":{"name":"adminNovo","@id":"https:\/\/automotiverevista.pt\/#\/schema\/person\/1265858bc8c78a0f969de814da8be281"},"headline":"Koelnmesse centen\u00e1rio com novo centro de congressos","datePublished":"2024-09-13T06:30:00+00:00","mainEntityOfPage":{"@id":"https:\/\/automotiverevista.pt\/index.php\/2024\/09\/13\/koelnmesse-centenario-com-novo-centro-de-congressos\/"},"wordCount":687,"publisher":{"@id":"https:\/\/automotiverevista.pt\/#organization"},"image":{"@id":"https:\/\/automotiverevista.pt\/index.php\/2024\/09\/13\/koelnmesse-centenario-com-novo-centro-de-congressos\/#primaryimage"},"thumbnailUrl":"https:\/\/automotiverevista.pt\/wp-content\/uploads\/2024\/09\/koelnmesse_24_063_026.jpg","articleSection":["P\u00f3s-Venda"],"inLanguage":"pt-PT"},{"@type":"WebPage","@id":"https:\/\/automotiverevista.pt\/index.php\/2024\/09\/13\/koelnmesse-centenario-com-novo-centro-de-congressos\/","url":"https:\/\/automotiverevista.pt\/index.php\/2024\/09\/13\/koelnmesse-centenario-com-novo-centro-de-congressos\/","name":"Koelnmesse centen\u00e1rio com novo centro de congressos - Revista Automotive","isPartOf":{"@id":"https:\/\/automotiverevista.pt\/#website"},"primaryImageOfPage":{"@id":"https:\/\/automotiverevista.pt\/index.php\/2024\/09\/13\/koelnmesse-centenario-com-novo-centro-de-congressos\/#primaryimage"},"image":{"@id":"https:\/\/automotiverevista.pt\/index.php\/2024\/09\/13\/koelnmesse-centenario-com-novo-centro-de-congressos\/#primaryimage"},"thumbnailUrl":"https:\/\/automotiverevista.pt\/wp-content\/uploads\/2024\/09\/koelnmesse_24_063_026.jpg","datePublished":"2024-09-13T06:30:00+00:00","breadcrumb":{"@id":"https:\/\/automotiverevista.pt\/index.php\/2024\/09\/13\/koelnmesse-centenario-com-novo-centro-de-congressos\/#breadcrumb"},"inLanguage":"pt-PT","potentialAction":[{"@type":"ReadAction","target":["https:\/\/automotiverevista.pt\/index.php\/2024\/09\/13\/koelnmesse-centenario-com-novo-centro-de-congressos\/"]}]},{"@type":"ImageObject","inLanguage":"pt-PT","@id":"https:\/\/automotiverevista.pt\/index.php\/2024\/09\/13\/koelnmesse-centenario-com-novo-centro-de-congressos\/#primaryimage","url":"https:\/\/automotiverevista.pt\/wp-content\/uploads\/2024\/09\/koelnmesse_24_063_026.jpg","contentUrl":"https:\/\/automotiverevista.pt\/wp-content\/uploads\/2024\/09\/koelnmesse_24_063_026.jpg","width":1500,"height":1000,"caption":"Festakt zu 100 Jahre Koelnmesse, Rede des Hausherrn: Gerald B\u00f6se, Vorsitzender der Gesch\u00e4ftsf\u00fchrung der Koelnmesse GmbH"},{"@type":"BreadcrumbList","@id":"https:\/\/automotiverevista.pt\/index.php\/2024\/09\/13\/koelnmesse-centenario-com-novo-centro-de-congressos\/#breadcrumb","itemListElement":[{"@type":"ListItem","position":1,"name":"Home","item":"https:\/\/automotiverevista.pt\/"},{"@type":"ListItem","position":2,"name":"Koelnmesse centen\u00e1rio com novo centro de congressos"}]},{"@type":"WebSite","@id":"https:\/\/automotiverevista.pt\/#website","url":"https:\/\/automotiverevista.pt\/","name":"Revista Automotive","description":"Revista Automotive Portugal","publisher":{"@id":"https:\/\/automotiverevista.pt\/#organization"},"potentialAction":[{"@type":"SearchAction","target":{"@type":"EntryPoint","urlTemplate":"https:\/\/automotiverevista.pt\/?s={search_term_string}"},"query-input":{"@type":"PropertyValueSpecification","valueRequired":true,"valueName":"search_term_string"}}],"inLanguage":"pt-PT"},{"@type":"Organization","@id":"https:\/\/automotiverevista.pt\/#organization","name":"Revista Automotive Portugal","url":"https:\/\/automotiverevista.pt\/","logo":{"@type":"ImageObject","inLanguage":"pt-PT","@id":"https:\/\/automotiverevista.pt\/#\/schema\/logo\/image\/","url":"https:\/\/automotiverevista.pt\/wp-content\/uploads\/2022\/07\/Logo-Automotive-2021_500-1.jpg","contentUrl":"https:\/\/automotiverevista.pt\/wp-content\/uploads\/2022\/07\/Logo-Automotive-2021_500-1.jpg","width":500,"height":160,"caption":"Revista Automotive Portugal"},"image":{"@id":"https:\/\/automotiverevista.pt\/#\/schema\/logo\/image\/"},"sameAs":["https:\/\/linkedin.com\/in\/automotiverevista"]},{"@type":"Person","@id":"https:\/\/automotiverevista.pt\/#\/schema\/person\/1265858bc8c78a0f969de814da8be281","name":"adminNovo","image":{"@type":"ImageObject","inLanguage":"pt-PT","@id":"https:\/\/secure.gravatar.com\/avatar\/c606c1288dcc11eb4c709aa5136fdb962583c410f5c23c0b7bf6917c542be355?s=96&d=mm&r=g","url":"https:\/\/secure.gravatar.com\/avatar\/c606c1288dcc11eb4c709aa5136fdb962583c410f5c23c0b7bf6917c542be355?s=96&d=mm&r=g","contentUrl":"https:\/\/secure.gravatar.com\/avatar\/c606c1288dcc11eb4c709aa5136fdb962583c410f5c23c0b7bf6917c542be355?s=96&d=mm&r=g","caption":"adminNovo"},"sameAs":["https:\/\/automotiverevista.pt"],"url":"https:\/\/automotiverevista.pt\/index.php\/author\/adminnovo\/"}]}},"_links":{"self":[{"href":"https:\/\/automotiverevista.pt\/index.php\/wp-json\/wp\/v2\/posts\/7202","targetHints":{"allow":["GET"]}}],"collection":[{"href":"https:\/\/automotiverevista.pt\/index.php\/wp-json\/wp\/v2\/posts"}],"about":[{"href":"https:\/\/automotiverevista.pt\/index.php\/wp-json\/wp\/v2\/types\/post"}],"author":[{"embeddable":true,"href":"https:\/\/automotiverevista.pt\/index.php\/wp-json\/wp\/v2\/users\/1"}],"replies":[{"embeddable":true,"href":"https:\/\/automotiverevista.pt\/index.php\/wp-json\/wp\/v2\/comments?post=7202"}],"version-history":[{"count":1,"href":"https:\/\/automotiverevista.pt\/index.php\/wp-json\/wp\/v2\/posts\/7202\/revisions"}],"predecessor-version":[{"id":7207,"href":"https:\/\/automotiverevista.pt\/index.php\/wp-json\/wp\/v2\/posts\/7202\/revisions\/7207"}],"wp:featuredmedia":[{"embeddable":true,"href":"https:\/\/automotiverevista.pt\/index.php\/wp-json\/wp\/v2\/media\/7203"}],"wp:attachment":[{"href":"https:\/\/automotiverevista.pt\/index.php\/wp-json\/wp\/v2\/media?parent=7202"}],"wp:term":[{"taxonomy":"category","embeddable":true,"href":"https:\/\/automotiverevista.pt\/index.php\/wp-json\/wp\/v2\/categories?post=7202"},{"taxonomy":"post_tag","embeddable":true,"href":"https:\/\/automotiverevista.pt\/index.php\/wp-json\/wp\/v2\/tags?post=7202"}],"curies":[{"name":"wp","href":"https:\/\/api.w.org\/{rel}","templated":true}]}}