{"id":7208,"date":"2024-09-13T06:40:00","date_gmt":"2024-09-13T06:40:00","guid":{"rendered":"https:\/\/automotiverevista.pt\/?p=7208"},"modified":"2024-09-12T09:19:10","modified_gmt":"2024-09-12T09:19:10","slug":"autocarros-man-e-neoplan-mais-confortaveis-e-eficientes","status":"publish","type":"post","link":"https:\/\/automotiverevista.pt\/index.php\/2024\/09\/13\/autocarros-man-e-neoplan-mais-confortaveis-e-eficientes\/","title":{"rendered":"Autocarros MAN e NEOPLAN mais confort\u00e1veis e eficientes"},"content":{"rendered":"\n<p>A MAN Truck &amp; Bus atualizou a sua gama de autocarros das marcas MAN e NEOPLAN, introduzindo uma nova arquitetura eletr\u00f3nica. \u201cNeste momento j\u00e1 estamos a cumprir e a exceder todas as pr\u00f3ximas inova\u00e7\u00f5es legais sobre condu\u00e7\u00e3o e ciberseguran\u00e7a &#8211; e isso em todas as s\u00e9ries de modelos,&#8221; explicou-nos <strong>Heinz Kiess<\/strong>, respons\u00e1vel de Marketing de Produto de Autocarros na MAN Truck &amp; Bus.<\/p>\n\n\n\n<p>A nova plataforma eletr\u00f3nica baseia-se na tecnologia modular que j\u00e1 equipa os cami\u00f5es da MAN. O anterior &#8220;Power Train Manager (PTM)&#8221; foi substitu\u00eddo agora pelo &#8220;Central Vehicle Manager (CVM)&#8221;, cuja capacidade de processamento \u00e9 duas vezes superior \u00e0 anterior. Al\u00e9m disso, todas as outras unidades de controlo para sistemas individuais, como portas, ar condicionado, etc., foram substitu\u00eddas por novos componentes mais eficientes.<\/p>\n\n\n\n<figure class=\"wp-block-image size-large is-resized\"><img decoding=\"async\" width=\"1024\" height=\"768\" src=\"https:\/\/automotiverevista.pt\/wp-content\/uploads\/2024\/09\/20240703_111016-1024x768.jpg\" alt=\"\" class=\"wp-image-7211\" style=\"width:903px;height:auto\" srcset=\"https:\/\/automotiverevista.pt\/wp-content\/uploads\/2024\/09\/20240703_111016-1024x768.jpg 1024w, https:\/\/automotiverevista.pt\/wp-content\/uploads\/2024\/09\/20240703_111016-300x225.jpg 300w, https:\/\/automotiverevista.pt\/wp-content\/uploads\/2024\/09\/20240703_111016-768x576.jpg 768w, https:\/\/automotiverevista.pt\/wp-content\/uploads\/2024\/09\/20240703_111016-750x563.jpg 750w, https:\/\/automotiverevista.pt\/wp-content\/uploads\/2024\/09\/20240703_111016-1140x855.jpg 1140w, https:\/\/automotiverevista.pt\/wp-content\/uploads\/2024\/09\/20240703_111016.jpg 1500w\" sizes=\"(max-width: 1024px) 100vw, 1024px\" \/><\/figure>\n\n\n\n<p><strong>Novo interior para autocarros<\/strong><\/p>\n\n\n\n<p>Com a nova plataforma eletr\u00f3nica, um cockpit completamente novo tamb\u00e9m est\u00e1 a ser introduzido nos autocarros. Este inclui um ecr\u00e3 central de 12 polegadas; um novo sistema de infoentretenimento MMC Advanced; o MAN SmartSelect; o volante multifuncional e o painel de instrumentos totalmente digital.<\/p>\n\n\n\n<p>Do teste que realiz\u00e1mos, ao conduzir os novos MAN e NEOPLAN, este novo interior est\u00e1 muito semelhante ao interior dos cami\u00f5es da MAN, desde o volante at\u00e9 ao man\u00edpulo SmartSelect. H\u00e1 assim uma harmoniza\u00e7\u00e3o maior entre os cami\u00f5es e os autocarros da MAN.<\/p>\n\n\n\n<figure class=\"wp-block-image size-large is-resized\"><img decoding=\"async\" width=\"1024\" height=\"768\" src=\"https:\/\/automotiverevista.pt\/wp-content\/uploads\/2024\/09\/20240703_104702-1024x768.jpg\" alt=\"\" class=\"wp-image-7213\" style=\"width:925px;height:auto\" srcset=\"https:\/\/automotiverevista.pt\/wp-content\/uploads\/2024\/09\/20240703_104702-1024x768.jpg 1024w, https:\/\/automotiverevista.pt\/wp-content\/uploads\/2024\/09\/20240703_104702-300x225.jpg 300w, https:\/\/automotiverevista.pt\/wp-content\/uploads\/2024\/09\/20240703_104702-768x576.jpg 768w, https:\/\/automotiverevista.pt\/wp-content\/uploads\/2024\/09\/20240703_104702-750x563.jpg 750w, https:\/\/automotiverevista.pt\/wp-content\/uploads\/2024\/09\/20240703_104702-1140x855.jpg 1140w, https:\/\/automotiverevista.pt\/wp-content\/uploads\/2024\/09\/20240703_104702.jpg 1500w\" sizes=\"(max-width: 1024px) 100vw, 1024px\" \/><\/figure>\n\n\n\n<p>Outra novidade \u00e9 o motor de autocarro MAN D26 com a norma Euro 6e. Este motor de 12,4 litros teve um aumento de 10 CV e cerca de 50 NM no bin\u00e1rio, por\u00e9m consome at\u00e9 2,5% menos de combust\u00edvel. Isto gra\u00e7as a uma nova caixa de velocidades automatizada MAN TipMatic de 12 velocidades e um cruise control preditivo (EfficientCruise 3), que melhora o desempenho dos ve\u00edculos atrav\u00e9s de uma melhor gest\u00e3o das velocidades, baseado em GPS.<\/p>\n\n\n\n<figure class=\"wp-block-image size-large is-resized\"><img decoding=\"async\" width=\"1024\" height=\"768\" src=\"https:\/\/automotiverevista.pt\/wp-content\/uploads\/2024\/09\/20240703_104718-1024x768.jpg\" alt=\"\" class=\"wp-image-7212\" style=\"width:852px;height:auto\" srcset=\"https:\/\/automotiverevista.pt\/wp-content\/uploads\/2024\/09\/20240703_104718-1024x768.jpg 1024w, https:\/\/automotiverevista.pt\/wp-content\/uploads\/2024\/09\/20240703_104718-300x225.jpg 300w, https:\/\/automotiverevista.pt\/wp-content\/uploads\/2024\/09\/20240703_104718-768x576.jpg 768w, https:\/\/automotiverevista.pt\/wp-content\/uploads\/2024\/09\/20240703_104718-750x563.jpg 750w, https:\/\/automotiverevista.pt\/wp-content\/uploads\/2024\/09\/20240703_104718-1140x855.jpg 1140w, https:\/\/automotiverevista.pt\/wp-content\/uploads\/2024\/09\/20240703_104718.jpg 1500w\" sizes=\"(max-width: 1024px) 100vw, 1024px\" \/><\/figure>\n\n\n\n<p><strong>Sistemas de assist\u00eancia ampliados<\/strong><\/p>\n\n\n\n<p>Se nos furg\u00f5es e cami\u00f5es da MAN a lista de novos assistentes de condu\u00e7\u00e3o j\u00e1 \u00e9 grande, nos autocarros o n\u00famero \u00e9 ainda mais surpreendente. S\u00e3o quase 15 novos sistemas de assist\u00eancia e seguran\u00e7a, que v\u00e3o desde sistemas complexos de radares at\u00e9 \u00e0 pr\u00e9-instala\u00e7\u00e3o de sistemas de medi\u00e7\u00e3o de alcoolemia do motorista.&nbsp;<\/p>\n\n\n\n<p>Ainda no campo da seguran\u00e7a, outra inova\u00e7\u00e3o que aproveitou a renovada plataforma eletr\u00f3nica \u00e9 o sistema de suspens\u00e3o pneum\u00e1tica &#8220;Vehicle Air Suspension Control&#8221; (VASC). Em compara\u00e7\u00e3o com o sistema ECAS anterior, a suspens\u00e3o pneum\u00e1tica VASC utiliza menos componentes e permite uma cablagem mais simples, eliminando a necessidade de uma unidade de controlo externa. Isto permite que os sinais sejam trocados mais rapidamente e reduz os tempos de eleva\u00e7\u00e3o e descida da suspens\u00e3o, por exemplo quando o motorista rebaixa a suspens\u00e3o para os passageiros entrarem e sa\u00edrem de forma mais c\u00f3moda e segura.<\/p>\n\n\n\n<figure class=\"wp-block-image size-large is-resized\"><img decoding=\"async\" width=\"1024\" height=\"768\" src=\"https:\/\/automotiverevista.pt\/wp-content\/uploads\/2024\/09\/20240704_122027-1024x768.jpg\" alt=\"\" class=\"wp-image-7214\" style=\"width:928px;height:auto\" srcset=\"https:\/\/automotiverevista.pt\/wp-content\/uploads\/2024\/09\/20240704_122027-1024x768.jpg 1024w, https:\/\/automotiverevista.pt\/wp-content\/uploads\/2024\/09\/20240704_122027-300x225.jpg 300w, https:\/\/automotiverevista.pt\/wp-content\/uploads\/2024\/09\/20240704_122027-768x576.jpg 768w, https:\/\/automotiverevista.pt\/wp-content\/uploads\/2024\/09\/20240704_122027-750x563.jpg 750w, https:\/\/automotiverevista.pt\/wp-content\/uploads\/2024\/09\/20240704_122027-1140x855.jpg 1140w, https:\/\/automotiverevista.pt\/wp-content\/uploads\/2024\/09\/20240704_122027.jpg 1500w\" sizes=\"(max-width: 1024px) 100vw, 1024px\" \/><\/figure>\n","protected":false},"excerpt":{"rendered":"<p>A MAN Truck &amp; Bus atualizou a sua gama de autocarros das marcas MAN e NEOPLAN, introduzindo uma nova arquitetura eletr\u00f3nica. \u201cNeste momento j\u00e1 estamos a cumprir e a exceder todas as pr\u00f3ximas inova\u00e7\u00f5es legais sobre condu\u00e7\u00e3o e ciberseguran\u00e7a &#8211; e isso em todas as s\u00e9ries de modelos,&#8221; explicou-nos Heinz Kiess, respons\u00e1vel de Marketing de [&hellip;]<\/p>\n","protected":false},"author":1,"featured_media":7209,"comment_status":"closed","ping_status":"open","sticky":false,"template":"","format":"standard","meta":{"jnews-multi-image_gallery":[],"jnews_single_post":{"format":"standard"},"jnews_primary_category":[],"footnotes":""},"categories":[1],"tags":[],"class_list":["post-7208","post","type-post","status-publish","format-standard","has-post-thumbnail","hentry","category-sem-categoria"],"yoast_head":"<!-- This site is optimized with the Yoast SEO Premium plugin v27.5 (Yoast SEO v27.5) - https:\/\/yoast.com\/product\/yoast-seo-premium-wordpress\/ -->\n<title>Autocarros MAN e NEOPLAN mais confort\u00e1veis e eficientes - Revista Automotive<\/title>\n<meta name=\"description\" content=\"Descubra as \u00faltimas atualiza\u00e7\u00f5es da MAN Truck &amp; Bus para os autocarros das marcas MAN e NEOPLAN, incluindo uma nova arquitetura eletr\u00f3nica.\" \/>\n<meta name=\"robots\" content=\"index, follow, max-snippet:-1, max-image-preview:large, max-video-preview:-1\" \/>\n<link rel=\"canonical\" href=\"https:\/\/automotiverevista.pt\/index.php\/2024\/09\/13\/autocarros-man-e-neoplan-mais-confortaveis-e-eficientes\/\" \/>\n<meta property=\"og:locale\" content=\"pt_PT\" \/>\n<meta property=\"og:type\" content=\"article\" \/>\n<meta property=\"og:title\" content=\"Autocarros MAN e NEOPLAN mais confort\u00e1veis e eficientes\" \/>\n<meta property=\"og:description\" content=\"Descubra as \u00faltimas atualiza\u00e7\u00f5es da MAN Truck &amp; Bus para os autocarros das marcas MAN e NEOPLAN, incluindo uma nova arquitetura eletr\u00f3nica.\" \/>\n<meta property=\"og:url\" content=\"https:\/\/automotiverevista.pt\/index.php\/2024\/09\/13\/autocarros-man-e-neoplan-mais-confortaveis-e-eficientes\/\" \/>\n<meta property=\"og:site_name\" content=\"Revista Automotive\" \/>\n<meta property=\"article:published_time\" content=\"2024-09-13T06:40:00+00:00\" \/>\n<meta property=\"og:image\" content=\"https:\/\/automotiverevista.pt\/wp-content\/uploads\/2024\/09\/20240703_114423.jpg\" \/>\n\t<meta property=\"og:image:width\" content=\"1500\" \/>\n\t<meta property=\"og:image:height\" content=\"1125\" \/>\n\t<meta property=\"og:image:type\" content=\"image\/jpeg\" \/>\n<meta name=\"author\" content=\"adminNovo\" \/>\n<meta name=\"twitter:card\" content=\"summary_large_image\" \/>\n<meta name=\"twitter:label1\" content=\"Escrito por\" \/>\n\t<meta name=\"twitter:data1\" content=\"adminNovo\" \/>\n\t<meta name=\"twitter:label2\" content=\"Tempo estimado de leitura\" \/>\n\t<meta name=\"twitter:data2\" content=\"4 minutos\" \/>\n<script type=\"application\/ld+json\" class=\"yoast-schema-graph\">{\"@context\":\"https:\\\/\\\/schema.org\",\"@graph\":[{\"@type\":\"Article\",\"@id\":\"https:\\\/\\\/automotiverevista.pt\\\/index.php\\\/2024\\\/09\\\/13\\\/autocarros-man-e-neoplan-mais-confortaveis-e-eficientes\\\/#article\",\"isPartOf\":{\"@id\":\"https:\\\/\\\/automotiverevista.pt\\\/index.php\\\/2024\\\/09\\\/13\\\/autocarros-man-e-neoplan-mais-confortaveis-e-eficientes\\\/\"},\"author\":{\"name\":\"adminNovo\",\"@id\":\"https:\\\/\\\/automotiverevista.pt\\\/#\\\/schema\\\/person\\\/1265858bc8c78a0f969de814da8be281\"},\"headline\":\"Autocarros MAN e NEOPLAN mais confort\u00e1veis e eficientes\",\"datePublished\":\"2024-09-13T06:40:00+00:00\",\"mainEntityOfPage\":{\"@id\":\"https:\\\/\\\/automotiverevista.pt\\\/index.php\\\/2024\\\/09\\\/13\\\/autocarros-man-e-neoplan-mais-confortaveis-e-eficientes\\\/\"},\"wordCount\":486,\"publisher\":{\"@id\":\"https:\\\/\\\/automotiverevista.pt\\\/#organization\"},\"image\":{\"@id\":\"https:\\\/\\\/automotiverevista.pt\\\/index.php\\\/2024\\\/09\\\/13\\\/autocarros-man-e-neoplan-mais-confortaveis-e-eficientes\\\/#primaryimage\"},\"thumbnailUrl\":\"https:\\\/\\\/automotiverevista.pt\\\/wp-content\\\/uploads\\\/2024\\\/09\\\/20240703_114423.jpg\",\"inLanguage\":\"pt-PT\"},{\"@type\":\"WebPage\",\"@id\":\"https:\\\/\\\/automotiverevista.pt\\\/index.php\\\/2024\\\/09\\\/13\\\/autocarros-man-e-neoplan-mais-confortaveis-e-eficientes\\\/\",\"url\":\"https:\\\/\\\/automotiverevista.pt\\\/index.php\\\/2024\\\/09\\\/13\\\/autocarros-man-e-neoplan-mais-confortaveis-e-eficientes\\\/\",\"name\":\"Autocarros MAN e NEOPLAN mais confort\u00e1veis e eficientes - Revista Automotive\",\"isPartOf\":{\"@id\":\"https:\\\/\\\/automotiverevista.pt\\\/#website\"},\"primaryImageOfPage\":{\"@id\":\"https:\\\/\\\/automotiverevista.pt\\\/index.php\\\/2024\\\/09\\\/13\\\/autocarros-man-e-neoplan-mais-confortaveis-e-eficientes\\\/#primaryimage\"},\"image\":{\"@id\":\"https:\\\/\\\/automotiverevista.pt\\\/index.php\\\/2024\\\/09\\\/13\\\/autocarros-man-e-neoplan-mais-confortaveis-e-eficientes\\\/#primaryimage\"},\"thumbnailUrl\":\"https:\\\/\\\/automotiverevista.pt\\\/wp-content\\\/uploads\\\/2024\\\/09\\\/20240703_114423.jpg\",\"datePublished\":\"2024-09-13T06:40:00+00:00\",\"description\":\"Descubra as \u00faltimas atualiza\u00e7\u00f5es da MAN Truck & Bus para os autocarros das marcas MAN e NEOPLAN, incluindo uma nova arquitetura eletr\u00f3nica.\",\"breadcrumb\":{\"@id\":\"https:\\\/\\\/automotiverevista.pt\\\/index.php\\\/2024\\\/09\\\/13\\\/autocarros-man-e-neoplan-mais-confortaveis-e-eficientes\\\/#breadcrumb\"},\"inLanguage\":\"pt-PT\",\"potentialAction\":[{\"@type\":\"ReadAction\",\"target\":[\"https:\\\/\\\/automotiverevista.pt\\\/index.php\\\/2024\\\/09\\\/13\\\/autocarros-man-e-neoplan-mais-confortaveis-e-eficientes\\\/\"]}]},{\"@type\":\"ImageObject\",\"inLanguage\":\"pt-PT\",\"@id\":\"https:\\\/\\\/automotiverevista.pt\\\/index.php\\\/2024\\\/09\\\/13\\\/autocarros-man-e-neoplan-mais-confortaveis-e-eficientes\\\/#primaryimage\",\"url\":\"https:\\\/\\\/automotiverevista.pt\\\/wp-content\\\/uploads\\\/2024\\\/09\\\/20240703_114423.jpg\",\"contentUrl\":\"https:\\\/\\\/automotiverevista.pt\\\/wp-content\\\/uploads\\\/2024\\\/09\\\/20240703_114423.jpg\",\"width\":1500,\"height\":1125},{\"@type\":\"BreadcrumbList\",\"@id\":\"https:\\\/\\\/automotiverevista.pt\\\/index.php\\\/2024\\\/09\\\/13\\\/autocarros-man-e-neoplan-mais-confortaveis-e-eficientes\\\/#breadcrumb\",\"itemListElement\":[{\"@type\":\"ListItem\",\"position\":1,\"name\":\"Home\",\"item\":\"https:\\\/\\\/automotiverevista.pt\\\/\"},{\"@type\":\"ListItem\",\"position\":2,\"name\":\"Autocarros MAN e NEOPLAN mais confort\u00e1veis e eficientes\"}]},{\"@type\":\"WebSite\",\"@id\":\"https:\\\/\\\/automotiverevista.pt\\\/#website\",\"url\":\"https:\\\/\\\/automotiverevista.pt\\\/\",\"name\":\"Revista Automotive\",\"description\":\"Revista Automotive Portugal\",\"publisher\":{\"@id\":\"https:\\\/\\\/automotiverevista.pt\\\/#organization\"},\"potentialAction\":[{\"@type\":\"SearchAction\",\"target\":{\"@type\":\"EntryPoint\",\"urlTemplate\":\"https:\\\/\\\/automotiverevista.pt\\\/?s={search_term_string}\"},\"query-input\":{\"@type\":\"PropertyValueSpecification\",\"valueRequired\":true,\"valueName\":\"search_term_string\"}}],\"inLanguage\":\"pt-PT\"},{\"@type\":\"Organization\",\"@id\":\"https:\\\/\\\/automotiverevista.pt\\\/#organization\",\"name\":\"Revista Automotive Portugal\",\"url\":\"https:\\\/\\\/automotiverevista.pt\\\/\",\"logo\":{\"@type\":\"ImageObject\",\"inLanguage\":\"pt-PT\",\"@id\":\"https:\\\/\\\/automotiverevista.pt\\\/#\\\/schema\\\/logo\\\/image\\\/\",\"url\":\"https:\\\/\\\/automotiverevista.pt\\\/wp-content\\\/uploads\\\/2022\\\/07\\\/Logo-Automotive-2021_500-1.jpg\",\"contentUrl\":\"https:\\\/\\\/automotiverevista.pt\\\/wp-content\\\/uploads\\\/2022\\\/07\\\/Logo-Automotive-2021_500-1.jpg\",\"width\":500,\"height\":160,\"caption\":\"Revista Automotive Portugal\"},\"image\":{\"@id\":\"https:\\\/\\\/automotiverevista.pt\\\/#\\\/schema\\\/logo\\\/image\\\/\"},\"sameAs\":[\"https:\\\/\\\/linkedin.com\\\/in\\\/automotiverevista\"]},{\"@type\":\"Person\",\"@id\":\"https:\\\/\\\/automotiverevista.pt\\\/#\\\/schema\\\/person\\\/1265858bc8c78a0f969de814da8be281\",\"name\":\"adminNovo\",\"image\":{\"@type\":\"ImageObject\",\"inLanguage\":\"pt-PT\",\"@id\":\"https:\\\/\\\/secure.gravatar.com\\\/avatar\\\/c606c1288dcc11eb4c709aa5136fdb962583c410f5c23c0b7bf6917c542be355?s=96&d=mm&r=g\",\"url\":\"https:\\\/\\\/secure.gravatar.com\\\/avatar\\\/c606c1288dcc11eb4c709aa5136fdb962583c410f5c23c0b7bf6917c542be355?s=96&d=mm&r=g\",\"contentUrl\":\"https:\\\/\\\/secure.gravatar.com\\\/avatar\\\/c606c1288dcc11eb4c709aa5136fdb962583c410f5c23c0b7bf6917c542be355?s=96&d=mm&r=g\",\"caption\":\"adminNovo\"},\"sameAs\":[\"https:\\\/\\\/automotiverevista.pt\"],\"url\":\"https:\\\/\\\/automotiverevista.pt\\\/index.php\\\/author\\\/adminnovo\\\/\"}]}<\/script>\n<!-- \/ Yoast SEO Premium plugin. -->","yoast_head_json":{"title":"Autocarros MAN e NEOPLAN mais confort\u00e1veis e eficientes - Revista Automotive","description":"Descubra as \u00faltimas atualiza\u00e7\u00f5es da MAN Truck & Bus para os autocarros das marcas MAN e NEOPLAN, incluindo uma nova arquitetura eletr\u00f3nica.","robots":{"index":"index","follow":"follow","max-snippet":"max-snippet:-1","max-image-preview":"max-image-preview:large","max-video-preview":"max-video-preview:-1"},"canonical":"https:\/\/automotiverevista.pt\/index.php\/2024\/09\/13\/autocarros-man-e-neoplan-mais-confortaveis-e-eficientes\/","og_locale":"pt_PT","og_type":"article","og_title":"Autocarros MAN e NEOPLAN mais confort\u00e1veis e eficientes","og_description":"Descubra as \u00faltimas atualiza\u00e7\u00f5es da MAN Truck & Bus para os autocarros das marcas MAN e NEOPLAN, incluindo uma nova arquitetura eletr\u00f3nica.","og_url":"https:\/\/automotiverevista.pt\/index.php\/2024\/09\/13\/autocarros-man-e-neoplan-mais-confortaveis-e-eficientes\/","og_site_name":"Revista Automotive","article_published_time":"2024-09-13T06:40:00+00:00","og_image":[{"width":1500,"height":1125,"url":"https:\/\/automotiverevista.pt\/wp-content\/uploads\/2024\/09\/20240703_114423.jpg","type":"image\/jpeg"}],"author":"adminNovo","twitter_card":"summary_large_image","twitter_misc":{"Escrito por":"adminNovo","Tempo estimado de leitura":"4 minutos"},"schema":{"@context":"https:\/\/schema.org","@graph":[{"@type":"Article","@id":"https:\/\/automotiverevista.pt\/index.php\/2024\/09\/13\/autocarros-man-e-neoplan-mais-confortaveis-e-eficientes\/#article","isPartOf":{"@id":"https:\/\/automotiverevista.pt\/index.php\/2024\/09\/13\/autocarros-man-e-neoplan-mais-confortaveis-e-eficientes\/"},"author":{"name":"adminNovo","@id":"https:\/\/automotiverevista.pt\/#\/schema\/person\/1265858bc8c78a0f969de814da8be281"},"headline":"Autocarros MAN e NEOPLAN mais confort\u00e1veis e eficientes","datePublished":"2024-09-13T06:40:00+00:00","mainEntityOfPage":{"@id":"https:\/\/automotiverevista.pt\/index.php\/2024\/09\/13\/autocarros-man-e-neoplan-mais-confortaveis-e-eficientes\/"},"wordCount":486,"publisher":{"@id":"https:\/\/automotiverevista.pt\/#organization"},"image":{"@id":"https:\/\/automotiverevista.pt\/index.php\/2024\/09\/13\/autocarros-man-e-neoplan-mais-confortaveis-e-eficientes\/#primaryimage"},"thumbnailUrl":"https:\/\/automotiverevista.pt\/wp-content\/uploads\/2024\/09\/20240703_114423.jpg","inLanguage":"pt-PT"},{"@type":"WebPage","@id":"https:\/\/automotiverevista.pt\/index.php\/2024\/09\/13\/autocarros-man-e-neoplan-mais-confortaveis-e-eficientes\/","url":"https:\/\/automotiverevista.pt\/index.php\/2024\/09\/13\/autocarros-man-e-neoplan-mais-confortaveis-e-eficientes\/","name":"Autocarros MAN e NEOPLAN mais confort\u00e1veis e eficientes - Revista Automotive","isPartOf":{"@id":"https:\/\/automotiverevista.pt\/#website"},"primaryImageOfPage":{"@id":"https:\/\/automotiverevista.pt\/index.php\/2024\/09\/13\/autocarros-man-e-neoplan-mais-confortaveis-e-eficientes\/#primaryimage"},"image":{"@id":"https:\/\/automotiverevista.pt\/index.php\/2024\/09\/13\/autocarros-man-e-neoplan-mais-confortaveis-e-eficientes\/#primaryimage"},"thumbnailUrl":"https:\/\/automotiverevista.pt\/wp-content\/uploads\/2024\/09\/20240703_114423.jpg","datePublished":"2024-09-13T06:40:00+00:00","description":"Descubra as \u00faltimas atualiza\u00e7\u00f5es da MAN Truck & Bus para os autocarros das marcas MAN e NEOPLAN, incluindo uma nova arquitetura eletr\u00f3nica.","breadcrumb":{"@id":"https:\/\/automotiverevista.pt\/index.php\/2024\/09\/13\/autocarros-man-e-neoplan-mais-confortaveis-e-eficientes\/#breadcrumb"},"inLanguage":"pt-PT","potentialAction":[{"@type":"ReadAction","target":["https:\/\/automotiverevista.pt\/index.php\/2024\/09\/13\/autocarros-man-e-neoplan-mais-confortaveis-e-eficientes\/"]}]},{"@type":"ImageObject","inLanguage":"pt-PT","@id":"https:\/\/automotiverevista.pt\/index.php\/2024\/09\/13\/autocarros-man-e-neoplan-mais-confortaveis-e-eficientes\/#primaryimage","url":"https:\/\/automotiverevista.pt\/wp-content\/uploads\/2024\/09\/20240703_114423.jpg","contentUrl":"https:\/\/automotiverevista.pt\/wp-content\/uploads\/2024\/09\/20240703_114423.jpg","width":1500,"height":1125},{"@type":"BreadcrumbList","@id":"https:\/\/automotiverevista.pt\/index.php\/2024\/09\/13\/autocarros-man-e-neoplan-mais-confortaveis-e-eficientes\/#breadcrumb","itemListElement":[{"@type":"ListItem","position":1,"name":"Home","item":"https:\/\/automotiverevista.pt\/"},{"@type":"ListItem","position":2,"name":"Autocarros MAN e NEOPLAN mais confort\u00e1veis e eficientes"}]},{"@type":"WebSite","@id":"https:\/\/automotiverevista.pt\/#website","url":"https:\/\/automotiverevista.pt\/","name":"Revista Automotive","description":"Revista Automotive Portugal","publisher":{"@id":"https:\/\/automotiverevista.pt\/#organization"},"potentialAction":[{"@type":"SearchAction","target":{"@type":"EntryPoint","urlTemplate":"https:\/\/automotiverevista.pt\/?s={search_term_string}"},"query-input":{"@type":"PropertyValueSpecification","valueRequired":true,"valueName":"search_term_string"}}],"inLanguage":"pt-PT"},{"@type":"Organization","@id":"https:\/\/automotiverevista.pt\/#organization","name":"Revista Automotive Portugal","url":"https:\/\/automotiverevista.pt\/","logo":{"@type":"ImageObject","inLanguage":"pt-PT","@id":"https:\/\/automotiverevista.pt\/#\/schema\/logo\/image\/","url":"https:\/\/automotiverevista.pt\/wp-content\/uploads\/2022\/07\/Logo-Automotive-2021_500-1.jpg","contentUrl":"https:\/\/automotiverevista.pt\/wp-content\/uploads\/2022\/07\/Logo-Automotive-2021_500-1.jpg","width":500,"height":160,"caption":"Revista Automotive Portugal"},"image":{"@id":"https:\/\/automotiverevista.pt\/#\/schema\/logo\/image\/"},"sameAs":["https:\/\/linkedin.com\/in\/automotiverevista"]},{"@type":"Person","@id":"https:\/\/automotiverevista.pt\/#\/schema\/person\/1265858bc8c78a0f969de814da8be281","name":"adminNovo","image":{"@type":"ImageObject","inLanguage":"pt-PT","@id":"https:\/\/secure.gravatar.com\/avatar\/c606c1288dcc11eb4c709aa5136fdb962583c410f5c23c0b7bf6917c542be355?s=96&d=mm&r=g","url":"https:\/\/secure.gravatar.com\/avatar\/c606c1288dcc11eb4c709aa5136fdb962583c410f5c23c0b7bf6917c542be355?s=96&d=mm&r=g","contentUrl":"https:\/\/secure.gravatar.com\/avatar\/c606c1288dcc11eb4c709aa5136fdb962583c410f5c23c0b7bf6917c542be355?s=96&d=mm&r=g","caption":"adminNovo"},"sameAs":["https:\/\/automotiverevista.pt"],"url":"https:\/\/automotiverevista.pt\/index.php\/author\/adminnovo\/"}]}},"_links":{"self":[{"href":"https:\/\/automotiverevista.pt\/index.php\/wp-json\/wp\/v2\/posts\/7208","targetHints":{"allow":["GET"]}}],"collection":[{"href":"https:\/\/automotiverevista.pt\/index.php\/wp-json\/wp\/v2\/posts"}],"about":[{"href":"https:\/\/automotiverevista.pt\/index.php\/wp-json\/wp\/v2\/types\/post"}],"author":[{"embeddable":true,"href":"https:\/\/automotiverevista.pt\/index.php\/wp-json\/wp\/v2\/users\/1"}],"replies":[{"embeddable":true,"href":"https:\/\/automotiverevista.pt\/index.php\/wp-json\/wp\/v2\/comments?post=7208"}],"version-history":[{"count":2,"href":"https:\/\/automotiverevista.pt\/index.php\/wp-json\/wp\/v2\/posts\/7208\/revisions"}],"predecessor-version":[{"id":7215,"href":"https:\/\/automotiverevista.pt\/index.php\/wp-json\/wp\/v2\/posts\/7208\/revisions\/7215"}],"wp:featuredmedia":[{"embeddable":true,"href":"https:\/\/automotiverevista.pt\/index.php\/wp-json\/wp\/v2\/media\/7209"}],"wp:attachment":[{"href":"https:\/\/automotiverevista.pt\/index.php\/wp-json\/wp\/v2\/media?parent=7208"}],"wp:term":[{"taxonomy":"category","embeddable":true,"href":"https:\/\/automotiverevista.pt\/index.php\/wp-json\/wp\/v2\/categories?post=7208"},{"taxonomy":"post_tag","embeddable":true,"href":"https:\/\/automotiverevista.pt\/index.php\/wp-json\/wp\/v2\/tags?post=7208"}],"curies":[{"name":"wp","href":"https:\/\/api.w.org\/{rel}","templated":true}]}}