{"id":727,"date":"2022-07-25T08:50:14","date_gmt":"2022-07-25T08:50:14","guid":{"rendered":"https:\/\/automotiverevista.pt\/?p=727"},"modified":"2022-07-25T08:50:18","modified_gmt":"2022-07-25T08:50:18","slug":"cepra-abre-inscricoes-para-as-ferias-tecnicas","status":"publish","type":"post","link":"https:\/\/automotiverevista.pt\/index.php\/2022\/07\/25\/cepra-abre-inscricoes-para-as-ferias-tecnicas\/","title":{"rendered":"CEPRA abre inscri\u00e7\u00f5es para as F\u00e9rias T\u00e9cnicas"},"content":{"rendered":"\n<p>O CEPRA vai realizar a 1\u00aa edi\u00e7\u00e3o das F\u00e9rias T\u00e9cnicas no CEPRA de 29 de agosto a 2 de setembro, uma iniciativa destinada a jovens que gostam do setor autom\u00f3vel e pretendem aprofundar as suas compet\u00eancias pr\u00e1ticas.<\/p>\n\n\n\n<p>O programa, com 35 horas de dura\u00e7\u00e3o, est\u00e1 repartido em diversos m\u00f3dulos pr\u00e1ticos que est\u00e3o em sintonia com a constante evolu\u00e7\u00e3o tecnol\u00f3gica deste setor, com especial destaque para os ve\u00edculos el\u00e9tricos, permitindo aos participantes o contacto direto com as tecnologias mais recentes da repara\u00e7\u00e3o autom\u00f3vel.<\/p>\n\n\n\n<p>As F\u00e9rias T\u00e9cnicas contemplam tamb\u00e9m uma visita \u00e0 Siva Academy, e a um concession\u00e1rio do grupo Volkswagen. O valor de inscri\u00e7\u00e3o \u00e9 de 235,00 \u20ac e inclui almo\u00e7o (refeit\u00f3rio do CEPRA), as desloca\u00e7\u00f5es previstas no programa, e diploma de participa\u00e7\u00e3o.<\/p>\n\n\n\n<p>Mais informa\u00e7\u00f5es no portal do CEPRA (cepra.pt), Facebook, Instagram, LinkedIn e Youtube. Inscri\u00e7\u00f5es podem ser feitas em:<\/p>\n\n\n\n<figure class=\"wp-block-embed is-type-wp-embed is-provider-cepra wp-block-embed-cepra\"><div class=\"wp-block-embed__wrapper\">\nhttps:\/\/cepra.pt\/cursos\/ferias-tecnicas-2022\/\n<\/div><\/figure>\n","protected":false},"excerpt":{"rendered":"<p>O CEPRA vai realizar a 1\u00aa edi\u00e7\u00e3o das F\u00e9rias T\u00e9cnicas no CEPRA de 29 de agosto a 2 de setembro,<\/p>\n","protected":false},"author":1,"featured_media":730,"comment_status":"closed","ping_status":"open","sticky":false,"template":"","format":"standard","meta":{"jnews-multi-image_gallery":[],"jnews_single_post":{"subtitle":"","format":"standard","video":"","gallery":"","source_name":"","source_url":"","via_name":"","via_url":"","override_template":"0","override":[{"template":"2","single_blog_custom":"","parallax":"1","fullscreen":"1","layout":"right-sidebar","sidebar":"default-sidebar","second_sidebar":"default-sidebar","sticky_sidebar":"1","share_position":"topbottom","share_float_style":"share-monocrhome","show_share_counter":"0","show_view_counter":"0","show_featured":"1","show_post_meta":"1","show_post_author":"0","show_post_author_image":"1","show_post_date":"1","post_date_format":"default","post_date_format_custom":"Y\/m\/d","show_post_category":"1","show_post_reading_time":"0","post_reading_time_wpm":"300","show_zoom_button":"0","zoom_button_out_step":"2","zoom_button_in_step":"3","show_post_tag":"1","show_prev_next_post":"0","show_popup_post":"1","number_popup_post":"1","show_author_box":"0","show_post_related":"1","show_inline_post_related":"1"}],"override_image_size":"0","image_override":[{"single_post_thumbnail_size":"crop-500","single_post_gallery_size":"crop-500"}],"trending_post":"0","trending_post_position":"meta","trending_post_label":"Trending","sponsored_post":"0","sponsored_post_label":"Sponsored by","sponsored_post_name":"","sponsored_post_url":"","sponsored_post_logo_enable":"0","sponsored_post_logo":"","sponsored_post_desc":"","disable_ad":"0"},"jnews_primary_category":{"id":""},"footnotes":""},"categories":[21],"tags":[92,70],"class_list":["post-727","post","type-post","status-publish","format-standard","has-post-thumbnail","hentry","category-pos-venda","tag-cepra","tag-pos-venda"],"yoast_head":"<!-- This site is optimized with the Yoast SEO Premium plugin v27.2 (Yoast SEO v27.5) - https:\/\/yoast.com\/product\/yoast-seo-premium-wordpress\/ -->\n<title>CEPRA abre inscri\u00e7\u00f5es para as F\u00e9rias T\u00e9cnicas - Revista Automotive<\/title>\n<meta name=\"robots\" content=\"index, follow, max-snippet:-1, max-image-preview:large, max-video-preview:-1\" \/>\n<link rel=\"canonical\" href=\"https:\/\/automotiverevista.pt\/index.php\/2022\/07\/25\/cepra-abre-inscricoes-para-as-ferias-tecnicas\/\" \/>\n<meta property=\"og:locale\" content=\"pt_PT\" \/>\n<meta property=\"og:type\" content=\"article\" \/>\n<meta property=\"og:title\" content=\"CEPRA abre inscri\u00e7\u00f5es para as F\u00e9rias T\u00e9cnicas\" \/>\n<meta property=\"og:description\" content=\"O CEPRA vai realizar a 1\u00aa edi\u00e7\u00e3o das F\u00e9rias T\u00e9cnicas no CEPRA de 29 de agosto a 2 de setembro,\" \/>\n<meta property=\"og:url\" content=\"https:\/\/automotiverevista.pt\/index.php\/2022\/07\/25\/cepra-abre-inscricoes-para-as-ferias-tecnicas\/\" \/>\n<meta property=\"og:site_name\" content=\"Revista Automotive\" \/>\n<meta property=\"article:published_time\" content=\"2022-07-25T08:50:14+00:00\" \/>\n<meta property=\"article:modified_time\" content=\"2022-07-25T08:50:18+00:00\" \/>\n<meta property=\"og:image\" content=\"https:\/\/automotiverevista.pt\/wp-content\/uploads\/2022\/07\/295029525_5221161128001809_5007919546632567255_n.jpg\" \/>\n\t<meta property=\"og:image:width\" content=\"1500\" \/>\n\t<meta property=\"og:image:height\" content=\"1000\" \/>\n\t<meta property=\"og:image:type\" content=\"image\/jpeg\" \/>\n<meta name=\"author\" content=\"adminNovo\" \/>\n<meta name=\"twitter:card\" content=\"summary_large_image\" \/>\n<meta name=\"twitter:label1\" content=\"Escrito por\" \/>\n\t<meta name=\"twitter:data1\" content=\"adminNovo\" \/>\n\t<meta name=\"twitter:label2\" content=\"Tempo estimado de leitura\" \/>\n\t<meta name=\"twitter:data2\" content=\"1 minuto\" \/>\n<script type=\"application\/ld+json\" class=\"yoast-schema-graph\">{\"@context\":\"https:\\\/\\\/schema.org\",\"@graph\":[{\"@type\":\"Article\",\"@id\":\"https:\\\/\\\/automotiverevista.pt\\\/index.php\\\/2022\\\/07\\\/25\\\/cepra-abre-inscricoes-para-as-ferias-tecnicas\\\/#article\",\"isPartOf\":{\"@id\":\"https:\\\/\\\/automotiverevista.pt\\\/index.php\\\/2022\\\/07\\\/25\\\/cepra-abre-inscricoes-para-as-ferias-tecnicas\\\/\"},\"author\":{\"name\":\"adminNovo\",\"@id\":\"https:\\\/\\\/automotiverevista.pt\\\/#\\\/schema\\\/person\\\/1265858bc8c78a0f969de814da8be281\"},\"headline\":\"CEPRA abre inscri\u00e7\u00f5es para as F\u00e9rias T\u00e9cnicas\",\"datePublished\":\"2022-07-25T08:50:14+00:00\",\"dateModified\":\"2022-07-25T08:50:18+00:00\",\"mainEntityOfPage\":{\"@id\":\"https:\\\/\\\/automotiverevista.pt\\\/index.php\\\/2022\\\/07\\\/25\\\/cepra-abre-inscricoes-para-as-ferias-tecnicas\\\/\"},\"wordCount\":174,\"publisher\":{\"@id\":\"https:\\\/\\\/automotiverevista.pt\\\/#organization\"},\"image\":{\"@id\":\"https:\\\/\\\/automotiverevista.pt\\\/index.php\\\/2022\\\/07\\\/25\\\/cepra-abre-inscricoes-para-as-ferias-tecnicas\\\/#primaryimage\"},\"thumbnailUrl\":\"https:\\\/\\\/automotiverevista.pt\\\/wp-content\\\/uploads\\\/2022\\\/07\\\/295029525_5221161128001809_5007919546632567255_n.jpg\",\"keywords\":[\"CEPRA\",\"p\u00f3s-venda\"],\"articleSection\":[\"P\u00f3s-Venda\"],\"inLanguage\":\"pt-PT\"},{\"@type\":\"WebPage\",\"@id\":\"https:\\\/\\\/automotiverevista.pt\\\/index.php\\\/2022\\\/07\\\/25\\\/cepra-abre-inscricoes-para-as-ferias-tecnicas\\\/\",\"url\":\"https:\\\/\\\/automotiverevista.pt\\\/index.php\\\/2022\\\/07\\\/25\\\/cepra-abre-inscricoes-para-as-ferias-tecnicas\\\/\",\"name\":\"CEPRA abre inscri\u00e7\u00f5es para as F\u00e9rias T\u00e9cnicas - Revista Automotive\",\"isPartOf\":{\"@id\":\"https:\\\/\\\/automotiverevista.pt\\\/#website\"},\"primaryImageOfPage\":{\"@id\":\"https:\\\/\\\/automotiverevista.pt\\\/index.php\\\/2022\\\/07\\\/25\\\/cepra-abre-inscricoes-para-as-ferias-tecnicas\\\/#primaryimage\"},\"image\":{\"@id\":\"https:\\\/\\\/automotiverevista.pt\\\/index.php\\\/2022\\\/07\\\/25\\\/cepra-abre-inscricoes-para-as-ferias-tecnicas\\\/#primaryimage\"},\"thumbnailUrl\":\"https:\\\/\\\/automotiverevista.pt\\\/wp-content\\\/uploads\\\/2022\\\/07\\\/295029525_5221161128001809_5007919546632567255_n.jpg\",\"datePublished\":\"2022-07-25T08:50:14+00:00\",\"dateModified\":\"2022-07-25T08:50:18+00:00\",\"breadcrumb\":{\"@id\":\"https:\\\/\\\/automotiverevista.pt\\\/index.php\\\/2022\\\/07\\\/25\\\/cepra-abre-inscricoes-para-as-ferias-tecnicas\\\/#breadcrumb\"},\"inLanguage\":\"pt-PT\",\"potentialAction\":[{\"@type\":\"ReadAction\",\"target\":[\"https:\\\/\\\/automotiverevista.pt\\\/index.php\\\/2022\\\/07\\\/25\\\/cepra-abre-inscricoes-para-as-ferias-tecnicas\\\/\"]}]},{\"@type\":\"ImageObject\",\"inLanguage\":\"pt-PT\",\"@id\":\"https:\\\/\\\/automotiverevista.pt\\\/index.php\\\/2022\\\/07\\\/25\\\/cepra-abre-inscricoes-para-as-ferias-tecnicas\\\/#primaryimage\",\"url\":\"https:\\\/\\\/automotiverevista.pt\\\/wp-content\\\/uploads\\\/2022\\\/07\\\/295029525_5221161128001809_5007919546632567255_n.jpg\",\"contentUrl\":\"https:\\\/\\\/automotiverevista.pt\\\/wp-content\\\/uploads\\\/2022\\\/07\\\/295029525_5221161128001809_5007919546632567255_n.jpg\",\"width\":1500,\"height\":1000},{\"@type\":\"BreadcrumbList\",\"@id\":\"https:\\\/\\\/automotiverevista.pt\\\/index.php\\\/2022\\\/07\\\/25\\\/cepra-abre-inscricoes-para-as-ferias-tecnicas\\\/#breadcrumb\",\"itemListElement\":[{\"@type\":\"ListItem\",\"position\":1,\"name\":\"Home\",\"item\":\"https:\\\/\\\/automotiverevista.pt\\\/\"},{\"@type\":\"ListItem\",\"position\":2,\"name\":\"CEPRA abre inscri\u00e7\u00f5es para as F\u00e9rias T\u00e9cnicas\"}]},{\"@type\":\"WebSite\",\"@id\":\"https:\\\/\\\/automotiverevista.pt\\\/#website\",\"url\":\"https:\\\/\\\/automotiverevista.pt\\\/\",\"name\":\"Revista Automotive\",\"description\":\"Revista Automotive Portugal\",\"publisher\":{\"@id\":\"https:\\\/\\\/automotiverevista.pt\\\/#organization\"},\"potentialAction\":[{\"@type\":\"SearchAction\",\"target\":{\"@type\":\"EntryPoint\",\"urlTemplate\":\"https:\\\/\\\/automotiverevista.pt\\\/?s={search_term_string}\"},\"query-input\":{\"@type\":\"PropertyValueSpecification\",\"valueRequired\":true,\"valueName\":\"search_term_string\"}}],\"inLanguage\":\"pt-PT\"},{\"@type\":\"Organization\",\"@id\":\"https:\\\/\\\/automotiverevista.pt\\\/#organization\",\"name\":\"Revista Automotive Portugal\",\"url\":\"https:\\\/\\\/automotiverevista.pt\\\/\",\"logo\":{\"@type\":\"ImageObject\",\"inLanguage\":\"pt-PT\",\"@id\":\"https:\\\/\\\/automotiverevista.pt\\\/#\\\/schema\\\/logo\\\/image\\\/\",\"url\":\"https:\\\/\\\/automotiverevista.pt\\\/wp-content\\\/uploads\\\/2022\\\/07\\\/Logo-Automotive-2021_500-1.jpg\",\"contentUrl\":\"https:\\\/\\\/automotiverevista.pt\\\/wp-content\\\/uploads\\\/2022\\\/07\\\/Logo-Automotive-2021_500-1.jpg\",\"width\":500,\"height\":160,\"caption\":\"Revista Automotive Portugal\"},\"image\":{\"@id\":\"https:\\\/\\\/automotiverevista.pt\\\/#\\\/schema\\\/logo\\\/image\\\/\"},\"sameAs\":[\"https:\\\/\\\/linkedin.com\\\/in\\\/automotiverevista\"]},{\"@type\":\"Person\",\"@id\":\"https:\\\/\\\/automotiverevista.pt\\\/#\\\/schema\\\/person\\\/1265858bc8c78a0f969de814da8be281\",\"name\":\"adminNovo\",\"image\":{\"@type\":\"ImageObject\",\"inLanguage\":\"pt-PT\",\"@id\":\"https:\\\/\\\/secure.gravatar.com\\\/avatar\\\/c606c1288dcc11eb4c709aa5136fdb962583c410f5c23c0b7bf6917c542be355?s=96&d=mm&r=g\",\"url\":\"https:\\\/\\\/secure.gravatar.com\\\/avatar\\\/c606c1288dcc11eb4c709aa5136fdb962583c410f5c23c0b7bf6917c542be355?s=96&d=mm&r=g\",\"contentUrl\":\"https:\\\/\\\/secure.gravatar.com\\\/avatar\\\/c606c1288dcc11eb4c709aa5136fdb962583c410f5c23c0b7bf6917c542be355?s=96&d=mm&r=g\",\"caption\":\"adminNovo\"},\"sameAs\":[\"https:\\\/\\\/automotiverevista.pt\"],\"url\":\"https:\\\/\\\/automotiverevista.pt\\\/index.php\\\/author\\\/adminnovo\\\/\"}]}<\/script>\n<!-- \/ Yoast SEO Premium plugin. -->","yoast_head_json":{"title":"CEPRA abre inscri\u00e7\u00f5es para as F\u00e9rias T\u00e9cnicas - Revista Automotive","robots":{"index":"index","follow":"follow","max-snippet":"max-snippet:-1","max-image-preview":"max-image-preview:large","max-video-preview":"max-video-preview:-1"},"canonical":"https:\/\/automotiverevista.pt\/index.php\/2022\/07\/25\/cepra-abre-inscricoes-para-as-ferias-tecnicas\/","og_locale":"pt_PT","og_type":"article","og_title":"CEPRA abre inscri\u00e7\u00f5es para as F\u00e9rias T\u00e9cnicas","og_description":"O CEPRA vai realizar a 1\u00aa edi\u00e7\u00e3o das F\u00e9rias T\u00e9cnicas no CEPRA de 29 de agosto a 2 de setembro,","og_url":"https:\/\/automotiverevista.pt\/index.php\/2022\/07\/25\/cepra-abre-inscricoes-para-as-ferias-tecnicas\/","og_site_name":"Revista Automotive","article_published_time":"2022-07-25T08:50:14+00:00","article_modified_time":"2022-07-25T08:50:18+00:00","og_image":[{"width":1500,"height":1000,"url":"https:\/\/automotiverevista.pt\/wp-content\/uploads\/2022\/07\/295029525_5221161128001809_5007919546632567255_n.jpg","type":"image\/jpeg"}],"author":"adminNovo","twitter_card":"summary_large_image","twitter_misc":{"Escrito por":"adminNovo","Tempo estimado de leitura":"1 minuto"},"schema":{"@context":"https:\/\/schema.org","@graph":[{"@type":"Article","@id":"https:\/\/automotiverevista.pt\/index.php\/2022\/07\/25\/cepra-abre-inscricoes-para-as-ferias-tecnicas\/#article","isPartOf":{"@id":"https:\/\/automotiverevista.pt\/index.php\/2022\/07\/25\/cepra-abre-inscricoes-para-as-ferias-tecnicas\/"},"author":{"name":"adminNovo","@id":"https:\/\/automotiverevista.pt\/#\/schema\/person\/1265858bc8c78a0f969de814da8be281"},"headline":"CEPRA abre inscri\u00e7\u00f5es para as F\u00e9rias T\u00e9cnicas","datePublished":"2022-07-25T08:50:14+00:00","dateModified":"2022-07-25T08:50:18+00:00","mainEntityOfPage":{"@id":"https:\/\/automotiverevista.pt\/index.php\/2022\/07\/25\/cepra-abre-inscricoes-para-as-ferias-tecnicas\/"},"wordCount":174,"publisher":{"@id":"https:\/\/automotiverevista.pt\/#organization"},"image":{"@id":"https:\/\/automotiverevista.pt\/index.php\/2022\/07\/25\/cepra-abre-inscricoes-para-as-ferias-tecnicas\/#primaryimage"},"thumbnailUrl":"https:\/\/automotiverevista.pt\/wp-content\/uploads\/2022\/07\/295029525_5221161128001809_5007919546632567255_n.jpg","keywords":["CEPRA","p\u00f3s-venda"],"articleSection":["P\u00f3s-Venda"],"inLanguage":"pt-PT"},{"@type":"WebPage","@id":"https:\/\/automotiverevista.pt\/index.php\/2022\/07\/25\/cepra-abre-inscricoes-para-as-ferias-tecnicas\/","url":"https:\/\/automotiverevista.pt\/index.php\/2022\/07\/25\/cepra-abre-inscricoes-para-as-ferias-tecnicas\/","name":"CEPRA abre inscri\u00e7\u00f5es para as F\u00e9rias T\u00e9cnicas - Revista Automotive","isPartOf":{"@id":"https:\/\/automotiverevista.pt\/#website"},"primaryImageOfPage":{"@id":"https:\/\/automotiverevista.pt\/index.php\/2022\/07\/25\/cepra-abre-inscricoes-para-as-ferias-tecnicas\/#primaryimage"},"image":{"@id":"https:\/\/automotiverevista.pt\/index.php\/2022\/07\/25\/cepra-abre-inscricoes-para-as-ferias-tecnicas\/#primaryimage"},"thumbnailUrl":"https:\/\/automotiverevista.pt\/wp-content\/uploads\/2022\/07\/295029525_5221161128001809_5007919546632567255_n.jpg","datePublished":"2022-07-25T08:50:14+00:00","dateModified":"2022-07-25T08:50:18+00:00","breadcrumb":{"@id":"https:\/\/automotiverevista.pt\/index.php\/2022\/07\/25\/cepra-abre-inscricoes-para-as-ferias-tecnicas\/#breadcrumb"},"inLanguage":"pt-PT","potentialAction":[{"@type":"ReadAction","target":["https:\/\/automotiverevista.pt\/index.php\/2022\/07\/25\/cepra-abre-inscricoes-para-as-ferias-tecnicas\/"]}]},{"@type":"ImageObject","inLanguage":"pt-PT","@id":"https:\/\/automotiverevista.pt\/index.php\/2022\/07\/25\/cepra-abre-inscricoes-para-as-ferias-tecnicas\/#primaryimage","url":"https:\/\/automotiverevista.pt\/wp-content\/uploads\/2022\/07\/295029525_5221161128001809_5007919546632567255_n.jpg","contentUrl":"https:\/\/automotiverevista.pt\/wp-content\/uploads\/2022\/07\/295029525_5221161128001809_5007919546632567255_n.jpg","width":1500,"height":1000},{"@type":"BreadcrumbList","@id":"https:\/\/automotiverevista.pt\/index.php\/2022\/07\/25\/cepra-abre-inscricoes-para-as-ferias-tecnicas\/#breadcrumb","itemListElement":[{"@type":"ListItem","position":1,"name":"Home","item":"https:\/\/automotiverevista.pt\/"},{"@type":"ListItem","position":2,"name":"CEPRA abre inscri\u00e7\u00f5es para as F\u00e9rias T\u00e9cnicas"}]},{"@type":"WebSite","@id":"https:\/\/automotiverevista.pt\/#website","url":"https:\/\/automotiverevista.pt\/","name":"Revista Automotive","description":"Revista Automotive Portugal","publisher":{"@id":"https:\/\/automotiverevista.pt\/#organization"},"potentialAction":[{"@type":"SearchAction","target":{"@type":"EntryPoint","urlTemplate":"https:\/\/automotiverevista.pt\/?s={search_term_string}"},"query-input":{"@type":"PropertyValueSpecification","valueRequired":true,"valueName":"search_term_string"}}],"inLanguage":"pt-PT"},{"@type":"Organization","@id":"https:\/\/automotiverevista.pt\/#organization","name":"Revista Automotive Portugal","url":"https:\/\/automotiverevista.pt\/","logo":{"@type":"ImageObject","inLanguage":"pt-PT","@id":"https:\/\/automotiverevista.pt\/#\/schema\/logo\/image\/","url":"https:\/\/automotiverevista.pt\/wp-content\/uploads\/2022\/07\/Logo-Automotive-2021_500-1.jpg","contentUrl":"https:\/\/automotiverevista.pt\/wp-content\/uploads\/2022\/07\/Logo-Automotive-2021_500-1.jpg","width":500,"height":160,"caption":"Revista Automotive Portugal"},"image":{"@id":"https:\/\/automotiverevista.pt\/#\/schema\/logo\/image\/"},"sameAs":["https:\/\/linkedin.com\/in\/automotiverevista"]},{"@type":"Person","@id":"https:\/\/automotiverevista.pt\/#\/schema\/person\/1265858bc8c78a0f969de814da8be281","name":"adminNovo","image":{"@type":"ImageObject","inLanguage":"pt-PT","@id":"https:\/\/secure.gravatar.com\/avatar\/c606c1288dcc11eb4c709aa5136fdb962583c410f5c23c0b7bf6917c542be355?s=96&d=mm&r=g","url":"https:\/\/secure.gravatar.com\/avatar\/c606c1288dcc11eb4c709aa5136fdb962583c410f5c23c0b7bf6917c542be355?s=96&d=mm&r=g","contentUrl":"https:\/\/secure.gravatar.com\/avatar\/c606c1288dcc11eb4c709aa5136fdb962583c410f5c23c0b7bf6917c542be355?s=96&d=mm&r=g","caption":"adminNovo"},"sameAs":["https:\/\/automotiverevista.pt"],"url":"https:\/\/automotiverevista.pt\/index.php\/author\/adminnovo\/"}]}},"_links":{"self":[{"href":"https:\/\/automotiverevista.pt\/index.php\/wp-json\/wp\/v2\/posts\/727","targetHints":{"allow":["GET"]}}],"collection":[{"href":"https:\/\/automotiverevista.pt\/index.php\/wp-json\/wp\/v2\/posts"}],"about":[{"href":"https:\/\/automotiverevista.pt\/index.php\/wp-json\/wp\/v2\/types\/post"}],"author":[{"embeddable":true,"href":"https:\/\/automotiverevista.pt\/index.php\/wp-json\/wp\/v2\/users\/1"}],"replies":[{"embeddable":true,"href":"https:\/\/automotiverevista.pt\/index.php\/wp-json\/wp\/v2\/comments?post=727"}],"version-history":[{"count":2,"href":"https:\/\/automotiverevista.pt\/index.php\/wp-json\/wp\/v2\/posts\/727\/revisions"}],"predecessor-version":[{"id":731,"href":"https:\/\/automotiverevista.pt\/index.php\/wp-json\/wp\/v2\/posts\/727\/revisions\/731"}],"wp:featuredmedia":[{"embeddable":true,"href":"https:\/\/automotiverevista.pt\/index.php\/wp-json\/wp\/v2\/media\/730"}],"wp:attachment":[{"href":"https:\/\/automotiverevista.pt\/index.php\/wp-json\/wp\/v2\/media?parent=727"}],"wp:term":[{"taxonomy":"category","embeddable":true,"href":"https:\/\/automotiverevista.pt\/index.php\/wp-json\/wp\/v2\/categories?post=727"},{"taxonomy":"post_tag","embeddable":true,"href":"https:\/\/automotiverevista.pt\/index.php\/wp-json\/wp\/v2\/tags?post=727"}],"curies":[{"name":"wp","href":"https:\/\/api.w.org\/{rel}","templated":true}]}}