{"id":7444,"date":"2024-10-18T07:39:00","date_gmt":"2024-10-18T07:39:00","guid":{"rendered":"https:\/\/automotiverevista.pt\/?p=7444"},"modified":"2024-10-17T19:40:44","modified_gmt":"2024-10-17T19:40:44","slug":"lubricant-expo-salao-de-lubrificantes-regista-record-de-participantes","status":"publish","type":"post","link":"https:\/\/automotiverevista.pt\/index.php\/2024\/10\/18\/lubricant-expo-salao-de-lubrificantes-regista-record-de-participantes\/","title":{"rendered":"Lubricant Expo \u2013 sal\u00e3o de lubrificantes regista record de participantes"},"content":{"rendered":"\n<p>A Revista Automotive participou da terceira edi\u00e7\u00e3o do sal\u00e3o <strong>Lubricant Expo Europe<\/strong>, que teve lugar em D\u00fcsseldorf.<\/p>\n\n\n\n<p>\u201cAs duas primeiras edi\u00e7\u00f5es foram realizadas em Essen e a mudan\u00e7a para D\u00fcsseldorf foi uma escolha acertada. Tivemos uma participa\u00e7\u00e3o record de expositores (mais de 200) e de visitantes (mais de 3000), o que nos motiva para a pr\u00f3xima edi\u00e7\u00e3o de 16 a 18 de setembro de 2025, em D\u00fcsseldorf\u201d referiu <strong>Paul Hooker<\/strong> (foto) da Blueprint Event Company, empresa organizadora do sal\u00e3o.<\/p>\n\n\n\n<p>A Castrol foi uma das refer\u00eancias do sal\u00e3o, sendo tamb\u00e9m acompanhada por demais multinacionais que expuseram como, foi o caso da Total, ExxonMobil, Eni, entre outras. Diferentemente de outros sal\u00f5es, onde tipicamente as grandes marcas est\u00e3o apenas para se exibir, o Lubricant Expo foi diferente, onde a presen\u00e7a dessas marcas esteve totalmente focada no desenvolvimento de neg\u00f3cios, e n\u00e3o para a ostenta\u00e7\u00e3o.<\/p>\n\n\n\n<figure class=\"wp-block-image size-large is-resized\"><img decoding=\"async\" width=\"1024\" height=\"683\" src=\"https:\/\/automotiverevista.pt\/wp-content\/uploads\/2024\/10\/IMG_8515-1024x683.jpg\" alt=\"\" class=\"wp-image-7447\" style=\"width:774px;height:auto\" srcset=\"https:\/\/automotiverevista.pt\/wp-content\/uploads\/2024\/10\/IMG_8515-1024x683.jpg 1024w, https:\/\/automotiverevista.pt\/wp-content\/uploads\/2024\/10\/IMG_8515-300x200.jpg 300w, https:\/\/automotiverevista.pt\/wp-content\/uploads\/2024\/10\/IMG_8515-768x512.jpg 768w, https:\/\/automotiverevista.pt\/wp-content\/uploads\/2024\/10\/IMG_8515-750x500.jpg 750w, https:\/\/automotiverevista.pt\/wp-content\/uploads\/2024\/10\/IMG_8515-1140x760.jpg 1140w, https:\/\/automotiverevista.pt\/wp-content\/uploads\/2024\/10\/IMG_8515.jpg 1500w\" sizes=\"(max-width: 1024px) 100vw, 1024px\" \/><\/figure>\n\n\n\n<p><strong>Dimens\u00e3o internacional<\/strong><\/p>\n\n\n\n<p>Dentro do esp\u00edrito de neg\u00f3cios, nos <strong>mais de 200 expositores<\/strong> pudemos encontrar empresas de lubrificantes conceituadas, bem como outras ainda pouco conhecidas dos Europeus, mas com uma gama de produtos bastante alargada e uma imagem bem trabalhada. Ambas tinham em comum o objetivo de expandir a sua rede de distribui\u00e7\u00e3o na Europa.<\/p>\n\n\n\n<figure class=\"wp-block-image size-large is-resized\"><img decoding=\"async\" width=\"1024\" height=\"683\" src=\"https:\/\/automotiverevista.pt\/wp-content\/uploads\/2024\/10\/IMG_8497-1024x683.jpg\" alt=\"\" class=\"wp-image-7448\" style=\"width:692px;height:auto\" srcset=\"https:\/\/automotiverevista.pt\/wp-content\/uploads\/2024\/10\/IMG_8497-1024x683.jpg 1024w, https:\/\/automotiverevista.pt\/wp-content\/uploads\/2024\/10\/IMG_8497-300x200.jpg 300w, https:\/\/automotiverevista.pt\/wp-content\/uploads\/2024\/10\/IMG_8497-768x512.jpg 768w, https:\/\/automotiverevista.pt\/wp-content\/uploads\/2024\/10\/IMG_8497-750x500.jpg 750w, https:\/\/automotiverevista.pt\/wp-content\/uploads\/2024\/10\/IMG_8497-1140x760.jpg 1140w, https:\/\/automotiverevista.pt\/wp-content\/uploads\/2024\/10\/IMG_8497.jpg 1500w\" sizes=\"(max-width: 1024px) 100vw, 1024px\" \/><\/figure>\n\n\n\n<p>Sendo um sal\u00e3o dedicado a profissionais de lubrificantes, n\u00e3o houve investimentos f\u00fateis em distra\u00e7\u00f5es ou entretenimento dos visitantes, pois os neg\u00f3cios e a tecnicidade dos lubrificantes foram o fio condutor do Lubricant Expo. Tamb\u00e9m expuseram v\u00e1rias empresas com solu\u00e7\u00f5es para este mercado, desde inovadoras formas de transporte de bidons (Drum Clip), at\u00e9 m\u00e1quinas de teste de lubrificantes para autom\u00f3veis el\u00e9tricos (E-LubTester).<\/p>\n\n\n\n<figure class=\"wp-block-image size-large is-resized\"><img decoding=\"async\" width=\"1024\" height=\"683\" src=\"https:\/\/automotiverevista.pt\/wp-content\/uploads\/2024\/10\/IMG_8460-1024x683.jpg\" alt=\"\" class=\"wp-image-7449\" style=\"width:596px;height:auto\" srcset=\"https:\/\/automotiverevista.pt\/wp-content\/uploads\/2024\/10\/IMG_8460-1024x683.jpg 1024w, https:\/\/automotiverevista.pt\/wp-content\/uploads\/2024\/10\/IMG_8460-300x200.jpg 300w, https:\/\/automotiverevista.pt\/wp-content\/uploads\/2024\/10\/IMG_8460-768x512.jpg 768w, https:\/\/automotiverevista.pt\/wp-content\/uploads\/2024\/10\/IMG_8460-750x500.jpg 750w, https:\/\/automotiverevista.pt\/wp-content\/uploads\/2024\/10\/IMG_8460-1140x760.jpg 1140w, https:\/\/automotiverevista.pt\/wp-content\/uploads\/2024\/10\/IMG_8460.jpg 1500w\" sizes=\"(max-width: 1024px) 100vw, 1024px\" \/><\/figure>\n\n\n\n<figure class=\"wp-block-image size-large is-resized\"><img decoding=\"async\" width=\"1024\" height=\"683\" src=\"https:\/\/automotiverevista.pt\/wp-content\/uploads\/2024\/10\/IMG_8474-1024x683.jpg\" alt=\"\" class=\"wp-image-7450\" style=\"width:614px;height:auto\" srcset=\"https:\/\/automotiverevista.pt\/wp-content\/uploads\/2024\/10\/IMG_8474-1024x683.jpg 1024w, https:\/\/automotiverevista.pt\/wp-content\/uploads\/2024\/10\/IMG_8474-300x200.jpg 300w, https:\/\/automotiverevista.pt\/wp-content\/uploads\/2024\/10\/IMG_8474-768x512.jpg 768w, https:\/\/automotiverevista.pt\/wp-content\/uploads\/2024\/10\/IMG_8474-750x500.jpg 750w, https:\/\/automotiverevista.pt\/wp-content\/uploads\/2024\/10\/IMG_8474-1140x760.jpg 1140w, https:\/\/automotiverevista.pt\/wp-content\/uploads\/2024\/10\/IMG_8474.jpg 1500w\" sizes=\"(max-width: 1024px) 100vw, 1024px\" \/><\/figure>\n\n\n\n<p>No final de cada dia do evento, os participantes puderam confraternizar e trocar impress\u00f5es sobre o sal\u00e3o, onde a opini\u00e3o foi praticamente un\u00e2nime com elogios \u00e0 organiza\u00e7\u00e3o do sal\u00e3o, bem como os resultados bastante positivos que tanto os expositores como os visitantes registaram no Lubricant Expo 2024.<\/p>\n\n\n\n<figure class=\"wp-block-image size-large is-resized\"><img decoding=\"async\" width=\"1024\" height=\"683\" src=\"https:\/\/automotiverevista.pt\/wp-content\/uploads\/2024\/10\/IMG_8453-1024x683.jpg\" alt=\"\" class=\"wp-image-7451\" style=\"width:845px;height:auto\" srcset=\"https:\/\/automotiverevista.pt\/wp-content\/uploads\/2024\/10\/IMG_8453-1024x683.jpg 1024w, https:\/\/automotiverevista.pt\/wp-content\/uploads\/2024\/10\/IMG_8453-300x200.jpg 300w, https:\/\/automotiverevista.pt\/wp-content\/uploads\/2024\/10\/IMG_8453-768x512.jpg 768w, https:\/\/automotiverevista.pt\/wp-content\/uploads\/2024\/10\/IMG_8453-750x500.jpg 750w, https:\/\/automotiverevista.pt\/wp-content\/uploads\/2024\/10\/IMG_8453-1140x760.jpg 1140w, https:\/\/automotiverevista.pt\/wp-content\/uploads\/2024\/10\/IMG_8453.jpg 1500w\" sizes=\"(max-width: 1024px) 100vw, 1024px\" \/><\/figure>\n\n\n\n<figure class=\"wp-block-image size-large is-resized\"><img decoding=\"async\" width=\"1024\" height=\"683\" src=\"https:\/\/automotiverevista.pt\/wp-content\/uploads\/2024\/10\/IMG_8529-1024x683.jpg\" alt=\"\" class=\"wp-image-7452\" style=\"width:728px;height:auto\" srcset=\"https:\/\/automotiverevista.pt\/wp-content\/uploads\/2024\/10\/IMG_8529-1024x683.jpg 1024w, https:\/\/automotiverevista.pt\/wp-content\/uploads\/2024\/10\/IMG_8529-300x200.jpg 300w, https:\/\/automotiverevista.pt\/wp-content\/uploads\/2024\/10\/IMG_8529-768x512.jpg 768w, https:\/\/automotiverevista.pt\/wp-content\/uploads\/2024\/10\/IMG_8529-750x500.jpg 750w, https:\/\/automotiverevista.pt\/wp-content\/uploads\/2024\/10\/IMG_8529-1140x760.jpg 1140w, https:\/\/automotiverevista.pt\/wp-content\/uploads\/2024\/10\/IMG_8529.jpg 1500w\" sizes=\"(max-width: 1024px) 100vw, 1024px\" \/><\/figure>\n\n\n\n<figure class=\"wp-block-image size-large is-resized\"><img decoding=\"async\" width=\"1024\" height=\"683\" src=\"https:\/\/automotiverevista.pt\/wp-content\/uploads\/2024\/10\/IMG_8446-1024x683.jpg\" alt=\"\" class=\"wp-image-7453\" style=\"width:835px;height:auto\" srcset=\"https:\/\/automotiverevista.pt\/wp-content\/uploads\/2024\/10\/IMG_8446-1024x683.jpg 1024w, https:\/\/automotiverevista.pt\/wp-content\/uploads\/2024\/10\/IMG_8446-300x200.jpg 300w, https:\/\/automotiverevista.pt\/wp-content\/uploads\/2024\/10\/IMG_8446-768x512.jpg 768w, https:\/\/automotiverevista.pt\/wp-content\/uploads\/2024\/10\/IMG_8446-750x500.jpg 750w, https:\/\/automotiverevista.pt\/wp-content\/uploads\/2024\/10\/IMG_8446-1140x760.jpg 1140w, https:\/\/automotiverevista.pt\/wp-content\/uploads\/2024\/10\/IMG_8446.jpg 1500w\" sizes=\"(max-width: 1024px) 100vw, 1024px\" \/><\/figure>\n\n\n\n<figure class=\"wp-block-image size-large is-resized\"><img decoding=\"async\" width=\"1024\" height=\"683\" src=\"https:\/\/automotiverevista.pt\/wp-content\/uploads\/2024\/10\/IMG_8447-1024x683.jpg\" alt=\"\" class=\"wp-image-7454\" style=\"width:832px;height:auto\" srcset=\"https:\/\/automotiverevista.pt\/wp-content\/uploads\/2024\/10\/IMG_8447-1024x683.jpg 1024w, https:\/\/automotiverevista.pt\/wp-content\/uploads\/2024\/10\/IMG_8447-300x200.jpg 300w, https:\/\/automotiverevista.pt\/wp-content\/uploads\/2024\/10\/IMG_8447-768x512.jpg 768w, https:\/\/automotiverevista.pt\/wp-content\/uploads\/2024\/10\/IMG_8447-750x500.jpg 750w, https:\/\/automotiverevista.pt\/wp-content\/uploads\/2024\/10\/IMG_8447-1140x760.jpg 1140w, https:\/\/automotiverevista.pt\/wp-content\/uploads\/2024\/10\/IMG_8447.jpg 1500w\" sizes=\"(max-width: 1024px) 100vw, 1024px\" \/><\/figure>\n","protected":false},"excerpt":{"rendered":"<p>A Revista Automotive participou da terceira edi\u00e7\u00e3o do sal\u00e3o Lubricant Expo Europe, que teve lugar em D\u00fcsseldorf. \u201cAs duas primeiras edi\u00e7\u00f5es foram realizadas em Essen e a mudan\u00e7a para D\u00fcsseldorf foi uma escolha acertada. Tivemos uma participa\u00e7\u00e3o record de expositores (mais de 200) e de visitantes (mais de 3000), o que nos motiva para a [&hellip;]<\/p>\n","protected":false},"author":1,"featured_media":7445,"comment_status":"closed","ping_status":"open","sticky":false,"template":"","format":"standard","meta":{"jnews-multi-image_gallery":[],"jnews_single_post":{"format":"standard"},"jnews_primary_category":[],"footnotes":""},"categories":[21],"tags":[],"class_list":["post-7444","post","type-post","status-publish","format-standard","has-post-thumbnail","hentry","category-pos-venda"],"yoast_head":"<!-- This site is optimized with the Yoast SEO Premium plugin v27.5 (Yoast SEO v27.5) - https:\/\/yoast.com\/product\/yoast-seo-premium-wordpress\/ -->\n<title>Lubricant Expo \u2013 sal\u00e3o de lubrificantes regista record de participantes - Revista Automotive<\/title>\n<meta name=\"description\" content=\"A Revista Automotive participou da terceira edi\u00e7\u00e3o do sal\u00e3o Lubricant Expo Europe, que teve lugar em D\u00fcsseldorf.\" \/>\n<meta name=\"robots\" content=\"index, follow, max-snippet:-1, max-image-preview:large, max-video-preview:-1\" \/>\n<link rel=\"canonical\" href=\"https:\/\/automotiverevista.pt\/index.php\/2024\/10\/18\/lubricant-expo-salao-de-lubrificantes-regista-record-de-participantes\/\" \/>\n<meta property=\"og:locale\" content=\"pt_PT\" \/>\n<meta property=\"og:type\" content=\"article\" \/>\n<meta property=\"og:title\" content=\"Lubricant Expo \u2013 sal\u00e3o de lubrificantes regista record de participantes\" \/>\n<meta property=\"og:description\" content=\"A Revista Automotive participou da terceira edi\u00e7\u00e3o do sal\u00e3o Lubricant Expo Europe, que teve lugar em D\u00fcsseldorf.\" \/>\n<meta property=\"og:url\" content=\"https:\/\/automotiverevista.pt\/index.php\/2024\/10\/18\/lubricant-expo-salao-de-lubrificantes-regista-record-de-participantes\/\" \/>\n<meta property=\"og:site_name\" content=\"Revista Automotive\" \/>\n<meta property=\"article:published_time\" content=\"2024-10-18T07:39:00+00:00\" \/>\n<meta property=\"og:image\" content=\"https:\/\/automotiverevista.pt\/wp-content\/uploads\/2024\/10\/IMG_8501.jpg\" \/>\n\t<meta property=\"og:image:width\" content=\"1500\" \/>\n\t<meta property=\"og:image:height\" content=\"1000\" \/>\n\t<meta property=\"og:image:type\" content=\"image\/jpeg\" \/>\n<meta name=\"author\" content=\"adminNovo\" \/>\n<meta name=\"twitter:card\" content=\"summary_large_image\" \/>\n<meta name=\"twitter:label1\" content=\"Escrito por\" \/>\n\t<meta name=\"twitter:data1\" content=\"adminNovo\" \/>\n\t<meta name=\"twitter:label2\" content=\"Tempo estimado de leitura\" \/>\n\t<meta name=\"twitter:data2\" content=\"4 minutos\" \/>\n<script type=\"application\/ld+json\" class=\"yoast-schema-graph\">{\"@context\":\"https:\\\/\\\/schema.org\",\"@graph\":[{\"@type\":\"Article\",\"@id\":\"https:\\\/\\\/automotiverevista.pt\\\/index.php\\\/2024\\\/10\\\/18\\\/lubricant-expo-salao-de-lubrificantes-regista-record-de-participantes\\\/#article\",\"isPartOf\":{\"@id\":\"https:\\\/\\\/automotiverevista.pt\\\/index.php\\\/2024\\\/10\\\/18\\\/lubricant-expo-salao-de-lubrificantes-regista-record-de-participantes\\\/\"},\"author\":{\"name\":\"adminNovo\",\"@id\":\"https:\\\/\\\/automotiverevista.pt\\\/#\\\/schema\\\/person\\\/1265858bc8c78a0f969de814da8be281\"},\"headline\":\"Lubricant Expo \u2013 sal\u00e3o de lubrificantes regista record de participantes\",\"datePublished\":\"2024-10-18T07:39:00+00:00\",\"mainEntityOfPage\":{\"@id\":\"https:\\\/\\\/automotiverevista.pt\\\/index.php\\\/2024\\\/10\\\/18\\\/lubricant-expo-salao-de-lubrificantes-regista-record-de-participantes\\\/\"},\"wordCount\":346,\"publisher\":{\"@id\":\"https:\\\/\\\/automotiverevista.pt\\\/#organization\"},\"image\":{\"@id\":\"https:\\\/\\\/automotiverevista.pt\\\/index.php\\\/2024\\\/10\\\/18\\\/lubricant-expo-salao-de-lubrificantes-regista-record-de-participantes\\\/#primaryimage\"},\"thumbnailUrl\":\"https:\\\/\\\/automotiverevista.pt\\\/wp-content\\\/uploads\\\/2024\\\/10\\\/IMG_8501.jpg\",\"articleSection\":[\"P\u00f3s-Venda\"],\"inLanguage\":\"pt-PT\"},{\"@type\":\"WebPage\",\"@id\":\"https:\\\/\\\/automotiverevista.pt\\\/index.php\\\/2024\\\/10\\\/18\\\/lubricant-expo-salao-de-lubrificantes-regista-record-de-participantes\\\/\",\"url\":\"https:\\\/\\\/automotiverevista.pt\\\/index.php\\\/2024\\\/10\\\/18\\\/lubricant-expo-salao-de-lubrificantes-regista-record-de-participantes\\\/\",\"name\":\"Lubricant Expo \u2013 sal\u00e3o de lubrificantes regista record de participantes - Revista Automotive\",\"isPartOf\":{\"@id\":\"https:\\\/\\\/automotiverevista.pt\\\/#website\"},\"primaryImageOfPage\":{\"@id\":\"https:\\\/\\\/automotiverevista.pt\\\/index.php\\\/2024\\\/10\\\/18\\\/lubricant-expo-salao-de-lubrificantes-regista-record-de-participantes\\\/#primaryimage\"},\"image\":{\"@id\":\"https:\\\/\\\/automotiverevista.pt\\\/index.php\\\/2024\\\/10\\\/18\\\/lubricant-expo-salao-de-lubrificantes-regista-record-de-participantes\\\/#primaryimage\"},\"thumbnailUrl\":\"https:\\\/\\\/automotiverevista.pt\\\/wp-content\\\/uploads\\\/2024\\\/10\\\/IMG_8501.jpg\",\"datePublished\":\"2024-10-18T07:39:00+00:00\",\"description\":\"A Revista Automotive participou da terceira edi\u00e7\u00e3o do sal\u00e3o Lubricant Expo Europe, que teve lugar em D\u00fcsseldorf.\",\"breadcrumb\":{\"@id\":\"https:\\\/\\\/automotiverevista.pt\\\/index.php\\\/2024\\\/10\\\/18\\\/lubricant-expo-salao-de-lubrificantes-regista-record-de-participantes\\\/#breadcrumb\"},\"inLanguage\":\"pt-PT\",\"potentialAction\":[{\"@type\":\"ReadAction\",\"target\":[\"https:\\\/\\\/automotiverevista.pt\\\/index.php\\\/2024\\\/10\\\/18\\\/lubricant-expo-salao-de-lubrificantes-regista-record-de-participantes\\\/\"]}]},{\"@type\":\"ImageObject\",\"inLanguage\":\"pt-PT\",\"@id\":\"https:\\\/\\\/automotiverevista.pt\\\/index.php\\\/2024\\\/10\\\/18\\\/lubricant-expo-salao-de-lubrificantes-regista-record-de-participantes\\\/#primaryimage\",\"url\":\"https:\\\/\\\/automotiverevista.pt\\\/wp-content\\\/uploads\\\/2024\\\/10\\\/IMG_8501.jpg\",\"contentUrl\":\"https:\\\/\\\/automotiverevista.pt\\\/wp-content\\\/uploads\\\/2024\\\/10\\\/IMG_8501.jpg\",\"width\":1500,\"height\":1000},{\"@type\":\"BreadcrumbList\",\"@id\":\"https:\\\/\\\/automotiverevista.pt\\\/index.php\\\/2024\\\/10\\\/18\\\/lubricant-expo-salao-de-lubrificantes-regista-record-de-participantes\\\/#breadcrumb\",\"itemListElement\":[{\"@type\":\"ListItem\",\"position\":1,\"name\":\"Home\",\"item\":\"https:\\\/\\\/automotiverevista.pt\\\/\"},{\"@type\":\"ListItem\",\"position\":2,\"name\":\"Lubricant Expo \u2013 sal\u00e3o de lubrificantes regista record de participantes\"}]},{\"@type\":\"WebSite\",\"@id\":\"https:\\\/\\\/automotiverevista.pt\\\/#website\",\"url\":\"https:\\\/\\\/automotiverevista.pt\\\/\",\"name\":\"Revista Automotive\",\"description\":\"Revista Automotive Portugal\",\"publisher\":{\"@id\":\"https:\\\/\\\/automotiverevista.pt\\\/#organization\"},\"potentialAction\":[{\"@type\":\"SearchAction\",\"target\":{\"@type\":\"EntryPoint\",\"urlTemplate\":\"https:\\\/\\\/automotiverevista.pt\\\/?s={search_term_string}\"},\"query-input\":{\"@type\":\"PropertyValueSpecification\",\"valueRequired\":true,\"valueName\":\"search_term_string\"}}],\"inLanguage\":\"pt-PT\"},{\"@type\":\"Organization\",\"@id\":\"https:\\\/\\\/automotiverevista.pt\\\/#organization\",\"name\":\"Revista Automotive Portugal\",\"url\":\"https:\\\/\\\/automotiverevista.pt\\\/\",\"logo\":{\"@type\":\"ImageObject\",\"inLanguage\":\"pt-PT\",\"@id\":\"https:\\\/\\\/automotiverevista.pt\\\/#\\\/schema\\\/logo\\\/image\\\/\",\"url\":\"https:\\\/\\\/automotiverevista.pt\\\/wp-content\\\/uploads\\\/2022\\\/07\\\/Logo-Automotive-2021_500-1.jpg\",\"contentUrl\":\"https:\\\/\\\/automotiverevista.pt\\\/wp-content\\\/uploads\\\/2022\\\/07\\\/Logo-Automotive-2021_500-1.jpg\",\"width\":500,\"height\":160,\"caption\":\"Revista Automotive Portugal\"},\"image\":{\"@id\":\"https:\\\/\\\/automotiverevista.pt\\\/#\\\/schema\\\/logo\\\/image\\\/\"},\"sameAs\":[\"https:\\\/\\\/linkedin.com\\\/in\\\/automotiverevista\"]},{\"@type\":\"Person\",\"@id\":\"https:\\\/\\\/automotiverevista.pt\\\/#\\\/schema\\\/person\\\/1265858bc8c78a0f969de814da8be281\",\"name\":\"adminNovo\",\"image\":{\"@type\":\"ImageObject\",\"inLanguage\":\"pt-PT\",\"@id\":\"https:\\\/\\\/secure.gravatar.com\\\/avatar\\\/c606c1288dcc11eb4c709aa5136fdb962583c410f5c23c0b7bf6917c542be355?s=96&d=mm&r=g\",\"url\":\"https:\\\/\\\/secure.gravatar.com\\\/avatar\\\/c606c1288dcc11eb4c709aa5136fdb962583c410f5c23c0b7bf6917c542be355?s=96&d=mm&r=g\",\"contentUrl\":\"https:\\\/\\\/secure.gravatar.com\\\/avatar\\\/c606c1288dcc11eb4c709aa5136fdb962583c410f5c23c0b7bf6917c542be355?s=96&d=mm&r=g\",\"caption\":\"adminNovo\"},\"sameAs\":[\"https:\\\/\\\/automotiverevista.pt\"],\"url\":\"https:\\\/\\\/automotiverevista.pt\\\/index.php\\\/author\\\/adminnovo\\\/\"}]}<\/script>\n<!-- \/ Yoast SEO Premium plugin. -->","yoast_head_json":{"title":"Lubricant Expo \u2013 sal\u00e3o de lubrificantes regista record de participantes - Revista Automotive","description":"A Revista Automotive participou da terceira edi\u00e7\u00e3o do sal\u00e3o Lubricant Expo Europe, que teve lugar em D\u00fcsseldorf.","robots":{"index":"index","follow":"follow","max-snippet":"max-snippet:-1","max-image-preview":"max-image-preview:large","max-video-preview":"max-video-preview:-1"},"canonical":"https:\/\/automotiverevista.pt\/index.php\/2024\/10\/18\/lubricant-expo-salao-de-lubrificantes-regista-record-de-participantes\/","og_locale":"pt_PT","og_type":"article","og_title":"Lubricant Expo \u2013 sal\u00e3o de lubrificantes regista record de participantes","og_description":"A Revista Automotive participou da terceira edi\u00e7\u00e3o do sal\u00e3o Lubricant Expo Europe, que teve lugar em D\u00fcsseldorf.","og_url":"https:\/\/automotiverevista.pt\/index.php\/2024\/10\/18\/lubricant-expo-salao-de-lubrificantes-regista-record-de-participantes\/","og_site_name":"Revista Automotive","article_published_time":"2024-10-18T07:39:00+00:00","og_image":[{"width":1500,"height":1000,"url":"https:\/\/automotiverevista.pt\/wp-content\/uploads\/2024\/10\/IMG_8501.jpg","type":"image\/jpeg"}],"author":"adminNovo","twitter_card":"summary_large_image","twitter_misc":{"Escrito por":"adminNovo","Tempo estimado de leitura":"4 minutos"},"schema":{"@context":"https:\/\/schema.org","@graph":[{"@type":"Article","@id":"https:\/\/automotiverevista.pt\/index.php\/2024\/10\/18\/lubricant-expo-salao-de-lubrificantes-regista-record-de-participantes\/#article","isPartOf":{"@id":"https:\/\/automotiverevista.pt\/index.php\/2024\/10\/18\/lubricant-expo-salao-de-lubrificantes-regista-record-de-participantes\/"},"author":{"name":"adminNovo","@id":"https:\/\/automotiverevista.pt\/#\/schema\/person\/1265858bc8c78a0f969de814da8be281"},"headline":"Lubricant Expo \u2013 sal\u00e3o de lubrificantes regista record de participantes","datePublished":"2024-10-18T07:39:00+00:00","mainEntityOfPage":{"@id":"https:\/\/automotiverevista.pt\/index.php\/2024\/10\/18\/lubricant-expo-salao-de-lubrificantes-regista-record-de-participantes\/"},"wordCount":346,"publisher":{"@id":"https:\/\/automotiverevista.pt\/#organization"},"image":{"@id":"https:\/\/automotiverevista.pt\/index.php\/2024\/10\/18\/lubricant-expo-salao-de-lubrificantes-regista-record-de-participantes\/#primaryimage"},"thumbnailUrl":"https:\/\/automotiverevista.pt\/wp-content\/uploads\/2024\/10\/IMG_8501.jpg","articleSection":["P\u00f3s-Venda"],"inLanguage":"pt-PT"},{"@type":"WebPage","@id":"https:\/\/automotiverevista.pt\/index.php\/2024\/10\/18\/lubricant-expo-salao-de-lubrificantes-regista-record-de-participantes\/","url":"https:\/\/automotiverevista.pt\/index.php\/2024\/10\/18\/lubricant-expo-salao-de-lubrificantes-regista-record-de-participantes\/","name":"Lubricant Expo \u2013 sal\u00e3o de lubrificantes regista record de participantes - Revista Automotive","isPartOf":{"@id":"https:\/\/automotiverevista.pt\/#website"},"primaryImageOfPage":{"@id":"https:\/\/automotiverevista.pt\/index.php\/2024\/10\/18\/lubricant-expo-salao-de-lubrificantes-regista-record-de-participantes\/#primaryimage"},"image":{"@id":"https:\/\/automotiverevista.pt\/index.php\/2024\/10\/18\/lubricant-expo-salao-de-lubrificantes-regista-record-de-participantes\/#primaryimage"},"thumbnailUrl":"https:\/\/automotiverevista.pt\/wp-content\/uploads\/2024\/10\/IMG_8501.jpg","datePublished":"2024-10-18T07:39:00+00:00","description":"A Revista Automotive participou da terceira edi\u00e7\u00e3o do sal\u00e3o Lubricant Expo Europe, que teve lugar em D\u00fcsseldorf.","breadcrumb":{"@id":"https:\/\/automotiverevista.pt\/index.php\/2024\/10\/18\/lubricant-expo-salao-de-lubrificantes-regista-record-de-participantes\/#breadcrumb"},"inLanguage":"pt-PT","potentialAction":[{"@type":"ReadAction","target":["https:\/\/automotiverevista.pt\/index.php\/2024\/10\/18\/lubricant-expo-salao-de-lubrificantes-regista-record-de-participantes\/"]}]},{"@type":"ImageObject","inLanguage":"pt-PT","@id":"https:\/\/automotiverevista.pt\/index.php\/2024\/10\/18\/lubricant-expo-salao-de-lubrificantes-regista-record-de-participantes\/#primaryimage","url":"https:\/\/automotiverevista.pt\/wp-content\/uploads\/2024\/10\/IMG_8501.jpg","contentUrl":"https:\/\/automotiverevista.pt\/wp-content\/uploads\/2024\/10\/IMG_8501.jpg","width":1500,"height":1000},{"@type":"BreadcrumbList","@id":"https:\/\/automotiverevista.pt\/index.php\/2024\/10\/18\/lubricant-expo-salao-de-lubrificantes-regista-record-de-participantes\/#breadcrumb","itemListElement":[{"@type":"ListItem","position":1,"name":"Home","item":"https:\/\/automotiverevista.pt\/"},{"@type":"ListItem","position":2,"name":"Lubricant Expo \u2013 sal\u00e3o de lubrificantes regista record de participantes"}]},{"@type":"WebSite","@id":"https:\/\/automotiverevista.pt\/#website","url":"https:\/\/automotiverevista.pt\/","name":"Revista Automotive","description":"Revista Automotive Portugal","publisher":{"@id":"https:\/\/automotiverevista.pt\/#organization"},"potentialAction":[{"@type":"SearchAction","target":{"@type":"EntryPoint","urlTemplate":"https:\/\/automotiverevista.pt\/?s={search_term_string}"},"query-input":{"@type":"PropertyValueSpecification","valueRequired":true,"valueName":"search_term_string"}}],"inLanguage":"pt-PT"},{"@type":"Organization","@id":"https:\/\/automotiverevista.pt\/#organization","name":"Revista Automotive Portugal","url":"https:\/\/automotiverevista.pt\/","logo":{"@type":"ImageObject","inLanguage":"pt-PT","@id":"https:\/\/automotiverevista.pt\/#\/schema\/logo\/image\/","url":"https:\/\/automotiverevista.pt\/wp-content\/uploads\/2022\/07\/Logo-Automotive-2021_500-1.jpg","contentUrl":"https:\/\/automotiverevista.pt\/wp-content\/uploads\/2022\/07\/Logo-Automotive-2021_500-1.jpg","width":500,"height":160,"caption":"Revista Automotive Portugal"},"image":{"@id":"https:\/\/automotiverevista.pt\/#\/schema\/logo\/image\/"},"sameAs":["https:\/\/linkedin.com\/in\/automotiverevista"]},{"@type":"Person","@id":"https:\/\/automotiverevista.pt\/#\/schema\/person\/1265858bc8c78a0f969de814da8be281","name":"adminNovo","image":{"@type":"ImageObject","inLanguage":"pt-PT","@id":"https:\/\/secure.gravatar.com\/avatar\/c606c1288dcc11eb4c709aa5136fdb962583c410f5c23c0b7bf6917c542be355?s=96&d=mm&r=g","url":"https:\/\/secure.gravatar.com\/avatar\/c606c1288dcc11eb4c709aa5136fdb962583c410f5c23c0b7bf6917c542be355?s=96&d=mm&r=g","contentUrl":"https:\/\/secure.gravatar.com\/avatar\/c606c1288dcc11eb4c709aa5136fdb962583c410f5c23c0b7bf6917c542be355?s=96&d=mm&r=g","caption":"adminNovo"},"sameAs":["https:\/\/automotiverevista.pt"],"url":"https:\/\/automotiverevista.pt\/index.php\/author\/adminnovo\/"}]}},"_links":{"self":[{"href":"https:\/\/automotiverevista.pt\/index.php\/wp-json\/wp\/v2\/posts\/7444","targetHints":{"allow":["GET"]}}],"collection":[{"href":"https:\/\/automotiverevista.pt\/index.php\/wp-json\/wp\/v2\/posts"}],"about":[{"href":"https:\/\/automotiverevista.pt\/index.php\/wp-json\/wp\/v2\/types\/post"}],"author":[{"embeddable":true,"href":"https:\/\/automotiverevista.pt\/index.php\/wp-json\/wp\/v2\/users\/1"}],"replies":[{"embeddable":true,"href":"https:\/\/automotiverevista.pt\/index.php\/wp-json\/wp\/v2\/comments?post=7444"}],"version-history":[{"count":2,"href":"https:\/\/automotiverevista.pt\/index.php\/wp-json\/wp\/v2\/posts\/7444\/revisions"}],"predecessor-version":[{"id":7455,"href":"https:\/\/automotiverevista.pt\/index.php\/wp-json\/wp\/v2\/posts\/7444\/revisions\/7455"}],"wp:featuredmedia":[{"embeddable":true,"href":"https:\/\/automotiverevista.pt\/index.php\/wp-json\/wp\/v2\/media\/7445"}],"wp:attachment":[{"href":"https:\/\/automotiverevista.pt\/index.php\/wp-json\/wp\/v2\/media?parent=7444"}],"wp:term":[{"taxonomy":"category","embeddable":true,"href":"https:\/\/automotiverevista.pt\/index.php\/wp-json\/wp\/v2\/categories?post=7444"},{"taxonomy":"post_tag","embeddable":true,"href":"https:\/\/automotiverevista.pt\/index.php\/wp-json\/wp\/v2\/tags?post=7444"}],"curies":[{"name":"wp","href":"https:\/\/api.w.org\/{rel}","templated":true}]}}