{"id":7558,"date":"2024-10-29T08:38:51","date_gmt":"2024-10-29T08:38:51","guid":{"rendered":"https:\/\/automotiverevista.pt\/?p=7558"},"modified":"2024-10-29T08:38:52","modified_gmt":"2024-10-29T08:38:52","slug":"exide-baterias-de-12v-em-todos-carros-em-2028","status":"publish","type":"post","link":"https:\/\/automotiverevista.pt\/index.php\/2024\/10\/29\/exide-baterias-de-12v-em-todos-carros-em-2028\/","title":{"rendered":"Exide \u2013 baterias de 12V em todos carros em 2028"},"content":{"rendered":"\n<p>A <strong>VT Batteries,<\/strong> distribuidor espanhol no segmento das baterias, exp\u00f4s na Automechanika a sua gama de baterias Exide. A Exide Technologies, refer\u00eancia internacional em solu\u00e7\u00f5es de armazenamento de baterias, revelou que a bateria de 12Volts \u00e9 crucial para o futuro da mobilidade el\u00e9trica.<\/p>\n\n\n\n<p>Segundo a Exide, 100% de todos os ve\u00edculos europeus novos ainda necessitar\u00e3o de uma fonte de energia de 12Volts at\u00e9 2028; 56% dos ve\u00edculos do parque circulante europeu ter\u00e3o sistema start-stop at\u00e9 2028; e 25% do parque autom\u00f3vel europeu ser\u00e1 h\u00edbrido (FHEV e PHEV) ou totalmente el\u00e9trico (BEV) at\u00e9 2030.<\/p>\n","protected":false},"excerpt":{"rendered":"<p>A VT Batteries, distribuidor espanhol no segmento das baterias, exp\u00f4s na Automechanika a sua gama de baterias Exide. A Exide Technologies, refer\u00eancia internacional em solu\u00e7\u00f5es de armazenamento de baterias, revelou que a bateria de 12Volts \u00e9 crucial para o futuro da mobilidade el\u00e9trica. Segundo a Exide, 100% de todos os ve\u00edculos europeus novos ainda necessitar\u00e3o [&hellip;]<\/p>\n","protected":false},"author":1,"featured_media":7559,"comment_status":"closed","ping_status":"open","sticky":false,"template":"","format":"standard","meta":{"jnews-multi-image_gallery":[],"jnews_single_post":{"format":"standard"},"jnews_primary_category":[],"footnotes":""},"categories":[21],"tags":[],"class_list":["post-7558","post","type-post","status-publish","format-standard","has-post-thumbnail","hentry","category-pos-venda"],"yoast_head":"<!-- This site is optimized with the Yoast SEO Premium plugin v27.5 (Yoast SEO v27.5) - https:\/\/yoast.com\/product\/yoast-seo-premium-wordpress\/ -->\n<title>Exide \u2013 baterias de 12V em todos carros em 2028 - Revista Automotive<\/title>\n<meta name=\"robots\" content=\"index, follow, max-snippet:-1, max-image-preview:large, max-video-preview:-1\" \/>\n<link rel=\"canonical\" href=\"https:\/\/automotiverevista.pt\/index.php\/2024\/10\/29\/exide-baterias-de-12v-em-todos-carros-em-2028\/\" \/>\n<meta property=\"og:locale\" content=\"pt_PT\" \/>\n<meta property=\"og:type\" content=\"article\" \/>\n<meta property=\"og:title\" content=\"Exide \u2013 baterias de 12V em todos carros em 2028\" \/>\n<meta property=\"og:description\" content=\"A VT Batteries, distribuidor espanhol no segmento das baterias, exp\u00f4s na Automechanika a sua gama de baterias Exide. A Exide Technologies, refer\u00eancia internacional em solu\u00e7\u00f5es de armazenamento de baterias, revelou que a bateria de 12Volts \u00e9 crucial para o futuro da mobilidade el\u00e9trica. Segundo a Exide, 100% de todos os ve\u00edculos europeus novos ainda necessitar\u00e3o [&hellip;]\" \/>\n<meta property=\"og:url\" content=\"https:\/\/automotiverevista.pt\/index.php\/2024\/10\/29\/exide-baterias-de-12v-em-todos-carros-em-2028\/\" \/>\n<meta property=\"og:site_name\" content=\"Revista Automotive\" \/>\n<meta property=\"article:published_time\" content=\"2024-10-29T08:38:51+00:00\" \/>\n<meta property=\"article:modified_time\" content=\"2024-10-29T08:38:52+00:00\" \/>\n<meta property=\"og:image\" content=\"https:\/\/automotiverevista.pt\/wp-content\/uploads\/2024\/10\/IMG_7705.jpg\" \/>\n\t<meta property=\"og:image:width\" content=\"1500\" \/>\n\t<meta property=\"og:image:height\" content=\"1000\" \/>\n\t<meta property=\"og:image:type\" content=\"image\/jpeg\" \/>\n<meta name=\"author\" content=\"adminNovo\" \/>\n<meta name=\"twitter:card\" content=\"summary_large_image\" \/>\n<meta name=\"twitter:label1\" content=\"Escrito por\" \/>\n\t<meta name=\"twitter:data1\" content=\"adminNovo\" \/>\n\t<meta name=\"twitter:label2\" content=\"Tempo estimado de leitura\" \/>\n\t<meta name=\"twitter:data2\" content=\"1 minuto\" \/>\n<script type=\"application\/ld+json\" class=\"yoast-schema-graph\">{\"@context\":\"https:\\\/\\\/schema.org\",\"@graph\":[{\"@type\":\"Article\",\"@id\":\"https:\\\/\\\/automotiverevista.pt\\\/index.php\\\/2024\\\/10\\\/29\\\/exide-baterias-de-12v-em-todos-carros-em-2028\\\/#article\",\"isPartOf\":{\"@id\":\"https:\\\/\\\/automotiverevista.pt\\\/index.php\\\/2024\\\/10\\\/29\\\/exide-baterias-de-12v-em-todos-carros-em-2028\\\/\"},\"author\":{\"name\":\"adminNovo\",\"@id\":\"https:\\\/\\\/automotiverevista.pt\\\/#\\\/schema\\\/person\\\/1265858bc8c78a0f969de814da8be281\"},\"headline\":\"Exide \u2013 baterias de 12V em todos carros em 2028\",\"datePublished\":\"2024-10-29T08:38:51+00:00\",\"dateModified\":\"2024-10-29T08:38:52+00:00\",\"mainEntityOfPage\":{\"@id\":\"https:\\\/\\\/automotiverevista.pt\\\/index.php\\\/2024\\\/10\\\/29\\\/exide-baterias-de-12v-em-todos-carros-em-2028\\\/\"},\"wordCount\":105,\"publisher\":{\"@id\":\"https:\\\/\\\/automotiverevista.pt\\\/#organization\"},\"image\":{\"@id\":\"https:\\\/\\\/automotiverevista.pt\\\/index.php\\\/2024\\\/10\\\/29\\\/exide-baterias-de-12v-em-todos-carros-em-2028\\\/#primaryimage\"},\"thumbnailUrl\":\"https:\\\/\\\/automotiverevista.pt\\\/wp-content\\\/uploads\\\/2024\\\/10\\\/IMG_7705.jpg\",\"articleSection\":[\"P\u00f3s-Venda\"],\"inLanguage\":\"pt-PT\"},{\"@type\":\"WebPage\",\"@id\":\"https:\\\/\\\/automotiverevista.pt\\\/index.php\\\/2024\\\/10\\\/29\\\/exide-baterias-de-12v-em-todos-carros-em-2028\\\/\",\"url\":\"https:\\\/\\\/automotiverevista.pt\\\/index.php\\\/2024\\\/10\\\/29\\\/exide-baterias-de-12v-em-todos-carros-em-2028\\\/\",\"name\":\"Exide \u2013 baterias de 12V em todos carros em 2028 - Revista Automotive\",\"isPartOf\":{\"@id\":\"https:\\\/\\\/automotiverevista.pt\\\/#website\"},\"primaryImageOfPage\":{\"@id\":\"https:\\\/\\\/automotiverevista.pt\\\/index.php\\\/2024\\\/10\\\/29\\\/exide-baterias-de-12v-em-todos-carros-em-2028\\\/#primaryimage\"},\"image\":{\"@id\":\"https:\\\/\\\/automotiverevista.pt\\\/index.php\\\/2024\\\/10\\\/29\\\/exide-baterias-de-12v-em-todos-carros-em-2028\\\/#primaryimage\"},\"thumbnailUrl\":\"https:\\\/\\\/automotiverevista.pt\\\/wp-content\\\/uploads\\\/2024\\\/10\\\/IMG_7705.jpg\",\"datePublished\":\"2024-10-29T08:38:51+00:00\",\"dateModified\":\"2024-10-29T08:38:52+00:00\",\"breadcrumb\":{\"@id\":\"https:\\\/\\\/automotiverevista.pt\\\/index.php\\\/2024\\\/10\\\/29\\\/exide-baterias-de-12v-em-todos-carros-em-2028\\\/#breadcrumb\"},\"inLanguage\":\"pt-PT\",\"potentialAction\":[{\"@type\":\"ReadAction\",\"target\":[\"https:\\\/\\\/automotiverevista.pt\\\/index.php\\\/2024\\\/10\\\/29\\\/exide-baterias-de-12v-em-todos-carros-em-2028\\\/\"]}]},{\"@type\":\"ImageObject\",\"inLanguage\":\"pt-PT\",\"@id\":\"https:\\\/\\\/automotiverevista.pt\\\/index.php\\\/2024\\\/10\\\/29\\\/exide-baterias-de-12v-em-todos-carros-em-2028\\\/#primaryimage\",\"url\":\"https:\\\/\\\/automotiverevista.pt\\\/wp-content\\\/uploads\\\/2024\\\/10\\\/IMG_7705.jpg\",\"contentUrl\":\"https:\\\/\\\/automotiverevista.pt\\\/wp-content\\\/uploads\\\/2024\\\/10\\\/IMG_7705.jpg\",\"width\":1500,\"height\":1000},{\"@type\":\"BreadcrumbList\",\"@id\":\"https:\\\/\\\/automotiverevista.pt\\\/index.php\\\/2024\\\/10\\\/29\\\/exide-baterias-de-12v-em-todos-carros-em-2028\\\/#breadcrumb\",\"itemListElement\":[{\"@type\":\"ListItem\",\"position\":1,\"name\":\"Home\",\"item\":\"https:\\\/\\\/automotiverevista.pt\\\/\"},{\"@type\":\"ListItem\",\"position\":2,\"name\":\"Exide \u2013 baterias de 12V em todos carros em 2028\"}]},{\"@type\":\"WebSite\",\"@id\":\"https:\\\/\\\/automotiverevista.pt\\\/#website\",\"url\":\"https:\\\/\\\/automotiverevista.pt\\\/\",\"name\":\"Revista Automotive\",\"description\":\"Revista Automotive Portugal\",\"publisher\":{\"@id\":\"https:\\\/\\\/automotiverevista.pt\\\/#organization\"},\"potentialAction\":[{\"@type\":\"SearchAction\",\"target\":{\"@type\":\"EntryPoint\",\"urlTemplate\":\"https:\\\/\\\/automotiverevista.pt\\\/?s={search_term_string}\"},\"query-input\":{\"@type\":\"PropertyValueSpecification\",\"valueRequired\":true,\"valueName\":\"search_term_string\"}}],\"inLanguage\":\"pt-PT\"},{\"@type\":\"Organization\",\"@id\":\"https:\\\/\\\/automotiverevista.pt\\\/#organization\",\"name\":\"Revista Automotive Portugal\",\"url\":\"https:\\\/\\\/automotiverevista.pt\\\/\",\"logo\":{\"@type\":\"ImageObject\",\"inLanguage\":\"pt-PT\",\"@id\":\"https:\\\/\\\/automotiverevista.pt\\\/#\\\/schema\\\/logo\\\/image\\\/\",\"url\":\"https:\\\/\\\/automotiverevista.pt\\\/wp-content\\\/uploads\\\/2022\\\/07\\\/Logo-Automotive-2021_500-1.jpg\",\"contentUrl\":\"https:\\\/\\\/automotiverevista.pt\\\/wp-content\\\/uploads\\\/2022\\\/07\\\/Logo-Automotive-2021_500-1.jpg\",\"width\":500,\"height\":160,\"caption\":\"Revista Automotive Portugal\"},\"image\":{\"@id\":\"https:\\\/\\\/automotiverevista.pt\\\/#\\\/schema\\\/logo\\\/image\\\/\"},\"sameAs\":[\"https:\\\/\\\/linkedin.com\\\/in\\\/automotiverevista\"]},{\"@type\":\"Person\",\"@id\":\"https:\\\/\\\/automotiverevista.pt\\\/#\\\/schema\\\/person\\\/1265858bc8c78a0f969de814da8be281\",\"name\":\"adminNovo\",\"image\":{\"@type\":\"ImageObject\",\"inLanguage\":\"pt-PT\",\"@id\":\"https:\\\/\\\/secure.gravatar.com\\\/avatar\\\/c606c1288dcc11eb4c709aa5136fdb962583c410f5c23c0b7bf6917c542be355?s=96&d=mm&r=g\",\"url\":\"https:\\\/\\\/secure.gravatar.com\\\/avatar\\\/c606c1288dcc11eb4c709aa5136fdb962583c410f5c23c0b7bf6917c542be355?s=96&d=mm&r=g\",\"contentUrl\":\"https:\\\/\\\/secure.gravatar.com\\\/avatar\\\/c606c1288dcc11eb4c709aa5136fdb962583c410f5c23c0b7bf6917c542be355?s=96&d=mm&r=g\",\"caption\":\"adminNovo\"},\"sameAs\":[\"https:\\\/\\\/automotiverevista.pt\"],\"url\":\"https:\\\/\\\/automotiverevista.pt\\\/index.php\\\/author\\\/adminnovo\\\/\"}]}<\/script>\n<!-- \/ Yoast SEO Premium plugin. -->","yoast_head_json":{"title":"Exide \u2013 baterias de 12V em todos carros em 2028 - Revista Automotive","robots":{"index":"index","follow":"follow","max-snippet":"max-snippet:-1","max-image-preview":"max-image-preview:large","max-video-preview":"max-video-preview:-1"},"canonical":"https:\/\/automotiverevista.pt\/index.php\/2024\/10\/29\/exide-baterias-de-12v-em-todos-carros-em-2028\/","og_locale":"pt_PT","og_type":"article","og_title":"Exide \u2013 baterias de 12V em todos carros em 2028","og_description":"A VT Batteries, distribuidor espanhol no segmento das baterias, exp\u00f4s na Automechanika a sua gama de baterias Exide. A Exide Technologies, refer\u00eancia internacional em solu\u00e7\u00f5es de armazenamento de baterias, revelou que a bateria de 12Volts \u00e9 crucial para o futuro da mobilidade el\u00e9trica. Segundo a Exide, 100% de todos os ve\u00edculos europeus novos ainda necessitar\u00e3o [&hellip;]","og_url":"https:\/\/automotiverevista.pt\/index.php\/2024\/10\/29\/exide-baterias-de-12v-em-todos-carros-em-2028\/","og_site_name":"Revista Automotive","article_published_time":"2024-10-29T08:38:51+00:00","article_modified_time":"2024-10-29T08:38:52+00:00","og_image":[{"width":1500,"height":1000,"url":"https:\/\/automotiverevista.pt\/wp-content\/uploads\/2024\/10\/IMG_7705.jpg","type":"image\/jpeg"}],"author":"adminNovo","twitter_card":"summary_large_image","twitter_misc":{"Escrito por":"adminNovo","Tempo estimado de leitura":"1 minuto"},"schema":{"@context":"https:\/\/schema.org","@graph":[{"@type":"Article","@id":"https:\/\/automotiverevista.pt\/index.php\/2024\/10\/29\/exide-baterias-de-12v-em-todos-carros-em-2028\/#article","isPartOf":{"@id":"https:\/\/automotiverevista.pt\/index.php\/2024\/10\/29\/exide-baterias-de-12v-em-todos-carros-em-2028\/"},"author":{"name":"adminNovo","@id":"https:\/\/automotiverevista.pt\/#\/schema\/person\/1265858bc8c78a0f969de814da8be281"},"headline":"Exide \u2013 baterias de 12V em todos carros em 2028","datePublished":"2024-10-29T08:38:51+00:00","dateModified":"2024-10-29T08:38:52+00:00","mainEntityOfPage":{"@id":"https:\/\/automotiverevista.pt\/index.php\/2024\/10\/29\/exide-baterias-de-12v-em-todos-carros-em-2028\/"},"wordCount":105,"publisher":{"@id":"https:\/\/automotiverevista.pt\/#organization"},"image":{"@id":"https:\/\/automotiverevista.pt\/index.php\/2024\/10\/29\/exide-baterias-de-12v-em-todos-carros-em-2028\/#primaryimage"},"thumbnailUrl":"https:\/\/automotiverevista.pt\/wp-content\/uploads\/2024\/10\/IMG_7705.jpg","articleSection":["P\u00f3s-Venda"],"inLanguage":"pt-PT"},{"@type":"WebPage","@id":"https:\/\/automotiverevista.pt\/index.php\/2024\/10\/29\/exide-baterias-de-12v-em-todos-carros-em-2028\/","url":"https:\/\/automotiverevista.pt\/index.php\/2024\/10\/29\/exide-baterias-de-12v-em-todos-carros-em-2028\/","name":"Exide \u2013 baterias de 12V em todos carros em 2028 - Revista Automotive","isPartOf":{"@id":"https:\/\/automotiverevista.pt\/#website"},"primaryImageOfPage":{"@id":"https:\/\/automotiverevista.pt\/index.php\/2024\/10\/29\/exide-baterias-de-12v-em-todos-carros-em-2028\/#primaryimage"},"image":{"@id":"https:\/\/automotiverevista.pt\/index.php\/2024\/10\/29\/exide-baterias-de-12v-em-todos-carros-em-2028\/#primaryimage"},"thumbnailUrl":"https:\/\/automotiverevista.pt\/wp-content\/uploads\/2024\/10\/IMG_7705.jpg","datePublished":"2024-10-29T08:38:51+00:00","dateModified":"2024-10-29T08:38:52+00:00","breadcrumb":{"@id":"https:\/\/automotiverevista.pt\/index.php\/2024\/10\/29\/exide-baterias-de-12v-em-todos-carros-em-2028\/#breadcrumb"},"inLanguage":"pt-PT","potentialAction":[{"@type":"ReadAction","target":["https:\/\/automotiverevista.pt\/index.php\/2024\/10\/29\/exide-baterias-de-12v-em-todos-carros-em-2028\/"]}]},{"@type":"ImageObject","inLanguage":"pt-PT","@id":"https:\/\/automotiverevista.pt\/index.php\/2024\/10\/29\/exide-baterias-de-12v-em-todos-carros-em-2028\/#primaryimage","url":"https:\/\/automotiverevista.pt\/wp-content\/uploads\/2024\/10\/IMG_7705.jpg","contentUrl":"https:\/\/automotiverevista.pt\/wp-content\/uploads\/2024\/10\/IMG_7705.jpg","width":1500,"height":1000},{"@type":"BreadcrumbList","@id":"https:\/\/automotiverevista.pt\/index.php\/2024\/10\/29\/exide-baterias-de-12v-em-todos-carros-em-2028\/#breadcrumb","itemListElement":[{"@type":"ListItem","position":1,"name":"Home","item":"https:\/\/automotiverevista.pt\/"},{"@type":"ListItem","position":2,"name":"Exide \u2013 baterias de 12V em todos carros em 2028"}]},{"@type":"WebSite","@id":"https:\/\/automotiverevista.pt\/#website","url":"https:\/\/automotiverevista.pt\/","name":"Revista Automotive","description":"Revista Automotive Portugal","publisher":{"@id":"https:\/\/automotiverevista.pt\/#organization"},"potentialAction":[{"@type":"SearchAction","target":{"@type":"EntryPoint","urlTemplate":"https:\/\/automotiverevista.pt\/?s={search_term_string}"},"query-input":{"@type":"PropertyValueSpecification","valueRequired":true,"valueName":"search_term_string"}}],"inLanguage":"pt-PT"},{"@type":"Organization","@id":"https:\/\/automotiverevista.pt\/#organization","name":"Revista Automotive Portugal","url":"https:\/\/automotiverevista.pt\/","logo":{"@type":"ImageObject","inLanguage":"pt-PT","@id":"https:\/\/automotiverevista.pt\/#\/schema\/logo\/image\/","url":"https:\/\/automotiverevista.pt\/wp-content\/uploads\/2022\/07\/Logo-Automotive-2021_500-1.jpg","contentUrl":"https:\/\/automotiverevista.pt\/wp-content\/uploads\/2022\/07\/Logo-Automotive-2021_500-1.jpg","width":500,"height":160,"caption":"Revista Automotive Portugal"},"image":{"@id":"https:\/\/automotiverevista.pt\/#\/schema\/logo\/image\/"},"sameAs":["https:\/\/linkedin.com\/in\/automotiverevista"]},{"@type":"Person","@id":"https:\/\/automotiverevista.pt\/#\/schema\/person\/1265858bc8c78a0f969de814da8be281","name":"adminNovo","image":{"@type":"ImageObject","inLanguage":"pt-PT","@id":"https:\/\/secure.gravatar.com\/avatar\/c606c1288dcc11eb4c709aa5136fdb962583c410f5c23c0b7bf6917c542be355?s=96&d=mm&r=g","url":"https:\/\/secure.gravatar.com\/avatar\/c606c1288dcc11eb4c709aa5136fdb962583c410f5c23c0b7bf6917c542be355?s=96&d=mm&r=g","contentUrl":"https:\/\/secure.gravatar.com\/avatar\/c606c1288dcc11eb4c709aa5136fdb962583c410f5c23c0b7bf6917c542be355?s=96&d=mm&r=g","caption":"adminNovo"},"sameAs":["https:\/\/automotiverevista.pt"],"url":"https:\/\/automotiverevista.pt\/index.php\/author\/adminnovo\/"}]}},"_links":{"self":[{"href":"https:\/\/automotiverevista.pt\/index.php\/wp-json\/wp\/v2\/posts\/7558","targetHints":{"allow":["GET"]}}],"collection":[{"href":"https:\/\/automotiverevista.pt\/index.php\/wp-json\/wp\/v2\/posts"}],"about":[{"href":"https:\/\/automotiverevista.pt\/index.php\/wp-json\/wp\/v2\/types\/post"}],"author":[{"embeddable":true,"href":"https:\/\/automotiverevista.pt\/index.php\/wp-json\/wp\/v2\/users\/1"}],"replies":[{"embeddable":true,"href":"https:\/\/automotiverevista.pt\/index.php\/wp-json\/wp\/v2\/comments?post=7558"}],"version-history":[{"count":2,"href":"https:\/\/automotiverevista.pt\/index.php\/wp-json\/wp\/v2\/posts\/7558\/revisions"}],"predecessor-version":[{"id":7562,"href":"https:\/\/automotiverevista.pt\/index.php\/wp-json\/wp\/v2\/posts\/7558\/revisions\/7562"}],"wp:featuredmedia":[{"embeddable":true,"href":"https:\/\/automotiverevista.pt\/index.php\/wp-json\/wp\/v2\/media\/7559"}],"wp:attachment":[{"href":"https:\/\/automotiverevista.pt\/index.php\/wp-json\/wp\/v2\/media?parent=7558"}],"wp:term":[{"taxonomy":"category","embeddable":true,"href":"https:\/\/automotiverevista.pt\/index.php\/wp-json\/wp\/v2\/categories?post=7558"},{"taxonomy":"post_tag","embeddable":true,"href":"https:\/\/automotiverevista.pt\/index.php\/wp-json\/wp\/v2\/tags?post=7558"}],"curies":[{"name":"wp","href":"https:\/\/api.w.org\/{rel}","templated":true}]}}