{"id":7563,"date":"2024-10-29T08:43:16","date_gmt":"2024-10-29T08:43:16","guid":{"rendered":"https:\/\/automotiverevista.pt\/?p=7563"},"modified":"2024-10-29T08:43:18","modified_gmt":"2024-10-29T08:43:18","slug":"toyota-amplia-sua-gama-de-comerciais-ligeiros","status":"publish","type":"post","link":"https:\/\/automotiverevista.pt\/index.php\/2024\/10\/29\/toyota-amplia-sua-gama-de-comerciais-ligeiros\/","title":{"rendered":"Toyota amplia sua gama de comerciais ligeiros"},"content":{"rendered":"\n<p>A Revista Automotive esteve presente no evento internacional onde a Toyota apresentou a gama mais completa de ve\u00edculos comerciais ligeiros (VCL). Sob a marca Toyota Professional, o mais recente aumento da gama VCL \u00e9 a <strong>Toyota PROACE MAX<\/strong>, nas motoriza\u00e7\u00f5es a combust\u00e3o e 100% el\u00e9trica.<\/p>\n\n\n\n<p>Sendo o primeiro furg\u00e3o de grandes dimens\u00f5es da Toyota, o PROACE MAX junta-se aos renovados PROACE, PROACE CITY e Hilux para completar o abrangente portf\u00f3lio Toyota Professional nos ve\u00edculos comerciais ligeiros.<\/p>\n\n\n\n<p><strong>Caracter\u00edsticas do PROACE MAX<\/strong><\/p>\n\n\n\n<p>Equipado de origem com pneus NEXEN Roadian CTX, o PROACE MAX \u00e9 comercializado no formato VAN, com seis tamanhos diferentes \u00e0 escolha, com base em duas op\u00e7\u00f5es de dist\u00e2ncia entre eixos (3450 mm e 4035 mm), tr\u00eas comprimentos exteriores L (5413 mm, 5998 mm e 6363 mm) e tr\u00eas alturas exteriores H (2253 mm, 2524 mm e 2764 mm). Estas combina\u00e7\u00f5es proporcionam um volume de \u00e1rea de carga de 10 m3 a 17 m3, com espa\u00e7o suficiente para transportar at\u00e9 cinco Euro paletes.<\/p>\n\n\n\n<figure class=\"wp-block-image size-large is-resized\"><img decoding=\"async\" width=\"1024\" height=\"768\" src=\"https:\/\/automotiverevista.pt\/wp-content\/uploads\/2024\/10\/20240912_085329-1024x768.jpg\" alt=\"\" class=\"wp-image-7567\" style=\"width:654px;height:auto\" srcset=\"https:\/\/automotiverevista.pt\/wp-content\/uploads\/2024\/10\/20240912_085329-1024x768.jpg 1024w, https:\/\/automotiverevista.pt\/wp-content\/uploads\/2024\/10\/20240912_085329-300x225.jpg 300w, https:\/\/automotiverevista.pt\/wp-content\/uploads\/2024\/10\/20240912_085329-768x576.jpg 768w, https:\/\/automotiverevista.pt\/wp-content\/uploads\/2024\/10\/20240912_085329-750x563.jpg 750w, https:\/\/automotiverevista.pt\/wp-content\/uploads\/2024\/10\/20240912_085329-1140x855.jpg 1140w, https:\/\/automotiverevista.pt\/wp-content\/uploads\/2024\/10\/20240912_085329.jpg 1500w\" sizes=\"(max-width: 1024px) 100vw, 1024px\" \/><\/figure>\n\n\n\n<p>Com a motoriza\u00e7\u00e3o diesel, a carga \u00fatil m\u00e1xima \u00e9 de 1500 kg e a capacidade de reboque de 2500 kg, dependendo da combina\u00e7\u00e3o do comprimento e da altura do ve\u00edculo. A PROACE MAX el\u00e9trica tem uma carga \u00fatil at\u00e9 1.500 kg e capacidade de reboque de 2.400 kg.<\/p>\n\n\n\n<p>A motoriza\u00e7\u00e3o el\u00e9trica produz 200 kW (270 cv) de pot\u00eancia e 410 Nm de bin\u00e1rio, tendo uma autonomia de at\u00e9 420 km. A bateria de i\u00f5es de l\u00edtio de 110 kWh de capacidade pode ser recarregada at\u00e9 80% em apenas 55 minutos quando se utiliza um sistema de carregamento r\u00e1pido de 150 kW O ve\u00edculo tem um carregador de 11 kW AC a bordo para apoiar o carregamento em empresas e resid\u00eancias durante a noite ou quando estacionado por per\u00edodos mais longos; um carregador de 22 kW AC est\u00e1 previsto ser introduzido em 2025.<\/p>\n\n\n\n<figure class=\"wp-block-image size-large is-resized\"><img decoding=\"async\" width=\"1024\" height=\"768\" src=\"https:\/\/automotiverevista.pt\/wp-content\/uploads\/2024\/10\/20240912_085307-1024x768.jpg\" alt=\"\" class=\"wp-image-7568\" style=\"width:659px;height:auto\" srcset=\"https:\/\/automotiverevista.pt\/wp-content\/uploads\/2024\/10\/20240912_085307-1024x768.jpg 1024w, https:\/\/automotiverevista.pt\/wp-content\/uploads\/2024\/10\/20240912_085307-300x225.jpg 300w, https:\/\/automotiverevista.pt\/wp-content\/uploads\/2024\/10\/20240912_085307-768x576.jpg 768w, https:\/\/automotiverevista.pt\/wp-content\/uploads\/2024\/10\/20240912_085307-750x563.jpg 750w, https:\/\/automotiverevista.pt\/wp-content\/uploads\/2024\/10\/20240912_085307-1140x855.jpg 1140w, https:\/\/automotiverevista.pt\/wp-content\/uploads\/2024\/10\/20240912_085307.jpg 1500w\" sizes=\"(max-width: 1024px) 100vw, 1024px\" \/><\/figure>\n\n\n\n<p>Est\u00e3o tamb\u00e9m dispon\u00edveis duas motoriza\u00e7\u00f5es a gas\u00f3leo, com o motor de 2,2 litros, apenas com caixa de velocidades manual, nas vers\u00f5es de 140 cv (350Nm de bin\u00e1rio) ou 180 cv (380 Nm). Os furg\u00f5es grandes representam cerca de 28% do mercado de VCL em Portugal, sendo que o in\u00edcio das vendas da PROACE MAX no nosso pa\u00eds est\u00e1 agendado para Novembro deste ano.<\/p>\n\n\n\n<figure class=\"wp-block-image size-large is-resized\"><img decoding=\"async\" width=\"1024\" height=\"658\" src=\"https:\/\/automotiverevista.pt\/wp-content\/uploads\/2024\/10\/jj-1024x658.jpg\" alt=\"\" class=\"wp-image-7571\" style=\"width:689px;height:auto\" srcset=\"https:\/\/automotiverevista.pt\/wp-content\/uploads\/2024\/10\/jj-1024x658.jpg 1024w, https:\/\/automotiverevista.pt\/wp-content\/uploads\/2024\/10\/jj-300x193.jpg 300w, https:\/\/automotiverevista.pt\/wp-content\/uploads\/2024\/10\/jj-768x494.jpg 768w, https:\/\/automotiverevista.pt\/wp-content\/uploads\/2024\/10\/jj-750x482.jpg 750w, https:\/\/automotiverevista.pt\/wp-content\/uploads\/2024\/10\/jj-1140x733.jpg 1140w, https:\/\/automotiverevista.pt\/wp-content\/uploads\/2024\/10\/jj.jpg 1500w\" sizes=\"(max-width: 1024px) 100vw, 1024px\" \/><\/figure>\n\n\n\n<p><strong>Furg\u00f5es m\u00e9dios e compactos renovados<\/strong><\/p>\n\n\n\n<p>Foram introduzidas uma s\u00e9rie de melhorias tecnol\u00f3gicas para o furg\u00e3o m\u00e9dio PROACE e o modelo compacto, PROACE CITY, refor\u00e7ando a sua competitividade no segmento frotista.<\/p>\n\n\n\n<p>As gamas PROACE e PROACE CITY aumentaram as funcionalidades de seguran\u00e7a e assist\u00eancia ao condutor, em compara\u00e7\u00e3o com as gera\u00e7\u00f5es anteriores. As fun\u00e7\u00f5es que anteriormente eram opcionais s\u00e3o agora, na sua maioria, fornecidas de s\u00e9rie, incluindo os sistemas de pr\u00e9-colis\u00e3o, de assist\u00eancia \u00e0 manuten\u00e7\u00e3o na faixa de rodagem, de m\u00e1ximos autom\u00e1ticos e reconhecimento de sinais de tr\u00e2nsito.<\/p>\n\n\n\n<figure class=\"wp-block-image size-large is-resized\"><img decoding=\"async\" width=\"1024\" height=\"768\" src=\"https:\/\/automotiverevista.pt\/wp-content\/uploads\/2024\/10\/20240912_085136-1024x768.jpg\" alt=\"\" class=\"wp-image-7570\" style=\"width:737px;height:auto\" srcset=\"https:\/\/automotiverevista.pt\/wp-content\/uploads\/2024\/10\/20240912_085136-1024x768.jpg 1024w, https:\/\/automotiverevista.pt\/wp-content\/uploads\/2024\/10\/20240912_085136-300x225.jpg 300w, https:\/\/automotiverevista.pt\/wp-content\/uploads\/2024\/10\/20240912_085136-768x576.jpg 768w, https:\/\/automotiverevista.pt\/wp-content\/uploads\/2024\/10\/20240912_085136-750x563.jpg 750w, https:\/\/automotiverevista.pt\/wp-content\/uploads\/2024\/10\/20240912_085136-1140x855.jpg 1140w, https:\/\/automotiverevista.pt\/wp-content\/uploads\/2024\/10\/20240912_085136.jpg 1500w\" sizes=\"(max-width: 1024px) 100vw, 1024px\" \/><\/figure>\n\n\n\n<p><\/p>\n","protected":false},"excerpt":{"rendered":"<p>A Revista Automotive esteve presente no evento internacional onde a Toyota apresentou a gama mais completa de ve\u00edculos comerciais ligeiros (VCL). Sob a marca Toyota Professional, o mais recente aumento da gama VCL \u00e9 a Toyota PROACE MAX, nas motoriza\u00e7\u00f5es a combust\u00e3o e 100% el\u00e9trica. Sendo o primeiro furg\u00e3o de grandes dimens\u00f5es da Toyota, o [&hellip;]<\/p>\n","protected":false},"author":1,"featured_media":7564,"comment_status":"closed","ping_status":"open","sticky":false,"template":"","format":"standard","meta":{"jnews-multi-image_gallery":[],"jnews_single_post":{"format":"standard"},"jnews_primary_category":[],"footnotes":""},"categories":[23],"tags":[],"class_list":["post-7563","post","type-post","status-publish","format-standard","has-post-thumbnail","hentry","category-frotas"],"yoast_head":"<!-- This site is optimized with the Yoast SEO Premium plugin v27.2 (Yoast SEO v27.5) - https:\/\/yoast.com\/product\/yoast-seo-premium-wordpress\/ -->\n<title>Toyota amplia sua gama de comerciais ligeiros - Revista Automotive<\/title>\n<meta name=\"description\" content=\"Toyota apresentou a gama mais completa de ve\u00edculos comerciais ligeiros (VCL). Sob a marca Toyota Professional\" \/>\n<meta name=\"robots\" content=\"index, follow, max-snippet:-1, max-image-preview:large, max-video-preview:-1\" \/>\n<link rel=\"canonical\" href=\"https:\/\/automotiverevista.pt\/index.php\/2024\/10\/29\/toyota-amplia-sua-gama-de-comerciais-ligeiros\/\" \/>\n<meta property=\"og:locale\" content=\"pt_PT\" \/>\n<meta property=\"og:type\" content=\"article\" \/>\n<meta property=\"og:title\" content=\"Toyota amplia sua gama de comerciais ligeiros\" \/>\n<meta property=\"og:description\" content=\"Toyota apresentou a gama mais completa de ve\u00edculos comerciais ligeiros (VCL). Sob a marca Toyota Professional\" \/>\n<meta property=\"og:url\" content=\"https:\/\/automotiverevista.pt\/index.php\/2024\/10\/29\/toyota-amplia-sua-gama-de-comerciais-ligeiros\/\" \/>\n<meta property=\"og:site_name\" content=\"Revista Automotive\" \/>\n<meta property=\"article:published_time\" content=\"2024-10-29T08:43:16+00:00\" \/>\n<meta property=\"article:modified_time\" content=\"2024-10-29T08:43:18+00:00\" \/>\n<meta property=\"og:image\" content=\"https:\/\/automotiverevista.pt\/wp-content\/uploads\/2024\/10\/20240912_085127.jpg\" \/>\n\t<meta property=\"og:image:width\" content=\"1500\" \/>\n\t<meta property=\"og:image:height\" content=\"1125\" \/>\n\t<meta property=\"og:image:type\" content=\"image\/jpeg\" \/>\n<meta name=\"author\" content=\"adminNovo\" \/>\n<meta name=\"twitter:card\" content=\"summary_large_image\" \/>\n<meta name=\"twitter:label1\" content=\"Escrito por\" \/>\n\t<meta name=\"twitter:data1\" content=\"adminNovo\" \/>\n\t<meta name=\"twitter:label2\" content=\"Tempo estimado de leitura\" \/>\n\t<meta name=\"twitter:data2\" content=\"4 minutos\" \/>\n<script type=\"application\/ld+json\" class=\"yoast-schema-graph\">{\"@context\":\"https:\\\/\\\/schema.org\",\"@graph\":[{\"@type\":\"Article\",\"@id\":\"https:\\\/\\\/automotiverevista.pt\\\/index.php\\\/2024\\\/10\\\/29\\\/toyota-amplia-sua-gama-de-comerciais-ligeiros\\\/#article\",\"isPartOf\":{\"@id\":\"https:\\\/\\\/automotiverevista.pt\\\/index.php\\\/2024\\\/10\\\/29\\\/toyota-amplia-sua-gama-de-comerciais-ligeiros\\\/\"},\"author\":{\"name\":\"adminNovo\",\"@id\":\"https:\\\/\\\/automotiverevista.pt\\\/#\\\/schema\\\/person\\\/1265858bc8c78a0f969de814da8be281\"},\"headline\":\"Toyota amplia sua gama de comerciais ligeiros\",\"datePublished\":\"2024-10-29T08:43:16+00:00\",\"dateModified\":\"2024-10-29T08:43:18+00:00\",\"mainEntityOfPage\":{\"@id\":\"https:\\\/\\\/automotiverevista.pt\\\/index.php\\\/2024\\\/10\\\/29\\\/toyota-amplia-sua-gama-de-comerciais-ligeiros\\\/\"},\"wordCount\":487,\"publisher\":{\"@id\":\"https:\\\/\\\/automotiverevista.pt\\\/#organization\"},\"image\":{\"@id\":\"https:\\\/\\\/automotiverevista.pt\\\/index.php\\\/2024\\\/10\\\/29\\\/toyota-amplia-sua-gama-de-comerciais-ligeiros\\\/#primaryimage\"},\"thumbnailUrl\":\"https:\\\/\\\/automotiverevista.pt\\\/wp-content\\\/uploads\\\/2024\\\/10\\\/20240912_085127.jpg\",\"articleSection\":[\"Frotas\"],\"inLanguage\":\"pt-PT\"},{\"@type\":\"WebPage\",\"@id\":\"https:\\\/\\\/automotiverevista.pt\\\/index.php\\\/2024\\\/10\\\/29\\\/toyota-amplia-sua-gama-de-comerciais-ligeiros\\\/\",\"url\":\"https:\\\/\\\/automotiverevista.pt\\\/index.php\\\/2024\\\/10\\\/29\\\/toyota-amplia-sua-gama-de-comerciais-ligeiros\\\/\",\"name\":\"Toyota amplia sua gama de comerciais ligeiros - Revista Automotive\",\"isPartOf\":{\"@id\":\"https:\\\/\\\/automotiverevista.pt\\\/#website\"},\"primaryImageOfPage\":{\"@id\":\"https:\\\/\\\/automotiverevista.pt\\\/index.php\\\/2024\\\/10\\\/29\\\/toyota-amplia-sua-gama-de-comerciais-ligeiros\\\/#primaryimage\"},\"image\":{\"@id\":\"https:\\\/\\\/automotiverevista.pt\\\/index.php\\\/2024\\\/10\\\/29\\\/toyota-amplia-sua-gama-de-comerciais-ligeiros\\\/#primaryimage\"},\"thumbnailUrl\":\"https:\\\/\\\/automotiverevista.pt\\\/wp-content\\\/uploads\\\/2024\\\/10\\\/20240912_085127.jpg\",\"datePublished\":\"2024-10-29T08:43:16+00:00\",\"dateModified\":\"2024-10-29T08:43:18+00:00\",\"description\":\"Toyota apresentou a gama mais completa de ve\u00edculos comerciais ligeiros (VCL). Sob a marca Toyota Professional\",\"breadcrumb\":{\"@id\":\"https:\\\/\\\/automotiverevista.pt\\\/index.php\\\/2024\\\/10\\\/29\\\/toyota-amplia-sua-gama-de-comerciais-ligeiros\\\/#breadcrumb\"},\"inLanguage\":\"pt-PT\",\"potentialAction\":[{\"@type\":\"ReadAction\",\"target\":[\"https:\\\/\\\/automotiverevista.pt\\\/index.php\\\/2024\\\/10\\\/29\\\/toyota-amplia-sua-gama-de-comerciais-ligeiros\\\/\"]}]},{\"@type\":\"ImageObject\",\"inLanguage\":\"pt-PT\",\"@id\":\"https:\\\/\\\/automotiverevista.pt\\\/index.php\\\/2024\\\/10\\\/29\\\/toyota-amplia-sua-gama-de-comerciais-ligeiros\\\/#primaryimage\",\"url\":\"https:\\\/\\\/automotiverevista.pt\\\/wp-content\\\/uploads\\\/2024\\\/10\\\/20240912_085127.jpg\",\"contentUrl\":\"https:\\\/\\\/automotiverevista.pt\\\/wp-content\\\/uploads\\\/2024\\\/10\\\/20240912_085127.jpg\",\"width\":1500,\"height\":1125},{\"@type\":\"BreadcrumbList\",\"@id\":\"https:\\\/\\\/automotiverevista.pt\\\/index.php\\\/2024\\\/10\\\/29\\\/toyota-amplia-sua-gama-de-comerciais-ligeiros\\\/#breadcrumb\",\"itemListElement\":[{\"@type\":\"ListItem\",\"position\":1,\"name\":\"Home\",\"item\":\"https:\\\/\\\/automotiverevista.pt\\\/\"},{\"@type\":\"ListItem\",\"position\":2,\"name\":\"Toyota amplia sua gama de comerciais ligeiros\"}]},{\"@type\":\"WebSite\",\"@id\":\"https:\\\/\\\/automotiverevista.pt\\\/#website\",\"url\":\"https:\\\/\\\/automotiverevista.pt\\\/\",\"name\":\"Revista Automotive\",\"description\":\"Revista Automotive Portugal\",\"publisher\":{\"@id\":\"https:\\\/\\\/automotiverevista.pt\\\/#organization\"},\"potentialAction\":[{\"@type\":\"SearchAction\",\"target\":{\"@type\":\"EntryPoint\",\"urlTemplate\":\"https:\\\/\\\/automotiverevista.pt\\\/?s={search_term_string}\"},\"query-input\":{\"@type\":\"PropertyValueSpecification\",\"valueRequired\":true,\"valueName\":\"search_term_string\"}}],\"inLanguage\":\"pt-PT\"},{\"@type\":\"Organization\",\"@id\":\"https:\\\/\\\/automotiverevista.pt\\\/#organization\",\"name\":\"Revista Automotive Portugal\",\"url\":\"https:\\\/\\\/automotiverevista.pt\\\/\",\"logo\":{\"@type\":\"ImageObject\",\"inLanguage\":\"pt-PT\",\"@id\":\"https:\\\/\\\/automotiverevista.pt\\\/#\\\/schema\\\/logo\\\/image\\\/\",\"url\":\"https:\\\/\\\/automotiverevista.pt\\\/wp-content\\\/uploads\\\/2022\\\/07\\\/Logo-Automotive-2021_500-1.jpg\",\"contentUrl\":\"https:\\\/\\\/automotiverevista.pt\\\/wp-content\\\/uploads\\\/2022\\\/07\\\/Logo-Automotive-2021_500-1.jpg\",\"width\":500,\"height\":160,\"caption\":\"Revista Automotive Portugal\"},\"image\":{\"@id\":\"https:\\\/\\\/automotiverevista.pt\\\/#\\\/schema\\\/logo\\\/image\\\/\"},\"sameAs\":[\"https:\\\/\\\/linkedin.com\\\/in\\\/automotiverevista\"]},{\"@type\":\"Person\",\"@id\":\"https:\\\/\\\/automotiverevista.pt\\\/#\\\/schema\\\/person\\\/1265858bc8c78a0f969de814da8be281\",\"name\":\"adminNovo\",\"image\":{\"@type\":\"ImageObject\",\"inLanguage\":\"pt-PT\",\"@id\":\"https:\\\/\\\/secure.gravatar.com\\\/avatar\\\/c606c1288dcc11eb4c709aa5136fdb962583c410f5c23c0b7bf6917c542be355?s=96&d=mm&r=g\",\"url\":\"https:\\\/\\\/secure.gravatar.com\\\/avatar\\\/c606c1288dcc11eb4c709aa5136fdb962583c410f5c23c0b7bf6917c542be355?s=96&d=mm&r=g\",\"contentUrl\":\"https:\\\/\\\/secure.gravatar.com\\\/avatar\\\/c606c1288dcc11eb4c709aa5136fdb962583c410f5c23c0b7bf6917c542be355?s=96&d=mm&r=g\",\"caption\":\"adminNovo\"},\"sameAs\":[\"https:\\\/\\\/automotiverevista.pt\"],\"url\":\"https:\\\/\\\/automotiverevista.pt\\\/index.php\\\/author\\\/adminnovo\\\/\"}]}<\/script>\n<!-- \/ Yoast SEO Premium plugin. -->","yoast_head_json":{"title":"Toyota amplia sua gama de comerciais ligeiros - Revista Automotive","description":"Toyota apresentou a gama mais completa de ve\u00edculos comerciais ligeiros (VCL). Sob a marca Toyota Professional","robots":{"index":"index","follow":"follow","max-snippet":"max-snippet:-1","max-image-preview":"max-image-preview:large","max-video-preview":"max-video-preview:-1"},"canonical":"https:\/\/automotiverevista.pt\/index.php\/2024\/10\/29\/toyota-amplia-sua-gama-de-comerciais-ligeiros\/","og_locale":"pt_PT","og_type":"article","og_title":"Toyota amplia sua gama de comerciais ligeiros","og_description":"Toyota apresentou a gama mais completa de ve\u00edculos comerciais ligeiros (VCL). Sob a marca Toyota Professional","og_url":"https:\/\/automotiverevista.pt\/index.php\/2024\/10\/29\/toyota-amplia-sua-gama-de-comerciais-ligeiros\/","og_site_name":"Revista Automotive","article_published_time":"2024-10-29T08:43:16+00:00","article_modified_time":"2024-10-29T08:43:18+00:00","og_image":[{"width":1500,"height":1125,"url":"https:\/\/automotiverevista.pt\/wp-content\/uploads\/2024\/10\/20240912_085127.jpg","type":"image\/jpeg"}],"author":"adminNovo","twitter_card":"summary_large_image","twitter_misc":{"Escrito por":"adminNovo","Tempo estimado de leitura":"4 minutos"},"schema":{"@context":"https:\/\/schema.org","@graph":[{"@type":"Article","@id":"https:\/\/automotiverevista.pt\/index.php\/2024\/10\/29\/toyota-amplia-sua-gama-de-comerciais-ligeiros\/#article","isPartOf":{"@id":"https:\/\/automotiverevista.pt\/index.php\/2024\/10\/29\/toyota-amplia-sua-gama-de-comerciais-ligeiros\/"},"author":{"name":"adminNovo","@id":"https:\/\/automotiverevista.pt\/#\/schema\/person\/1265858bc8c78a0f969de814da8be281"},"headline":"Toyota amplia sua gama de comerciais ligeiros","datePublished":"2024-10-29T08:43:16+00:00","dateModified":"2024-10-29T08:43:18+00:00","mainEntityOfPage":{"@id":"https:\/\/automotiverevista.pt\/index.php\/2024\/10\/29\/toyota-amplia-sua-gama-de-comerciais-ligeiros\/"},"wordCount":487,"publisher":{"@id":"https:\/\/automotiverevista.pt\/#organization"},"image":{"@id":"https:\/\/automotiverevista.pt\/index.php\/2024\/10\/29\/toyota-amplia-sua-gama-de-comerciais-ligeiros\/#primaryimage"},"thumbnailUrl":"https:\/\/automotiverevista.pt\/wp-content\/uploads\/2024\/10\/20240912_085127.jpg","articleSection":["Frotas"],"inLanguage":"pt-PT"},{"@type":"WebPage","@id":"https:\/\/automotiverevista.pt\/index.php\/2024\/10\/29\/toyota-amplia-sua-gama-de-comerciais-ligeiros\/","url":"https:\/\/automotiverevista.pt\/index.php\/2024\/10\/29\/toyota-amplia-sua-gama-de-comerciais-ligeiros\/","name":"Toyota amplia sua gama de comerciais ligeiros - Revista Automotive","isPartOf":{"@id":"https:\/\/automotiverevista.pt\/#website"},"primaryImageOfPage":{"@id":"https:\/\/automotiverevista.pt\/index.php\/2024\/10\/29\/toyota-amplia-sua-gama-de-comerciais-ligeiros\/#primaryimage"},"image":{"@id":"https:\/\/automotiverevista.pt\/index.php\/2024\/10\/29\/toyota-amplia-sua-gama-de-comerciais-ligeiros\/#primaryimage"},"thumbnailUrl":"https:\/\/automotiverevista.pt\/wp-content\/uploads\/2024\/10\/20240912_085127.jpg","datePublished":"2024-10-29T08:43:16+00:00","dateModified":"2024-10-29T08:43:18+00:00","description":"Toyota apresentou a gama mais completa de ve\u00edculos comerciais ligeiros (VCL). Sob a marca Toyota Professional","breadcrumb":{"@id":"https:\/\/automotiverevista.pt\/index.php\/2024\/10\/29\/toyota-amplia-sua-gama-de-comerciais-ligeiros\/#breadcrumb"},"inLanguage":"pt-PT","potentialAction":[{"@type":"ReadAction","target":["https:\/\/automotiverevista.pt\/index.php\/2024\/10\/29\/toyota-amplia-sua-gama-de-comerciais-ligeiros\/"]}]},{"@type":"ImageObject","inLanguage":"pt-PT","@id":"https:\/\/automotiverevista.pt\/index.php\/2024\/10\/29\/toyota-amplia-sua-gama-de-comerciais-ligeiros\/#primaryimage","url":"https:\/\/automotiverevista.pt\/wp-content\/uploads\/2024\/10\/20240912_085127.jpg","contentUrl":"https:\/\/automotiverevista.pt\/wp-content\/uploads\/2024\/10\/20240912_085127.jpg","width":1500,"height":1125},{"@type":"BreadcrumbList","@id":"https:\/\/automotiverevista.pt\/index.php\/2024\/10\/29\/toyota-amplia-sua-gama-de-comerciais-ligeiros\/#breadcrumb","itemListElement":[{"@type":"ListItem","position":1,"name":"Home","item":"https:\/\/automotiverevista.pt\/"},{"@type":"ListItem","position":2,"name":"Toyota amplia sua gama de comerciais ligeiros"}]},{"@type":"WebSite","@id":"https:\/\/automotiverevista.pt\/#website","url":"https:\/\/automotiverevista.pt\/","name":"Revista Automotive","description":"Revista Automotive Portugal","publisher":{"@id":"https:\/\/automotiverevista.pt\/#organization"},"potentialAction":[{"@type":"SearchAction","target":{"@type":"EntryPoint","urlTemplate":"https:\/\/automotiverevista.pt\/?s={search_term_string}"},"query-input":{"@type":"PropertyValueSpecification","valueRequired":true,"valueName":"search_term_string"}}],"inLanguage":"pt-PT"},{"@type":"Organization","@id":"https:\/\/automotiverevista.pt\/#organization","name":"Revista Automotive Portugal","url":"https:\/\/automotiverevista.pt\/","logo":{"@type":"ImageObject","inLanguage":"pt-PT","@id":"https:\/\/automotiverevista.pt\/#\/schema\/logo\/image\/","url":"https:\/\/automotiverevista.pt\/wp-content\/uploads\/2022\/07\/Logo-Automotive-2021_500-1.jpg","contentUrl":"https:\/\/automotiverevista.pt\/wp-content\/uploads\/2022\/07\/Logo-Automotive-2021_500-1.jpg","width":500,"height":160,"caption":"Revista Automotive Portugal"},"image":{"@id":"https:\/\/automotiverevista.pt\/#\/schema\/logo\/image\/"},"sameAs":["https:\/\/linkedin.com\/in\/automotiverevista"]},{"@type":"Person","@id":"https:\/\/automotiverevista.pt\/#\/schema\/person\/1265858bc8c78a0f969de814da8be281","name":"adminNovo","image":{"@type":"ImageObject","inLanguage":"pt-PT","@id":"https:\/\/secure.gravatar.com\/avatar\/c606c1288dcc11eb4c709aa5136fdb962583c410f5c23c0b7bf6917c542be355?s=96&d=mm&r=g","url":"https:\/\/secure.gravatar.com\/avatar\/c606c1288dcc11eb4c709aa5136fdb962583c410f5c23c0b7bf6917c542be355?s=96&d=mm&r=g","contentUrl":"https:\/\/secure.gravatar.com\/avatar\/c606c1288dcc11eb4c709aa5136fdb962583c410f5c23c0b7bf6917c542be355?s=96&d=mm&r=g","caption":"adminNovo"},"sameAs":["https:\/\/automotiverevista.pt"],"url":"https:\/\/automotiverevista.pt\/index.php\/author\/adminnovo\/"}]}},"_links":{"self":[{"href":"https:\/\/automotiverevista.pt\/index.php\/wp-json\/wp\/v2\/posts\/7563","targetHints":{"allow":["GET"]}}],"collection":[{"href":"https:\/\/automotiverevista.pt\/index.php\/wp-json\/wp\/v2\/posts"}],"about":[{"href":"https:\/\/automotiverevista.pt\/index.php\/wp-json\/wp\/v2\/types\/post"}],"author":[{"embeddable":true,"href":"https:\/\/automotiverevista.pt\/index.php\/wp-json\/wp\/v2\/users\/1"}],"replies":[{"embeddable":true,"href":"https:\/\/automotiverevista.pt\/index.php\/wp-json\/wp\/v2\/comments?post=7563"}],"version-history":[{"count":2,"href":"https:\/\/automotiverevista.pt\/index.php\/wp-json\/wp\/v2\/posts\/7563\/revisions"}],"predecessor-version":[{"id":7572,"href":"https:\/\/automotiverevista.pt\/index.php\/wp-json\/wp\/v2\/posts\/7563\/revisions\/7572"}],"wp:featuredmedia":[{"embeddable":true,"href":"https:\/\/automotiverevista.pt\/index.php\/wp-json\/wp\/v2\/media\/7564"}],"wp:attachment":[{"href":"https:\/\/automotiverevista.pt\/index.php\/wp-json\/wp\/v2\/media?parent=7563"}],"wp:term":[{"taxonomy":"category","embeddable":true,"href":"https:\/\/automotiverevista.pt\/index.php\/wp-json\/wp\/v2\/categories?post=7563"},{"taxonomy":"post_tag","embeddable":true,"href":"https:\/\/automotiverevista.pt\/index.php\/wp-json\/wp\/v2\/tags?post=7563"}],"curies":[{"name":"wp","href":"https:\/\/api.w.org\/{rel}","templated":true}]}}