{"id":766,"date":"2022-08-02T10:13:40","date_gmt":"2022-08-02T10:13:40","guid":{"rendered":"https:\/\/automotiverevista.pt\/?p=766"},"modified":"2022-08-02T10:56:33","modified_gmt":"2022-08-02T10:56:33","slug":"dacia-prospera-num-mercado-automovel-em-queda","status":"publish","type":"post","link":"https:\/\/automotiverevista.pt\/index.php\/2022\/08\/02\/dacia-prospera-num-mercado-automovel-em-queda\/","title":{"rendered":"Dacia prospera num mercado autom\u00f3vel em queda"},"content":{"rendered":"\n<p>Em termos globais, de janeiro a julho deste ano, as matr\u00edculas de autom\u00f3veis novos em Portugal registaram uma queda de 5,9% face a igual per\u00edodo do ano anterior, segundo dados divulgados pela ACAP. Em compara\u00e7\u00e3o com o mesmo per\u00edodo de 2019, esta queda \u00e9 ainda mais acentuada, com um recuo de 38%.<\/p>\n\n\n\n<p>&nbsp;No passado m\u00eas de julho, foram matriculados pelos representantes legais de marca a operar em Portugal 16.897 ve\u00edculos autom\u00f3veis, ou seja, mais 18,8 % que no mesmo m\u00eas de 2021, e 22,5 % menos se comparado com o mesmo m\u00eas de julho de 2019.<br><br>Nos primeiros sete meses de 2022, foram colocados em circula\u00e7\u00e3o 106.879 novos ve\u00edculos, o que representou uma diminui\u00e7\u00e3o de 5,9 % relativamente ao per\u00edodo de janeiro a julho de 2021, com uma redu\u00e7\u00e3o de 38 % face ao mesmo per\u00edodo de 2019, conforme quadro resumo abaixo.<\/p>\n\n\n\n<figure class=\"wp-block-image size-full\"><img decoding=\"async\" width=\"756\" height=\"398\" src=\"https:\/\/automotiverevista.pt\/wp-content\/uploads\/2022\/08\/Imagem1.jpg\" alt=\"\" class=\"wp-image-768\" srcset=\"https:\/\/automotiverevista.pt\/wp-content\/uploads\/2022\/08\/Imagem1.jpg 756w, https:\/\/automotiverevista.pt\/wp-content\/uploads\/2022\/08\/Imagem1-300x158.jpg 300w, https:\/\/automotiverevista.pt\/wp-content\/uploads\/2022\/08\/Imagem1-750x395.jpg 750w\" sizes=\"(max-width: 756px) 100vw, 756px\" \/><\/figure>\n\n\n\n<p><strong>Dacia em grande<\/strong><\/p>\n\n\n\n<p>Apesar da queda das matricula\u00e7\u00f5es de ve\u00edculos novos por parte das principais marcas, existem algumas exce\u00e7\u00f5es de relevo como \u00e9 o caso da Dacia que nos primeiros setes meses deste ano apresenta um aumento de <strong>quase 97% de matricula\u00e7\u00f5es de ve\u00edculos ligeiros de passageiros,<\/strong> com mais 2548 viaturas face ao mesmo per\u00edodo do ano passado. A Dacia posiciona-se como a 7\u00aa marca mais vendida em Portugal em termos de viaturas novas.<\/p>\n\n\n\n<p>Em contraciclo, a sua \u201cmeia-irm\u00e3\u201d <a href=\"https:\/\/youtu.be\/PlVDUlxDBCo\">Renault<\/a>, j\u00e1 n\u00e3o vive os dias de gl\u00f3ria da lideran\u00e7a de 20 anos em Portugal, pois apresentou uma queda de 38% nas matr\u00edculas de ve\u00edculos ligeiros de passageiros nos primeiros 7 meses deste ano, ou seja, um <strong>recuo de quase 4 mil viaturas novas<\/strong>, n\u00fameros inimagin\u00e1veis para esta marca h\u00e1 poucos anos atr\u00e1s.&nbsp;<\/p>\n\n\n\n<figure class=\"wp-block-image size-large\"><img decoding=\"async\" width=\"1024\" height=\"683\" src=\"https:\/\/automotiverevista.pt\/wp-content\/uploads\/2022\/08\/Capturar-1024x683.jpg\" alt=\"\" class=\"wp-image-771\" srcset=\"https:\/\/automotiverevista.pt\/wp-content\/uploads\/2022\/08\/Capturar-1024x683.jpg 1024w, https:\/\/automotiverevista.pt\/wp-content\/uploads\/2022\/08\/Capturar-300x200.jpg 300w, https:\/\/automotiverevista.pt\/wp-content\/uploads\/2022\/08\/Capturar-768x512.jpg 768w, https:\/\/automotiverevista.pt\/wp-content\/uploads\/2022\/08\/Capturar-750x500.jpg 750w, https:\/\/automotiverevista.pt\/wp-content\/uploads\/2022\/08\/Capturar-1140x761.jpg 1140w, https:\/\/automotiverevista.pt\/wp-content\/uploads\/2022\/08\/Capturar.jpg 1418w\" sizes=\"(max-width: 1024px) 100vw, 1024px\" \/><\/figure>\n\n\n\n<p>Neste per\u00edodo at\u00e9 julho, destaque tamb\u00e9m para os crescimentos acumulados das marcas <strong>Alfa Romeo (97%),<a href=\"https:\/\/youtu.be\/zjNmrVtRoCk\"> Suzuki <\/a>(48%) e DS (47%).<\/strong> Quanto \u00e0s maiores quedas do mercado &#8211; al\u00e9m da Renault que \u00e9 l\u00edder na queda \u2013 destaque para as marcas BMW (-22%), Ford (-18%), Volvo (-17%) e Mercedes-Benz (-17%).<\/p>\n\n\n\n<p>A Mercedes-Benz n\u00e3o s\u00f3 lidera o segmento das marcas premium, como quase lidera as matricula\u00e7\u00f5es gerais em Portugal, pois ocupa o segundo lugar da geral, a perder apenas para a generalista Peugeot. Para se matricular tanto como a Mercedes-Benz (6.309 unidades) , \u00e9 preciso juntar as marcas Audi, Volvo, Tesla e Cupra, que na soma totalizam 6.338 unidades.<\/p>\n\n\n\n<p>No caso dos ve\u00edculos ligeiros de passageiros movidos a energias alternativas os dados s\u00e3o apresentados no gr\u00e1fico seguinte:<\/p>\n\n\n\n<figure class=\"wp-block-image size-full\"><img decoding=\"async\" width=\"589\" height=\"439\" src=\"https:\/\/automotiverevista.pt\/wp-content\/uploads\/2022\/08\/Imagem2.jpg\" alt=\"\" class=\"wp-image-769\" srcset=\"https:\/\/automotiverevista.pt\/wp-content\/uploads\/2022\/08\/Imagem2.jpg 589w, https:\/\/automotiverevista.pt\/wp-content\/uploads\/2022\/08\/Imagem2-300x224.jpg 300w\" sizes=\"(max-width: 589px) 100vw, 589px\" \/><\/figure>\n\n\n\n<p>Significa dizer que nos primeiros 7 meses de 2022, 38,% dos ve\u00edculos ligeiros de passageiros matriculados novos foram movidos a outros tipos de energia, sobretudo el\u00e9tricos e h\u00edbridos, sendo que quase 10% dos ve\u00edculos ligeiros de passageiros novos eram <a href=\"https:\/\/automotiverevista.pt\/index.php\/2022\/06\/17\/kia-ev6-sinonimo-de-evolucao-nos-carros-eletricos\/\">el\u00e9tricos<\/a>.<\/p>\n\n\n\n<p><br>Por sua vez, o mercado de <strong><a href=\"https:\/\/automotiverevista.pt\/index.php\/2022\/06\/14\/renault-trafic-van-um-aliado-robusto-para-toda-a-obra\/\">ligeiros de mercadorias<\/a><\/strong> registou em julho \u00faltimo uma evolu\u00e7\u00e3o de 15,5%, o face ao m\u00eas hom\u00f3logo do ano de 2021, situando-se em 1.874 unidades matriculadas. Contudo, quando comparado com o mesmo m\u00eas de 2019, verifica-se um decr\u00e9scimo de 40%.<\/p>\n","protected":false},"excerpt":{"rendered":"<p>Apesar da queda das matricula\u00e7\u00f5es de ve\u00edculos novos por parte das principais marcas, existem algumas exce\u00e7\u00f5es de relevo como \u00e9 o caso da Dacia que nos primeiros setes meses deste ano apresenta um aumento de quase 97% <\/p>\n","protected":false},"author":1,"featured_media":770,"comment_status":"closed","ping_status":"open","sticky":false,"template":"","format":"standard","meta":{"jnews-multi-image_gallery":[],"jnews_single_post":{"subtitle":"","format":"standard","video":"","gallery":"","source_name":"","source_url":"","via_name":"","via_url":"","override_template":"0","override":[{"template":"2","single_blog_custom":"","parallax":"1","fullscreen":"1","layout":"right-sidebar","sidebar":"default-sidebar","second_sidebar":"default-sidebar","sticky_sidebar":"1","share_position":"topbottom","share_float_style":"share-monocrhome","show_share_counter":"0","show_view_counter":"0","show_featured":"1","show_post_meta":"1","show_post_author":"0","show_post_author_image":"1","show_post_date":"1","post_date_format":"default","post_date_format_custom":"Y\/m\/d","show_post_category":"1","show_post_reading_time":"0","post_reading_time_wpm":"300","show_zoom_button":"0","zoom_button_out_step":"2","zoom_button_in_step":"3","show_post_tag":"1","show_prev_next_post":"0","show_popup_post":"1","number_popup_post":"1","show_author_box":"0","show_post_related":"1","show_inline_post_related":"1"}],"override_image_size":"0","image_override":[{"single_post_thumbnail_size":"crop-500","single_post_gallery_size":"crop-500"}],"trending_post":"0","trending_post_position":"meta","trending_post_label":"Trending","sponsored_post":"0","sponsored_post_label":"Sponsored by","sponsored_post_name":"","sponsored_post_url":"","sponsored_post_logo_enable":"0","sponsored_post_logo":"","sponsored_post_desc":"","disable_ad":"0"},"jnews_primary_category":{"id":""},"footnotes":""},"categories":[23],"tags":[52,48],"class_list":["post-766","post","type-post","status-publish","format-standard","has-post-thumbnail","hentry","category-frotas","tag-frota","tag-furgao"],"yoast_head":"<!-- This site is optimized with the Yoast SEO Premium plugin v27.2 (Yoast SEO v27.5) - https:\/\/yoast.com\/product\/yoast-seo-premium-wordpress\/ -->\n<title>Dacia prospera num mercado autom\u00f3vel em queda - Revista Automotive<\/title>\n<meta name=\"robots\" content=\"index, follow, max-snippet:-1, max-image-preview:large, max-video-preview:-1\" \/>\n<link rel=\"canonical\" href=\"https:\/\/automotiverevista.pt\/index.php\/2022\/08\/02\/dacia-prospera-num-mercado-automovel-em-queda\/\" \/>\n<meta property=\"og:locale\" content=\"pt_PT\" \/>\n<meta property=\"og:type\" content=\"article\" \/>\n<meta property=\"og:title\" content=\"Dacia prospera num mercado autom\u00f3vel em queda\" \/>\n<meta property=\"og:description\" content=\"Apesar da queda das matricula\u00e7\u00f5es de ve\u00edculos novos por parte das principais marcas, existem algumas exce\u00e7\u00f5es de relevo como \u00e9 o caso da Dacia que nos primeiros setes meses deste ano apresenta um aumento de quase 97%\" \/>\n<meta property=\"og:url\" content=\"https:\/\/automotiverevista.pt\/index.php\/2022\/08\/02\/dacia-prospera-num-mercado-automovel-em-queda\/\" \/>\n<meta property=\"og:site_name\" content=\"Revista Automotive\" \/>\n<meta property=\"article:published_time\" content=\"2022-08-02T10:13:40+00:00\" \/>\n<meta property=\"article:modified_time\" content=\"2022-08-02T10:56:33+00:00\" \/>\n<meta property=\"og:image\" content=\"https:\/\/automotiverevista.pt\/wp-content\/uploads\/2022\/08\/eIMG_5954-scaled.jpg\" \/>\n\t<meta property=\"og:image:width\" content=\"2560\" \/>\n\t<meta property=\"og:image:height\" content=\"1707\" \/>\n\t<meta property=\"og:image:type\" content=\"image\/jpeg\" \/>\n<meta name=\"author\" content=\"adminNovo\" \/>\n<meta name=\"twitter:card\" content=\"summary_large_image\" \/>\n<meta name=\"twitter:label1\" content=\"Escrito por\" \/>\n\t<meta name=\"twitter:data1\" content=\"adminNovo\" \/>\n\t<meta name=\"twitter:label2\" content=\"Tempo estimado de leitura\" \/>\n\t<meta name=\"twitter:data2\" content=\"4 minutos\" \/>\n<script type=\"application\/ld+json\" class=\"yoast-schema-graph\">{\"@context\":\"https:\\\/\\\/schema.org\",\"@graph\":[{\"@type\":\"Article\",\"@id\":\"https:\\\/\\\/automotiverevista.pt\\\/index.php\\\/2022\\\/08\\\/02\\\/dacia-prospera-num-mercado-automovel-em-queda\\\/#article\",\"isPartOf\":{\"@id\":\"https:\\\/\\\/automotiverevista.pt\\\/index.php\\\/2022\\\/08\\\/02\\\/dacia-prospera-num-mercado-automovel-em-queda\\\/\"},\"author\":{\"name\":\"adminNovo\",\"@id\":\"https:\\\/\\\/automotiverevista.pt\\\/#\\\/schema\\\/person\\\/1265858bc8c78a0f969de814da8be281\"},\"headline\":\"Dacia prospera num mercado autom\u00f3vel em queda\",\"datePublished\":\"2022-08-02T10:13:40+00:00\",\"dateModified\":\"2022-08-02T10:56:33+00:00\",\"mainEntityOfPage\":{\"@id\":\"https:\\\/\\\/automotiverevista.pt\\\/index.php\\\/2022\\\/08\\\/02\\\/dacia-prospera-num-mercado-automovel-em-queda\\\/\"},\"wordCount\":498,\"publisher\":{\"@id\":\"https:\\\/\\\/automotiverevista.pt\\\/#organization\"},\"image\":{\"@id\":\"https:\\\/\\\/automotiverevista.pt\\\/index.php\\\/2022\\\/08\\\/02\\\/dacia-prospera-num-mercado-automovel-em-queda\\\/#primaryimage\"},\"thumbnailUrl\":\"https:\\\/\\\/automotiverevista.pt\\\/wp-content\\\/uploads\\\/2022\\\/08\\\/eIMG_5954-scaled.jpg\",\"keywords\":[\"Frota\",\"furg\u00e3o\"],\"articleSection\":[\"Frotas\"],\"inLanguage\":\"pt-PT\"},{\"@type\":\"WebPage\",\"@id\":\"https:\\\/\\\/automotiverevista.pt\\\/index.php\\\/2022\\\/08\\\/02\\\/dacia-prospera-num-mercado-automovel-em-queda\\\/\",\"url\":\"https:\\\/\\\/automotiverevista.pt\\\/index.php\\\/2022\\\/08\\\/02\\\/dacia-prospera-num-mercado-automovel-em-queda\\\/\",\"name\":\"Dacia prospera num mercado autom\u00f3vel em queda - Revista Automotive\",\"isPartOf\":{\"@id\":\"https:\\\/\\\/automotiverevista.pt\\\/#website\"},\"primaryImageOfPage\":{\"@id\":\"https:\\\/\\\/automotiverevista.pt\\\/index.php\\\/2022\\\/08\\\/02\\\/dacia-prospera-num-mercado-automovel-em-queda\\\/#primaryimage\"},\"image\":{\"@id\":\"https:\\\/\\\/automotiverevista.pt\\\/index.php\\\/2022\\\/08\\\/02\\\/dacia-prospera-num-mercado-automovel-em-queda\\\/#primaryimage\"},\"thumbnailUrl\":\"https:\\\/\\\/automotiverevista.pt\\\/wp-content\\\/uploads\\\/2022\\\/08\\\/eIMG_5954-scaled.jpg\",\"datePublished\":\"2022-08-02T10:13:40+00:00\",\"dateModified\":\"2022-08-02T10:56:33+00:00\",\"breadcrumb\":{\"@id\":\"https:\\\/\\\/automotiverevista.pt\\\/index.php\\\/2022\\\/08\\\/02\\\/dacia-prospera-num-mercado-automovel-em-queda\\\/#breadcrumb\"},\"inLanguage\":\"pt-PT\",\"potentialAction\":[{\"@type\":\"ReadAction\",\"target\":[\"https:\\\/\\\/automotiverevista.pt\\\/index.php\\\/2022\\\/08\\\/02\\\/dacia-prospera-num-mercado-automovel-em-queda\\\/\"]}]},{\"@type\":\"ImageObject\",\"inLanguage\":\"pt-PT\",\"@id\":\"https:\\\/\\\/automotiverevista.pt\\\/index.php\\\/2022\\\/08\\\/02\\\/dacia-prospera-num-mercado-automovel-em-queda\\\/#primaryimage\",\"url\":\"https:\\\/\\\/automotiverevista.pt\\\/wp-content\\\/uploads\\\/2022\\\/08\\\/eIMG_5954-scaled.jpg\",\"contentUrl\":\"https:\\\/\\\/automotiverevista.pt\\\/wp-content\\\/uploads\\\/2022\\\/08\\\/eIMG_5954-scaled.jpg\",\"width\":2560,\"height\":1707},{\"@type\":\"BreadcrumbList\",\"@id\":\"https:\\\/\\\/automotiverevista.pt\\\/index.php\\\/2022\\\/08\\\/02\\\/dacia-prospera-num-mercado-automovel-em-queda\\\/#breadcrumb\",\"itemListElement\":[{\"@type\":\"ListItem\",\"position\":1,\"name\":\"Home\",\"item\":\"https:\\\/\\\/automotiverevista.pt\\\/\"},{\"@type\":\"ListItem\",\"position\":2,\"name\":\"Dacia prospera num mercado autom\u00f3vel em queda\"}]},{\"@type\":\"WebSite\",\"@id\":\"https:\\\/\\\/automotiverevista.pt\\\/#website\",\"url\":\"https:\\\/\\\/automotiverevista.pt\\\/\",\"name\":\"Revista Automotive\",\"description\":\"Revista Automotive Portugal\",\"publisher\":{\"@id\":\"https:\\\/\\\/automotiverevista.pt\\\/#organization\"},\"potentialAction\":[{\"@type\":\"SearchAction\",\"target\":{\"@type\":\"EntryPoint\",\"urlTemplate\":\"https:\\\/\\\/automotiverevista.pt\\\/?s={search_term_string}\"},\"query-input\":{\"@type\":\"PropertyValueSpecification\",\"valueRequired\":true,\"valueName\":\"search_term_string\"}}],\"inLanguage\":\"pt-PT\"},{\"@type\":\"Organization\",\"@id\":\"https:\\\/\\\/automotiverevista.pt\\\/#organization\",\"name\":\"Revista Automotive Portugal\",\"url\":\"https:\\\/\\\/automotiverevista.pt\\\/\",\"logo\":{\"@type\":\"ImageObject\",\"inLanguage\":\"pt-PT\",\"@id\":\"https:\\\/\\\/automotiverevista.pt\\\/#\\\/schema\\\/logo\\\/image\\\/\",\"url\":\"https:\\\/\\\/automotiverevista.pt\\\/wp-content\\\/uploads\\\/2022\\\/07\\\/Logo-Automotive-2021_500-1.jpg\",\"contentUrl\":\"https:\\\/\\\/automotiverevista.pt\\\/wp-content\\\/uploads\\\/2022\\\/07\\\/Logo-Automotive-2021_500-1.jpg\",\"width\":500,\"height\":160,\"caption\":\"Revista Automotive Portugal\"},\"image\":{\"@id\":\"https:\\\/\\\/automotiverevista.pt\\\/#\\\/schema\\\/logo\\\/image\\\/\"},\"sameAs\":[\"https:\\\/\\\/linkedin.com\\\/in\\\/automotiverevista\"]},{\"@type\":\"Person\",\"@id\":\"https:\\\/\\\/automotiverevista.pt\\\/#\\\/schema\\\/person\\\/1265858bc8c78a0f969de814da8be281\",\"name\":\"adminNovo\",\"image\":{\"@type\":\"ImageObject\",\"inLanguage\":\"pt-PT\",\"@id\":\"https:\\\/\\\/secure.gravatar.com\\\/avatar\\\/c606c1288dcc11eb4c709aa5136fdb962583c410f5c23c0b7bf6917c542be355?s=96&d=mm&r=g\",\"url\":\"https:\\\/\\\/secure.gravatar.com\\\/avatar\\\/c606c1288dcc11eb4c709aa5136fdb962583c410f5c23c0b7bf6917c542be355?s=96&d=mm&r=g\",\"contentUrl\":\"https:\\\/\\\/secure.gravatar.com\\\/avatar\\\/c606c1288dcc11eb4c709aa5136fdb962583c410f5c23c0b7bf6917c542be355?s=96&d=mm&r=g\",\"caption\":\"adminNovo\"},\"sameAs\":[\"https:\\\/\\\/automotiverevista.pt\"],\"url\":\"https:\\\/\\\/automotiverevista.pt\\\/index.php\\\/author\\\/adminnovo\\\/\"}]}<\/script>\n<!-- \/ Yoast SEO Premium plugin. -->","yoast_head_json":{"title":"Dacia prospera num mercado autom\u00f3vel em queda - Revista Automotive","robots":{"index":"index","follow":"follow","max-snippet":"max-snippet:-1","max-image-preview":"max-image-preview:large","max-video-preview":"max-video-preview:-1"},"canonical":"https:\/\/automotiverevista.pt\/index.php\/2022\/08\/02\/dacia-prospera-num-mercado-automovel-em-queda\/","og_locale":"pt_PT","og_type":"article","og_title":"Dacia prospera num mercado autom\u00f3vel em queda","og_description":"Apesar da queda das matricula\u00e7\u00f5es de ve\u00edculos novos por parte das principais marcas, existem algumas exce\u00e7\u00f5es de relevo como \u00e9 o caso da Dacia que nos primeiros setes meses deste ano apresenta um aumento de quase 97%","og_url":"https:\/\/automotiverevista.pt\/index.php\/2022\/08\/02\/dacia-prospera-num-mercado-automovel-em-queda\/","og_site_name":"Revista Automotive","article_published_time":"2022-08-02T10:13:40+00:00","article_modified_time":"2022-08-02T10:56:33+00:00","og_image":[{"width":2560,"height":1707,"url":"https:\/\/automotiverevista.pt\/wp-content\/uploads\/2022\/08\/eIMG_5954-scaled.jpg","type":"image\/jpeg"}],"author":"adminNovo","twitter_card":"summary_large_image","twitter_misc":{"Escrito por":"adminNovo","Tempo estimado de leitura":"4 minutos"},"schema":{"@context":"https:\/\/schema.org","@graph":[{"@type":"Article","@id":"https:\/\/automotiverevista.pt\/index.php\/2022\/08\/02\/dacia-prospera-num-mercado-automovel-em-queda\/#article","isPartOf":{"@id":"https:\/\/automotiverevista.pt\/index.php\/2022\/08\/02\/dacia-prospera-num-mercado-automovel-em-queda\/"},"author":{"name":"adminNovo","@id":"https:\/\/automotiverevista.pt\/#\/schema\/person\/1265858bc8c78a0f969de814da8be281"},"headline":"Dacia prospera num mercado autom\u00f3vel em queda","datePublished":"2022-08-02T10:13:40+00:00","dateModified":"2022-08-02T10:56:33+00:00","mainEntityOfPage":{"@id":"https:\/\/automotiverevista.pt\/index.php\/2022\/08\/02\/dacia-prospera-num-mercado-automovel-em-queda\/"},"wordCount":498,"publisher":{"@id":"https:\/\/automotiverevista.pt\/#organization"},"image":{"@id":"https:\/\/automotiverevista.pt\/index.php\/2022\/08\/02\/dacia-prospera-num-mercado-automovel-em-queda\/#primaryimage"},"thumbnailUrl":"https:\/\/automotiverevista.pt\/wp-content\/uploads\/2022\/08\/eIMG_5954-scaled.jpg","keywords":["Frota","furg\u00e3o"],"articleSection":["Frotas"],"inLanguage":"pt-PT"},{"@type":"WebPage","@id":"https:\/\/automotiverevista.pt\/index.php\/2022\/08\/02\/dacia-prospera-num-mercado-automovel-em-queda\/","url":"https:\/\/automotiverevista.pt\/index.php\/2022\/08\/02\/dacia-prospera-num-mercado-automovel-em-queda\/","name":"Dacia prospera num mercado autom\u00f3vel em queda - Revista Automotive","isPartOf":{"@id":"https:\/\/automotiverevista.pt\/#website"},"primaryImageOfPage":{"@id":"https:\/\/automotiverevista.pt\/index.php\/2022\/08\/02\/dacia-prospera-num-mercado-automovel-em-queda\/#primaryimage"},"image":{"@id":"https:\/\/automotiverevista.pt\/index.php\/2022\/08\/02\/dacia-prospera-num-mercado-automovel-em-queda\/#primaryimage"},"thumbnailUrl":"https:\/\/automotiverevista.pt\/wp-content\/uploads\/2022\/08\/eIMG_5954-scaled.jpg","datePublished":"2022-08-02T10:13:40+00:00","dateModified":"2022-08-02T10:56:33+00:00","breadcrumb":{"@id":"https:\/\/automotiverevista.pt\/index.php\/2022\/08\/02\/dacia-prospera-num-mercado-automovel-em-queda\/#breadcrumb"},"inLanguage":"pt-PT","potentialAction":[{"@type":"ReadAction","target":["https:\/\/automotiverevista.pt\/index.php\/2022\/08\/02\/dacia-prospera-num-mercado-automovel-em-queda\/"]}]},{"@type":"ImageObject","inLanguage":"pt-PT","@id":"https:\/\/automotiverevista.pt\/index.php\/2022\/08\/02\/dacia-prospera-num-mercado-automovel-em-queda\/#primaryimage","url":"https:\/\/automotiverevista.pt\/wp-content\/uploads\/2022\/08\/eIMG_5954-scaled.jpg","contentUrl":"https:\/\/automotiverevista.pt\/wp-content\/uploads\/2022\/08\/eIMG_5954-scaled.jpg","width":2560,"height":1707},{"@type":"BreadcrumbList","@id":"https:\/\/automotiverevista.pt\/index.php\/2022\/08\/02\/dacia-prospera-num-mercado-automovel-em-queda\/#breadcrumb","itemListElement":[{"@type":"ListItem","position":1,"name":"Home","item":"https:\/\/automotiverevista.pt\/"},{"@type":"ListItem","position":2,"name":"Dacia prospera num mercado autom\u00f3vel em queda"}]},{"@type":"WebSite","@id":"https:\/\/automotiverevista.pt\/#website","url":"https:\/\/automotiverevista.pt\/","name":"Revista Automotive","description":"Revista Automotive Portugal","publisher":{"@id":"https:\/\/automotiverevista.pt\/#organization"},"potentialAction":[{"@type":"SearchAction","target":{"@type":"EntryPoint","urlTemplate":"https:\/\/automotiverevista.pt\/?s={search_term_string}"},"query-input":{"@type":"PropertyValueSpecification","valueRequired":true,"valueName":"search_term_string"}}],"inLanguage":"pt-PT"},{"@type":"Organization","@id":"https:\/\/automotiverevista.pt\/#organization","name":"Revista Automotive Portugal","url":"https:\/\/automotiverevista.pt\/","logo":{"@type":"ImageObject","inLanguage":"pt-PT","@id":"https:\/\/automotiverevista.pt\/#\/schema\/logo\/image\/","url":"https:\/\/automotiverevista.pt\/wp-content\/uploads\/2022\/07\/Logo-Automotive-2021_500-1.jpg","contentUrl":"https:\/\/automotiverevista.pt\/wp-content\/uploads\/2022\/07\/Logo-Automotive-2021_500-1.jpg","width":500,"height":160,"caption":"Revista Automotive Portugal"},"image":{"@id":"https:\/\/automotiverevista.pt\/#\/schema\/logo\/image\/"},"sameAs":["https:\/\/linkedin.com\/in\/automotiverevista"]},{"@type":"Person","@id":"https:\/\/automotiverevista.pt\/#\/schema\/person\/1265858bc8c78a0f969de814da8be281","name":"adminNovo","image":{"@type":"ImageObject","inLanguage":"pt-PT","@id":"https:\/\/secure.gravatar.com\/avatar\/c606c1288dcc11eb4c709aa5136fdb962583c410f5c23c0b7bf6917c542be355?s=96&d=mm&r=g","url":"https:\/\/secure.gravatar.com\/avatar\/c606c1288dcc11eb4c709aa5136fdb962583c410f5c23c0b7bf6917c542be355?s=96&d=mm&r=g","contentUrl":"https:\/\/secure.gravatar.com\/avatar\/c606c1288dcc11eb4c709aa5136fdb962583c410f5c23c0b7bf6917c542be355?s=96&d=mm&r=g","caption":"adminNovo"},"sameAs":["https:\/\/automotiverevista.pt"],"url":"https:\/\/automotiverevista.pt\/index.php\/author\/adminnovo\/"}]}},"_links":{"self":[{"href":"https:\/\/automotiverevista.pt\/index.php\/wp-json\/wp\/v2\/posts\/766","targetHints":{"allow":["GET"]}}],"collection":[{"href":"https:\/\/automotiverevista.pt\/index.php\/wp-json\/wp\/v2\/posts"}],"about":[{"href":"https:\/\/automotiverevista.pt\/index.php\/wp-json\/wp\/v2\/types\/post"}],"author":[{"embeddable":true,"href":"https:\/\/automotiverevista.pt\/index.php\/wp-json\/wp\/v2\/users\/1"}],"replies":[{"embeddable":true,"href":"https:\/\/automotiverevista.pt\/index.php\/wp-json\/wp\/v2\/comments?post=766"}],"version-history":[{"count":3,"href":"https:\/\/automotiverevista.pt\/index.php\/wp-json\/wp\/v2\/posts\/766\/revisions"}],"predecessor-version":[{"id":774,"href":"https:\/\/automotiverevista.pt\/index.php\/wp-json\/wp\/v2\/posts\/766\/revisions\/774"}],"wp:featuredmedia":[{"embeddable":true,"href":"https:\/\/automotiverevista.pt\/index.php\/wp-json\/wp\/v2\/media\/770"}],"wp:attachment":[{"href":"https:\/\/automotiverevista.pt\/index.php\/wp-json\/wp\/v2\/media?parent=766"}],"wp:term":[{"taxonomy":"category","embeddable":true,"href":"https:\/\/automotiverevista.pt\/index.php\/wp-json\/wp\/v2\/categories?post=766"},{"taxonomy":"post_tag","embeddable":true,"href":"https:\/\/automotiverevista.pt\/index.php\/wp-json\/wp\/v2\/tags?post=766"}],"curies":[{"name":"wp","href":"https:\/\/api.w.org\/{rel}","templated":true}]}}