{"id":7909,"date":"2024-12-02T14:02:00","date_gmt":"2024-12-02T14:02:00","guid":{"rendered":"https:\/\/automotiverevista.pt\/?p=7909"},"modified":"2024-12-02T11:03:29","modified_gmt":"2024-12-02T11:03:29","slug":"man-inaugura-unidade-de-producao-de-baterias-em-nuremberga","status":"publish","type":"post","link":"https:\/\/automotiverevista.pt\/index.php\/2024\/12\/02\/man-inaugura-unidade-de-producao-de-baterias-em-nuremberga\/","title":{"rendered":"MAN inaugura unidade de produ\u00e7\u00e3o de baterias em Nuremberga"},"content":{"rendered":"\n<p>A MAN Truck &amp; Bus est\u00e1 a acelerar a sua transi\u00e7\u00e3o para a eletromobilidade. Ap\u00f3s um per\u00edodo de constru\u00e7\u00e3o de apenas um ano, a empresa realizou a cerim\u00f3nia de conclus\u00e3o do novo edif\u00edcio para a produ\u00e7\u00e3o em larga escala de baterias para cami\u00f5es totalmente el\u00e9tricos e autocarros nas suas instala\u00e7\u00f5es em Nuremberga, com um investimento total de 100 milh\u00f5es de euros.<\/p>\n\n\n\n<p>Poucas semanas ap\u00f3s a entrega do primeiro MAN eTruck 100% el\u00e9trico a um cliente, a cerim\u00f3nia de conclus\u00e3o surge como o ponto alto para este fabricante de ve\u00edculos comerciais com sede em Munique. Assim, a partir de abril de 2025, as baterias de alta tens\u00e3o ser\u00e3o fabricadas industrialmente em Nuremberga, utilizando m\u00e9todos de produ\u00e7\u00e3o de \u00faltima gera\u00e7\u00e3o, otimizando uma instala\u00e7\u00e3o com 17 mil metros quadrados, possibilitando a cria\u00e7\u00e3o de quase 350 novos postos de trabalho para o futuro.<\/p>\n\n\n\n<p>A MAN passa a ser o primeiro fabricante de ve\u00edculos comerciais a iniciar a sua pr\u00f3pria produ\u00e7\u00e3o em s\u00e9rie de baterias na Alemanha.<\/p>\n\n\n\n<p><strong>Transi\u00e7\u00e3o energ\u00e9tica<\/strong><\/p>\n\n\n\n<p>Segundo <strong>Alexander Vlaskamp<\/strong>, CEO da MAN Truck &amp; Bus, \u201cas unidades do futuro est\u00e3o a ser criadas em Nuremberga, onde dentro de alguns meses utilizaremos as mais recentes tecnologias para a produ\u00e7\u00e3o de baterias em larga escala. Trata-se de um marco importante para a nossa empresa no caminho rumo \u00e0 eletromobilidade, e tamb\u00e9m \u00e9 um sinal de compromisso da MAN com a Baviera e a Alemanha como local de neg\u00f3cios\u201d.<\/p>\n\n\n\n<p>Atualmente, as baterias para os ve\u00edculos totalmente el\u00e9tricos da MAN j\u00e1 est\u00e3o a ser produzidas em pequenas s\u00e9ries nas instala\u00e7\u00f5es de Nuremberga. Com o in\u00edcio da produ\u00e7\u00e3o em grande escala, a \u00e1rea de produ\u00e7\u00e3o em pequenas s\u00e9ries ser\u00e1 gradualmente convertida para o desenvolvimento da pr\u00f3xima gera\u00e7\u00e3o de baterias e tamb\u00e9m para o recondicionamento das baterias. A partir de abril de 2025, os m\u00f3dulos entregues ser\u00e3o inseridos em camadas de bateria na produ\u00e7\u00e3o em grandes s\u00e9ries. Estas camadas ser\u00e3o empilhadas umas sobre as outras para formar a bateria e depois testadas.<\/p>\n\n\n\n<p>A nova unidade conta com mais de 50 esta\u00e7\u00f5es de montagem manuais e automatizadas e sete bancadas de ensaio para garantia de qualidade A partir de abril de 2025, ser\u00e3o constru\u00eddas at\u00e9 50 mil baterias por ano, numa fase inicial de expans\u00e3o. Dependendo do desenvolvimento do mercado, esta capacidade dever\u00e1 ser expandida para at\u00e9 100 mil baterias de alta tens\u00e3o at\u00e9 2030. Com mais de 35 metros de altura, o novo edif\u00edcio \u00e9 o edif\u00edcio de produ\u00e7\u00e3o mais alto do local.<\/p>\n\n\n\n<figure class=\"wp-block-image size-large is-resized\"><img decoding=\"async\" width=\"1024\" height=\"468\" src=\"https:\/\/automotiverevista.pt\/wp-content\/uploads\/2024\/12\/Capturar2-1024x468.jpg\" alt=\"\" class=\"wp-image-7913\" style=\"width:783px;height:auto\" srcset=\"https:\/\/automotiverevista.pt\/wp-content\/uploads\/2024\/12\/Capturar2-1024x468.jpg 1024w, https:\/\/automotiverevista.pt\/wp-content\/uploads\/2024\/12\/Capturar2-300x137.jpg 300w, https:\/\/automotiverevista.pt\/wp-content\/uploads\/2024\/12\/Capturar2-768x351.jpg 768w, https:\/\/automotiverevista.pt\/wp-content\/uploads\/2024\/12\/Capturar2-750x343.jpg 750w, https:\/\/automotiverevista.pt\/wp-content\/uploads\/2024\/12\/Capturar2-1140x521.jpg 1140w, https:\/\/automotiverevista.pt\/wp-content\/uploads\/2024\/12\/Capturar2.jpg 1342w\" sizes=\"(max-width: 1024px) 100vw, 1024px\" \/><\/figure>\n\n\n\n<p><strong>Financiamento estatal<\/strong><\/p>\n\n\n\n<p>O Estado Livre da Baviera est\u00e1 a financiar o desenvolvimento e a investiga\u00e7\u00e3o em tecnologia de baterias com cerca de 30 milh\u00f5es de euros. Este investimento permitiu a integra\u00e7\u00e3o de c\u00e9lulas inovadoras de soldadura a laser. A soldadura a laser \u00e9 a tecnologia de produ\u00e7\u00e3o mais inovadora, eficiente e suave na constru\u00e7\u00e3o de m\u00f3dulos de baterias. Com um potente laser de disco de 8 kW, \u00f3tica guiada por rob\u00f4 e sensores ultrafinos, as c\u00e9lulas de bateria individuais s\u00e3o ligadas eletricamente entre si com a mais alta precis\u00e3o e qualidade. Em conjunto com a Universidade T\u00e9cnica (TU) de Munique, a MAN est\u00e1 a investigar o desenvolvimento desta tecnologia, que ser\u00e1 utilizada numa futura gera\u00e7\u00e3o de baterias.<\/p>\n\n\n\n<p>Na imagem, o primeiro-ministro da Baviera, Markus S\u00f6der (\u00e0 frente), com Frederik Zohm, membro do conselho de investiga\u00e7\u00e3o e desenvolvimento da MAN, Alexander Vlaskamp, \u200b\u200bCEO da MAN Truck &amp; Bus, e Michael Kobriger, membro do conselho de produ\u00e7\u00e3o e log\u00edstica da MAN, bem como Markus Wansch, presidente do conselho de trabalhadores das instala\u00e7\u00f5es da MAN em Nuremberga (da esquerda para a direita). <\/p>\n\n\n\n<figure class=\"wp-block-image size-large is-resized\"><img decoding=\"async\" width=\"1024\" height=\"576\" src=\"https:\/\/automotiverevista.pt\/wp-content\/uploads\/2024\/12\/1920_man-7141-ausschnitt-1024x576.jpg\" alt=\"\" class=\"wp-image-7914\" style=\"width:825px;height:auto\" srcset=\"https:\/\/automotiverevista.pt\/wp-content\/uploads\/2024\/12\/1920_man-7141-ausschnitt-1024x576.jpg 1024w, https:\/\/automotiverevista.pt\/wp-content\/uploads\/2024\/12\/1920_man-7141-ausschnitt-300x169.jpg 300w, https:\/\/automotiverevista.pt\/wp-content\/uploads\/2024\/12\/1920_man-7141-ausschnitt-768x432.jpg 768w, https:\/\/automotiverevista.pt\/wp-content\/uploads\/2024\/12\/1920_man-7141-ausschnitt-1536x864.jpg 1536w, https:\/\/automotiverevista.pt\/wp-content\/uploads\/2024\/12\/1920_man-7141-ausschnitt-750x422.jpg 750w, https:\/\/automotiverevista.pt\/wp-content\/uploads\/2024\/12\/1920_man-7141-ausschnitt-1140x641.jpg 1140w, https:\/\/automotiverevista.pt\/wp-content\/uploads\/2024\/12\/1920_man-7141-ausschnitt.jpg 1920w\" sizes=\"(max-width: 1024px) 100vw, 1024px\" \/><\/figure>\n","protected":false},"excerpt":{"rendered":"<p>A MAN Truck &amp; Bus est\u00e1 a acelerar a sua transi\u00e7\u00e3o para a eletromobilidade. Ap\u00f3s um per\u00edodo de constru\u00e7\u00e3o de apenas um ano, a empresa realizou a cerim\u00f3nia de conclus\u00e3o do novo edif\u00edcio para a produ\u00e7\u00e3o em larga escala de baterias para cami\u00f5es totalmente el\u00e9tricos e autocarros nas suas instala\u00e7\u00f5es em Nuremberga, com um investimento [&hellip;]<\/p>\n","protected":false},"author":1,"featured_media":7910,"comment_status":"closed","ping_status":"open","sticky":false,"template":"","format":"standard","meta":{"jnews-multi-image_gallery":[],"jnews_single_post":{"format":"standard"},"jnews_primary_category":[],"footnotes":""},"categories":[25],"tags":[],"class_list":["post-7909","post","type-post","status-publish","format-standard","has-post-thumbnail","hentry","category-pesados-e-maquinas"],"yoast_head":"<!-- This site is optimized with the Yoast SEO Premium plugin v27.5 (Yoast SEO v27.5) - https:\/\/yoast.com\/product\/yoast-seo-premium-wordpress\/ -->\n<title>MAN inaugura unidade de produ\u00e7\u00e3o de baterias em Nuremberga - Revista Automotive<\/title>\n<meta name=\"description\" content=\"A MAN Truck &amp; Bus est\u00e1 a acelerar a sua transi\u00e7\u00e3o para a eletromobilidade. Ap\u00f3s um per\u00edodo larga escala de baterias para cami\u00f5es\" \/>\n<meta name=\"robots\" content=\"index, follow, max-snippet:-1, max-image-preview:large, max-video-preview:-1\" \/>\n<link rel=\"canonical\" href=\"https:\/\/automotiverevista.pt\/index.php\/2024\/12\/02\/man-inaugura-unidade-de-producao-de-baterias-em-nuremberga\/\" \/>\n<meta property=\"og:locale\" content=\"pt_PT\" \/>\n<meta property=\"og:type\" content=\"article\" \/>\n<meta property=\"og:title\" content=\"MAN inaugura unidade de produ\u00e7\u00e3o de baterias em Nuremberga\" \/>\n<meta property=\"og:description\" content=\"A MAN Truck &amp; Bus est\u00e1 a acelerar a sua transi\u00e7\u00e3o para a eletromobilidade. Ap\u00f3s um per\u00edodo larga escala de baterias para cami\u00f5es\" \/>\n<meta property=\"og:url\" content=\"https:\/\/automotiverevista.pt\/index.php\/2024\/12\/02\/man-inaugura-unidade-de-producao-de-baterias-em-nuremberga\/\" \/>\n<meta property=\"og:site_name\" content=\"Revista Automotive\" \/>\n<meta property=\"article:published_time\" content=\"2024-12-02T14:02:00+00:00\" \/>\n<meta property=\"og:image\" content=\"https:\/\/automotiverevista.pt\/wp-content\/uploads\/2024\/12\/Capturar.jpg\" \/>\n\t<meta property=\"og:image:width\" content=\"1344\" \/>\n\t<meta property=\"og:image:height\" content=\"614\" \/>\n\t<meta property=\"og:image:type\" content=\"image\/jpeg\" \/>\n<meta name=\"author\" content=\"adminNovo\" \/>\n<meta name=\"twitter:card\" content=\"summary_large_image\" \/>\n<meta name=\"twitter:label1\" content=\"Escrito por\" \/>\n\t<meta name=\"twitter:data1\" content=\"adminNovo\" \/>\n\t<meta name=\"twitter:label2\" content=\"Tempo estimado de leitura\" \/>\n\t<meta name=\"twitter:data2\" content=\"4 minutos\" \/>\n<script type=\"application\/ld+json\" class=\"yoast-schema-graph\">{\"@context\":\"https:\\\/\\\/schema.org\",\"@graph\":[{\"@type\":\"Article\",\"@id\":\"https:\\\/\\\/automotiverevista.pt\\\/index.php\\\/2024\\\/12\\\/02\\\/man-inaugura-unidade-de-producao-de-baterias-em-nuremberga\\\/#article\",\"isPartOf\":{\"@id\":\"https:\\\/\\\/automotiverevista.pt\\\/index.php\\\/2024\\\/12\\\/02\\\/man-inaugura-unidade-de-producao-de-baterias-em-nuremberga\\\/\"},\"author\":{\"name\":\"adminNovo\",\"@id\":\"https:\\\/\\\/automotiverevista.pt\\\/#\\\/schema\\\/person\\\/1265858bc8c78a0f969de814da8be281\"},\"headline\":\"MAN inaugura unidade de produ\u00e7\u00e3o de baterias em Nuremberga\",\"datePublished\":\"2024-12-02T14:02:00+00:00\",\"mainEntityOfPage\":{\"@id\":\"https:\\\/\\\/automotiverevista.pt\\\/index.php\\\/2024\\\/12\\\/02\\\/man-inaugura-unidade-de-producao-de-baterias-em-nuremberga\\\/\"},\"wordCount\":651,\"publisher\":{\"@id\":\"https:\\\/\\\/automotiverevista.pt\\\/#organization\"},\"image\":{\"@id\":\"https:\\\/\\\/automotiverevista.pt\\\/index.php\\\/2024\\\/12\\\/02\\\/man-inaugura-unidade-de-producao-de-baterias-em-nuremberga\\\/#primaryimage\"},\"thumbnailUrl\":\"https:\\\/\\\/automotiverevista.pt\\\/wp-content\\\/uploads\\\/2024\\\/12\\\/Capturar.jpg\",\"articleSection\":[\"Pesados e M\u00e1quinas\"],\"inLanguage\":\"pt-PT\"},{\"@type\":\"WebPage\",\"@id\":\"https:\\\/\\\/automotiverevista.pt\\\/index.php\\\/2024\\\/12\\\/02\\\/man-inaugura-unidade-de-producao-de-baterias-em-nuremberga\\\/\",\"url\":\"https:\\\/\\\/automotiverevista.pt\\\/index.php\\\/2024\\\/12\\\/02\\\/man-inaugura-unidade-de-producao-de-baterias-em-nuremberga\\\/\",\"name\":\"MAN inaugura unidade de produ\u00e7\u00e3o de baterias em Nuremberga - Revista Automotive\",\"isPartOf\":{\"@id\":\"https:\\\/\\\/automotiverevista.pt\\\/#website\"},\"primaryImageOfPage\":{\"@id\":\"https:\\\/\\\/automotiverevista.pt\\\/index.php\\\/2024\\\/12\\\/02\\\/man-inaugura-unidade-de-producao-de-baterias-em-nuremberga\\\/#primaryimage\"},\"image\":{\"@id\":\"https:\\\/\\\/automotiverevista.pt\\\/index.php\\\/2024\\\/12\\\/02\\\/man-inaugura-unidade-de-producao-de-baterias-em-nuremberga\\\/#primaryimage\"},\"thumbnailUrl\":\"https:\\\/\\\/automotiverevista.pt\\\/wp-content\\\/uploads\\\/2024\\\/12\\\/Capturar.jpg\",\"datePublished\":\"2024-12-02T14:02:00+00:00\",\"description\":\"A MAN Truck & Bus est\u00e1 a acelerar a sua transi\u00e7\u00e3o para a eletromobilidade. Ap\u00f3s um per\u00edodo larga escala de baterias para cami\u00f5es\",\"breadcrumb\":{\"@id\":\"https:\\\/\\\/automotiverevista.pt\\\/index.php\\\/2024\\\/12\\\/02\\\/man-inaugura-unidade-de-producao-de-baterias-em-nuremberga\\\/#breadcrumb\"},\"inLanguage\":\"pt-PT\",\"potentialAction\":[{\"@type\":\"ReadAction\",\"target\":[\"https:\\\/\\\/automotiverevista.pt\\\/index.php\\\/2024\\\/12\\\/02\\\/man-inaugura-unidade-de-producao-de-baterias-em-nuremberga\\\/\"]}]},{\"@type\":\"ImageObject\",\"inLanguage\":\"pt-PT\",\"@id\":\"https:\\\/\\\/automotiverevista.pt\\\/index.php\\\/2024\\\/12\\\/02\\\/man-inaugura-unidade-de-producao-de-baterias-em-nuremberga\\\/#primaryimage\",\"url\":\"https:\\\/\\\/automotiverevista.pt\\\/wp-content\\\/uploads\\\/2024\\\/12\\\/Capturar.jpg\",\"contentUrl\":\"https:\\\/\\\/automotiverevista.pt\\\/wp-content\\\/uploads\\\/2024\\\/12\\\/Capturar.jpg\",\"width\":1344,\"height\":614},{\"@type\":\"BreadcrumbList\",\"@id\":\"https:\\\/\\\/automotiverevista.pt\\\/index.php\\\/2024\\\/12\\\/02\\\/man-inaugura-unidade-de-producao-de-baterias-em-nuremberga\\\/#breadcrumb\",\"itemListElement\":[{\"@type\":\"ListItem\",\"position\":1,\"name\":\"Home\",\"item\":\"https:\\\/\\\/automotiverevista.pt\\\/\"},{\"@type\":\"ListItem\",\"position\":2,\"name\":\"MAN inaugura unidade de produ\u00e7\u00e3o de baterias em Nuremberga\"}]},{\"@type\":\"WebSite\",\"@id\":\"https:\\\/\\\/automotiverevista.pt\\\/#website\",\"url\":\"https:\\\/\\\/automotiverevista.pt\\\/\",\"name\":\"Revista Automotive\",\"description\":\"Revista Automotive Portugal\",\"publisher\":{\"@id\":\"https:\\\/\\\/automotiverevista.pt\\\/#organization\"},\"potentialAction\":[{\"@type\":\"SearchAction\",\"target\":{\"@type\":\"EntryPoint\",\"urlTemplate\":\"https:\\\/\\\/automotiverevista.pt\\\/?s={search_term_string}\"},\"query-input\":{\"@type\":\"PropertyValueSpecification\",\"valueRequired\":true,\"valueName\":\"search_term_string\"}}],\"inLanguage\":\"pt-PT\"},{\"@type\":\"Organization\",\"@id\":\"https:\\\/\\\/automotiverevista.pt\\\/#organization\",\"name\":\"Revista Automotive Portugal\",\"url\":\"https:\\\/\\\/automotiverevista.pt\\\/\",\"logo\":{\"@type\":\"ImageObject\",\"inLanguage\":\"pt-PT\",\"@id\":\"https:\\\/\\\/automotiverevista.pt\\\/#\\\/schema\\\/logo\\\/image\\\/\",\"url\":\"https:\\\/\\\/automotiverevista.pt\\\/wp-content\\\/uploads\\\/2022\\\/07\\\/Logo-Automotive-2021_500-1.jpg\",\"contentUrl\":\"https:\\\/\\\/automotiverevista.pt\\\/wp-content\\\/uploads\\\/2022\\\/07\\\/Logo-Automotive-2021_500-1.jpg\",\"width\":500,\"height\":160,\"caption\":\"Revista Automotive Portugal\"},\"image\":{\"@id\":\"https:\\\/\\\/automotiverevista.pt\\\/#\\\/schema\\\/logo\\\/image\\\/\"},\"sameAs\":[\"https:\\\/\\\/linkedin.com\\\/in\\\/automotiverevista\"]},{\"@type\":\"Person\",\"@id\":\"https:\\\/\\\/automotiverevista.pt\\\/#\\\/schema\\\/person\\\/1265858bc8c78a0f969de814da8be281\",\"name\":\"adminNovo\",\"image\":{\"@type\":\"ImageObject\",\"inLanguage\":\"pt-PT\",\"@id\":\"https:\\\/\\\/secure.gravatar.com\\\/avatar\\\/c606c1288dcc11eb4c709aa5136fdb962583c410f5c23c0b7bf6917c542be355?s=96&d=mm&r=g\",\"url\":\"https:\\\/\\\/secure.gravatar.com\\\/avatar\\\/c606c1288dcc11eb4c709aa5136fdb962583c410f5c23c0b7bf6917c542be355?s=96&d=mm&r=g\",\"contentUrl\":\"https:\\\/\\\/secure.gravatar.com\\\/avatar\\\/c606c1288dcc11eb4c709aa5136fdb962583c410f5c23c0b7bf6917c542be355?s=96&d=mm&r=g\",\"caption\":\"adminNovo\"},\"sameAs\":[\"https:\\\/\\\/automotiverevista.pt\"],\"url\":\"https:\\\/\\\/automotiverevista.pt\\\/index.php\\\/author\\\/adminnovo\\\/\"}]}<\/script>\n<!-- \/ Yoast SEO Premium plugin. -->","yoast_head_json":{"title":"MAN inaugura unidade de produ\u00e7\u00e3o de baterias em Nuremberga - Revista Automotive","description":"A MAN Truck & Bus est\u00e1 a acelerar a sua transi\u00e7\u00e3o para a eletromobilidade. Ap\u00f3s um per\u00edodo larga escala de baterias para cami\u00f5es","robots":{"index":"index","follow":"follow","max-snippet":"max-snippet:-1","max-image-preview":"max-image-preview:large","max-video-preview":"max-video-preview:-1"},"canonical":"https:\/\/automotiverevista.pt\/index.php\/2024\/12\/02\/man-inaugura-unidade-de-producao-de-baterias-em-nuremberga\/","og_locale":"pt_PT","og_type":"article","og_title":"MAN inaugura unidade de produ\u00e7\u00e3o de baterias em Nuremberga","og_description":"A MAN Truck & Bus est\u00e1 a acelerar a sua transi\u00e7\u00e3o para a eletromobilidade. Ap\u00f3s um per\u00edodo larga escala de baterias para cami\u00f5es","og_url":"https:\/\/automotiverevista.pt\/index.php\/2024\/12\/02\/man-inaugura-unidade-de-producao-de-baterias-em-nuremberga\/","og_site_name":"Revista Automotive","article_published_time":"2024-12-02T14:02:00+00:00","og_image":[{"width":1344,"height":614,"url":"https:\/\/automotiverevista.pt\/wp-content\/uploads\/2024\/12\/Capturar.jpg","type":"image\/jpeg"}],"author":"adminNovo","twitter_card":"summary_large_image","twitter_misc":{"Escrito por":"adminNovo","Tempo estimado de leitura":"4 minutos"},"schema":{"@context":"https:\/\/schema.org","@graph":[{"@type":"Article","@id":"https:\/\/automotiverevista.pt\/index.php\/2024\/12\/02\/man-inaugura-unidade-de-producao-de-baterias-em-nuremberga\/#article","isPartOf":{"@id":"https:\/\/automotiverevista.pt\/index.php\/2024\/12\/02\/man-inaugura-unidade-de-producao-de-baterias-em-nuremberga\/"},"author":{"name":"adminNovo","@id":"https:\/\/automotiverevista.pt\/#\/schema\/person\/1265858bc8c78a0f969de814da8be281"},"headline":"MAN inaugura unidade de produ\u00e7\u00e3o de baterias em Nuremberga","datePublished":"2024-12-02T14:02:00+00:00","mainEntityOfPage":{"@id":"https:\/\/automotiverevista.pt\/index.php\/2024\/12\/02\/man-inaugura-unidade-de-producao-de-baterias-em-nuremberga\/"},"wordCount":651,"publisher":{"@id":"https:\/\/automotiverevista.pt\/#organization"},"image":{"@id":"https:\/\/automotiverevista.pt\/index.php\/2024\/12\/02\/man-inaugura-unidade-de-producao-de-baterias-em-nuremberga\/#primaryimage"},"thumbnailUrl":"https:\/\/automotiverevista.pt\/wp-content\/uploads\/2024\/12\/Capturar.jpg","articleSection":["Pesados e M\u00e1quinas"],"inLanguage":"pt-PT"},{"@type":"WebPage","@id":"https:\/\/automotiverevista.pt\/index.php\/2024\/12\/02\/man-inaugura-unidade-de-producao-de-baterias-em-nuremberga\/","url":"https:\/\/automotiverevista.pt\/index.php\/2024\/12\/02\/man-inaugura-unidade-de-producao-de-baterias-em-nuremberga\/","name":"MAN inaugura unidade de produ\u00e7\u00e3o de baterias em Nuremberga - Revista Automotive","isPartOf":{"@id":"https:\/\/automotiverevista.pt\/#website"},"primaryImageOfPage":{"@id":"https:\/\/automotiverevista.pt\/index.php\/2024\/12\/02\/man-inaugura-unidade-de-producao-de-baterias-em-nuremberga\/#primaryimage"},"image":{"@id":"https:\/\/automotiverevista.pt\/index.php\/2024\/12\/02\/man-inaugura-unidade-de-producao-de-baterias-em-nuremberga\/#primaryimage"},"thumbnailUrl":"https:\/\/automotiverevista.pt\/wp-content\/uploads\/2024\/12\/Capturar.jpg","datePublished":"2024-12-02T14:02:00+00:00","description":"A MAN Truck & Bus est\u00e1 a acelerar a sua transi\u00e7\u00e3o para a eletromobilidade. Ap\u00f3s um per\u00edodo larga escala de baterias para cami\u00f5es","breadcrumb":{"@id":"https:\/\/automotiverevista.pt\/index.php\/2024\/12\/02\/man-inaugura-unidade-de-producao-de-baterias-em-nuremberga\/#breadcrumb"},"inLanguage":"pt-PT","potentialAction":[{"@type":"ReadAction","target":["https:\/\/automotiverevista.pt\/index.php\/2024\/12\/02\/man-inaugura-unidade-de-producao-de-baterias-em-nuremberga\/"]}]},{"@type":"ImageObject","inLanguage":"pt-PT","@id":"https:\/\/automotiverevista.pt\/index.php\/2024\/12\/02\/man-inaugura-unidade-de-producao-de-baterias-em-nuremberga\/#primaryimage","url":"https:\/\/automotiverevista.pt\/wp-content\/uploads\/2024\/12\/Capturar.jpg","contentUrl":"https:\/\/automotiverevista.pt\/wp-content\/uploads\/2024\/12\/Capturar.jpg","width":1344,"height":614},{"@type":"BreadcrumbList","@id":"https:\/\/automotiverevista.pt\/index.php\/2024\/12\/02\/man-inaugura-unidade-de-producao-de-baterias-em-nuremberga\/#breadcrumb","itemListElement":[{"@type":"ListItem","position":1,"name":"Home","item":"https:\/\/automotiverevista.pt\/"},{"@type":"ListItem","position":2,"name":"MAN inaugura unidade de produ\u00e7\u00e3o de baterias em Nuremberga"}]},{"@type":"WebSite","@id":"https:\/\/automotiverevista.pt\/#website","url":"https:\/\/automotiverevista.pt\/","name":"Revista Automotive","description":"Revista Automotive Portugal","publisher":{"@id":"https:\/\/automotiverevista.pt\/#organization"},"potentialAction":[{"@type":"SearchAction","target":{"@type":"EntryPoint","urlTemplate":"https:\/\/automotiverevista.pt\/?s={search_term_string}"},"query-input":{"@type":"PropertyValueSpecification","valueRequired":true,"valueName":"search_term_string"}}],"inLanguage":"pt-PT"},{"@type":"Organization","@id":"https:\/\/automotiverevista.pt\/#organization","name":"Revista Automotive Portugal","url":"https:\/\/automotiverevista.pt\/","logo":{"@type":"ImageObject","inLanguage":"pt-PT","@id":"https:\/\/automotiverevista.pt\/#\/schema\/logo\/image\/","url":"https:\/\/automotiverevista.pt\/wp-content\/uploads\/2022\/07\/Logo-Automotive-2021_500-1.jpg","contentUrl":"https:\/\/automotiverevista.pt\/wp-content\/uploads\/2022\/07\/Logo-Automotive-2021_500-1.jpg","width":500,"height":160,"caption":"Revista Automotive Portugal"},"image":{"@id":"https:\/\/automotiverevista.pt\/#\/schema\/logo\/image\/"},"sameAs":["https:\/\/linkedin.com\/in\/automotiverevista"]},{"@type":"Person","@id":"https:\/\/automotiverevista.pt\/#\/schema\/person\/1265858bc8c78a0f969de814da8be281","name":"adminNovo","image":{"@type":"ImageObject","inLanguage":"pt-PT","@id":"https:\/\/secure.gravatar.com\/avatar\/c606c1288dcc11eb4c709aa5136fdb962583c410f5c23c0b7bf6917c542be355?s=96&d=mm&r=g","url":"https:\/\/secure.gravatar.com\/avatar\/c606c1288dcc11eb4c709aa5136fdb962583c410f5c23c0b7bf6917c542be355?s=96&d=mm&r=g","contentUrl":"https:\/\/secure.gravatar.com\/avatar\/c606c1288dcc11eb4c709aa5136fdb962583c410f5c23c0b7bf6917c542be355?s=96&d=mm&r=g","caption":"adminNovo"},"sameAs":["https:\/\/automotiverevista.pt"],"url":"https:\/\/automotiverevista.pt\/index.php\/author\/adminnovo\/"}]}},"_links":{"self":[{"href":"https:\/\/automotiverevista.pt\/index.php\/wp-json\/wp\/v2\/posts\/7909","targetHints":{"allow":["GET"]}}],"collection":[{"href":"https:\/\/automotiverevista.pt\/index.php\/wp-json\/wp\/v2\/posts"}],"about":[{"href":"https:\/\/automotiverevista.pt\/index.php\/wp-json\/wp\/v2\/types\/post"}],"author":[{"embeddable":true,"href":"https:\/\/automotiverevista.pt\/index.php\/wp-json\/wp\/v2\/users\/1"}],"replies":[{"embeddable":true,"href":"https:\/\/automotiverevista.pt\/index.php\/wp-json\/wp\/v2\/comments?post=7909"}],"version-history":[{"count":3,"href":"https:\/\/automotiverevista.pt\/index.php\/wp-json\/wp\/v2\/posts\/7909\/revisions"}],"predecessor-version":[{"id":7916,"href":"https:\/\/automotiverevista.pt\/index.php\/wp-json\/wp\/v2\/posts\/7909\/revisions\/7916"}],"wp:featuredmedia":[{"embeddable":true,"href":"https:\/\/automotiverevista.pt\/index.php\/wp-json\/wp\/v2\/media\/7910"}],"wp:attachment":[{"href":"https:\/\/automotiverevista.pt\/index.php\/wp-json\/wp\/v2\/media?parent=7909"}],"wp:term":[{"taxonomy":"category","embeddable":true,"href":"https:\/\/automotiverevista.pt\/index.php\/wp-json\/wp\/v2\/categories?post=7909"},{"taxonomy":"post_tag","embeddable":true,"href":"https:\/\/automotiverevista.pt\/index.php\/wp-json\/wp\/v2\/tags?post=7909"}],"curies":[{"name":"wp","href":"https:\/\/api.w.org\/{rel}","templated":true}]}}