{"id":7994,"date":"2024-12-17T08:00:00","date_gmt":"2024-12-17T08:00:00","guid":{"rendered":"https:\/\/automotiverevista.pt\/?p=7994"},"modified":"2024-12-16T09:40:41","modified_gmt":"2024-12-16T09:40:41","slug":"isqctag-novo-laboratorio-para-a-mobilidade-eletrica","status":"publish","type":"post","link":"https:\/\/automotiverevista.pt\/index.php\/2024\/12\/17\/isqctag-novo-laboratorio-para-a-mobilidade-eletrica\/","title":{"rendered":"ISQCTAG &#8211; novo laborat\u00f3rio para a mobilidade el\u00e9trica"},"content":{"rendered":"\n<p>O ISQCTAG resulta de uma joint venture entre um fundo de investimento, o Blue Crow, o ISQ-Instituto de Soldadura e Qualidade; e o CTAG- Centro Tecnol\u00f3gico e Automa\u00e7\u00e3o da Galiza. <strong>Rita Mentes<\/strong>, <em>ID+I Department<\/em> no ISQCTAG Automotive Technologies, explicou na Confer\u00eancia Automotive que \u201csomos uma PME relativamente recente (com quatro anos), mas j\u00e1 temos uma presen\u00e7a alargada em Portugal e na Europa e temos o objetivo de continuar a crescer.<\/p>\n\n\n\n<p>O nosso <em>core business <\/em>\u00e9 o laborat\u00f3rio de ensaios, localizado em Mon\u00e7\u00e3o, onde realizamos testes de valida\u00e7\u00e3o e fiabilidade a componentes e sistemas de autom\u00f3veis, de acordo com as normas e especifica\u00e7\u00f5es das OEM (equipamento original).<\/p>\n\n\n\n<p>Temos tamb\u00e9m a engenharia de processos onde aplicamos a tecnologia de ponta para automatizar alguns processos para a mobilidade. Neste ano de 2024, implementamos uma nova \u00e1rea, ou seja, a representa\u00e7\u00e3o de equipamentos de teste e medida, que surgiu de uma necessidade que t\u00ednhamos na aquisi\u00e7\u00e3o de novos equipamentos para o nosso laborat\u00f3rio de ensaios.<\/p>\n\n\n\n<p>J\u00e1 somos l\u00edderes a n\u00edvel nacional na \u00e1rea de <em>testing<\/em>, onde temos as maiores instala\u00e7\u00f5es de laborat\u00f3rios para ensaios de componentes autom\u00f3veis. Somos um laborat\u00f3rio acreditado pela ISSO 17025, al\u00e9m de outras certifica\u00e7\u00f5es do IPAC, da Volkswagen, entre outros. Temos cinco laborat\u00f3rios: ambiental, corros\u00e3o, materiais, \u00f3tica e mais recentemente o de c\u00e9lulas e m\u00f3dulos de baterias.<\/p>\n\n\n\n<p>Outra novidade, \u00e9 que estamos a preparar mais um laborat\u00f3rio para a mobilidade el\u00e9trica em que pretendemos adquirir um <em>shaken<\/em>, que vai ser o \u00fanico na Europa, sendo que s\u00f3 existem 3 equipamentos destes no mundo. Este equipamento permitir\u00e1 colocar um carro el\u00e9trico completo e realizar ensaios mec\u00e2nicos e ambientais\u201d concluiu Rita Mentes.<\/p>\n\n\n\n<figure class=\"wp-block-image size-full is-resized\"><img decoding=\"async\" width=\"498\" height=\"548\" src=\"https:\/\/automotiverevista.pt\/wp-content\/uploads\/2024\/12\/IMG_9076.jpg\" alt=\"\" class=\"wp-image-7996\" style=\"width:342px;height:auto\" srcset=\"https:\/\/automotiverevista.pt\/wp-content\/uploads\/2024\/12\/IMG_9076.jpg 498w, https:\/\/automotiverevista.pt\/wp-content\/uploads\/2024\/12\/IMG_9076-273x300.jpg 273w\" sizes=\"(max-width: 498px) 100vw, 498px\" \/><\/figure>\n","protected":false},"excerpt":{"rendered":"<p>O ISQCTAG resulta de uma joint venture entre um fundo de investimento, o Blue Crow, o ISQ-Instituto de Soldadura e Qualidade; e o CTAG- Centro Tecnol\u00f3gico e Automa\u00e7\u00e3o da Galiza. Rita Mentes, ID+I Department no ISQCTAG Automotive Technologies, explicou na Confer\u00eancia Automotive que \u201csomos uma PME relativamente recente (com quatro anos), mas j\u00e1 temos uma [&hellip;]<\/p>\n","protected":false},"author":1,"featured_media":7995,"comment_status":"closed","ping_status":"open","sticky":false,"template":"","format":"standard","meta":{"jnews-multi-image_gallery":[],"jnews_single_post":{"format":"standard"},"jnews_primary_category":[],"footnotes":""},"categories":[23],"tags":[],"class_list":["post-7994","post","type-post","status-publish","format-standard","has-post-thumbnail","hentry","category-frotas"],"yoast_head":"<!-- This site is optimized with the Yoast SEO Premium plugin v27.2 (Yoast SEO v27.5) - https:\/\/yoast.com\/product\/yoast-seo-premium-wordpress\/ -->\n<title>ISQCTAG - novo laborat\u00f3rio para a mobilidade el\u00e9trica - Revista Automotive<\/title>\n<meta name=\"robots\" content=\"index, follow, max-snippet:-1, max-image-preview:large, max-video-preview:-1\" \/>\n<link rel=\"canonical\" href=\"https:\/\/automotiverevista.pt\/index.php\/2024\/12\/17\/isqctag-novo-laboratorio-para-a-mobilidade-eletrica\/\" \/>\n<meta property=\"og:locale\" content=\"pt_PT\" \/>\n<meta property=\"og:type\" content=\"article\" \/>\n<meta property=\"og:title\" content=\"ISQCTAG - novo laborat\u00f3rio para a mobilidade el\u00e9trica\" \/>\n<meta property=\"og:description\" content=\"O ISQCTAG resulta de uma joint venture entre um fundo de investimento, o Blue Crow, o ISQ-Instituto de Soldadura e Qualidade; e o CTAG- Centro Tecnol\u00f3gico e Automa\u00e7\u00e3o da Galiza. Rita Mentes, ID+I Department no ISQCTAG Automotive Technologies, explicou na Confer\u00eancia Automotive que \u201csomos uma PME relativamente recente (com quatro anos), mas j\u00e1 temos uma [&hellip;]\" \/>\n<meta property=\"og:url\" content=\"https:\/\/automotiverevista.pt\/index.php\/2024\/12\/17\/isqctag-novo-laboratorio-para-a-mobilidade-eletrica\/\" \/>\n<meta property=\"og:site_name\" content=\"Revista Automotive\" \/>\n<meta property=\"article:published_time\" content=\"2024-12-17T08:00:00+00:00\" \/>\n<meta property=\"og:image\" content=\"https:\/\/automotiverevista.pt\/wp-content\/uploads\/2024\/12\/a-2.jpg\" \/>\n\t<meta property=\"og:image:width\" content=\"1500\" \/>\n\t<meta property=\"og:image:height\" content=\"796\" \/>\n\t<meta property=\"og:image:type\" content=\"image\/jpeg\" \/>\n<meta name=\"author\" content=\"adminNovo\" \/>\n<meta name=\"twitter:card\" content=\"summary_large_image\" \/>\n<meta name=\"twitter:label1\" content=\"Escrito por\" \/>\n\t<meta name=\"twitter:data1\" content=\"adminNovo\" \/>\n\t<meta name=\"twitter:label2\" content=\"Tempo estimado de leitura\" \/>\n\t<meta name=\"twitter:data2\" content=\"2 minutos\" \/>\n<script type=\"application\/ld+json\" class=\"yoast-schema-graph\">{\"@context\":\"https:\\\/\\\/schema.org\",\"@graph\":[{\"@type\":\"Article\",\"@id\":\"https:\\\/\\\/automotiverevista.pt\\\/index.php\\\/2024\\\/12\\\/17\\\/isqctag-novo-laboratorio-para-a-mobilidade-eletrica\\\/#article\",\"isPartOf\":{\"@id\":\"https:\\\/\\\/automotiverevista.pt\\\/index.php\\\/2024\\\/12\\\/17\\\/isqctag-novo-laboratorio-para-a-mobilidade-eletrica\\\/\"},\"author\":{\"name\":\"adminNovo\",\"@id\":\"https:\\\/\\\/automotiverevista.pt\\\/#\\\/schema\\\/person\\\/1265858bc8c78a0f969de814da8be281\"},\"headline\":\"ISQCTAG &#8211; novo laborat\u00f3rio para a mobilidade el\u00e9trica\",\"datePublished\":\"2024-12-17T08:00:00+00:00\",\"mainEntityOfPage\":{\"@id\":\"https:\\\/\\\/automotiverevista.pt\\\/index.php\\\/2024\\\/12\\\/17\\\/isqctag-novo-laboratorio-para-a-mobilidade-eletrica\\\/\"},\"wordCount\":306,\"publisher\":{\"@id\":\"https:\\\/\\\/automotiverevista.pt\\\/#organization\"},\"image\":{\"@id\":\"https:\\\/\\\/automotiverevista.pt\\\/index.php\\\/2024\\\/12\\\/17\\\/isqctag-novo-laboratorio-para-a-mobilidade-eletrica\\\/#primaryimage\"},\"thumbnailUrl\":\"https:\\\/\\\/automotiverevista.pt\\\/wp-content\\\/uploads\\\/2024\\\/12\\\/a-2.jpg\",\"articleSection\":[\"Frotas\"],\"inLanguage\":\"pt-PT\"},{\"@type\":\"WebPage\",\"@id\":\"https:\\\/\\\/automotiverevista.pt\\\/index.php\\\/2024\\\/12\\\/17\\\/isqctag-novo-laboratorio-para-a-mobilidade-eletrica\\\/\",\"url\":\"https:\\\/\\\/automotiverevista.pt\\\/index.php\\\/2024\\\/12\\\/17\\\/isqctag-novo-laboratorio-para-a-mobilidade-eletrica\\\/\",\"name\":\"ISQCTAG - novo laborat\u00f3rio para a mobilidade el\u00e9trica - Revista Automotive\",\"isPartOf\":{\"@id\":\"https:\\\/\\\/automotiverevista.pt\\\/#website\"},\"primaryImageOfPage\":{\"@id\":\"https:\\\/\\\/automotiverevista.pt\\\/index.php\\\/2024\\\/12\\\/17\\\/isqctag-novo-laboratorio-para-a-mobilidade-eletrica\\\/#primaryimage\"},\"image\":{\"@id\":\"https:\\\/\\\/automotiverevista.pt\\\/index.php\\\/2024\\\/12\\\/17\\\/isqctag-novo-laboratorio-para-a-mobilidade-eletrica\\\/#primaryimage\"},\"thumbnailUrl\":\"https:\\\/\\\/automotiverevista.pt\\\/wp-content\\\/uploads\\\/2024\\\/12\\\/a-2.jpg\",\"datePublished\":\"2024-12-17T08:00:00+00:00\",\"breadcrumb\":{\"@id\":\"https:\\\/\\\/automotiverevista.pt\\\/index.php\\\/2024\\\/12\\\/17\\\/isqctag-novo-laboratorio-para-a-mobilidade-eletrica\\\/#breadcrumb\"},\"inLanguage\":\"pt-PT\",\"potentialAction\":[{\"@type\":\"ReadAction\",\"target\":[\"https:\\\/\\\/automotiverevista.pt\\\/index.php\\\/2024\\\/12\\\/17\\\/isqctag-novo-laboratorio-para-a-mobilidade-eletrica\\\/\"]}]},{\"@type\":\"ImageObject\",\"inLanguage\":\"pt-PT\",\"@id\":\"https:\\\/\\\/automotiverevista.pt\\\/index.php\\\/2024\\\/12\\\/17\\\/isqctag-novo-laboratorio-para-a-mobilidade-eletrica\\\/#primaryimage\",\"url\":\"https:\\\/\\\/automotiverevista.pt\\\/wp-content\\\/uploads\\\/2024\\\/12\\\/a-2.jpg\",\"contentUrl\":\"https:\\\/\\\/automotiverevista.pt\\\/wp-content\\\/uploads\\\/2024\\\/12\\\/a-2.jpg\",\"width\":1500,\"height\":796},{\"@type\":\"BreadcrumbList\",\"@id\":\"https:\\\/\\\/automotiverevista.pt\\\/index.php\\\/2024\\\/12\\\/17\\\/isqctag-novo-laboratorio-para-a-mobilidade-eletrica\\\/#breadcrumb\",\"itemListElement\":[{\"@type\":\"ListItem\",\"position\":1,\"name\":\"Home\",\"item\":\"https:\\\/\\\/automotiverevista.pt\\\/\"},{\"@type\":\"ListItem\",\"position\":2,\"name\":\"ISQCTAG &#8211; novo laborat\u00f3rio para a mobilidade el\u00e9trica\"}]},{\"@type\":\"WebSite\",\"@id\":\"https:\\\/\\\/automotiverevista.pt\\\/#website\",\"url\":\"https:\\\/\\\/automotiverevista.pt\\\/\",\"name\":\"Revista Automotive\",\"description\":\"Revista Automotive Portugal\",\"publisher\":{\"@id\":\"https:\\\/\\\/automotiverevista.pt\\\/#organization\"},\"potentialAction\":[{\"@type\":\"SearchAction\",\"target\":{\"@type\":\"EntryPoint\",\"urlTemplate\":\"https:\\\/\\\/automotiverevista.pt\\\/?s={search_term_string}\"},\"query-input\":{\"@type\":\"PropertyValueSpecification\",\"valueRequired\":true,\"valueName\":\"search_term_string\"}}],\"inLanguage\":\"pt-PT\"},{\"@type\":\"Organization\",\"@id\":\"https:\\\/\\\/automotiverevista.pt\\\/#organization\",\"name\":\"Revista Automotive Portugal\",\"url\":\"https:\\\/\\\/automotiverevista.pt\\\/\",\"logo\":{\"@type\":\"ImageObject\",\"inLanguage\":\"pt-PT\",\"@id\":\"https:\\\/\\\/automotiverevista.pt\\\/#\\\/schema\\\/logo\\\/image\\\/\",\"url\":\"https:\\\/\\\/automotiverevista.pt\\\/wp-content\\\/uploads\\\/2022\\\/07\\\/Logo-Automotive-2021_500-1.jpg\",\"contentUrl\":\"https:\\\/\\\/automotiverevista.pt\\\/wp-content\\\/uploads\\\/2022\\\/07\\\/Logo-Automotive-2021_500-1.jpg\",\"width\":500,\"height\":160,\"caption\":\"Revista Automotive Portugal\"},\"image\":{\"@id\":\"https:\\\/\\\/automotiverevista.pt\\\/#\\\/schema\\\/logo\\\/image\\\/\"},\"sameAs\":[\"https:\\\/\\\/linkedin.com\\\/in\\\/automotiverevista\"]},{\"@type\":\"Person\",\"@id\":\"https:\\\/\\\/automotiverevista.pt\\\/#\\\/schema\\\/person\\\/1265858bc8c78a0f969de814da8be281\",\"name\":\"adminNovo\",\"image\":{\"@type\":\"ImageObject\",\"inLanguage\":\"pt-PT\",\"@id\":\"https:\\\/\\\/secure.gravatar.com\\\/avatar\\\/c606c1288dcc11eb4c709aa5136fdb962583c410f5c23c0b7bf6917c542be355?s=96&d=mm&r=g\",\"url\":\"https:\\\/\\\/secure.gravatar.com\\\/avatar\\\/c606c1288dcc11eb4c709aa5136fdb962583c410f5c23c0b7bf6917c542be355?s=96&d=mm&r=g\",\"contentUrl\":\"https:\\\/\\\/secure.gravatar.com\\\/avatar\\\/c606c1288dcc11eb4c709aa5136fdb962583c410f5c23c0b7bf6917c542be355?s=96&d=mm&r=g\",\"caption\":\"adminNovo\"},\"sameAs\":[\"https:\\\/\\\/automotiverevista.pt\"],\"url\":\"https:\\\/\\\/automotiverevista.pt\\\/index.php\\\/author\\\/adminnovo\\\/\"}]}<\/script>\n<!-- \/ Yoast SEO Premium plugin. -->","yoast_head_json":{"title":"ISQCTAG - novo laborat\u00f3rio para a mobilidade el\u00e9trica - Revista Automotive","robots":{"index":"index","follow":"follow","max-snippet":"max-snippet:-1","max-image-preview":"max-image-preview:large","max-video-preview":"max-video-preview:-1"},"canonical":"https:\/\/automotiverevista.pt\/index.php\/2024\/12\/17\/isqctag-novo-laboratorio-para-a-mobilidade-eletrica\/","og_locale":"pt_PT","og_type":"article","og_title":"ISQCTAG - novo laborat\u00f3rio para a mobilidade el\u00e9trica","og_description":"O ISQCTAG resulta de uma joint venture entre um fundo de investimento, o Blue Crow, o ISQ-Instituto de Soldadura e Qualidade; e o CTAG- Centro Tecnol\u00f3gico e Automa\u00e7\u00e3o da Galiza. Rita Mentes, ID+I Department no ISQCTAG Automotive Technologies, explicou na Confer\u00eancia Automotive que \u201csomos uma PME relativamente recente (com quatro anos), mas j\u00e1 temos uma [&hellip;]","og_url":"https:\/\/automotiverevista.pt\/index.php\/2024\/12\/17\/isqctag-novo-laboratorio-para-a-mobilidade-eletrica\/","og_site_name":"Revista Automotive","article_published_time":"2024-12-17T08:00:00+00:00","og_image":[{"width":1500,"height":796,"url":"https:\/\/automotiverevista.pt\/wp-content\/uploads\/2024\/12\/a-2.jpg","type":"image\/jpeg"}],"author":"adminNovo","twitter_card":"summary_large_image","twitter_misc":{"Escrito por":"adminNovo","Tempo estimado de leitura":"2 minutos"},"schema":{"@context":"https:\/\/schema.org","@graph":[{"@type":"Article","@id":"https:\/\/automotiverevista.pt\/index.php\/2024\/12\/17\/isqctag-novo-laboratorio-para-a-mobilidade-eletrica\/#article","isPartOf":{"@id":"https:\/\/automotiverevista.pt\/index.php\/2024\/12\/17\/isqctag-novo-laboratorio-para-a-mobilidade-eletrica\/"},"author":{"name":"adminNovo","@id":"https:\/\/automotiverevista.pt\/#\/schema\/person\/1265858bc8c78a0f969de814da8be281"},"headline":"ISQCTAG &#8211; novo laborat\u00f3rio para a mobilidade el\u00e9trica","datePublished":"2024-12-17T08:00:00+00:00","mainEntityOfPage":{"@id":"https:\/\/automotiverevista.pt\/index.php\/2024\/12\/17\/isqctag-novo-laboratorio-para-a-mobilidade-eletrica\/"},"wordCount":306,"publisher":{"@id":"https:\/\/automotiverevista.pt\/#organization"},"image":{"@id":"https:\/\/automotiverevista.pt\/index.php\/2024\/12\/17\/isqctag-novo-laboratorio-para-a-mobilidade-eletrica\/#primaryimage"},"thumbnailUrl":"https:\/\/automotiverevista.pt\/wp-content\/uploads\/2024\/12\/a-2.jpg","articleSection":["Frotas"],"inLanguage":"pt-PT"},{"@type":"WebPage","@id":"https:\/\/automotiverevista.pt\/index.php\/2024\/12\/17\/isqctag-novo-laboratorio-para-a-mobilidade-eletrica\/","url":"https:\/\/automotiverevista.pt\/index.php\/2024\/12\/17\/isqctag-novo-laboratorio-para-a-mobilidade-eletrica\/","name":"ISQCTAG - novo laborat\u00f3rio para a mobilidade el\u00e9trica - Revista Automotive","isPartOf":{"@id":"https:\/\/automotiverevista.pt\/#website"},"primaryImageOfPage":{"@id":"https:\/\/automotiverevista.pt\/index.php\/2024\/12\/17\/isqctag-novo-laboratorio-para-a-mobilidade-eletrica\/#primaryimage"},"image":{"@id":"https:\/\/automotiverevista.pt\/index.php\/2024\/12\/17\/isqctag-novo-laboratorio-para-a-mobilidade-eletrica\/#primaryimage"},"thumbnailUrl":"https:\/\/automotiverevista.pt\/wp-content\/uploads\/2024\/12\/a-2.jpg","datePublished":"2024-12-17T08:00:00+00:00","breadcrumb":{"@id":"https:\/\/automotiverevista.pt\/index.php\/2024\/12\/17\/isqctag-novo-laboratorio-para-a-mobilidade-eletrica\/#breadcrumb"},"inLanguage":"pt-PT","potentialAction":[{"@type":"ReadAction","target":["https:\/\/automotiverevista.pt\/index.php\/2024\/12\/17\/isqctag-novo-laboratorio-para-a-mobilidade-eletrica\/"]}]},{"@type":"ImageObject","inLanguage":"pt-PT","@id":"https:\/\/automotiverevista.pt\/index.php\/2024\/12\/17\/isqctag-novo-laboratorio-para-a-mobilidade-eletrica\/#primaryimage","url":"https:\/\/automotiverevista.pt\/wp-content\/uploads\/2024\/12\/a-2.jpg","contentUrl":"https:\/\/automotiverevista.pt\/wp-content\/uploads\/2024\/12\/a-2.jpg","width":1500,"height":796},{"@type":"BreadcrumbList","@id":"https:\/\/automotiverevista.pt\/index.php\/2024\/12\/17\/isqctag-novo-laboratorio-para-a-mobilidade-eletrica\/#breadcrumb","itemListElement":[{"@type":"ListItem","position":1,"name":"Home","item":"https:\/\/automotiverevista.pt\/"},{"@type":"ListItem","position":2,"name":"ISQCTAG &#8211; novo laborat\u00f3rio para a mobilidade el\u00e9trica"}]},{"@type":"WebSite","@id":"https:\/\/automotiverevista.pt\/#website","url":"https:\/\/automotiverevista.pt\/","name":"Revista Automotive","description":"Revista Automotive Portugal","publisher":{"@id":"https:\/\/automotiverevista.pt\/#organization"},"potentialAction":[{"@type":"SearchAction","target":{"@type":"EntryPoint","urlTemplate":"https:\/\/automotiverevista.pt\/?s={search_term_string}"},"query-input":{"@type":"PropertyValueSpecification","valueRequired":true,"valueName":"search_term_string"}}],"inLanguage":"pt-PT"},{"@type":"Organization","@id":"https:\/\/automotiverevista.pt\/#organization","name":"Revista Automotive Portugal","url":"https:\/\/automotiverevista.pt\/","logo":{"@type":"ImageObject","inLanguage":"pt-PT","@id":"https:\/\/automotiverevista.pt\/#\/schema\/logo\/image\/","url":"https:\/\/automotiverevista.pt\/wp-content\/uploads\/2022\/07\/Logo-Automotive-2021_500-1.jpg","contentUrl":"https:\/\/automotiverevista.pt\/wp-content\/uploads\/2022\/07\/Logo-Automotive-2021_500-1.jpg","width":500,"height":160,"caption":"Revista Automotive Portugal"},"image":{"@id":"https:\/\/automotiverevista.pt\/#\/schema\/logo\/image\/"},"sameAs":["https:\/\/linkedin.com\/in\/automotiverevista"]},{"@type":"Person","@id":"https:\/\/automotiverevista.pt\/#\/schema\/person\/1265858bc8c78a0f969de814da8be281","name":"adminNovo","image":{"@type":"ImageObject","inLanguage":"pt-PT","@id":"https:\/\/secure.gravatar.com\/avatar\/c606c1288dcc11eb4c709aa5136fdb962583c410f5c23c0b7bf6917c542be355?s=96&d=mm&r=g","url":"https:\/\/secure.gravatar.com\/avatar\/c606c1288dcc11eb4c709aa5136fdb962583c410f5c23c0b7bf6917c542be355?s=96&d=mm&r=g","contentUrl":"https:\/\/secure.gravatar.com\/avatar\/c606c1288dcc11eb4c709aa5136fdb962583c410f5c23c0b7bf6917c542be355?s=96&d=mm&r=g","caption":"adminNovo"},"sameAs":["https:\/\/automotiverevista.pt"],"url":"https:\/\/automotiverevista.pt\/index.php\/author\/adminnovo\/"}]}},"_links":{"self":[{"href":"https:\/\/automotiverevista.pt\/index.php\/wp-json\/wp\/v2\/posts\/7994","targetHints":{"allow":["GET"]}}],"collection":[{"href":"https:\/\/automotiverevista.pt\/index.php\/wp-json\/wp\/v2\/posts"}],"about":[{"href":"https:\/\/automotiverevista.pt\/index.php\/wp-json\/wp\/v2\/types\/post"}],"author":[{"embeddable":true,"href":"https:\/\/automotiverevista.pt\/index.php\/wp-json\/wp\/v2\/users\/1"}],"replies":[{"embeddable":true,"href":"https:\/\/automotiverevista.pt\/index.php\/wp-json\/wp\/v2\/comments?post=7994"}],"version-history":[{"count":1,"href":"https:\/\/automotiverevista.pt\/index.php\/wp-json\/wp\/v2\/posts\/7994\/revisions"}],"predecessor-version":[{"id":7997,"href":"https:\/\/automotiverevista.pt\/index.php\/wp-json\/wp\/v2\/posts\/7994\/revisions\/7997"}],"wp:featuredmedia":[{"embeddable":true,"href":"https:\/\/automotiverevista.pt\/index.php\/wp-json\/wp\/v2\/media\/7995"}],"wp:attachment":[{"href":"https:\/\/automotiverevista.pt\/index.php\/wp-json\/wp\/v2\/media?parent=7994"}],"wp:term":[{"taxonomy":"category","embeddable":true,"href":"https:\/\/automotiverevista.pt\/index.php\/wp-json\/wp\/v2\/categories?post=7994"},{"taxonomy":"post_tag","embeddable":true,"href":"https:\/\/automotiverevista.pt\/index.php\/wp-json\/wp\/v2\/tags?post=7994"}],"curies":[{"name":"wp","href":"https:\/\/api.w.org\/{rel}","templated":true}]}}