{"id":8027,"date":"2024-12-19T10:00:00","date_gmt":"2024-12-19T10:00:00","guid":{"rendered":"https:\/\/automotiverevista.pt\/?p=8027"},"modified":"2024-12-16T10:34:35","modified_gmt":"2024-12-16T10:34:35","slug":"stellantis-you-distrigo-portugal-alarga-parcerias","status":"publish","type":"post","link":"https:\/\/automotiverevista.pt\/index.php\/2024\/12\/19\/stellantis-you-distrigo-portugal-alarga-parcerias\/","title":{"rendered":"Stellantis &amp; You Distrigo Portugal alarga parcerias"},"content":{"rendered":"\n<p><strong>Nuno Fernandes<\/strong>, Respons\u00e1vel de Produto e Marketing da Stellantis &amp; You Distrigo Portugal, aproveitou a Confer\u00eancia Automotive para falar sobre a capacidade transversal da sua empresa, em abordar o mercado de pe\u00e7as de reposi\u00e7\u00e3o para os autom\u00f3veis em Portugal.<\/p>\n\n\n\n<p>\u201cA Stellantis &amp; You Distrigo atua no mercado atrav\u00e9s de quatro grandes pilares: as pe\u00e7as de origem, com as marcas Abarth, Alfa Romeo, Citroen, DS, Fiat, Jeep, Lancia, Opel e Peugeot; uma gama completa de fornecedores de refer\u00eancia mundial do setor autom\u00f3vel (Ferodo, Monroe, Moog, Hengst, Valeo, SKF, entre outros); os seus programas de pe\u00e7as usadas e reconstru\u00eddas atrav\u00e9s da B-Parts e SUSTAINera; e da Eurorepar, a gama pr\u00f3pria multimarca do Grupo Stellantis.<\/p>\n\n\n\n<p>Al\u00e9m desses pilares fundamentais, a Stellantis &amp; You estabeleceu acordos com empresas e marcas que garantem uma oferta mais completa de produtos oficinais, como \u00e9 o caso da W\u00fcrth, Blinker e Berner. O segmento dos pneus tamb\u00e9m tem sido bastante dinamizado, atrav\u00e9s da comercializa\u00e7\u00e3o de parcerias com a NEX e de marcas como a Bridgestone, Continental, Michelin e Pirelli.<\/p>\n\n\n\n<p>Contando com cerca de 70 funcion\u00e1rios, e mais de 5.000 chamadas telef\u00f3nicas por m\u00eas, \u00e9 atrav\u00e9s da sua equipa de comerciais e o atendimento personalizado do Call Center que a Stellantis &amp; You Distrigo fornece o suporte para que os clientes encontrem a solu\u00e7\u00e3o que procuram de forma mais r\u00e1pida e com qualidade\u201d concluiu Nuno Fernandes.<\/p>\n\n\n\n<figure class=\"wp-block-image size-large is-resized\"><img decoding=\"async\" width=\"683\" height=\"1024\" src=\"https:\/\/automotiverevista.pt\/wp-content\/uploads\/2024\/12\/IMG_9104-1-683x1024.jpg\" alt=\"\" class=\"wp-image-8031\" style=\"width:433px;height:auto\" srcset=\"https:\/\/automotiverevista.pt\/wp-content\/uploads\/2024\/12\/IMG_9104-1-683x1024.jpg 683w, https:\/\/automotiverevista.pt\/wp-content\/uploads\/2024\/12\/IMG_9104-1-200x300.jpg 200w, https:\/\/automotiverevista.pt\/wp-content\/uploads\/2024\/12\/IMG_9104-1.jpg 750w\" sizes=\"(max-width: 683px) 100vw, 683px\" \/><\/figure>\n","protected":false},"excerpt":{"rendered":"<p>Nuno Fernandes, Respons\u00e1vel de Produto e Marketing da Stellantis &amp; You Distrigo Portugal, aproveitou a Confer\u00eancia Automotive para falar sobre a capacidade transversal da sua empresa, em abordar o mercado de pe\u00e7as de reposi\u00e7\u00e3o para os autom\u00f3veis em Portugal. \u201cA Stellantis &amp; You Distrigo atua no mercado atrav\u00e9s de quatro grandes pilares: as pe\u00e7as de [&hellip;]<\/p>\n","protected":false},"author":1,"featured_media":8028,"comment_status":"closed","ping_status":"open","sticky":false,"template":"","format":"standard","meta":{"jnews-multi-image_gallery":[],"jnews_single_post":{"format":"standard"},"jnews_primary_category":[],"footnotes":""},"categories":[21],"tags":[],"class_list":["post-8027","post","type-post","status-publish","format-standard","has-post-thumbnail","hentry","category-pos-venda"],"yoast_head":"<!-- This site is optimized with the Yoast SEO Premium plugin v27.2 (Yoast SEO v27.5) - https:\/\/yoast.com\/product\/yoast-seo-premium-wordpress\/ -->\n<title>Stellantis &amp; You Distrigo Portugal alarga parcerias - Revista Automotive<\/title>\n<meta name=\"robots\" content=\"index, follow, max-snippet:-1, max-image-preview:large, max-video-preview:-1\" \/>\n<link rel=\"canonical\" href=\"https:\/\/automotiverevista.pt\/index.php\/2024\/12\/19\/stellantis-you-distrigo-portugal-alarga-parcerias\/\" \/>\n<meta property=\"og:locale\" content=\"pt_PT\" \/>\n<meta property=\"og:type\" content=\"article\" \/>\n<meta property=\"og:title\" content=\"Stellantis &amp; You Distrigo Portugal alarga parcerias\" \/>\n<meta property=\"og:description\" content=\"Nuno Fernandes, Respons\u00e1vel de Produto e Marketing da Stellantis &amp; You Distrigo Portugal, aproveitou a Confer\u00eancia Automotive para falar sobre a capacidade transversal da sua empresa, em abordar o mercado de pe\u00e7as de reposi\u00e7\u00e3o para os autom\u00f3veis em Portugal. \u201cA Stellantis &amp; You Distrigo atua no mercado atrav\u00e9s de quatro grandes pilares: as pe\u00e7as de [&hellip;]\" \/>\n<meta property=\"og:url\" content=\"https:\/\/automotiverevista.pt\/index.php\/2024\/12\/19\/stellantis-you-distrigo-portugal-alarga-parcerias\/\" \/>\n<meta property=\"og:site_name\" content=\"Revista Automotive\" \/>\n<meta property=\"article:published_time\" content=\"2024-12-19T10:00:00+00:00\" \/>\n<meta property=\"og:image\" content=\"https:\/\/automotiverevista.pt\/wp-content\/uploads\/2024\/12\/a-7.jpg\" \/>\n\t<meta property=\"og:image:width\" content=\"1490\" \/>\n\t<meta property=\"og:image:height\" content=\"774\" \/>\n\t<meta property=\"og:image:type\" content=\"image\/jpeg\" \/>\n<meta name=\"author\" content=\"adminNovo\" \/>\n<meta name=\"twitter:card\" content=\"summary_large_image\" \/>\n<meta name=\"twitter:label1\" content=\"Escrito por\" \/>\n\t<meta name=\"twitter:data1\" content=\"adminNovo\" \/>\n\t<meta name=\"twitter:label2\" content=\"Tempo estimado de leitura\" \/>\n\t<meta name=\"twitter:data2\" content=\"2 minutos\" \/>\n<script type=\"application\/ld+json\" class=\"yoast-schema-graph\">{\"@context\":\"https:\\\/\\\/schema.org\",\"@graph\":[{\"@type\":\"Article\",\"@id\":\"https:\\\/\\\/automotiverevista.pt\\\/index.php\\\/2024\\\/12\\\/19\\\/stellantis-you-distrigo-portugal-alarga-parcerias\\\/#article\",\"isPartOf\":{\"@id\":\"https:\\\/\\\/automotiverevista.pt\\\/index.php\\\/2024\\\/12\\\/19\\\/stellantis-you-distrigo-portugal-alarga-parcerias\\\/\"},\"author\":{\"name\":\"adminNovo\",\"@id\":\"https:\\\/\\\/automotiverevista.pt\\\/#\\\/schema\\\/person\\\/1265858bc8c78a0f969de814da8be281\"},\"headline\":\"Stellantis &amp; You Distrigo Portugal alarga parcerias\",\"datePublished\":\"2024-12-19T10:00:00+00:00\",\"mainEntityOfPage\":{\"@id\":\"https:\\\/\\\/automotiverevista.pt\\\/index.php\\\/2024\\\/12\\\/19\\\/stellantis-you-distrigo-portugal-alarga-parcerias\\\/\"},\"wordCount\":254,\"publisher\":{\"@id\":\"https:\\\/\\\/automotiverevista.pt\\\/#organization\"},\"image\":{\"@id\":\"https:\\\/\\\/automotiverevista.pt\\\/index.php\\\/2024\\\/12\\\/19\\\/stellantis-you-distrigo-portugal-alarga-parcerias\\\/#primaryimage\"},\"thumbnailUrl\":\"https:\\\/\\\/automotiverevista.pt\\\/wp-content\\\/uploads\\\/2024\\\/12\\\/a-7.jpg\",\"articleSection\":[\"P\u00f3s-Venda\"],\"inLanguage\":\"pt-PT\"},{\"@type\":\"WebPage\",\"@id\":\"https:\\\/\\\/automotiverevista.pt\\\/index.php\\\/2024\\\/12\\\/19\\\/stellantis-you-distrigo-portugal-alarga-parcerias\\\/\",\"url\":\"https:\\\/\\\/automotiverevista.pt\\\/index.php\\\/2024\\\/12\\\/19\\\/stellantis-you-distrigo-portugal-alarga-parcerias\\\/\",\"name\":\"Stellantis &amp; You Distrigo Portugal alarga parcerias - Revista Automotive\",\"isPartOf\":{\"@id\":\"https:\\\/\\\/automotiverevista.pt\\\/#website\"},\"primaryImageOfPage\":{\"@id\":\"https:\\\/\\\/automotiverevista.pt\\\/index.php\\\/2024\\\/12\\\/19\\\/stellantis-you-distrigo-portugal-alarga-parcerias\\\/#primaryimage\"},\"image\":{\"@id\":\"https:\\\/\\\/automotiverevista.pt\\\/index.php\\\/2024\\\/12\\\/19\\\/stellantis-you-distrigo-portugal-alarga-parcerias\\\/#primaryimage\"},\"thumbnailUrl\":\"https:\\\/\\\/automotiverevista.pt\\\/wp-content\\\/uploads\\\/2024\\\/12\\\/a-7.jpg\",\"datePublished\":\"2024-12-19T10:00:00+00:00\",\"breadcrumb\":{\"@id\":\"https:\\\/\\\/automotiverevista.pt\\\/index.php\\\/2024\\\/12\\\/19\\\/stellantis-you-distrigo-portugal-alarga-parcerias\\\/#breadcrumb\"},\"inLanguage\":\"pt-PT\",\"potentialAction\":[{\"@type\":\"ReadAction\",\"target\":[\"https:\\\/\\\/automotiverevista.pt\\\/index.php\\\/2024\\\/12\\\/19\\\/stellantis-you-distrigo-portugal-alarga-parcerias\\\/\"]}]},{\"@type\":\"ImageObject\",\"inLanguage\":\"pt-PT\",\"@id\":\"https:\\\/\\\/automotiverevista.pt\\\/index.php\\\/2024\\\/12\\\/19\\\/stellantis-you-distrigo-portugal-alarga-parcerias\\\/#primaryimage\",\"url\":\"https:\\\/\\\/automotiverevista.pt\\\/wp-content\\\/uploads\\\/2024\\\/12\\\/a-7.jpg\",\"contentUrl\":\"https:\\\/\\\/automotiverevista.pt\\\/wp-content\\\/uploads\\\/2024\\\/12\\\/a-7.jpg\",\"width\":1490,\"height\":774},{\"@type\":\"BreadcrumbList\",\"@id\":\"https:\\\/\\\/automotiverevista.pt\\\/index.php\\\/2024\\\/12\\\/19\\\/stellantis-you-distrigo-portugal-alarga-parcerias\\\/#breadcrumb\",\"itemListElement\":[{\"@type\":\"ListItem\",\"position\":1,\"name\":\"Home\",\"item\":\"https:\\\/\\\/automotiverevista.pt\\\/\"},{\"@type\":\"ListItem\",\"position\":2,\"name\":\"Stellantis &amp; You Distrigo Portugal alarga parcerias\"}]},{\"@type\":\"WebSite\",\"@id\":\"https:\\\/\\\/automotiverevista.pt\\\/#website\",\"url\":\"https:\\\/\\\/automotiverevista.pt\\\/\",\"name\":\"Revista Automotive\",\"description\":\"Revista Automotive Portugal\",\"publisher\":{\"@id\":\"https:\\\/\\\/automotiverevista.pt\\\/#organization\"},\"potentialAction\":[{\"@type\":\"SearchAction\",\"target\":{\"@type\":\"EntryPoint\",\"urlTemplate\":\"https:\\\/\\\/automotiverevista.pt\\\/?s={search_term_string}\"},\"query-input\":{\"@type\":\"PropertyValueSpecification\",\"valueRequired\":true,\"valueName\":\"search_term_string\"}}],\"inLanguage\":\"pt-PT\"},{\"@type\":\"Organization\",\"@id\":\"https:\\\/\\\/automotiverevista.pt\\\/#organization\",\"name\":\"Revista Automotive Portugal\",\"url\":\"https:\\\/\\\/automotiverevista.pt\\\/\",\"logo\":{\"@type\":\"ImageObject\",\"inLanguage\":\"pt-PT\",\"@id\":\"https:\\\/\\\/automotiverevista.pt\\\/#\\\/schema\\\/logo\\\/image\\\/\",\"url\":\"https:\\\/\\\/automotiverevista.pt\\\/wp-content\\\/uploads\\\/2022\\\/07\\\/Logo-Automotive-2021_500-1.jpg\",\"contentUrl\":\"https:\\\/\\\/automotiverevista.pt\\\/wp-content\\\/uploads\\\/2022\\\/07\\\/Logo-Automotive-2021_500-1.jpg\",\"width\":500,\"height\":160,\"caption\":\"Revista Automotive Portugal\"},\"image\":{\"@id\":\"https:\\\/\\\/automotiverevista.pt\\\/#\\\/schema\\\/logo\\\/image\\\/\"},\"sameAs\":[\"https:\\\/\\\/linkedin.com\\\/in\\\/automotiverevista\"]},{\"@type\":\"Person\",\"@id\":\"https:\\\/\\\/automotiverevista.pt\\\/#\\\/schema\\\/person\\\/1265858bc8c78a0f969de814da8be281\",\"name\":\"adminNovo\",\"image\":{\"@type\":\"ImageObject\",\"inLanguage\":\"pt-PT\",\"@id\":\"https:\\\/\\\/secure.gravatar.com\\\/avatar\\\/c606c1288dcc11eb4c709aa5136fdb962583c410f5c23c0b7bf6917c542be355?s=96&d=mm&r=g\",\"url\":\"https:\\\/\\\/secure.gravatar.com\\\/avatar\\\/c606c1288dcc11eb4c709aa5136fdb962583c410f5c23c0b7bf6917c542be355?s=96&d=mm&r=g\",\"contentUrl\":\"https:\\\/\\\/secure.gravatar.com\\\/avatar\\\/c606c1288dcc11eb4c709aa5136fdb962583c410f5c23c0b7bf6917c542be355?s=96&d=mm&r=g\",\"caption\":\"adminNovo\"},\"sameAs\":[\"https:\\\/\\\/automotiverevista.pt\"],\"url\":\"https:\\\/\\\/automotiverevista.pt\\\/index.php\\\/author\\\/adminnovo\\\/\"}]}<\/script>\n<!-- \/ Yoast SEO Premium plugin. -->","yoast_head_json":{"title":"Stellantis &amp; You Distrigo Portugal alarga parcerias - Revista Automotive","robots":{"index":"index","follow":"follow","max-snippet":"max-snippet:-1","max-image-preview":"max-image-preview:large","max-video-preview":"max-video-preview:-1"},"canonical":"https:\/\/automotiverevista.pt\/index.php\/2024\/12\/19\/stellantis-you-distrigo-portugal-alarga-parcerias\/","og_locale":"pt_PT","og_type":"article","og_title":"Stellantis &amp; You Distrigo Portugal alarga parcerias","og_description":"Nuno Fernandes, Respons\u00e1vel de Produto e Marketing da Stellantis &amp; You Distrigo Portugal, aproveitou a Confer\u00eancia Automotive para falar sobre a capacidade transversal da sua empresa, em abordar o mercado de pe\u00e7as de reposi\u00e7\u00e3o para os autom\u00f3veis em Portugal. \u201cA Stellantis &amp; You Distrigo atua no mercado atrav\u00e9s de quatro grandes pilares: as pe\u00e7as de [&hellip;]","og_url":"https:\/\/automotiverevista.pt\/index.php\/2024\/12\/19\/stellantis-you-distrigo-portugal-alarga-parcerias\/","og_site_name":"Revista Automotive","article_published_time":"2024-12-19T10:00:00+00:00","og_image":[{"width":1490,"height":774,"url":"https:\/\/automotiverevista.pt\/wp-content\/uploads\/2024\/12\/a-7.jpg","type":"image\/jpeg"}],"author":"adminNovo","twitter_card":"summary_large_image","twitter_misc":{"Escrito por":"adminNovo","Tempo estimado de leitura":"2 minutos"},"schema":{"@context":"https:\/\/schema.org","@graph":[{"@type":"Article","@id":"https:\/\/automotiverevista.pt\/index.php\/2024\/12\/19\/stellantis-you-distrigo-portugal-alarga-parcerias\/#article","isPartOf":{"@id":"https:\/\/automotiverevista.pt\/index.php\/2024\/12\/19\/stellantis-you-distrigo-portugal-alarga-parcerias\/"},"author":{"name":"adminNovo","@id":"https:\/\/automotiverevista.pt\/#\/schema\/person\/1265858bc8c78a0f969de814da8be281"},"headline":"Stellantis &amp; You Distrigo Portugal alarga parcerias","datePublished":"2024-12-19T10:00:00+00:00","mainEntityOfPage":{"@id":"https:\/\/automotiverevista.pt\/index.php\/2024\/12\/19\/stellantis-you-distrigo-portugal-alarga-parcerias\/"},"wordCount":254,"publisher":{"@id":"https:\/\/automotiverevista.pt\/#organization"},"image":{"@id":"https:\/\/automotiverevista.pt\/index.php\/2024\/12\/19\/stellantis-you-distrigo-portugal-alarga-parcerias\/#primaryimage"},"thumbnailUrl":"https:\/\/automotiverevista.pt\/wp-content\/uploads\/2024\/12\/a-7.jpg","articleSection":["P\u00f3s-Venda"],"inLanguage":"pt-PT"},{"@type":"WebPage","@id":"https:\/\/automotiverevista.pt\/index.php\/2024\/12\/19\/stellantis-you-distrigo-portugal-alarga-parcerias\/","url":"https:\/\/automotiverevista.pt\/index.php\/2024\/12\/19\/stellantis-you-distrigo-portugal-alarga-parcerias\/","name":"Stellantis &amp; You Distrigo Portugal alarga parcerias - Revista Automotive","isPartOf":{"@id":"https:\/\/automotiverevista.pt\/#website"},"primaryImageOfPage":{"@id":"https:\/\/automotiverevista.pt\/index.php\/2024\/12\/19\/stellantis-you-distrigo-portugal-alarga-parcerias\/#primaryimage"},"image":{"@id":"https:\/\/automotiverevista.pt\/index.php\/2024\/12\/19\/stellantis-you-distrigo-portugal-alarga-parcerias\/#primaryimage"},"thumbnailUrl":"https:\/\/automotiverevista.pt\/wp-content\/uploads\/2024\/12\/a-7.jpg","datePublished":"2024-12-19T10:00:00+00:00","breadcrumb":{"@id":"https:\/\/automotiverevista.pt\/index.php\/2024\/12\/19\/stellantis-you-distrigo-portugal-alarga-parcerias\/#breadcrumb"},"inLanguage":"pt-PT","potentialAction":[{"@type":"ReadAction","target":["https:\/\/automotiverevista.pt\/index.php\/2024\/12\/19\/stellantis-you-distrigo-portugal-alarga-parcerias\/"]}]},{"@type":"ImageObject","inLanguage":"pt-PT","@id":"https:\/\/automotiverevista.pt\/index.php\/2024\/12\/19\/stellantis-you-distrigo-portugal-alarga-parcerias\/#primaryimage","url":"https:\/\/automotiverevista.pt\/wp-content\/uploads\/2024\/12\/a-7.jpg","contentUrl":"https:\/\/automotiverevista.pt\/wp-content\/uploads\/2024\/12\/a-7.jpg","width":1490,"height":774},{"@type":"BreadcrumbList","@id":"https:\/\/automotiverevista.pt\/index.php\/2024\/12\/19\/stellantis-you-distrigo-portugal-alarga-parcerias\/#breadcrumb","itemListElement":[{"@type":"ListItem","position":1,"name":"Home","item":"https:\/\/automotiverevista.pt\/"},{"@type":"ListItem","position":2,"name":"Stellantis &amp; You Distrigo Portugal alarga parcerias"}]},{"@type":"WebSite","@id":"https:\/\/automotiverevista.pt\/#website","url":"https:\/\/automotiverevista.pt\/","name":"Revista Automotive","description":"Revista Automotive Portugal","publisher":{"@id":"https:\/\/automotiverevista.pt\/#organization"},"potentialAction":[{"@type":"SearchAction","target":{"@type":"EntryPoint","urlTemplate":"https:\/\/automotiverevista.pt\/?s={search_term_string}"},"query-input":{"@type":"PropertyValueSpecification","valueRequired":true,"valueName":"search_term_string"}}],"inLanguage":"pt-PT"},{"@type":"Organization","@id":"https:\/\/automotiverevista.pt\/#organization","name":"Revista Automotive Portugal","url":"https:\/\/automotiverevista.pt\/","logo":{"@type":"ImageObject","inLanguage":"pt-PT","@id":"https:\/\/automotiverevista.pt\/#\/schema\/logo\/image\/","url":"https:\/\/automotiverevista.pt\/wp-content\/uploads\/2022\/07\/Logo-Automotive-2021_500-1.jpg","contentUrl":"https:\/\/automotiverevista.pt\/wp-content\/uploads\/2022\/07\/Logo-Automotive-2021_500-1.jpg","width":500,"height":160,"caption":"Revista Automotive Portugal"},"image":{"@id":"https:\/\/automotiverevista.pt\/#\/schema\/logo\/image\/"},"sameAs":["https:\/\/linkedin.com\/in\/automotiverevista"]},{"@type":"Person","@id":"https:\/\/automotiverevista.pt\/#\/schema\/person\/1265858bc8c78a0f969de814da8be281","name":"adminNovo","image":{"@type":"ImageObject","inLanguage":"pt-PT","@id":"https:\/\/secure.gravatar.com\/avatar\/c606c1288dcc11eb4c709aa5136fdb962583c410f5c23c0b7bf6917c542be355?s=96&d=mm&r=g","url":"https:\/\/secure.gravatar.com\/avatar\/c606c1288dcc11eb4c709aa5136fdb962583c410f5c23c0b7bf6917c542be355?s=96&d=mm&r=g","contentUrl":"https:\/\/secure.gravatar.com\/avatar\/c606c1288dcc11eb4c709aa5136fdb962583c410f5c23c0b7bf6917c542be355?s=96&d=mm&r=g","caption":"adminNovo"},"sameAs":["https:\/\/automotiverevista.pt"],"url":"https:\/\/automotiverevista.pt\/index.php\/author\/adminnovo\/"}]}},"_links":{"self":[{"href":"https:\/\/automotiverevista.pt\/index.php\/wp-json\/wp\/v2\/posts\/8027","targetHints":{"allow":["GET"]}}],"collection":[{"href":"https:\/\/automotiverevista.pt\/index.php\/wp-json\/wp\/v2\/posts"}],"about":[{"href":"https:\/\/automotiverevista.pt\/index.php\/wp-json\/wp\/v2\/types\/post"}],"author":[{"embeddable":true,"href":"https:\/\/automotiverevista.pt\/index.php\/wp-json\/wp\/v2\/users\/1"}],"replies":[{"embeddable":true,"href":"https:\/\/automotiverevista.pt\/index.php\/wp-json\/wp\/v2\/comments?post=8027"}],"version-history":[{"count":3,"href":"https:\/\/automotiverevista.pt\/index.php\/wp-json\/wp\/v2\/posts\/8027\/revisions"}],"predecessor-version":[{"id":8033,"href":"https:\/\/automotiverevista.pt\/index.php\/wp-json\/wp\/v2\/posts\/8027\/revisions\/8033"}],"wp:featuredmedia":[{"embeddable":true,"href":"https:\/\/automotiverevista.pt\/index.php\/wp-json\/wp\/v2\/media\/8028"}],"wp:attachment":[{"href":"https:\/\/automotiverevista.pt\/index.php\/wp-json\/wp\/v2\/media?parent=8027"}],"wp:term":[{"taxonomy":"category","embeddable":true,"href":"https:\/\/automotiverevista.pt\/index.php\/wp-json\/wp\/v2\/categories?post=8027"},{"taxonomy":"post_tag","embeddable":true,"href":"https:\/\/automotiverevista.pt\/index.php\/wp-json\/wp\/v2\/tags?post=8027"}],"curies":[{"name":"wp","href":"https:\/\/api.w.org\/{rel}","templated":true}]}}