{"id":8035,"date":"2024-12-19T14:00:00","date_gmt":"2024-12-19T14:00:00","guid":{"rendered":"https:\/\/automotiverevista.pt\/?p=8035"},"modified":"2024-12-16T11:06:26","modified_gmt":"2024-12-16T11:06:26","slug":"novo-suzuki-swift-com-tracao-4x4-para-o-segmento-urbano","status":"publish","type":"post","link":"https:\/\/automotiverevista.pt\/index.php\/2024\/12\/19\/novo-suzuki-swift-com-tracao-4x4-para-o-segmento-urbano\/","title":{"rendered":"Novo Suzuki Swift com tra\u00e7\u00e3o 4&#215;4 para o segmento urbano"},"content":{"rendered":"\n<p>A Suzuki, marca consolidada como uma refer\u00eancia de qualidade no mercado autom\u00f3vel em Portugal, apresenta a 4\u00aa gera\u00e7\u00e3o do Suzuki Swift. Este novo modelo chega com a promessa de elevar os padr\u00f5es no segmento urbano, combinando robustez, inova\u00e7\u00e3o e versatilidade, caracter\u00edsticas que refletem o compromisso da marca com o seu lema \u201cfeito para durar\u201d.<\/p>\n\n\n\n<p>Para dar a conhecer a sua atual gama de modelos \u00e0 venda em Portugal, a marca realizou um exclusivo evento com clientes profissionais e respons\u00e1veis da sua rede de concession\u00e1rios, inclu\u00eddo da Madeira e dos A\u00e7ores, proporcionando um alargado teste dos seus modelos, e tamb\u00e9m para dar a conhecer crescimento das suas vendas no canal empresarial, segmento onde a marca quer continuar a ampliar a sua presen\u00e7a.<\/p>\n\n\n\n<p><strong>Crescimento Sustentado<\/strong><\/p>\n\n\n\n<p>Nos \u00faltimos anos, a Suzuki tem registado um crescimento sustentado em Portugal, com destaque para o aumento de 10% nas vendas ao canal empresas entre 2022 e 2023. Este desempenho \u00e9 suportado por uma rede de concession\u00e1rios bem implementada em todo o pa\u00eds, incluindo as ilhas. Com um olhar estrat\u00e9gico no futuro, a marca planeia refor\u00e7ar a sua presen\u00e7a em regi\u00f5es como Viana do Castelo, Vila Real, Bragan\u00e7a, Santar\u00e9m, Alentejo e Algarve, consolidando a sua posi\u00e7\u00e3o como uma escolha de confian\u00e7a para particulares e empresas.<\/p>\n\n\n\n<p>A Suzuki diferencia-se pela simplicidade e clareza na sua gama de produtos, evitando a complexidade de dezenas de deriva\u00e7\u00f5es de modelos, ao mesmo tempo que disponibiliza tra\u00e7\u00e3o \u00e0s 4 rodas e caixa autom\u00e1tica em todos os seus ve\u00edculos. Este compromisso com a durabilidade e efici\u00eancia posiciona a marca como uma escolha distinta num mercado saturado por op\u00e7\u00f5es ef\u00eameras e meramente num\u00e9ricas.<\/p>\n\n\n\n<figure class=\"wp-block-image size-large\"><img decoding=\"async\" width=\"1024\" height=\"768\" src=\"https:\/\/automotiverevista.pt\/wp-content\/uploads\/2024\/12\/a-8-1024x768.jpg\" alt=\"\" class=\"wp-image-8037\" srcset=\"https:\/\/automotiverevista.pt\/wp-content\/uploads\/2024\/12\/a-8-1024x768.jpg 1024w, https:\/\/automotiverevista.pt\/wp-content\/uploads\/2024\/12\/a-8-300x225.jpg 300w, https:\/\/automotiverevista.pt\/wp-content\/uploads\/2024\/12\/a-8-768x576.jpg 768w, https:\/\/automotiverevista.pt\/wp-content\/uploads\/2024\/12\/a-8-750x563.jpg 750w, https:\/\/automotiverevista.pt\/wp-content\/uploads\/2024\/12\/a-8-1140x855.jpg 1140w, https:\/\/automotiverevista.pt\/wp-content\/uploads\/2024\/12\/a-8.jpg 1500w\" sizes=\"(max-width: 1024px) 100vw, 1024px\" \/><\/figure>\n\n\n\n<p><strong>Uma nova refer\u00eancia no segmento<\/strong><\/p>\n\n\n\n<p>O novo Suzuki Swift chega em tr\u00eas vers\u00f5es \u2013 S1, S2 e S3 \u2013, garantindo uma proposta abrangente e bem equipada desde o n\u00edvel de entrada. A marca surpreende ao disponibilizar um elevado n\u00edvel de equipamento na vers\u00e3o b\u00e1sica, com as vers\u00f5es superiores proporcionando alguns incrementos, tais como:<\/p>\n\n\n\n<ul class=\"wp-block-list\">\n<li>Tecnologia de Seguran\u00e7a de S\u00e9rie: Todos os n\u00edveis contam com sistemas avan\u00e7ados de seguran\u00e7a, refor\u00e7ando a aposta da Suzuki em proteger os seus ocupantes.<\/li>\n\n\n\n<li>Versatilidade com a Vers\u00e3o Allroad: O Swift \u00e9 o \u00fanico modelo no seu segmento a oferecer tra\u00e7\u00e3o \u00e0s 4 rodas, uma solu\u00e7\u00e3o ideal para quem enfrenta percursos fora de estrada, como empresas florestais ou da constru\u00e7\u00e3o civil.<\/li>\n\n\n\n<li>Efici\u00eancia Energ\u00e9tica: Equipado com o motor 1.2 a gasolina, o modelo oferece uma resposta \u00e1gil e consumos surpreendentes de 4,4 litros\/100km na vers\u00e3o Allroad, mesmo em percursos mistos.<\/li>\n\n\n\n<li><\/li>\n<\/ul>\n\n\n\n<p><strong>Experi\u00eancia de condu\u00e7\u00e3o<\/strong><\/p>\n\n\n\n<figure class=\"wp-block-image size-large\"><img decoding=\"async\" width=\"1024\" height=\"768\" src=\"https:\/\/automotiverevista.pt\/wp-content\/uploads\/2024\/12\/20241121_124937-1024x768.jpg\" alt=\"\" class=\"wp-image-8038\" srcset=\"https:\/\/automotiverevista.pt\/wp-content\/uploads\/2024\/12\/20241121_124937-1024x768.jpg 1024w, https:\/\/automotiverevista.pt\/wp-content\/uploads\/2024\/12\/20241121_124937-300x225.jpg 300w, https:\/\/automotiverevista.pt\/wp-content\/uploads\/2024\/12\/20241121_124937-768x576.jpg 768w, https:\/\/automotiverevista.pt\/wp-content\/uploads\/2024\/12\/20241121_124937-750x563.jpg 750w, https:\/\/automotiverevista.pt\/wp-content\/uploads\/2024\/12\/20241121_124937-1140x855.jpg 1140w, https:\/\/automotiverevista.pt\/wp-content\/uploads\/2024\/12\/20241121_124937.jpg 1500w\" sizes=\"(max-width: 1024px) 100vw, 1024px\" \/><\/figure>\n\n\n\n<p>Durante os testes de condu\u00e7\u00e3o, o novo Swift demonstrou um desempenho s\u00f3lido e uma aten\u00e7\u00e3o not\u00e1vel aos detalhes. A caixa manual destacou-se pela precis\u00e3o e suavidade, enquanto o chassis oferece uma condu\u00e7\u00e3o harmoniosa, garantindo conforto e estabilidade.<\/p>\n\n\n\n<p>O interior combina materiais robustos com um visual esteticamente harmonioso e um ambiente interno, agrad\u00e1vel e espa\u00e7oso. O habit\u00e1culo oferece um espa\u00e7o traseiro superior ao esperado para o segmento, proporcionando conforto adicional para todos os passageiros, bem como um posto de condu\u00e7\u00e3o bastante equilibrado.<\/p>\n\n\n\n<p>No entanto, alguns detalhes poderiam ser melhorados, como a aus\u00eancia de apoio de bra\u00e7os frontal, luzes para os ocupantes traseiros e ilumina\u00e7\u00e3o na bagageira. Apesar disso, a conectividade do sistema de infotainment \u00e9 impec\u00e1vel, com uma integra\u00e7\u00e3o r\u00e1pida e eficiente para dispositivos Android.<\/p>\n\n\n\n<p><strong>Uma Escolha Inteligente para Empresas e Particulares<\/strong><\/p>\n\n\n\n<p>Com bancos aquecidos, painel de instrumentos e digital) e tecnologia de seguran\u00e7a de ponta, o novo Suzuki Swift refor\u00e7a o compromisso da marca em oferecer solu\u00e7\u00f5es completas e modernas para os seus clientes. A vers\u00e3o Allroad, em particular, destaca-se como uma proposta \u00fanica no segmento, combinando a funcionalidade da tra\u00e7\u00e3o \u00e0s 4 rodas com consumos eficientes e uma experi\u00eancia de condu\u00e7\u00e3o agrad\u00e1vel.<\/p>\n\n\n\n<figure class=\"wp-block-image size-large\"><img decoding=\"async\" width=\"1024\" height=\"768\" src=\"https:\/\/automotiverevista.pt\/wp-content\/uploads\/2024\/12\/outras-39-1024x768.jpg\" alt=\"\" class=\"wp-image-8039\" srcset=\"https:\/\/automotiverevista.pt\/wp-content\/uploads\/2024\/12\/outras-39-1024x768.jpg 1024w, https:\/\/automotiverevista.pt\/wp-content\/uploads\/2024\/12\/outras-39-300x225.jpg 300w, https:\/\/automotiverevista.pt\/wp-content\/uploads\/2024\/12\/outras-39-768x576.jpg 768w, https:\/\/automotiverevista.pt\/wp-content\/uploads\/2024\/12\/outras-39-750x563.jpg 750w, https:\/\/automotiverevista.pt\/wp-content\/uploads\/2024\/12\/outras-39-1140x855.jpg 1140w, https:\/\/automotiverevista.pt\/wp-content\/uploads\/2024\/12\/outras-39.jpg 1500w\" sizes=\"(max-width: 1024px) 100vw, 1024px\" \/><\/figure>\n\n\n\n<p><strong>Suzuki Swift: Preparado para o Futuro <\/strong><\/p>\n\n\n\n<p>Com esta 4\u00aa gera\u00e7\u00e3o, a Suzuki reafirma a sua posi\u00e7\u00e3o como uma marca diferenciada no mercado autom\u00f3vel. O Swift \u00e9 um modelo ideal para quem procura durabilidade, simplicidade e versatilidade, seja no uso di\u00e1rio urbano ou em aplica\u00e7\u00f5es mais exigentes. Ao aliar uma gama bem estruturada \u00e0 sua estrat\u00e9gia de expans\u00e3o em Portugal, a Suzuki est\u00e1 preparada para continuar a crescer e conquistar mais espa\u00e7o no mercado autom\u00f3vel.<\/p>\n\n\n\n<p>Este modelo \u00e9 muito mais do que um simples utilit\u00e1rio. \u00c9 a escolha inteligente para quem procura qualidade e inova\u00e7\u00e3o que duram. Assim, o novo Suzuki Swift j\u00e1 est\u00e1 dispon\u00edvel nos concession\u00e1rios da marca em Portugal.<\/p>\n\n\n\n<figure class=\"wp-block-image size-large\"><img decoding=\"async\" width=\"1024\" height=\"768\" src=\"https:\/\/automotiverevista.pt\/wp-content\/uploads\/2024\/12\/20241121_125728-1-1024x768.jpg\" alt=\"\" class=\"wp-image-8044\" srcset=\"https:\/\/automotiverevista.pt\/wp-content\/uploads\/2024\/12\/20241121_125728-1-1024x768.jpg 1024w, https:\/\/automotiverevista.pt\/wp-content\/uploads\/2024\/12\/20241121_125728-1-300x225.jpg 300w, https:\/\/automotiverevista.pt\/wp-content\/uploads\/2024\/12\/20241121_125728-1-768x576.jpg 768w, https:\/\/automotiverevista.pt\/wp-content\/uploads\/2024\/12\/20241121_125728-1-750x563.jpg 750w, https:\/\/automotiverevista.pt\/wp-content\/uploads\/2024\/12\/20241121_125728-1-1140x855.jpg 1140w, https:\/\/automotiverevista.pt\/wp-content\/uploads\/2024\/12\/20241121_125728-1.jpg 1500w\" sizes=\"(max-width: 1024px) 100vw, 1024px\" \/><\/figure>\n","protected":false},"excerpt":{"rendered":"<p>A Suzuki, marca consolidada como uma refer\u00eancia de qualidade no mercado autom\u00f3vel em Portugal, apresenta a 4\u00aa gera\u00e7\u00e3o do Suzuki Swift. Este novo modelo chega com a promessa de elevar os padr\u00f5es no segmento urbano, combinando robustez, inova\u00e7\u00e3o e versatilidade, caracter\u00edsticas que refletem o compromisso da marca com o seu lema \u201cfeito para durar\u201d. Para [&hellip;]<\/p>\n","protected":false},"author":1,"featured_media":8036,"comment_status":"closed","ping_status":"open","sticky":false,"template":"","format":"standard","meta":{"jnews-multi-image_gallery":[],"jnews_single_post":{"format":"standard"},"jnews_primary_category":[],"footnotes":""},"categories":[23],"tags":[],"class_list":["post-8035","post","type-post","status-publish","format-standard","has-post-thumbnail","hentry","category-frotas"],"yoast_head":"<!-- This site is optimized with the Yoast SEO Premium plugin v27.2 (Yoast SEO v27.5) - https:\/\/yoast.com\/product\/yoast-seo-premium-wordpress\/ -->\n<title>Novo Suzuki Swift com tra\u00e7\u00e3o 4x4 para o segmento urbano - Revista Automotive<\/title>\n<meta name=\"robots\" content=\"index, follow, max-snippet:-1, max-image-preview:large, max-video-preview:-1\" \/>\n<link rel=\"canonical\" href=\"https:\/\/automotiverevista.pt\/index.php\/2024\/12\/19\/novo-suzuki-swift-com-tracao-4x4-para-o-segmento-urbano\/\" \/>\n<meta property=\"og:locale\" content=\"pt_PT\" \/>\n<meta property=\"og:type\" content=\"article\" \/>\n<meta property=\"og:title\" content=\"Novo Suzuki Swift com tra\u00e7\u00e3o 4x4 para o segmento urbano\" \/>\n<meta property=\"og:description\" content=\"A Suzuki, marca consolidada como uma refer\u00eancia de qualidade no mercado autom\u00f3vel em Portugal, apresenta a 4\u00aa gera\u00e7\u00e3o do Suzuki Swift. Este novo modelo chega com a promessa de elevar os padr\u00f5es no segmento urbano, combinando robustez, inova\u00e7\u00e3o e versatilidade, caracter\u00edsticas que refletem o compromisso da marca com o seu lema \u201cfeito para durar\u201d. Para [&hellip;]\" \/>\n<meta property=\"og:url\" content=\"https:\/\/automotiverevista.pt\/index.php\/2024\/12\/19\/novo-suzuki-swift-com-tracao-4x4-para-o-segmento-urbano\/\" \/>\n<meta property=\"og:site_name\" content=\"Revista Automotive\" \/>\n<meta property=\"article:published_time\" content=\"2024-12-19T14:00:00+00:00\" \/>\n<meta property=\"og:image\" content=\"https:\/\/automotiverevista.pt\/wp-content\/uploads\/2024\/12\/20241121_150035.jpg\" \/>\n\t<meta property=\"og:image:width\" content=\"1500\" \/>\n\t<meta property=\"og:image:height\" content=\"1125\" \/>\n\t<meta property=\"og:image:type\" content=\"image\/jpeg\" \/>\n<meta name=\"author\" content=\"adminNovo\" \/>\n<meta name=\"twitter:card\" content=\"summary_large_image\" \/>\n<meta name=\"twitter:label1\" content=\"Escrito por\" \/>\n\t<meta name=\"twitter:data1\" content=\"adminNovo\" \/>\n\t<meta name=\"twitter:label2\" content=\"Tempo estimado de leitura\" \/>\n\t<meta name=\"twitter:data2\" content=\"5 minutos\" \/>\n<script type=\"application\/ld+json\" class=\"yoast-schema-graph\">{\"@context\":\"https:\\\/\\\/schema.org\",\"@graph\":[{\"@type\":\"Article\",\"@id\":\"https:\\\/\\\/automotiverevista.pt\\\/index.php\\\/2024\\\/12\\\/19\\\/novo-suzuki-swift-com-tracao-4x4-para-o-segmento-urbano\\\/#article\",\"isPartOf\":{\"@id\":\"https:\\\/\\\/automotiverevista.pt\\\/index.php\\\/2024\\\/12\\\/19\\\/novo-suzuki-swift-com-tracao-4x4-para-o-segmento-urbano\\\/\"},\"author\":{\"name\":\"adminNovo\",\"@id\":\"https:\\\/\\\/automotiverevista.pt\\\/#\\\/schema\\\/person\\\/1265858bc8c78a0f969de814da8be281\"},\"headline\":\"Novo Suzuki Swift com tra\u00e7\u00e3o 4&#215;4 para o segmento urbano\",\"datePublished\":\"2024-12-19T14:00:00+00:00\",\"mainEntityOfPage\":{\"@id\":\"https:\\\/\\\/automotiverevista.pt\\\/index.php\\\/2024\\\/12\\\/19\\\/novo-suzuki-swift-com-tracao-4x4-para-o-segmento-urbano\\\/\"},\"wordCount\":800,\"publisher\":{\"@id\":\"https:\\\/\\\/automotiverevista.pt\\\/#organization\"},\"image\":{\"@id\":\"https:\\\/\\\/automotiverevista.pt\\\/index.php\\\/2024\\\/12\\\/19\\\/novo-suzuki-swift-com-tracao-4x4-para-o-segmento-urbano\\\/#primaryimage\"},\"thumbnailUrl\":\"https:\\\/\\\/automotiverevista.pt\\\/wp-content\\\/uploads\\\/2024\\\/12\\\/20241121_150035.jpg\",\"articleSection\":[\"Frotas\"],\"inLanguage\":\"pt-PT\"},{\"@type\":\"WebPage\",\"@id\":\"https:\\\/\\\/automotiverevista.pt\\\/index.php\\\/2024\\\/12\\\/19\\\/novo-suzuki-swift-com-tracao-4x4-para-o-segmento-urbano\\\/\",\"url\":\"https:\\\/\\\/automotiverevista.pt\\\/index.php\\\/2024\\\/12\\\/19\\\/novo-suzuki-swift-com-tracao-4x4-para-o-segmento-urbano\\\/\",\"name\":\"Novo Suzuki Swift com tra\u00e7\u00e3o 4x4 para o segmento urbano - Revista Automotive\",\"isPartOf\":{\"@id\":\"https:\\\/\\\/automotiverevista.pt\\\/#website\"},\"primaryImageOfPage\":{\"@id\":\"https:\\\/\\\/automotiverevista.pt\\\/index.php\\\/2024\\\/12\\\/19\\\/novo-suzuki-swift-com-tracao-4x4-para-o-segmento-urbano\\\/#primaryimage\"},\"image\":{\"@id\":\"https:\\\/\\\/automotiverevista.pt\\\/index.php\\\/2024\\\/12\\\/19\\\/novo-suzuki-swift-com-tracao-4x4-para-o-segmento-urbano\\\/#primaryimage\"},\"thumbnailUrl\":\"https:\\\/\\\/automotiverevista.pt\\\/wp-content\\\/uploads\\\/2024\\\/12\\\/20241121_150035.jpg\",\"datePublished\":\"2024-12-19T14:00:00+00:00\",\"breadcrumb\":{\"@id\":\"https:\\\/\\\/automotiverevista.pt\\\/index.php\\\/2024\\\/12\\\/19\\\/novo-suzuki-swift-com-tracao-4x4-para-o-segmento-urbano\\\/#breadcrumb\"},\"inLanguage\":\"pt-PT\",\"potentialAction\":[{\"@type\":\"ReadAction\",\"target\":[\"https:\\\/\\\/automotiverevista.pt\\\/index.php\\\/2024\\\/12\\\/19\\\/novo-suzuki-swift-com-tracao-4x4-para-o-segmento-urbano\\\/\"]}]},{\"@type\":\"ImageObject\",\"inLanguage\":\"pt-PT\",\"@id\":\"https:\\\/\\\/automotiverevista.pt\\\/index.php\\\/2024\\\/12\\\/19\\\/novo-suzuki-swift-com-tracao-4x4-para-o-segmento-urbano\\\/#primaryimage\",\"url\":\"https:\\\/\\\/automotiverevista.pt\\\/wp-content\\\/uploads\\\/2024\\\/12\\\/20241121_150035.jpg\",\"contentUrl\":\"https:\\\/\\\/automotiverevista.pt\\\/wp-content\\\/uploads\\\/2024\\\/12\\\/20241121_150035.jpg\",\"width\":1500,\"height\":1125},{\"@type\":\"BreadcrumbList\",\"@id\":\"https:\\\/\\\/automotiverevista.pt\\\/index.php\\\/2024\\\/12\\\/19\\\/novo-suzuki-swift-com-tracao-4x4-para-o-segmento-urbano\\\/#breadcrumb\",\"itemListElement\":[{\"@type\":\"ListItem\",\"position\":1,\"name\":\"Home\",\"item\":\"https:\\\/\\\/automotiverevista.pt\\\/\"},{\"@type\":\"ListItem\",\"position\":2,\"name\":\"Novo Suzuki Swift com tra\u00e7\u00e3o 4&#215;4 para o segmento urbano\"}]},{\"@type\":\"WebSite\",\"@id\":\"https:\\\/\\\/automotiverevista.pt\\\/#website\",\"url\":\"https:\\\/\\\/automotiverevista.pt\\\/\",\"name\":\"Revista Automotive\",\"description\":\"Revista Automotive Portugal\",\"publisher\":{\"@id\":\"https:\\\/\\\/automotiverevista.pt\\\/#organization\"},\"potentialAction\":[{\"@type\":\"SearchAction\",\"target\":{\"@type\":\"EntryPoint\",\"urlTemplate\":\"https:\\\/\\\/automotiverevista.pt\\\/?s={search_term_string}\"},\"query-input\":{\"@type\":\"PropertyValueSpecification\",\"valueRequired\":true,\"valueName\":\"search_term_string\"}}],\"inLanguage\":\"pt-PT\"},{\"@type\":\"Organization\",\"@id\":\"https:\\\/\\\/automotiverevista.pt\\\/#organization\",\"name\":\"Revista Automotive Portugal\",\"url\":\"https:\\\/\\\/automotiverevista.pt\\\/\",\"logo\":{\"@type\":\"ImageObject\",\"inLanguage\":\"pt-PT\",\"@id\":\"https:\\\/\\\/automotiverevista.pt\\\/#\\\/schema\\\/logo\\\/image\\\/\",\"url\":\"https:\\\/\\\/automotiverevista.pt\\\/wp-content\\\/uploads\\\/2022\\\/07\\\/Logo-Automotive-2021_500-1.jpg\",\"contentUrl\":\"https:\\\/\\\/automotiverevista.pt\\\/wp-content\\\/uploads\\\/2022\\\/07\\\/Logo-Automotive-2021_500-1.jpg\",\"width\":500,\"height\":160,\"caption\":\"Revista Automotive Portugal\"},\"image\":{\"@id\":\"https:\\\/\\\/automotiverevista.pt\\\/#\\\/schema\\\/logo\\\/image\\\/\"},\"sameAs\":[\"https:\\\/\\\/linkedin.com\\\/in\\\/automotiverevista\"]},{\"@type\":\"Person\",\"@id\":\"https:\\\/\\\/automotiverevista.pt\\\/#\\\/schema\\\/person\\\/1265858bc8c78a0f969de814da8be281\",\"name\":\"adminNovo\",\"image\":{\"@type\":\"ImageObject\",\"inLanguage\":\"pt-PT\",\"@id\":\"https:\\\/\\\/secure.gravatar.com\\\/avatar\\\/c606c1288dcc11eb4c709aa5136fdb962583c410f5c23c0b7bf6917c542be355?s=96&d=mm&r=g\",\"url\":\"https:\\\/\\\/secure.gravatar.com\\\/avatar\\\/c606c1288dcc11eb4c709aa5136fdb962583c410f5c23c0b7bf6917c542be355?s=96&d=mm&r=g\",\"contentUrl\":\"https:\\\/\\\/secure.gravatar.com\\\/avatar\\\/c606c1288dcc11eb4c709aa5136fdb962583c410f5c23c0b7bf6917c542be355?s=96&d=mm&r=g\",\"caption\":\"adminNovo\"},\"sameAs\":[\"https:\\\/\\\/automotiverevista.pt\"],\"url\":\"https:\\\/\\\/automotiverevista.pt\\\/index.php\\\/author\\\/adminnovo\\\/\"}]}<\/script>\n<!-- \/ Yoast SEO Premium plugin. -->","yoast_head_json":{"title":"Novo Suzuki Swift com tra\u00e7\u00e3o 4x4 para o segmento urbano - Revista Automotive","robots":{"index":"index","follow":"follow","max-snippet":"max-snippet:-1","max-image-preview":"max-image-preview:large","max-video-preview":"max-video-preview:-1"},"canonical":"https:\/\/automotiverevista.pt\/index.php\/2024\/12\/19\/novo-suzuki-swift-com-tracao-4x4-para-o-segmento-urbano\/","og_locale":"pt_PT","og_type":"article","og_title":"Novo Suzuki Swift com tra\u00e7\u00e3o 4x4 para o segmento urbano","og_description":"A Suzuki, marca consolidada como uma refer\u00eancia de qualidade no mercado autom\u00f3vel em Portugal, apresenta a 4\u00aa gera\u00e7\u00e3o do Suzuki Swift. Este novo modelo chega com a promessa de elevar os padr\u00f5es no segmento urbano, combinando robustez, inova\u00e7\u00e3o e versatilidade, caracter\u00edsticas que refletem o compromisso da marca com o seu lema \u201cfeito para durar\u201d. Para [&hellip;]","og_url":"https:\/\/automotiverevista.pt\/index.php\/2024\/12\/19\/novo-suzuki-swift-com-tracao-4x4-para-o-segmento-urbano\/","og_site_name":"Revista Automotive","article_published_time":"2024-12-19T14:00:00+00:00","og_image":[{"width":1500,"height":1125,"url":"https:\/\/automotiverevista.pt\/wp-content\/uploads\/2024\/12\/20241121_150035.jpg","type":"image\/jpeg"}],"author":"adminNovo","twitter_card":"summary_large_image","twitter_misc":{"Escrito por":"adminNovo","Tempo estimado de leitura":"5 minutos"},"schema":{"@context":"https:\/\/schema.org","@graph":[{"@type":"Article","@id":"https:\/\/automotiverevista.pt\/index.php\/2024\/12\/19\/novo-suzuki-swift-com-tracao-4x4-para-o-segmento-urbano\/#article","isPartOf":{"@id":"https:\/\/automotiverevista.pt\/index.php\/2024\/12\/19\/novo-suzuki-swift-com-tracao-4x4-para-o-segmento-urbano\/"},"author":{"name":"adminNovo","@id":"https:\/\/automotiverevista.pt\/#\/schema\/person\/1265858bc8c78a0f969de814da8be281"},"headline":"Novo Suzuki Swift com tra\u00e7\u00e3o 4&#215;4 para o segmento urbano","datePublished":"2024-12-19T14:00:00+00:00","mainEntityOfPage":{"@id":"https:\/\/automotiverevista.pt\/index.php\/2024\/12\/19\/novo-suzuki-swift-com-tracao-4x4-para-o-segmento-urbano\/"},"wordCount":800,"publisher":{"@id":"https:\/\/automotiverevista.pt\/#organization"},"image":{"@id":"https:\/\/automotiverevista.pt\/index.php\/2024\/12\/19\/novo-suzuki-swift-com-tracao-4x4-para-o-segmento-urbano\/#primaryimage"},"thumbnailUrl":"https:\/\/automotiverevista.pt\/wp-content\/uploads\/2024\/12\/20241121_150035.jpg","articleSection":["Frotas"],"inLanguage":"pt-PT"},{"@type":"WebPage","@id":"https:\/\/automotiverevista.pt\/index.php\/2024\/12\/19\/novo-suzuki-swift-com-tracao-4x4-para-o-segmento-urbano\/","url":"https:\/\/automotiverevista.pt\/index.php\/2024\/12\/19\/novo-suzuki-swift-com-tracao-4x4-para-o-segmento-urbano\/","name":"Novo Suzuki Swift com tra\u00e7\u00e3o 4x4 para o segmento urbano - Revista Automotive","isPartOf":{"@id":"https:\/\/automotiverevista.pt\/#website"},"primaryImageOfPage":{"@id":"https:\/\/automotiverevista.pt\/index.php\/2024\/12\/19\/novo-suzuki-swift-com-tracao-4x4-para-o-segmento-urbano\/#primaryimage"},"image":{"@id":"https:\/\/automotiverevista.pt\/index.php\/2024\/12\/19\/novo-suzuki-swift-com-tracao-4x4-para-o-segmento-urbano\/#primaryimage"},"thumbnailUrl":"https:\/\/automotiverevista.pt\/wp-content\/uploads\/2024\/12\/20241121_150035.jpg","datePublished":"2024-12-19T14:00:00+00:00","breadcrumb":{"@id":"https:\/\/automotiverevista.pt\/index.php\/2024\/12\/19\/novo-suzuki-swift-com-tracao-4x4-para-o-segmento-urbano\/#breadcrumb"},"inLanguage":"pt-PT","potentialAction":[{"@type":"ReadAction","target":["https:\/\/automotiverevista.pt\/index.php\/2024\/12\/19\/novo-suzuki-swift-com-tracao-4x4-para-o-segmento-urbano\/"]}]},{"@type":"ImageObject","inLanguage":"pt-PT","@id":"https:\/\/automotiverevista.pt\/index.php\/2024\/12\/19\/novo-suzuki-swift-com-tracao-4x4-para-o-segmento-urbano\/#primaryimage","url":"https:\/\/automotiverevista.pt\/wp-content\/uploads\/2024\/12\/20241121_150035.jpg","contentUrl":"https:\/\/automotiverevista.pt\/wp-content\/uploads\/2024\/12\/20241121_150035.jpg","width":1500,"height":1125},{"@type":"BreadcrumbList","@id":"https:\/\/automotiverevista.pt\/index.php\/2024\/12\/19\/novo-suzuki-swift-com-tracao-4x4-para-o-segmento-urbano\/#breadcrumb","itemListElement":[{"@type":"ListItem","position":1,"name":"Home","item":"https:\/\/automotiverevista.pt\/"},{"@type":"ListItem","position":2,"name":"Novo Suzuki Swift com tra\u00e7\u00e3o 4&#215;4 para o segmento urbano"}]},{"@type":"WebSite","@id":"https:\/\/automotiverevista.pt\/#website","url":"https:\/\/automotiverevista.pt\/","name":"Revista Automotive","description":"Revista Automotive Portugal","publisher":{"@id":"https:\/\/automotiverevista.pt\/#organization"},"potentialAction":[{"@type":"SearchAction","target":{"@type":"EntryPoint","urlTemplate":"https:\/\/automotiverevista.pt\/?s={search_term_string}"},"query-input":{"@type":"PropertyValueSpecification","valueRequired":true,"valueName":"search_term_string"}}],"inLanguage":"pt-PT"},{"@type":"Organization","@id":"https:\/\/automotiverevista.pt\/#organization","name":"Revista Automotive Portugal","url":"https:\/\/automotiverevista.pt\/","logo":{"@type":"ImageObject","inLanguage":"pt-PT","@id":"https:\/\/automotiverevista.pt\/#\/schema\/logo\/image\/","url":"https:\/\/automotiverevista.pt\/wp-content\/uploads\/2022\/07\/Logo-Automotive-2021_500-1.jpg","contentUrl":"https:\/\/automotiverevista.pt\/wp-content\/uploads\/2022\/07\/Logo-Automotive-2021_500-1.jpg","width":500,"height":160,"caption":"Revista Automotive Portugal"},"image":{"@id":"https:\/\/automotiverevista.pt\/#\/schema\/logo\/image\/"},"sameAs":["https:\/\/linkedin.com\/in\/automotiverevista"]},{"@type":"Person","@id":"https:\/\/automotiverevista.pt\/#\/schema\/person\/1265858bc8c78a0f969de814da8be281","name":"adminNovo","image":{"@type":"ImageObject","inLanguage":"pt-PT","@id":"https:\/\/secure.gravatar.com\/avatar\/c606c1288dcc11eb4c709aa5136fdb962583c410f5c23c0b7bf6917c542be355?s=96&d=mm&r=g","url":"https:\/\/secure.gravatar.com\/avatar\/c606c1288dcc11eb4c709aa5136fdb962583c410f5c23c0b7bf6917c542be355?s=96&d=mm&r=g","contentUrl":"https:\/\/secure.gravatar.com\/avatar\/c606c1288dcc11eb4c709aa5136fdb962583c410f5c23c0b7bf6917c542be355?s=96&d=mm&r=g","caption":"adminNovo"},"sameAs":["https:\/\/automotiverevista.pt"],"url":"https:\/\/automotiverevista.pt\/index.php\/author\/adminnovo\/"}]}},"_links":{"self":[{"href":"https:\/\/automotiverevista.pt\/index.php\/wp-json\/wp\/v2\/posts\/8035","targetHints":{"allow":["GET"]}}],"collection":[{"href":"https:\/\/automotiverevista.pt\/index.php\/wp-json\/wp\/v2\/posts"}],"about":[{"href":"https:\/\/automotiverevista.pt\/index.php\/wp-json\/wp\/v2\/types\/post"}],"author":[{"embeddable":true,"href":"https:\/\/automotiverevista.pt\/index.php\/wp-json\/wp\/v2\/users\/1"}],"replies":[{"embeddable":true,"href":"https:\/\/automotiverevista.pt\/index.php\/wp-json\/wp\/v2\/comments?post=8035"}],"version-history":[{"count":2,"href":"https:\/\/automotiverevista.pt\/index.php\/wp-json\/wp\/v2\/posts\/8035\/revisions"}],"predecessor-version":[{"id":8045,"href":"https:\/\/automotiverevista.pt\/index.php\/wp-json\/wp\/v2\/posts\/8035\/revisions\/8045"}],"wp:featuredmedia":[{"embeddable":true,"href":"https:\/\/automotiverevista.pt\/index.php\/wp-json\/wp\/v2\/media\/8036"}],"wp:attachment":[{"href":"https:\/\/automotiverevista.pt\/index.php\/wp-json\/wp\/v2\/media?parent=8035"}],"wp:term":[{"taxonomy":"category","embeddable":true,"href":"https:\/\/automotiverevista.pt\/index.php\/wp-json\/wp\/v2\/categories?post=8035"},{"taxonomy":"post_tag","embeddable":true,"href":"https:\/\/automotiverevista.pt\/index.php\/wp-json\/wp\/v2\/tags?post=8035"}],"curies":[{"name":"wp","href":"https:\/\/api.w.org\/{rel}","templated":true}]}}