{"id":8046,"date":"2024-12-20T08:00:00","date_gmt":"2024-12-20T08:00:00","guid":{"rendered":"https:\/\/automotiverevista.pt\/?p=8046"},"modified":"2024-12-16T11:10:15","modified_gmt":"2024-12-16T11:10:15","slug":"schmitz-cargobull-agrega-todo-o-setor-num-unico-sistema","status":"publish","type":"post","link":"https:\/\/automotiverevista.pt\/index.php\/2024\/12\/20\/schmitz-cargobull-agrega-todo-o-setor-num-unico-sistema\/","title":{"rendered":"Schmitz-Cargobull agrega todo o setor num \u00fanico sistema"},"content":{"rendered":"\n<p>A Schmitz-Cargobull, atrav\u00e9s de <strong>Jos\u00e9 Botas<\/strong>, Country Manager de Portugal, esteve presente na Confer\u00eancia Automotive, e deixou a mensagem de que ainda h\u00e1 um longo caminho a percorrer no que diz respeito \u00e0 inova\u00e7\u00e3o e efici\u00eancia na gest\u00e3o dos transportes de mercadorias.<\/p>\n\n\n\n<p>De forma clara e objetiva, Jos\u00e9 Botas demonstrou que \u201cos semirreboques e os cami\u00f5es n\u00e3o s\u00e3o utilizados de forma eficiente pelas empresas de transporte, onde um semirreboque encontra-se 75% vazio ao longo da sua vida \u00fatil, quer esteja imobilizado ou em tr\u00e2nsito. Al\u00e9m disso, a prov\u00e1vel eletrifica\u00e7\u00e3o dos transportes ir\u00e1 exigir uma maior conectividade entre o cami\u00e3o e o semirreboque, aumentando a procura por dados mais rigorosos da pegada ecol\u00f3gica das empresas de log\u00edstica.<\/p>\n\n\n\n<figure class=\"wp-block-image size-full is-resized\"><img decoding=\"async\" width=\"618\" height=\"634\" src=\"https:\/\/automotiverevista.pt\/wp-content\/uploads\/2024\/12\/IMG_8849.jpg\" alt=\"\" class=\"wp-image-8049\" style=\"width:375px;height:auto\" srcset=\"https:\/\/automotiverevista.pt\/wp-content\/uploads\/2024\/12\/IMG_8849.jpg 618w, https:\/\/automotiverevista.pt\/wp-content\/uploads\/2024\/12\/IMG_8849-292x300.jpg 292w\" sizes=\"(max-width: 618px) 100vw, 618px\" \/><\/figure>\n\n\n\n<p>O DMC (Data Management Center) da Schmitz-Cargobull, por exemplo, \u00e9 um novo ecossistema de fornecedores de solu\u00e7\u00f5es baseadas em dados, que conecta sistemas de gest\u00e3o de frota, marcas de cami\u00f5es, marcas de semirreboques, softwares de gest\u00e3o de carga, entre outros, tornando-se a solu\u00e7\u00e3o mais completa do mercado em termos de integra\u00e7\u00e3o de informa\u00e7\u00e3o e dados.<\/p>\n\n\n\n<p>Toda a cadeia de abastecimento poder\u00e1 agora estar concentrada num \u00fanico sistema, que re\u00fane as diferentes necessidades das empresas de transporte de mercadorias, facilitando a digitaliza\u00e7\u00e3o\u201d, adiantou. &nbsp;Neste \u00e2mbito, como Jos\u00e9 Botas referiu, ainda h\u00e1 um longo caminho a ser feito pois apenas 1 em cada 10 das cadeias de abastecimento s\u00e3o digitais e cerca de 42% das empresas est\u00e3o limitadas \u00e0 integra\u00e7\u00e3o de novas tecnologias na infraestrutura de software existente, devido \u00e0 alta complexidade dos mesmos.<\/p>\n\n\n\n<figure class=\"wp-block-image size-large\"><img decoding=\"async\" width=\"1024\" height=\"683\" src=\"https:\/\/automotiverevista.pt\/wp-content\/uploads\/2024\/12\/IMG_8860_1-1024x683.jpg\" alt=\"\" class=\"wp-image-8048\" srcset=\"https:\/\/automotiverevista.pt\/wp-content\/uploads\/2024\/12\/IMG_8860_1-1024x683.jpg 1024w, https:\/\/automotiverevista.pt\/wp-content\/uploads\/2024\/12\/IMG_8860_1-300x200.jpg 300w, https:\/\/automotiverevista.pt\/wp-content\/uploads\/2024\/12\/IMG_8860_1-768x512.jpg 768w, https:\/\/automotiverevista.pt\/wp-content\/uploads\/2024\/12\/IMG_8860_1-750x500.jpg 750w, https:\/\/automotiverevista.pt\/wp-content\/uploads\/2024\/12\/IMG_8860_1-1140x760.jpg 1140w, https:\/\/automotiverevista.pt\/wp-content\/uploads\/2024\/12\/IMG_8860_1.jpg 1500w\" sizes=\"(max-width: 1024px) 100vw, 1024px\" \/><\/figure>\n","protected":false},"excerpt":{"rendered":"<p>A Schmitz-Cargobull, atrav\u00e9s de Jos\u00e9 Botas, Country Manager de Portugal, esteve presente na Confer\u00eancia Automotive, e deixou a mensagem de que ainda h\u00e1 um longo caminho a percorrer no que diz respeito \u00e0 inova\u00e7\u00e3o e efici\u00eancia na gest\u00e3o dos transportes de mercadorias. De forma clara e objetiva, Jos\u00e9 Botas demonstrou que \u201cos semirreboques e os [&hellip;]<\/p>\n","protected":false},"author":1,"featured_media":8047,"comment_status":"closed","ping_status":"open","sticky":false,"template":"","format":"standard","meta":{"jnews-multi-image_gallery":[],"jnews_single_post":{"format":"standard"},"jnews_primary_category":[],"footnotes":""},"categories":[25],"tags":[],"class_list":["post-8046","post","type-post","status-publish","format-standard","has-post-thumbnail","hentry","category-pesados-e-maquinas"],"yoast_head":"<!-- This site is optimized with the Yoast SEO Premium plugin v27.2 (Yoast SEO v27.5) - https:\/\/yoast.com\/product\/yoast-seo-premium-wordpress\/ -->\n<title>Schmitz-Cargobull agrega todo o setor num \u00fanico sistema - Revista Automotive<\/title>\n<meta name=\"robots\" content=\"index, follow, max-snippet:-1, max-image-preview:large, max-video-preview:-1\" \/>\n<link rel=\"canonical\" href=\"https:\/\/automotiverevista.pt\/index.php\/2024\/12\/20\/schmitz-cargobull-agrega-todo-o-setor-num-unico-sistema\/\" \/>\n<meta property=\"og:locale\" content=\"pt_PT\" \/>\n<meta property=\"og:type\" content=\"article\" \/>\n<meta property=\"og:title\" content=\"Schmitz-Cargobull agrega todo o setor num \u00fanico sistema\" \/>\n<meta property=\"og:description\" content=\"A Schmitz-Cargobull, atrav\u00e9s de Jos\u00e9 Botas, Country Manager de Portugal, esteve presente na Confer\u00eancia Automotive, e deixou a mensagem de que ainda h\u00e1 um longo caminho a percorrer no que diz respeito \u00e0 inova\u00e7\u00e3o e efici\u00eancia na gest\u00e3o dos transportes de mercadorias. De forma clara e objetiva, Jos\u00e9 Botas demonstrou que \u201cos semirreboques e os [&hellip;]\" \/>\n<meta property=\"og:url\" content=\"https:\/\/automotiverevista.pt\/index.php\/2024\/12\/20\/schmitz-cargobull-agrega-todo-o-setor-num-unico-sistema\/\" \/>\n<meta property=\"og:site_name\" content=\"Revista Automotive\" \/>\n<meta property=\"article:published_time\" content=\"2024-12-20T08:00:00+00:00\" \/>\n<meta property=\"og:image\" content=\"https:\/\/automotiverevista.pt\/wp-content\/uploads\/2024\/12\/a-9.jpg\" \/>\n\t<meta property=\"og:image:width\" content=\"1500\" \/>\n\t<meta property=\"og:image:height\" content=\"822\" \/>\n\t<meta property=\"og:image:type\" content=\"image\/jpeg\" \/>\n<meta name=\"author\" content=\"adminNovo\" \/>\n<meta name=\"twitter:card\" content=\"summary_large_image\" \/>\n<meta name=\"twitter:label1\" content=\"Escrito por\" \/>\n\t<meta name=\"twitter:data1\" content=\"adminNovo\" \/>\n\t<meta name=\"twitter:label2\" content=\"Tempo estimado de leitura\" \/>\n\t<meta name=\"twitter:data2\" content=\"2 minutos\" \/>\n<script type=\"application\/ld+json\" class=\"yoast-schema-graph\">{\"@context\":\"https:\\\/\\\/schema.org\",\"@graph\":[{\"@type\":\"Article\",\"@id\":\"https:\\\/\\\/automotiverevista.pt\\\/index.php\\\/2024\\\/12\\\/20\\\/schmitz-cargobull-agrega-todo-o-setor-num-unico-sistema\\\/#article\",\"isPartOf\":{\"@id\":\"https:\\\/\\\/automotiverevista.pt\\\/index.php\\\/2024\\\/12\\\/20\\\/schmitz-cargobull-agrega-todo-o-setor-num-unico-sistema\\\/\"},\"author\":{\"name\":\"adminNovo\",\"@id\":\"https:\\\/\\\/automotiverevista.pt\\\/#\\\/schema\\\/person\\\/1265858bc8c78a0f969de814da8be281\"},\"headline\":\"Schmitz-Cargobull agrega todo o setor num \u00fanico sistema\",\"datePublished\":\"2024-12-20T08:00:00+00:00\",\"mainEntityOfPage\":{\"@id\":\"https:\\\/\\\/automotiverevista.pt\\\/index.php\\\/2024\\\/12\\\/20\\\/schmitz-cargobull-agrega-todo-o-setor-num-unico-sistema\\\/\"},\"wordCount\":276,\"publisher\":{\"@id\":\"https:\\\/\\\/automotiverevista.pt\\\/#organization\"},\"image\":{\"@id\":\"https:\\\/\\\/automotiverevista.pt\\\/index.php\\\/2024\\\/12\\\/20\\\/schmitz-cargobull-agrega-todo-o-setor-num-unico-sistema\\\/#primaryimage\"},\"thumbnailUrl\":\"https:\\\/\\\/automotiverevista.pt\\\/wp-content\\\/uploads\\\/2024\\\/12\\\/a-9.jpg\",\"articleSection\":[\"Pesados e M\u00e1quinas\"],\"inLanguage\":\"pt-PT\"},{\"@type\":\"WebPage\",\"@id\":\"https:\\\/\\\/automotiverevista.pt\\\/index.php\\\/2024\\\/12\\\/20\\\/schmitz-cargobull-agrega-todo-o-setor-num-unico-sistema\\\/\",\"url\":\"https:\\\/\\\/automotiverevista.pt\\\/index.php\\\/2024\\\/12\\\/20\\\/schmitz-cargobull-agrega-todo-o-setor-num-unico-sistema\\\/\",\"name\":\"Schmitz-Cargobull agrega todo o setor num \u00fanico sistema - Revista Automotive\",\"isPartOf\":{\"@id\":\"https:\\\/\\\/automotiverevista.pt\\\/#website\"},\"primaryImageOfPage\":{\"@id\":\"https:\\\/\\\/automotiverevista.pt\\\/index.php\\\/2024\\\/12\\\/20\\\/schmitz-cargobull-agrega-todo-o-setor-num-unico-sistema\\\/#primaryimage\"},\"image\":{\"@id\":\"https:\\\/\\\/automotiverevista.pt\\\/index.php\\\/2024\\\/12\\\/20\\\/schmitz-cargobull-agrega-todo-o-setor-num-unico-sistema\\\/#primaryimage\"},\"thumbnailUrl\":\"https:\\\/\\\/automotiverevista.pt\\\/wp-content\\\/uploads\\\/2024\\\/12\\\/a-9.jpg\",\"datePublished\":\"2024-12-20T08:00:00+00:00\",\"breadcrumb\":{\"@id\":\"https:\\\/\\\/automotiverevista.pt\\\/index.php\\\/2024\\\/12\\\/20\\\/schmitz-cargobull-agrega-todo-o-setor-num-unico-sistema\\\/#breadcrumb\"},\"inLanguage\":\"pt-PT\",\"potentialAction\":[{\"@type\":\"ReadAction\",\"target\":[\"https:\\\/\\\/automotiverevista.pt\\\/index.php\\\/2024\\\/12\\\/20\\\/schmitz-cargobull-agrega-todo-o-setor-num-unico-sistema\\\/\"]}]},{\"@type\":\"ImageObject\",\"inLanguage\":\"pt-PT\",\"@id\":\"https:\\\/\\\/automotiverevista.pt\\\/index.php\\\/2024\\\/12\\\/20\\\/schmitz-cargobull-agrega-todo-o-setor-num-unico-sistema\\\/#primaryimage\",\"url\":\"https:\\\/\\\/automotiverevista.pt\\\/wp-content\\\/uploads\\\/2024\\\/12\\\/a-9.jpg\",\"contentUrl\":\"https:\\\/\\\/automotiverevista.pt\\\/wp-content\\\/uploads\\\/2024\\\/12\\\/a-9.jpg\",\"width\":1500,\"height\":822},{\"@type\":\"BreadcrumbList\",\"@id\":\"https:\\\/\\\/automotiverevista.pt\\\/index.php\\\/2024\\\/12\\\/20\\\/schmitz-cargobull-agrega-todo-o-setor-num-unico-sistema\\\/#breadcrumb\",\"itemListElement\":[{\"@type\":\"ListItem\",\"position\":1,\"name\":\"Home\",\"item\":\"https:\\\/\\\/automotiverevista.pt\\\/\"},{\"@type\":\"ListItem\",\"position\":2,\"name\":\"Schmitz-Cargobull agrega todo o setor num \u00fanico sistema\"}]},{\"@type\":\"WebSite\",\"@id\":\"https:\\\/\\\/automotiverevista.pt\\\/#website\",\"url\":\"https:\\\/\\\/automotiverevista.pt\\\/\",\"name\":\"Revista Automotive\",\"description\":\"Revista Automotive Portugal\",\"publisher\":{\"@id\":\"https:\\\/\\\/automotiverevista.pt\\\/#organization\"},\"potentialAction\":[{\"@type\":\"SearchAction\",\"target\":{\"@type\":\"EntryPoint\",\"urlTemplate\":\"https:\\\/\\\/automotiverevista.pt\\\/?s={search_term_string}\"},\"query-input\":{\"@type\":\"PropertyValueSpecification\",\"valueRequired\":true,\"valueName\":\"search_term_string\"}}],\"inLanguage\":\"pt-PT\"},{\"@type\":\"Organization\",\"@id\":\"https:\\\/\\\/automotiverevista.pt\\\/#organization\",\"name\":\"Revista Automotive Portugal\",\"url\":\"https:\\\/\\\/automotiverevista.pt\\\/\",\"logo\":{\"@type\":\"ImageObject\",\"inLanguage\":\"pt-PT\",\"@id\":\"https:\\\/\\\/automotiverevista.pt\\\/#\\\/schema\\\/logo\\\/image\\\/\",\"url\":\"https:\\\/\\\/automotiverevista.pt\\\/wp-content\\\/uploads\\\/2022\\\/07\\\/Logo-Automotive-2021_500-1.jpg\",\"contentUrl\":\"https:\\\/\\\/automotiverevista.pt\\\/wp-content\\\/uploads\\\/2022\\\/07\\\/Logo-Automotive-2021_500-1.jpg\",\"width\":500,\"height\":160,\"caption\":\"Revista Automotive Portugal\"},\"image\":{\"@id\":\"https:\\\/\\\/automotiverevista.pt\\\/#\\\/schema\\\/logo\\\/image\\\/\"},\"sameAs\":[\"https:\\\/\\\/linkedin.com\\\/in\\\/automotiverevista\"]},{\"@type\":\"Person\",\"@id\":\"https:\\\/\\\/automotiverevista.pt\\\/#\\\/schema\\\/person\\\/1265858bc8c78a0f969de814da8be281\",\"name\":\"adminNovo\",\"image\":{\"@type\":\"ImageObject\",\"inLanguage\":\"pt-PT\",\"@id\":\"https:\\\/\\\/secure.gravatar.com\\\/avatar\\\/c606c1288dcc11eb4c709aa5136fdb962583c410f5c23c0b7bf6917c542be355?s=96&d=mm&r=g\",\"url\":\"https:\\\/\\\/secure.gravatar.com\\\/avatar\\\/c606c1288dcc11eb4c709aa5136fdb962583c410f5c23c0b7bf6917c542be355?s=96&d=mm&r=g\",\"contentUrl\":\"https:\\\/\\\/secure.gravatar.com\\\/avatar\\\/c606c1288dcc11eb4c709aa5136fdb962583c410f5c23c0b7bf6917c542be355?s=96&d=mm&r=g\",\"caption\":\"adminNovo\"},\"sameAs\":[\"https:\\\/\\\/automotiverevista.pt\"],\"url\":\"https:\\\/\\\/automotiverevista.pt\\\/index.php\\\/author\\\/adminnovo\\\/\"}]}<\/script>\n<!-- \/ Yoast SEO Premium plugin. -->","yoast_head_json":{"title":"Schmitz-Cargobull agrega todo o setor num \u00fanico sistema - Revista Automotive","robots":{"index":"index","follow":"follow","max-snippet":"max-snippet:-1","max-image-preview":"max-image-preview:large","max-video-preview":"max-video-preview:-1"},"canonical":"https:\/\/automotiverevista.pt\/index.php\/2024\/12\/20\/schmitz-cargobull-agrega-todo-o-setor-num-unico-sistema\/","og_locale":"pt_PT","og_type":"article","og_title":"Schmitz-Cargobull agrega todo o setor num \u00fanico sistema","og_description":"A Schmitz-Cargobull, atrav\u00e9s de Jos\u00e9 Botas, Country Manager de Portugal, esteve presente na Confer\u00eancia Automotive, e deixou a mensagem de que ainda h\u00e1 um longo caminho a percorrer no que diz respeito \u00e0 inova\u00e7\u00e3o e efici\u00eancia na gest\u00e3o dos transportes de mercadorias. De forma clara e objetiva, Jos\u00e9 Botas demonstrou que \u201cos semirreboques e os [&hellip;]","og_url":"https:\/\/automotiverevista.pt\/index.php\/2024\/12\/20\/schmitz-cargobull-agrega-todo-o-setor-num-unico-sistema\/","og_site_name":"Revista Automotive","article_published_time":"2024-12-20T08:00:00+00:00","og_image":[{"width":1500,"height":822,"url":"https:\/\/automotiverevista.pt\/wp-content\/uploads\/2024\/12\/a-9.jpg","type":"image\/jpeg"}],"author":"adminNovo","twitter_card":"summary_large_image","twitter_misc":{"Escrito por":"adminNovo","Tempo estimado de leitura":"2 minutos"},"schema":{"@context":"https:\/\/schema.org","@graph":[{"@type":"Article","@id":"https:\/\/automotiverevista.pt\/index.php\/2024\/12\/20\/schmitz-cargobull-agrega-todo-o-setor-num-unico-sistema\/#article","isPartOf":{"@id":"https:\/\/automotiverevista.pt\/index.php\/2024\/12\/20\/schmitz-cargobull-agrega-todo-o-setor-num-unico-sistema\/"},"author":{"name":"adminNovo","@id":"https:\/\/automotiverevista.pt\/#\/schema\/person\/1265858bc8c78a0f969de814da8be281"},"headline":"Schmitz-Cargobull agrega todo o setor num \u00fanico sistema","datePublished":"2024-12-20T08:00:00+00:00","mainEntityOfPage":{"@id":"https:\/\/automotiverevista.pt\/index.php\/2024\/12\/20\/schmitz-cargobull-agrega-todo-o-setor-num-unico-sistema\/"},"wordCount":276,"publisher":{"@id":"https:\/\/automotiverevista.pt\/#organization"},"image":{"@id":"https:\/\/automotiverevista.pt\/index.php\/2024\/12\/20\/schmitz-cargobull-agrega-todo-o-setor-num-unico-sistema\/#primaryimage"},"thumbnailUrl":"https:\/\/automotiverevista.pt\/wp-content\/uploads\/2024\/12\/a-9.jpg","articleSection":["Pesados e M\u00e1quinas"],"inLanguage":"pt-PT"},{"@type":"WebPage","@id":"https:\/\/automotiverevista.pt\/index.php\/2024\/12\/20\/schmitz-cargobull-agrega-todo-o-setor-num-unico-sistema\/","url":"https:\/\/automotiverevista.pt\/index.php\/2024\/12\/20\/schmitz-cargobull-agrega-todo-o-setor-num-unico-sistema\/","name":"Schmitz-Cargobull agrega todo o setor num \u00fanico sistema - Revista Automotive","isPartOf":{"@id":"https:\/\/automotiverevista.pt\/#website"},"primaryImageOfPage":{"@id":"https:\/\/automotiverevista.pt\/index.php\/2024\/12\/20\/schmitz-cargobull-agrega-todo-o-setor-num-unico-sistema\/#primaryimage"},"image":{"@id":"https:\/\/automotiverevista.pt\/index.php\/2024\/12\/20\/schmitz-cargobull-agrega-todo-o-setor-num-unico-sistema\/#primaryimage"},"thumbnailUrl":"https:\/\/automotiverevista.pt\/wp-content\/uploads\/2024\/12\/a-9.jpg","datePublished":"2024-12-20T08:00:00+00:00","breadcrumb":{"@id":"https:\/\/automotiverevista.pt\/index.php\/2024\/12\/20\/schmitz-cargobull-agrega-todo-o-setor-num-unico-sistema\/#breadcrumb"},"inLanguage":"pt-PT","potentialAction":[{"@type":"ReadAction","target":["https:\/\/automotiverevista.pt\/index.php\/2024\/12\/20\/schmitz-cargobull-agrega-todo-o-setor-num-unico-sistema\/"]}]},{"@type":"ImageObject","inLanguage":"pt-PT","@id":"https:\/\/automotiverevista.pt\/index.php\/2024\/12\/20\/schmitz-cargobull-agrega-todo-o-setor-num-unico-sistema\/#primaryimage","url":"https:\/\/automotiverevista.pt\/wp-content\/uploads\/2024\/12\/a-9.jpg","contentUrl":"https:\/\/automotiverevista.pt\/wp-content\/uploads\/2024\/12\/a-9.jpg","width":1500,"height":822},{"@type":"BreadcrumbList","@id":"https:\/\/automotiverevista.pt\/index.php\/2024\/12\/20\/schmitz-cargobull-agrega-todo-o-setor-num-unico-sistema\/#breadcrumb","itemListElement":[{"@type":"ListItem","position":1,"name":"Home","item":"https:\/\/automotiverevista.pt\/"},{"@type":"ListItem","position":2,"name":"Schmitz-Cargobull agrega todo o setor num \u00fanico sistema"}]},{"@type":"WebSite","@id":"https:\/\/automotiverevista.pt\/#website","url":"https:\/\/automotiverevista.pt\/","name":"Revista Automotive","description":"Revista Automotive Portugal","publisher":{"@id":"https:\/\/automotiverevista.pt\/#organization"},"potentialAction":[{"@type":"SearchAction","target":{"@type":"EntryPoint","urlTemplate":"https:\/\/automotiverevista.pt\/?s={search_term_string}"},"query-input":{"@type":"PropertyValueSpecification","valueRequired":true,"valueName":"search_term_string"}}],"inLanguage":"pt-PT"},{"@type":"Organization","@id":"https:\/\/automotiverevista.pt\/#organization","name":"Revista Automotive Portugal","url":"https:\/\/automotiverevista.pt\/","logo":{"@type":"ImageObject","inLanguage":"pt-PT","@id":"https:\/\/automotiverevista.pt\/#\/schema\/logo\/image\/","url":"https:\/\/automotiverevista.pt\/wp-content\/uploads\/2022\/07\/Logo-Automotive-2021_500-1.jpg","contentUrl":"https:\/\/automotiverevista.pt\/wp-content\/uploads\/2022\/07\/Logo-Automotive-2021_500-1.jpg","width":500,"height":160,"caption":"Revista Automotive Portugal"},"image":{"@id":"https:\/\/automotiverevista.pt\/#\/schema\/logo\/image\/"},"sameAs":["https:\/\/linkedin.com\/in\/automotiverevista"]},{"@type":"Person","@id":"https:\/\/automotiverevista.pt\/#\/schema\/person\/1265858bc8c78a0f969de814da8be281","name":"adminNovo","image":{"@type":"ImageObject","inLanguage":"pt-PT","@id":"https:\/\/secure.gravatar.com\/avatar\/c606c1288dcc11eb4c709aa5136fdb962583c410f5c23c0b7bf6917c542be355?s=96&d=mm&r=g","url":"https:\/\/secure.gravatar.com\/avatar\/c606c1288dcc11eb4c709aa5136fdb962583c410f5c23c0b7bf6917c542be355?s=96&d=mm&r=g","contentUrl":"https:\/\/secure.gravatar.com\/avatar\/c606c1288dcc11eb4c709aa5136fdb962583c410f5c23c0b7bf6917c542be355?s=96&d=mm&r=g","caption":"adminNovo"},"sameAs":["https:\/\/automotiverevista.pt"],"url":"https:\/\/automotiverevista.pt\/index.php\/author\/adminnovo\/"}]}},"_links":{"self":[{"href":"https:\/\/automotiverevista.pt\/index.php\/wp-json\/wp\/v2\/posts\/8046","targetHints":{"allow":["GET"]}}],"collection":[{"href":"https:\/\/automotiverevista.pt\/index.php\/wp-json\/wp\/v2\/posts"}],"about":[{"href":"https:\/\/automotiverevista.pt\/index.php\/wp-json\/wp\/v2\/types\/post"}],"author":[{"embeddable":true,"href":"https:\/\/automotiverevista.pt\/index.php\/wp-json\/wp\/v2\/users\/1"}],"replies":[{"embeddable":true,"href":"https:\/\/automotiverevista.pt\/index.php\/wp-json\/wp\/v2\/comments?post=8046"}],"version-history":[{"count":1,"href":"https:\/\/automotiverevista.pt\/index.php\/wp-json\/wp\/v2\/posts\/8046\/revisions"}],"predecessor-version":[{"id":8050,"href":"https:\/\/automotiverevista.pt\/index.php\/wp-json\/wp\/v2\/posts\/8046\/revisions\/8050"}],"wp:featuredmedia":[{"embeddable":true,"href":"https:\/\/automotiverevista.pt\/index.php\/wp-json\/wp\/v2\/media\/8047"}],"wp:attachment":[{"href":"https:\/\/automotiverevista.pt\/index.php\/wp-json\/wp\/v2\/media?parent=8046"}],"wp:term":[{"taxonomy":"category","embeddable":true,"href":"https:\/\/automotiverevista.pt\/index.php\/wp-json\/wp\/v2\/categories?post=8046"},{"taxonomy":"post_tag","embeddable":true,"href":"https:\/\/automotiverevista.pt\/index.php\/wp-json\/wp\/v2\/tags?post=8046"}],"curies":[{"name":"wp","href":"https:\/\/api.w.org\/{rel}","templated":true}]}}