{"id":8066,"date":"2024-12-16T17:21:55","date_gmt":"2024-12-16T17:21:55","guid":{"rendered":"https:\/\/automotiverevista.pt\/?p=8066"},"modified":"2024-12-16T17:21:57","modified_gmt":"2024-12-16T17:21:57","slug":"scania-com-nova-bateria-agm","status":"publish","type":"post","link":"https:\/\/automotiverevista.pt\/index.php\/2024\/12\/16\/scania-com-nova-bateria-agm\/","title":{"rendered":"Scania com nova bateria AGM"},"content":{"rendered":"\n<p>A Scania lan\u00e7a sua nova bateria com tecnologia AGM, uma inova\u00e7\u00e3o projetada para reduzir ao m\u00ednimo as paragens inesperadas e maximizar a disponibilidade dos cami\u00f5es.<\/p>\n\n\n\n<p>Essa solu\u00e7\u00e3o atende de forma especial \u00e0 procura de quem utiliza intensivamente equipamentos auxiliares, como frigor\u00edficos, ou aquecedores de cabine durante os per\u00edodos de inatividade.<\/p>\n\n\n\n<p>Segundo a Scania, a nova bateria AGM apresenta um desempenho significativamente superior \u00e0s baterias de 230Ah atuais, destacando-se por diversos benef\u00edcios. Oferece <strong>50% mais energia,<\/strong> prolongando sua vida \u00fatil em mais de 50%, o que reduz a frequ\u00eancia de substitui\u00e7\u00f5es. Sua maior profundidade de descarga permite utilizar at\u00e9 80% da capacidade, comparado aos 50% das baterias tradicionais.<\/p>\n\n\n\n<p>Al\u00e9m disso, possui o dobro de resist\u00eancia a vibra\u00e7\u00f5es, permitindo instala\u00e7\u00e3o em qualquer posi\u00e7\u00e3o, e <strong>recarrega 30% mais r\u00e1pido<\/strong>, assegurando maior disponibilidade. Por fim, a marca garante que a manuten\u00e7\u00e3o destas baterias \u00e9 simplificada, necessitando apenas de limpeza e carregamento peri\u00f3dico.<\/p>\n\n\n\n<figure class=\"wp-block-image size-large\"><img decoding=\"async\" width=\"1024\" height=\"576\" src=\"https:\/\/automotiverevista.pt\/wp-content\/uploads\/2024\/12\/1920x1080_pieza_online_PT-1024x576.jpg\" alt=\"\" class=\"wp-image-8068\" srcset=\"https:\/\/automotiverevista.pt\/wp-content\/uploads\/2024\/12\/1920x1080_pieza_online_PT-1024x576.jpg 1024w, https:\/\/automotiverevista.pt\/wp-content\/uploads\/2024\/12\/1920x1080_pieza_online_PT-300x169.jpg 300w, https:\/\/automotiverevista.pt\/wp-content\/uploads\/2024\/12\/1920x1080_pieza_online_PT-768x432.jpg 768w, https:\/\/automotiverevista.pt\/wp-content\/uploads\/2024\/12\/1920x1080_pieza_online_PT-1536x864.jpg 1536w, https:\/\/automotiverevista.pt\/wp-content\/uploads\/2024\/12\/1920x1080_pieza_online_PT-750x422.jpg 750w, https:\/\/automotiverevista.pt\/wp-content\/uploads\/2024\/12\/1920x1080_pieza_online_PT-1140x641.jpg 1140w, https:\/\/automotiverevista.pt\/wp-content\/uploads\/2024\/12\/1920x1080_pieza_online_PT.jpg 1920w\" sizes=\"(max-width: 1024px) 100vw, 1024px\" \/><\/figure>\n","protected":false},"excerpt":{"rendered":"<p>A Scania lan\u00e7a sua nova bateria com tecnologia AGM, uma inova\u00e7\u00e3o projetada para reduzir ao m\u00ednimo as paragens inesperadas e maximizar a disponibilidade dos cami\u00f5es. Essa solu\u00e7\u00e3o atende de forma especial \u00e0 procura de quem utiliza intensivamente equipamentos auxiliares, como frigor\u00edficos, ou aquecedores de cabine durante os per\u00edodos de inatividade. Segundo a Scania, a nova [&hellip;]<\/p>\n","protected":false},"author":1,"featured_media":8067,"comment_status":"closed","ping_status":"open","sticky":false,"template":"","format":"standard","meta":{"jnews-multi-image_gallery":[],"jnews_single_post":{"format":"standard"},"jnews_primary_category":[],"footnotes":""},"categories":[25],"tags":[],"class_list":["post-8066","post","type-post","status-publish","format-standard","has-post-thumbnail","hentry","category-pesados-e-maquinas"],"yoast_head":"<!-- This site is optimized with the Yoast SEO Premium plugin v27.2 (Yoast SEO v27.5) - https:\/\/yoast.com\/product\/yoast-seo-premium-wordpress\/ -->\n<title>Scania com nova bateria AGM - Revista Automotive<\/title>\n<meta name=\"robots\" content=\"index, follow, max-snippet:-1, max-image-preview:large, max-video-preview:-1\" \/>\n<link rel=\"canonical\" href=\"https:\/\/automotiverevista.pt\/index.php\/2024\/12\/16\/scania-com-nova-bateria-agm\/\" \/>\n<meta property=\"og:locale\" content=\"pt_PT\" \/>\n<meta property=\"og:type\" content=\"article\" \/>\n<meta property=\"og:title\" content=\"Scania com nova bateria AGM\" \/>\n<meta property=\"og:description\" content=\"A Scania lan\u00e7a sua nova bateria com tecnologia AGM, uma inova\u00e7\u00e3o projetada para reduzir ao m\u00ednimo as paragens inesperadas e maximizar a disponibilidade dos cami\u00f5es. Essa solu\u00e7\u00e3o atende de forma especial \u00e0 procura de quem utiliza intensivamente equipamentos auxiliares, como frigor\u00edficos, ou aquecedores de cabine durante os per\u00edodos de inatividade. Segundo a Scania, a nova [&hellip;]\" \/>\n<meta property=\"og:url\" content=\"https:\/\/automotiverevista.pt\/index.php\/2024\/12\/16\/scania-com-nova-bateria-agm\/\" \/>\n<meta property=\"og:site_name\" content=\"Revista Automotive\" \/>\n<meta property=\"article:published_time\" content=\"2024-12-16T17:21:55+00:00\" \/>\n<meta property=\"article:modified_time\" content=\"2024-12-16T17:21:57+00:00\" \/>\n<meta property=\"og:image\" content=\"https:\/\/automotiverevista.pt\/wp-content\/uploads\/2024\/12\/a-12.jpg\" \/>\n\t<meta property=\"og:image:width\" content=\"1024\" \/>\n\t<meta property=\"og:image:height\" content=\"496\" \/>\n\t<meta property=\"og:image:type\" content=\"image\/jpeg\" \/>\n<meta name=\"author\" content=\"adminNovo\" \/>\n<meta name=\"twitter:card\" content=\"summary_large_image\" \/>\n<meta name=\"twitter:label1\" content=\"Escrito por\" \/>\n\t<meta name=\"twitter:data1\" content=\"adminNovo\" \/>\n\t<meta name=\"twitter:label2\" content=\"Tempo estimado de leitura\" \/>\n\t<meta name=\"twitter:data2\" content=\"2 minutos\" \/>\n<script type=\"application\/ld+json\" class=\"yoast-schema-graph\">{\"@context\":\"https:\\\/\\\/schema.org\",\"@graph\":[{\"@type\":\"Article\",\"@id\":\"https:\\\/\\\/automotiverevista.pt\\\/index.php\\\/2024\\\/12\\\/16\\\/scania-com-nova-bateria-agm\\\/#article\",\"isPartOf\":{\"@id\":\"https:\\\/\\\/automotiverevista.pt\\\/index.php\\\/2024\\\/12\\\/16\\\/scania-com-nova-bateria-agm\\\/\"},\"author\":{\"name\":\"adminNovo\",\"@id\":\"https:\\\/\\\/automotiverevista.pt\\\/#\\\/schema\\\/person\\\/1265858bc8c78a0f969de814da8be281\"},\"headline\":\"Scania com nova bateria AGM\",\"datePublished\":\"2024-12-16T17:21:55+00:00\",\"dateModified\":\"2024-12-16T17:21:57+00:00\",\"mainEntityOfPage\":{\"@id\":\"https:\\\/\\\/automotiverevista.pt\\\/index.php\\\/2024\\\/12\\\/16\\\/scania-com-nova-bateria-agm\\\/\"},\"wordCount\":164,\"publisher\":{\"@id\":\"https:\\\/\\\/automotiverevista.pt\\\/#organization\"},\"image\":{\"@id\":\"https:\\\/\\\/automotiverevista.pt\\\/index.php\\\/2024\\\/12\\\/16\\\/scania-com-nova-bateria-agm\\\/#primaryimage\"},\"thumbnailUrl\":\"https:\\\/\\\/automotiverevista.pt\\\/wp-content\\\/uploads\\\/2024\\\/12\\\/a-12.jpg\",\"articleSection\":[\"Pesados e M\u00e1quinas\"],\"inLanguage\":\"pt-PT\"},{\"@type\":\"WebPage\",\"@id\":\"https:\\\/\\\/automotiverevista.pt\\\/index.php\\\/2024\\\/12\\\/16\\\/scania-com-nova-bateria-agm\\\/\",\"url\":\"https:\\\/\\\/automotiverevista.pt\\\/index.php\\\/2024\\\/12\\\/16\\\/scania-com-nova-bateria-agm\\\/\",\"name\":\"Scania com nova bateria AGM - Revista Automotive\",\"isPartOf\":{\"@id\":\"https:\\\/\\\/automotiverevista.pt\\\/#website\"},\"primaryImageOfPage\":{\"@id\":\"https:\\\/\\\/automotiverevista.pt\\\/index.php\\\/2024\\\/12\\\/16\\\/scania-com-nova-bateria-agm\\\/#primaryimage\"},\"image\":{\"@id\":\"https:\\\/\\\/automotiverevista.pt\\\/index.php\\\/2024\\\/12\\\/16\\\/scania-com-nova-bateria-agm\\\/#primaryimage\"},\"thumbnailUrl\":\"https:\\\/\\\/automotiverevista.pt\\\/wp-content\\\/uploads\\\/2024\\\/12\\\/a-12.jpg\",\"datePublished\":\"2024-12-16T17:21:55+00:00\",\"dateModified\":\"2024-12-16T17:21:57+00:00\",\"breadcrumb\":{\"@id\":\"https:\\\/\\\/automotiverevista.pt\\\/index.php\\\/2024\\\/12\\\/16\\\/scania-com-nova-bateria-agm\\\/#breadcrumb\"},\"inLanguage\":\"pt-PT\",\"potentialAction\":[{\"@type\":\"ReadAction\",\"target\":[\"https:\\\/\\\/automotiverevista.pt\\\/index.php\\\/2024\\\/12\\\/16\\\/scania-com-nova-bateria-agm\\\/\"]}]},{\"@type\":\"ImageObject\",\"inLanguage\":\"pt-PT\",\"@id\":\"https:\\\/\\\/automotiverevista.pt\\\/index.php\\\/2024\\\/12\\\/16\\\/scania-com-nova-bateria-agm\\\/#primaryimage\",\"url\":\"https:\\\/\\\/automotiverevista.pt\\\/wp-content\\\/uploads\\\/2024\\\/12\\\/a-12.jpg\",\"contentUrl\":\"https:\\\/\\\/automotiverevista.pt\\\/wp-content\\\/uploads\\\/2024\\\/12\\\/a-12.jpg\",\"width\":1024,\"height\":496,\"caption\":\"Svempa Limited Edition Trucks Frost Edition Frostfire Fire Edition\"},{\"@type\":\"BreadcrumbList\",\"@id\":\"https:\\\/\\\/automotiverevista.pt\\\/index.php\\\/2024\\\/12\\\/16\\\/scania-com-nova-bateria-agm\\\/#breadcrumb\",\"itemListElement\":[{\"@type\":\"ListItem\",\"position\":1,\"name\":\"Home\",\"item\":\"https:\\\/\\\/automotiverevista.pt\\\/\"},{\"@type\":\"ListItem\",\"position\":2,\"name\":\"Scania com nova bateria AGM\"}]},{\"@type\":\"WebSite\",\"@id\":\"https:\\\/\\\/automotiverevista.pt\\\/#website\",\"url\":\"https:\\\/\\\/automotiverevista.pt\\\/\",\"name\":\"Revista Automotive\",\"description\":\"Revista Automotive Portugal\",\"publisher\":{\"@id\":\"https:\\\/\\\/automotiverevista.pt\\\/#organization\"},\"potentialAction\":[{\"@type\":\"SearchAction\",\"target\":{\"@type\":\"EntryPoint\",\"urlTemplate\":\"https:\\\/\\\/automotiverevista.pt\\\/?s={search_term_string}\"},\"query-input\":{\"@type\":\"PropertyValueSpecification\",\"valueRequired\":true,\"valueName\":\"search_term_string\"}}],\"inLanguage\":\"pt-PT\"},{\"@type\":\"Organization\",\"@id\":\"https:\\\/\\\/automotiverevista.pt\\\/#organization\",\"name\":\"Revista Automotive Portugal\",\"url\":\"https:\\\/\\\/automotiverevista.pt\\\/\",\"logo\":{\"@type\":\"ImageObject\",\"inLanguage\":\"pt-PT\",\"@id\":\"https:\\\/\\\/automotiverevista.pt\\\/#\\\/schema\\\/logo\\\/image\\\/\",\"url\":\"https:\\\/\\\/automotiverevista.pt\\\/wp-content\\\/uploads\\\/2022\\\/07\\\/Logo-Automotive-2021_500-1.jpg\",\"contentUrl\":\"https:\\\/\\\/automotiverevista.pt\\\/wp-content\\\/uploads\\\/2022\\\/07\\\/Logo-Automotive-2021_500-1.jpg\",\"width\":500,\"height\":160,\"caption\":\"Revista Automotive Portugal\"},\"image\":{\"@id\":\"https:\\\/\\\/automotiverevista.pt\\\/#\\\/schema\\\/logo\\\/image\\\/\"},\"sameAs\":[\"https:\\\/\\\/linkedin.com\\\/in\\\/automotiverevista\"]},{\"@type\":\"Person\",\"@id\":\"https:\\\/\\\/automotiverevista.pt\\\/#\\\/schema\\\/person\\\/1265858bc8c78a0f969de814da8be281\",\"name\":\"adminNovo\",\"image\":{\"@type\":\"ImageObject\",\"inLanguage\":\"pt-PT\",\"@id\":\"https:\\\/\\\/secure.gravatar.com\\\/avatar\\\/c606c1288dcc11eb4c709aa5136fdb962583c410f5c23c0b7bf6917c542be355?s=96&d=mm&r=g\",\"url\":\"https:\\\/\\\/secure.gravatar.com\\\/avatar\\\/c606c1288dcc11eb4c709aa5136fdb962583c410f5c23c0b7bf6917c542be355?s=96&d=mm&r=g\",\"contentUrl\":\"https:\\\/\\\/secure.gravatar.com\\\/avatar\\\/c606c1288dcc11eb4c709aa5136fdb962583c410f5c23c0b7bf6917c542be355?s=96&d=mm&r=g\",\"caption\":\"adminNovo\"},\"sameAs\":[\"https:\\\/\\\/automotiverevista.pt\"],\"url\":\"https:\\\/\\\/automotiverevista.pt\\\/index.php\\\/author\\\/adminnovo\\\/\"}]}<\/script>\n<!-- \/ Yoast SEO Premium plugin. -->","yoast_head_json":{"title":"Scania com nova bateria AGM - Revista Automotive","robots":{"index":"index","follow":"follow","max-snippet":"max-snippet:-1","max-image-preview":"max-image-preview:large","max-video-preview":"max-video-preview:-1"},"canonical":"https:\/\/automotiverevista.pt\/index.php\/2024\/12\/16\/scania-com-nova-bateria-agm\/","og_locale":"pt_PT","og_type":"article","og_title":"Scania com nova bateria AGM","og_description":"A Scania lan\u00e7a sua nova bateria com tecnologia AGM, uma inova\u00e7\u00e3o projetada para reduzir ao m\u00ednimo as paragens inesperadas e maximizar a disponibilidade dos cami\u00f5es. Essa solu\u00e7\u00e3o atende de forma especial \u00e0 procura de quem utiliza intensivamente equipamentos auxiliares, como frigor\u00edficos, ou aquecedores de cabine durante os per\u00edodos de inatividade. Segundo a Scania, a nova [&hellip;]","og_url":"https:\/\/automotiverevista.pt\/index.php\/2024\/12\/16\/scania-com-nova-bateria-agm\/","og_site_name":"Revista Automotive","article_published_time":"2024-12-16T17:21:55+00:00","article_modified_time":"2024-12-16T17:21:57+00:00","og_image":[{"width":1024,"height":496,"url":"https:\/\/automotiverevista.pt\/wp-content\/uploads\/2024\/12\/a-12.jpg","type":"image\/jpeg"}],"author":"adminNovo","twitter_card":"summary_large_image","twitter_misc":{"Escrito por":"adminNovo","Tempo estimado de leitura":"2 minutos"},"schema":{"@context":"https:\/\/schema.org","@graph":[{"@type":"Article","@id":"https:\/\/automotiverevista.pt\/index.php\/2024\/12\/16\/scania-com-nova-bateria-agm\/#article","isPartOf":{"@id":"https:\/\/automotiverevista.pt\/index.php\/2024\/12\/16\/scania-com-nova-bateria-agm\/"},"author":{"name":"adminNovo","@id":"https:\/\/automotiverevista.pt\/#\/schema\/person\/1265858bc8c78a0f969de814da8be281"},"headline":"Scania com nova bateria AGM","datePublished":"2024-12-16T17:21:55+00:00","dateModified":"2024-12-16T17:21:57+00:00","mainEntityOfPage":{"@id":"https:\/\/automotiverevista.pt\/index.php\/2024\/12\/16\/scania-com-nova-bateria-agm\/"},"wordCount":164,"publisher":{"@id":"https:\/\/automotiverevista.pt\/#organization"},"image":{"@id":"https:\/\/automotiverevista.pt\/index.php\/2024\/12\/16\/scania-com-nova-bateria-agm\/#primaryimage"},"thumbnailUrl":"https:\/\/automotiverevista.pt\/wp-content\/uploads\/2024\/12\/a-12.jpg","articleSection":["Pesados e M\u00e1quinas"],"inLanguage":"pt-PT"},{"@type":"WebPage","@id":"https:\/\/automotiverevista.pt\/index.php\/2024\/12\/16\/scania-com-nova-bateria-agm\/","url":"https:\/\/automotiverevista.pt\/index.php\/2024\/12\/16\/scania-com-nova-bateria-agm\/","name":"Scania com nova bateria AGM - Revista Automotive","isPartOf":{"@id":"https:\/\/automotiverevista.pt\/#website"},"primaryImageOfPage":{"@id":"https:\/\/automotiverevista.pt\/index.php\/2024\/12\/16\/scania-com-nova-bateria-agm\/#primaryimage"},"image":{"@id":"https:\/\/automotiverevista.pt\/index.php\/2024\/12\/16\/scania-com-nova-bateria-agm\/#primaryimage"},"thumbnailUrl":"https:\/\/automotiverevista.pt\/wp-content\/uploads\/2024\/12\/a-12.jpg","datePublished":"2024-12-16T17:21:55+00:00","dateModified":"2024-12-16T17:21:57+00:00","breadcrumb":{"@id":"https:\/\/automotiverevista.pt\/index.php\/2024\/12\/16\/scania-com-nova-bateria-agm\/#breadcrumb"},"inLanguage":"pt-PT","potentialAction":[{"@type":"ReadAction","target":["https:\/\/automotiverevista.pt\/index.php\/2024\/12\/16\/scania-com-nova-bateria-agm\/"]}]},{"@type":"ImageObject","inLanguage":"pt-PT","@id":"https:\/\/automotiverevista.pt\/index.php\/2024\/12\/16\/scania-com-nova-bateria-agm\/#primaryimage","url":"https:\/\/automotiverevista.pt\/wp-content\/uploads\/2024\/12\/a-12.jpg","contentUrl":"https:\/\/automotiverevista.pt\/wp-content\/uploads\/2024\/12\/a-12.jpg","width":1024,"height":496,"caption":"Svempa Limited Edition Trucks Frost Edition Frostfire Fire Edition"},{"@type":"BreadcrumbList","@id":"https:\/\/automotiverevista.pt\/index.php\/2024\/12\/16\/scania-com-nova-bateria-agm\/#breadcrumb","itemListElement":[{"@type":"ListItem","position":1,"name":"Home","item":"https:\/\/automotiverevista.pt\/"},{"@type":"ListItem","position":2,"name":"Scania com nova bateria AGM"}]},{"@type":"WebSite","@id":"https:\/\/automotiverevista.pt\/#website","url":"https:\/\/automotiverevista.pt\/","name":"Revista Automotive","description":"Revista Automotive Portugal","publisher":{"@id":"https:\/\/automotiverevista.pt\/#organization"},"potentialAction":[{"@type":"SearchAction","target":{"@type":"EntryPoint","urlTemplate":"https:\/\/automotiverevista.pt\/?s={search_term_string}"},"query-input":{"@type":"PropertyValueSpecification","valueRequired":true,"valueName":"search_term_string"}}],"inLanguage":"pt-PT"},{"@type":"Organization","@id":"https:\/\/automotiverevista.pt\/#organization","name":"Revista Automotive Portugal","url":"https:\/\/automotiverevista.pt\/","logo":{"@type":"ImageObject","inLanguage":"pt-PT","@id":"https:\/\/automotiverevista.pt\/#\/schema\/logo\/image\/","url":"https:\/\/automotiverevista.pt\/wp-content\/uploads\/2022\/07\/Logo-Automotive-2021_500-1.jpg","contentUrl":"https:\/\/automotiverevista.pt\/wp-content\/uploads\/2022\/07\/Logo-Automotive-2021_500-1.jpg","width":500,"height":160,"caption":"Revista Automotive Portugal"},"image":{"@id":"https:\/\/automotiverevista.pt\/#\/schema\/logo\/image\/"},"sameAs":["https:\/\/linkedin.com\/in\/automotiverevista"]},{"@type":"Person","@id":"https:\/\/automotiverevista.pt\/#\/schema\/person\/1265858bc8c78a0f969de814da8be281","name":"adminNovo","image":{"@type":"ImageObject","inLanguage":"pt-PT","@id":"https:\/\/secure.gravatar.com\/avatar\/c606c1288dcc11eb4c709aa5136fdb962583c410f5c23c0b7bf6917c542be355?s=96&d=mm&r=g","url":"https:\/\/secure.gravatar.com\/avatar\/c606c1288dcc11eb4c709aa5136fdb962583c410f5c23c0b7bf6917c542be355?s=96&d=mm&r=g","contentUrl":"https:\/\/secure.gravatar.com\/avatar\/c606c1288dcc11eb4c709aa5136fdb962583c410f5c23c0b7bf6917c542be355?s=96&d=mm&r=g","caption":"adminNovo"},"sameAs":["https:\/\/automotiverevista.pt"],"url":"https:\/\/automotiverevista.pt\/index.php\/author\/adminnovo\/"}]}},"_links":{"self":[{"href":"https:\/\/automotiverevista.pt\/index.php\/wp-json\/wp\/v2\/posts\/8066","targetHints":{"allow":["GET"]}}],"collection":[{"href":"https:\/\/automotiverevista.pt\/index.php\/wp-json\/wp\/v2\/posts"}],"about":[{"href":"https:\/\/automotiverevista.pt\/index.php\/wp-json\/wp\/v2\/types\/post"}],"author":[{"embeddable":true,"href":"https:\/\/automotiverevista.pt\/index.php\/wp-json\/wp\/v2\/users\/1"}],"replies":[{"embeddable":true,"href":"https:\/\/automotiverevista.pt\/index.php\/wp-json\/wp\/v2\/comments?post=8066"}],"version-history":[{"count":1,"href":"https:\/\/automotiverevista.pt\/index.php\/wp-json\/wp\/v2\/posts\/8066\/revisions"}],"predecessor-version":[{"id":8069,"href":"https:\/\/automotiverevista.pt\/index.php\/wp-json\/wp\/v2\/posts\/8066\/revisions\/8069"}],"wp:featuredmedia":[{"embeddable":true,"href":"https:\/\/automotiverevista.pt\/index.php\/wp-json\/wp\/v2\/media\/8067"}],"wp:attachment":[{"href":"https:\/\/automotiverevista.pt\/index.php\/wp-json\/wp\/v2\/media?parent=8066"}],"wp:term":[{"taxonomy":"category","embeddable":true,"href":"https:\/\/automotiverevista.pt\/index.php\/wp-json\/wp\/v2\/categories?post=8066"},{"taxonomy":"post_tag","embeddable":true,"href":"https:\/\/automotiverevista.pt\/index.php\/wp-json\/wp\/v2\/tags?post=8066"}],"curies":[{"name":"wp","href":"https:\/\/api.w.org\/{rel}","templated":true}]}}