{"id":8076,"date":"2024-12-23T08:00:00","date_gmt":"2024-12-23T08:00:00","guid":{"rendered":"https:\/\/automotiverevista.pt\/?p=8076"},"modified":"2024-12-19T10:34:31","modified_gmt":"2024-12-19T10:34:31","slug":"feliz-natal-e-um-prospero-ano-novo","status":"publish","type":"post","link":"https:\/\/automotiverevista.pt\/index.php\/2024\/12\/23\/feliz-natal-e-um-prospero-ano-novo\/","title":{"rendered":"Feliz Natal e um Pr\u00f3spero Ano Novo!"},"content":{"rendered":"\n<p>Neste final de ano, queremos agradecer a sua confian\u00e7a na nossa <strong>Revista Automotive<\/strong> (impressa, site, LInkedin, Youtube).<\/p>\n\n\n\n<p>Abordamos os temas que s\u00e3o do seu interesse: desde <strong>autom\u00f3veis<\/strong> que o levam a momentos especiais, aos <strong>cami\u00f5es<\/strong> que movimentam os seus neg\u00f3cios e mercadorias, incluindo as <strong>m\u00e1quinas<\/strong> que impulsionam a sua empresa, estamos ao seu lado em cada quilometro percorrido e em cada conquista alcan\u00e7ada.<\/p>\n\n\n\n<p>Em 2025, continuaremos a disponibilizar o melhor em qualidade e excel\u00eancia, no \u00e2mbito do <strong>p\u00f3s-venda<\/strong>, com um servi\u00e7o informativo que contribua para manter a sua frota sempre em movimento.<\/p>\n\n\n\n<p>Desejamos que o pr\u00f3ximo ano traga sa\u00fade, sucesso e realiza\u00e7\u00f5es para os nossos parceiros, anunciantes, leitores e seguidores.<\/p>\n\n\n\n<p>Contem com a <strong>Revista Automotive <\/strong>(impressa, site, LInkedin, Youtube) para seguirmos juntos nessa jornada!<\/p>\n\n\n\n<p>Boas festas!<\/p>\n","protected":false},"excerpt":{"rendered":"<p>Neste final de ano, queremos agradecer a sua confian\u00e7a na nossa Revista Automotive (impressa, site, LInkedin, Youtube). Abordamos os temas que s\u00e3o do seu interesse: desde autom\u00f3veis que o levam a momentos especiais, aos cami\u00f5es que movimentam os seus neg\u00f3cios e mercadorias, incluindo as m\u00e1quinas que impulsionam a sua empresa, estamos ao seu lado em [&hellip;]<\/p>\n","protected":false},"author":4,"featured_media":8077,"comment_status":"closed","ping_status":"open","sticky":false,"template":"","format":"standard","meta":{"jnews-multi-image_gallery":[],"jnews_single_post":{"format":"standard"},"jnews_primary_category":[],"footnotes":""},"categories":[21],"tags":[],"class_list":["post-8076","post","type-post","status-publish","format-standard","has-post-thumbnail","hentry","category-pos-venda"],"yoast_head":"<!-- This site is optimized with the Yoast SEO Premium plugin v27.5 (Yoast SEO v27.5) - https:\/\/yoast.com\/product\/yoast-seo-premium-wordpress\/ -->\n<title>Feliz Natal e um Pr\u00f3spero Ano Novo! - Revista Automotive<\/title>\n<meta name=\"robots\" content=\"index, follow, max-snippet:-1, max-image-preview:large, max-video-preview:-1\" \/>\n<link rel=\"canonical\" href=\"https:\/\/automotiverevista.pt\/index.php\/2024\/12\/23\/feliz-natal-e-um-prospero-ano-novo\/\" \/>\n<meta property=\"og:locale\" content=\"pt_PT\" \/>\n<meta property=\"og:type\" content=\"article\" \/>\n<meta property=\"og:title\" content=\"Feliz Natal e um Pr\u00f3spero Ano Novo!\" \/>\n<meta property=\"og:description\" content=\"Neste final de ano, queremos agradecer a sua confian\u00e7a na nossa Revista Automotive (impressa, site, LInkedin, Youtube). Abordamos os temas que s\u00e3o do seu interesse: desde autom\u00f3veis que o levam a momentos especiais, aos cami\u00f5es que movimentam os seus neg\u00f3cios e mercadorias, incluindo as m\u00e1quinas que impulsionam a sua empresa, estamos ao seu lado em [&hellip;]\" \/>\n<meta property=\"og:url\" content=\"https:\/\/automotiverevista.pt\/index.php\/2024\/12\/23\/feliz-natal-e-um-prospero-ano-novo\/\" \/>\n<meta property=\"og:site_name\" content=\"Revista Automotive\" \/>\n<meta property=\"article:published_time\" content=\"2024-12-23T08:00:00+00:00\" \/>\n<meta property=\"og:image\" content=\"https:\/\/automotiverevista.pt\/wp-content\/uploads\/2024\/12\/Escolhida-Natal-1024x585.png\" \/>\n\t<meta property=\"og:image:width\" content=\"1024\" \/>\n\t<meta property=\"og:image:height\" content=\"585\" \/>\n\t<meta property=\"og:image:type\" content=\"image\/png\" \/>\n<meta name=\"author\" content=\"Fatima Silva\" \/>\n<meta name=\"twitter:card\" content=\"summary_large_image\" \/>\n<meta name=\"twitter:label1\" content=\"Escrito por\" \/>\n\t<meta name=\"twitter:data1\" content=\"Fatima Silva\" \/>\n\t<meta name=\"twitter:label2\" content=\"Tempo estimado de leitura\" \/>\n\t<meta name=\"twitter:data2\" content=\"1 minuto\" \/>\n<script type=\"application\/ld+json\" class=\"yoast-schema-graph\">{\"@context\":\"https:\\\/\\\/schema.org\",\"@graph\":[{\"@type\":\"Article\",\"@id\":\"https:\\\/\\\/automotiverevista.pt\\\/index.php\\\/2024\\\/12\\\/23\\\/feliz-natal-e-um-prospero-ano-novo\\\/#article\",\"isPartOf\":{\"@id\":\"https:\\\/\\\/automotiverevista.pt\\\/index.php\\\/2024\\\/12\\\/23\\\/feliz-natal-e-um-prospero-ano-novo\\\/\"},\"author\":{\"name\":\"Fatima Silva\",\"@id\":\"https:\\\/\\\/automotiverevista.pt\\\/#\\\/schema\\\/person\\\/1e95eb12553b8edd256acb00fe6dad4b\"},\"headline\":\"Feliz Natal e um Pr\u00f3spero Ano Novo!\",\"datePublished\":\"2024-12-23T08:00:00+00:00\",\"mainEntityOfPage\":{\"@id\":\"https:\\\/\\\/automotiverevista.pt\\\/index.php\\\/2024\\\/12\\\/23\\\/feliz-natal-e-um-prospero-ano-novo\\\/\"},\"wordCount\":146,\"publisher\":{\"@id\":\"https:\\\/\\\/automotiverevista.pt\\\/#organization\"},\"image\":{\"@id\":\"https:\\\/\\\/automotiverevista.pt\\\/index.php\\\/2024\\\/12\\\/23\\\/feliz-natal-e-um-prospero-ano-novo\\\/#primaryimage\"},\"thumbnailUrl\":\"https:\\\/\\\/automotiverevista.pt\\\/wp-content\\\/uploads\\\/2024\\\/12\\\/Escolhida-Natal.png\",\"articleSection\":[\"P\u00f3s-Venda\"],\"inLanguage\":\"pt-PT\"},{\"@type\":\"WebPage\",\"@id\":\"https:\\\/\\\/automotiverevista.pt\\\/index.php\\\/2024\\\/12\\\/23\\\/feliz-natal-e-um-prospero-ano-novo\\\/\",\"url\":\"https:\\\/\\\/automotiverevista.pt\\\/index.php\\\/2024\\\/12\\\/23\\\/feliz-natal-e-um-prospero-ano-novo\\\/\",\"name\":\"Feliz Natal e um Pr\u00f3spero Ano Novo! - Revista Automotive\",\"isPartOf\":{\"@id\":\"https:\\\/\\\/automotiverevista.pt\\\/#website\"},\"primaryImageOfPage\":{\"@id\":\"https:\\\/\\\/automotiverevista.pt\\\/index.php\\\/2024\\\/12\\\/23\\\/feliz-natal-e-um-prospero-ano-novo\\\/#primaryimage\"},\"image\":{\"@id\":\"https:\\\/\\\/automotiverevista.pt\\\/index.php\\\/2024\\\/12\\\/23\\\/feliz-natal-e-um-prospero-ano-novo\\\/#primaryimage\"},\"thumbnailUrl\":\"https:\\\/\\\/automotiverevista.pt\\\/wp-content\\\/uploads\\\/2024\\\/12\\\/Escolhida-Natal.png\",\"datePublished\":\"2024-12-23T08:00:00+00:00\",\"breadcrumb\":{\"@id\":\"https:\\\/\\\/automotiverevista.pt\\\/index.php\\\/2024\\\/12\\\/23\\\/feliz-natal-e-um-prospero-ano-novo\\\/#breadcrumb\"},\"inLanguage\":\"pt-PT\",\"potentialAction\":[{\"@type\":\"ReadAction\",\"target\":[\"https:\\\/\\\/automotiverevista.pt\\\/index.php\\\/2024\\\/12\\\/23\\\/feliz-natal-e-um-prospero-ano-novo\\\/\"]}]},{\"@type\":\"ImageObject\",\"inLanguage\":\"pt-PT\",\"@id\":\"https:\\\/\\\/automotiverevista.pt\\\/index.php\\\/2024\\\/12\\\/23\\\/feliz-natal-e-um-prospero-ano-novo\\\/#primaryimage\",\"url\":\"https:\\\/\\\/automotiverevista.pt\\\/wp-content\\\/uploads\\\/2024\\\/12\\\/Escolhida-Natal.png\",\"contentUrl\":\"https:\\\/\\\/automotiverevista.pt\\\/wp-content\\\/uploads\\\/2024\\\/12\\\/Escolhida-Natal.png\",\"width\":1792,\"height\":1024},{\"@type\":\"BreadcrumbList\",\"@id\":\"https:\\\/\\\/automotiverevista.pt\\\/index.php\\\/2024\\\/12\\\/23\\\/feliz-natal-e-um-prospero-ano-novo\\\/#breadcrumb\",\"itemListElement\":[{\"@type\":\"ListItem\",\"position\":1,\"name\":\"Home\",\"item\":\"https:\\\/\\\/automotiverevista.pt\\\/\"},{\"@type\":\"ListItem\",\"position\":2,\"name\":\"Feliz Natal e um Pr\u00f3spero Ano Novo!\"}]},{\"@type\":\"WebSite\",\"@id\":\"https:\\\/\\\/automotiverevista.pt\\\/#website\",\"url\":\"https:\\\/\\\/automotiverevista.pt\\\/\",\"name\":\"Revista Automotive\",\"description\":\"Revista Automotive Portugal\",\"publisher\":{\"@id\":\"https:\\\/\\\/automotiverevista.pt\\\/#organization\"},\"potentialAction\":[{\"@type\":\"SearchAction\",\"target\":{\"@type\":\"EntryPoint\",\"urlTemplate\":\"https:\\\/\\\/automotiverevista.pt\\\/?s={search_term_string}\"},\"query-input\":{\"@type\":\"PropertyValueSpecification\",\"valueRequired\":true,\"valueName\":\"search_term_string\"}}],\"inLanguage\":\"pt-PT\"},{\"@type\":\"Organization\",\"@id\":\"https:\\\/\\\/automotiverevista.pt\\\/#organization\",\"name\":\"Revista Automotive Portugal\",\"url\":\"https:\\\/\\\/automotiverevista.pt\\\/\",\"logo\":{\"@type\":\"ImageObject\",\"inLanguage\":\"pt-PT\",\"@id\":\"https:\\\/\\\/automotiverevista.pt\\\/#\\\/schema\\\/logo\\\/image\\\/\",\"url\":\"https:\\\/\\\/automotiverevista.pt\\\/wp-content\\\/uploads\\\/2022\\\/07\\\/Logo-Automotive-2021_500-1.jpg\",\"contentUrl\":\"https:\\\/\\\/automotiverevista.pt\\\/wp-content\\\/uploads\\\/2022\\\/07\\\/Logo-Automotive-2021_500-1.jpg\",\"width\":500,\"height\":160,\"caption\":\"Revista Automotive Portugal\"},\"image\":{\"@id\":\"https:\\\/\\\/automotiverevista.pt\\\/#\\\/schema\\\/logo\\\/image\\\/\"},\"sameAs\":[\"https:\\\/\\\/linkedin.com\\\/in\\\/automotiverevista\"]},{\"@type\":\"Person\",\"@id\":\"https:\\\/\\\/automotiverevista.pt\\\/#\\\/schema\\\/person\\\/1e95eb12553b8edd256acb00fe6dad4b\",\"name\":\"Fatima Silva\",\"image\":{\"@type\":\"ImageObject\",\"inLanguage\":\"pt-PT\",\"@id\":\"https:\\\/\\\/secure.gravatar.com\\\/avatar\\\/4b4a955a9c1b66708ab0dd3bd6181ac1f650299d893bd337a28482f7f19c8511?s=96&d=mm&r=g\",\"url\":\"https:\\\/\\\/secure.gravatar.com\\\/avatar\\\/4b4a955a9c1b66708ab0dd3bd6181ac1f650299d893bd337a28482f7f19c8511?s=96&d=mm&r=g\",\"contentUrl\":\"https:\\\/\\\/secure.gravatar.com\\\/avatar\\\/4b4a955a9c1b66708ab0dd3bd6181ac1f650299d893bd337a28482f7f19c8511?s=96&d=mm&r=g\",\"caption\":\"Fatima Silva\"},\"url\":\"https:\\\/\\\/automotiverevista.pt\\\/index.php\\\/author\\\/fgasparsilva\\\/\"}]}<\/script>\n<!-- \/ Yoast SEO Premium plugin. -->","yoast_head_json":{"title":"Feliz Natal e um Pr\u00f3spero Ano Novo! - Revista Automotive","robots":{"index":"index","follow":"follow","max-snippet":"max-snippet:-1","max-image-preview":"max-image-preview:large","max-video-preview":"max-video-preview:-1"},"canonical":"https:\/\/automotiverevista.pt\/index.php\/2024\/12\/23\/feliz-natal-e-um-prospero-ano-novo\/","og_locale":"pt_PT","og_type":"article","og_title":"Feliz Natal e um Pr\u00f3spero Ano Novo!","og_description":"Neste final de ano, queremos agradecer a sua confian\u00e7a na nossa Revista Automotive (impressa, site, LInkedin, Youtube). Abordamos os temas que s\u00e3o do seu interesse: desde autom\u00f3veis que o levam a momentos especiais, aos cami\u00f5es que movimentam os seus neg\u00f3cios e mercadorias, incluindo as m\u00e1quinas que impulsionam a sua empresa, estamos ao seu lado em [&hellip;]","og_url":"https:\/\/automotiverevista.pt\/index.php\/2024\/12\/23\/feliz-natal-e-um-prospero-ano-novo\/","og_site_name":"Revista Automotive","article_published_time":"2024-12-23T08:00:00+00:00","og_image":[{"width":1024,"height":585,"url":"https:\/\/automotiverevista.pt\/wp-content\/uploads\/2024\/12\/Escolhida-Natal-1024x585.png","type":"image\/png"}],"author":"Fatima Silva","twitter_card":"summary_large_image","twitter_misc":{"Escrito por":"Fatima Silva","Tempo estimado de leitura":"1 minuto"},"schema":{"@context":"https:\/\/schema.org","@graph":[{"@type":"Article","@id":"https:\/\/automotiverevista.pt\/index.php\/2024\/12\/23\/feliz-natal-e-um-prospero-ano-novo\/#article","isPartOf":{"@id":"https:\/\/automotiverevista.pt\/index.php\/2024\/12\/23\/feliz-natal-e-um-prospero-ano-novo\/"},"author":{"name":"Fatima Silva","@id":"https:\/\/automotiverevista.pt\/#\/schema\/person\/1e95eb12553b8edd256acb00fe6dad4b"},"headline":"Feliz Natal e um Pr\u00f3spero Ano Novo!","datePublished":"2024-12-23T08:00:00+00:00","mainEntityOfPage":{"@id":"https:\/\/automotiverevista.pt\/index.php\/2024\/12\/23\/feliz-natal-e-um-prospero-ano-novo\/"},"wordCount":146,"publisher":{"@id":"https:\/\/automotiverevista.pt\/#organization"},"image":{"@id":"https:\/\/automotiverevista.pt\/index.php\/2024\/12\/23\/feliz-natal-e-um-prospero-ano-novo\/#primaryimage"},"thumbnailUrl":"https:\/\/automotiverevista.pt\/wp-content\/uploads\/2024\/12\/Escolhida-Natal.png","articleSection":["P\u00f3s-Venda"],"inLanguage":"pt-PT"},{"@type":"WebPage","@id":"https:\/\/automotiverevista.pt\/index.php\/2024\/12\/23\/feliz-natal-e-um-prospero-ano-novo\/","url":"https:\/\/automotiverevista.pt\/index.php\/2024\/12\/23\/feliz-natal-e-um-prospero-ano-novo\/","name":"Feliz Natal e um Pr\u00f3spero Ano Novo! - Revista Automotive","isPartOf":{"@id":"https:\/\/automotiverevista.pt\/#website"},"primaryImageOfPage":{"@id":"https:\/\/automotiverevista.pt\/index.php\/2024\/12\/23\/feliz-natal-e-um-prospero-ano-novo\/#primaryimage"},"image":{"@id":"https:\/\/automotiverevista.pt\/index.php\/2024\/12\/23\/feliz-natal-e-um-prospero-ano-novo\/#primaryimage"},"thumbnailUrl":"https:\/\/automotiverevista.pt\/wp-content\/uploads\/2024\/12\/Escolhida-Natal.png","datePublished":"2024-12-23T08:00:00+00:00","breadcrumb":{"@id":"https:\/\/automotiverevista.pt\/index.php\/2024\/12\/23\/feliz-natal-e-um-prospero-ano-novo\/#breadcrumb"},"inLanguage":"pt-PT","potentialAction":[{"@type":"ReadAction","target":["https:\/\/automotiverevista.pt\/index.php\/2024\/12\/23\/feliz-natal-e-um-prospero-ano-novo\/"]}]},{"@type":"ImageObject","inLanguage":"pt-PT","@id":"https:\/\/automotiverevista.pt\/index.php\/2024\/12\/23\/feliz-natal-e-um-prospero-ano-novo\/#primaryimage","url":"https:\/\/automotiverevista.pt\/wp-content\/uploads\/2024\/12\/Escolhida-Natal.png","contentUrl":"https:\/\/automotiverevista.pt\/wp-content\/uploads\/2024\/12\/Escolhida-Natal.png","width":1792,"height":1024},{"@type":"BreadcrumbList","@id":"https:\/\/automotiverevista.pt\/index.php\/2024\/12\/23\/feliz-natal-e-um-prospero-ano-novo\/#breadcrumb","itemListElement":[{"@type":"ListItem","position":1,"name":"Home","item":"https:\/\/automotiverevista.pt\/"},{"@type":"ListItem","position":2,"name":"Feliz Natal e um Pr\u00f3spero Ano Novo!"}]},{"@type":"WebSite","@id":"https:\/\/automotiverevista.pt\/#website","url":"https:\/\/automotiverevista.pt\/","name":"Revista Automotive","description":"Revista Automotive Portugal","publisher":{"@id":"https:\/\/automotiverevista.pt\/#organization"},"potentialAction":[{"@type":"SearchAction","target":{"@type":"EntryPoint","urlTemplate":"https:\/\/automotiverevista.pt\/?s={search_term_string}"},"query-input":{"@type":"PropertyValueSpecification","valueRequired":true,"valueName":"search_term_string"}}],"inLanguage":"pt-PT"},{"@type":"Organization","@id":"https:\/\/automotiverevista.pt\/#organization","name":"Revista Automotive Portugal","url":"https:\/\/automotiverevista.pt\/","logo":{"@type":"ImageObject","inLanguage":"pt-PT","@id":"https:\/\/automotiverevista.pt\/#\/schema\/logo\/image\/","url":"https:\/\/automotiverevista.pt\/wp-content\/uploads\/2022\/07\/Logo-Automotive-2021_500-1.jpg","contentUrl":"https:\/\/automotiverevista.pt\/wp-content\/uploads\/2022\/07\/Logo-Automotive-2021_500-1.jpg","width":500,"height":160,"caption":"Revista Automotive Portugal"},"image":{"@id":"https:\/\/automotiverevista.pt\/#\/schema\/logo\/image\/"},"sameAs":["https:\/\/linkedin.com\/in\/automotiverevista"]},{"@type":"Person","@id":"https:\/\/automotiverevista.pt\/#\/schema\/person\/1e95eb12553b8edd256acb00fe6dad4b","name":"Fatima Silva","image":{"@type":"ImageObject","inLanguage":"pt-PT","@id":"https:\/\/secure.gravatar.com\/avatar\/4b4a955a9c1b66708ab0dd3bd6181ac1f650299d893bd337a28482f7f19c8511?s=96&d=mm&r=g","url":"https:\/\/secure.gravatar.com\/avatar\/4b4a955a9c1b66708ab0dd3bd6181ac1f650299d893bd337a28482f7f19c8511?s=96&d=mm&r=g","contentUrl":"https:\/\/secure.gravatar.com\/avatar\/4b4a955a9c1b66708ab0dd3bd6181ac1f650299d893bd337a28482f7f19c8511?s=96&d=mm&r=g","caption":"Fatima Silva"},"url":"https:\/\/automotiverevista.pt\/index.php\/author\/fgasparsilva\/"}]}},"_links":{"self":[{"href":"https:\/\/automotiverevista.pt\/index.php\/wp-json\/wp\/v2\/posts\/8076","targetHints":{"allow":["GET"]}}],"collection":[{"href":"https:\/\/automotiverevista.pt\/index.php\/wp-json\/wp\/v2\/posts"}],"about":[{"href":"https:\/\/automotiverevista.pt\/index.php\/wp-json\/wp\/v2\/types\/post"}],"author":[{"embeddable":true,"href":"https:\/\/automotiverevista.pt\/index.php\/wp-json\/wp\/v2\/users\/4"}],"replies":[{"embeddable":true,"href":"https:\/\/automotiverevista.pt\/index.php\/wp-json\/wp\/v2\/comments?post=8076"}],"version-history":[{"count":3,"href":"https:\/\/automotiverevista.pt\/index.php\/wp-json\/wp\/v2\/posts\/8076\/revisions"}],"predecessor-version":[{"id":8083,"href":"https:\/\/automotiverevista.pt\/index.php\/wp-json\/wp\/v2\/posts\/8076\/revisions\/8083"}],"wp:featuredmedia":[{"embeddable":true,"href":"https:\/\/automotiverevista.pt\/index.php\/wp-json\/wp\/v2\/media\/8077"}],"wp:attachment":[{"href":"https:\/\/automotiverevista.pt\/index.php\/wp-json\/wp\/v2\/media?parent=8076"}],"wp:term":[{"taxonomy":"category","embeddable":true,"href":"https:\/\/automotiverevista.pt\/index.php\/wp-json\/wp\/v2\/categories?post=8076"},{"taxonomy":"post_tag","embeddable":true,"href":"https:\/\/automotiverevista.pt\/index.php\/wp-json\/wp\/v2\/tags?post=8076"}],"curies":[{"name":"wp","href":"https:\/\/api.w.org\/{rel}","templated":true}]}}