{"id":8124,"date":"2025-01-02T08:00:00","date_gmt":"2025-01-02T08:00:00","guid":{"rendered":"https:\/\/automotiverevista.pt\/?p=8124"},"modified":"2024-12-19T17:59:35","modified_gmt":"2024-12-19T17:59:35","slug":"luis-costa-albuquerque-premio-carreira-2024","status":"publish","type":"post","link":"https:\/\/automotiverevista.pt\/index.php\/2025\/01\/02\/luis-costa-albuquerque-premio-carreira-2024\/","title":{"rendered":"Lu\u00eds Costa Albuquerque &#8211; Pr\u00e9mio Carreira 2024"},"content":{"rendered":"\n<p>O empres\u00e1rio <strong>Lu\u00eds Costa Albuquerque<\/strong> (foto) tem uma trajet\u00f3ria not\u00e1vel e digna de grande respeito, no setor da distribui\u00e7\u00e3o de pe\u00e7as e equipamentos para autom\u00f3veis em Portugal. Ao longo da sua carreira tem demonstrado um cont\u00ednuo empenho com a qualidade das marcas que representa.<\/p>\n\n\n\n<p>Com sua vis\u00e3o estrat\u00e9gica e capacidade de adapta\u00e7\u00e3o \u00e0s constantes mudan\u00e7as das empresas multinacionais, a empresa FCV Costa, sob sua lideran\u00e7a, tem se destacado pela excel\u00eancia nos produtos que comercializa, permitido ao longo dos anos o crescimento sustent\u00e1vel da empresa, mantendo-a num patamar de competitividade e sucesso em Portugal.<\/p>\n\n\n\n<p>Faz parte intr\u00ednseca da carreira de Lu\u00eds Costa Albuquerque, a procura cont\u00ednua da expans\u00e3o dos servi\u00e7os t\u00e9cnicos disponibilizados aos clientes. \u00c9 uma refer\u00eancia nacional em termos de dedica\u00e7\u00e3o, fazendo da sua empresa um distribuidor de pe\u00e7as respeitado e reconhecido, e tamb\u00e9m um parceiro confi\u00e1vel para os seus clientes e fornecedores.<\/p>\n\n\n\n<p>Al\u00e9m dos resultados alcan\u00e7ados ao longo da sua carreira, acreditamos que o valor que Lu\u00eds Costa Albuquerque criou no mercado, ir\u00e1 inspirar outros profissionais a buscar, com a mesma integridade e determina\u00e7\u00e3o, o crescimento sustent\u00e1vel e a excel\u00eancia no setor de p\u00f3s-venda em Portugal.<\/p>\n\n\n\n<figure class=\"wp-block-image size-large\"><img decoding=\"async\" width=\"1024\" height=\"512\" src=\"https:\/\/automotiverevista.pt\/wp-content\/uploads\/2025\/01\/image-2-1024x512.png\" alt=\"\" class=\"wp-image-8214\" srcset=\"https:\/\/automotiverevista.pt\/wp-content\/uploads\/2025\/01\/image-2-1024x512.png 1024w, https:\/\/automotiverevista.pt\/wp-content\/uploads\/2025\/01\/image-2-300x150.png 300w, https:\/\/automotiverevista.pt\/wp-content\/uploads\/2025\/01\/image-2-768x384.png 768w, https:\/\/automotiverevista.pt\/wp-content\/uploads\/2025\/01\/image-2-360x180.png 360w, https:\/\/automotiverevista.pt\/wp-content\/uploads\/2025\/01\/image-2-750x375.png 750w, https:\/\/automotiverevista.pt\/wp-content\/uploads\/2025\/01\/image-2.png 1140w\" sizes=\"(max-width: 1024px) 100vw, 1024px\" \/><\/figure>\n","protected":false},"excerpt":{"rendered":"<p>O empres\u00e1rio Lu\u00eds Costa Albuquerque (foto) tem uma trajet\u00f3ria not\u00e1vel e digna de grande respeito, no setor da distribui\u00e7\u00e3o de pe\u00e7as e equipamentos para autom\u00f3veis em Portugal. Ao longo da sua carreira tem demonstrado um cont\u00ednuo empenho com a qualidade das marcas que representa. Com sua vis\u00e3o estrat\u00e9gica e capacidade de adapta\u00e7\u00e3o \u00e0s constantes mudan\u00e7as [&hellip;]<\/p>\n","protected":false},"author":4,"featured_media":8125,"comment_status":"closed","ping_status":"open","sticky":false,"template":"","format":"standard","meta":{"jnews-multi-image_gallery":[],"jnews_single_post":{"format":"standard"},"jnews_primary_category":[],"footnotes":""},"categories":[21],"tags":[],"class_list":["post-8124","post","type-post","status-publish","format-standard","has-post-thumbnail","hentry","category-pos-venda"],"yoast_head":"<!-- This site is optimized with the Yoast SEO Premium plugin v27.2 (Yoast SEO v27.5) - https:\/\/yoast.com\/product\/yoast-seo-premium-wordpress\/ -->\n<title>Lu\u00eds Costa Albuquerque - Pr\u00e9mio Carreira 2024 - Revista Automotive<\/title>\n<meta name=\"robots\" content=\"index, follow, max-snippet:-1, max-image-preview:large, max-video-preview:-1\" \/>\n<link rel=\"canonical\" href=\"https:\/\/automotiverevista.pt\/index.php\/2025\/01\/02\/luis-costa-albuquerque-premio-carreira-2024\/\" \/>\n<meta property=\"og:locale\" content=\"pt_PT\" \/>\n<meta property=\"og:type\" content=\"article\" \/>\n<meta property=\"og:title\" content=\"Lu\u00eds Costa Albuquerque - Pr\u00e9mio Carreira 2024\" \/>\n<meta property=\"og:description\" content=\"O empres\u00e1rio Lu\u00eds Costa Albuquerque (foto) tem uma trajet\u00f3ria not\u00e1vel e digna de grande respeito, no setor da distribui\u00e7\u00e3o de pe\u00e7as e equipamentos para autom\u00f3veis em Portugal. Ao longo da sua carreira tem demonstrado um cont\u00ednuo empenho com a qualidade das marcas que representa. Com sua vis\u00e3o estrat\u00e9gica e capacidade de adapta\u00e7\u00e3o \u00e0s constantes mudan\u00e7as [&hellip;]\" \/>\n<meta property=\"og:url\" content=\"https:\/\/automotiverevista.pt\/index.php\/2025\/01\/02\/luis-costa-albuquerque-premio-carreira-2024\/\" \/>\n<meta property=\"og:site_name\" content=\"Revista Automotive\" \/>\n<meta property=\"article:published_time\" content=\"2025-01-02T08:00:00+00:00\" \/>\n<meta property=\"og:image\" content=\"https:\/\/automotiverevista.pt\/wp-content\/uploads\/2024\/12\/FCV-Costa-2.jpg\" \/>\n\t<meta property=\"og:image:width\" content=\"1500\" \/>\n\t<meta property=\"og:image:height\" content=\"1000\" \/>\n\t<meta property=\"og:image:type\" content=\"image\/jpeg\" \/>\n<meta name=\"author\" content=\"Fatima Silva\" \/>\n<meta name=\"twitter:card\" content=\"summary_large_image\" \/>\n<meta name=\"twitter:label1\" content=\"Escrito por\" \/>\n\t<meta name=\"twitter:data1\" content=\"Fatima Silva\" \/>\n\t<meta name=\"twitter:label2\" content=\"Tempo estimado de leitura\" \/>\n\t<meta name=\"twitter:data2\" content=\"2 minutos\" \/>\n<script type=\"application\/ld+json\" class=\"yoast-schema-graph\">{\"@context\":\"https:\\\/\\\/schema.org\",\"@graph\":[{\"@type\":\"Article\",\"@id\":\"https:\\\/\\\/automotiverevista.pt\\\/index.php\\\/2025\\\/01\\\/02\\\/luis-costa-albuquerque-premio-carreira-2024\\\/#article\",\"isPartOf\":{\"@id\":\"https:\\\/\\\/automotiverevista.pt\\\/index.php\\\/2025\\\/01\\\/02\\\/luis-costa-albuquerque-premio-carreira-2024\\\/\"},\"author\":{\"name\":\"Fatima Silva\",\"@id\":\"https:\\\/\\\/automotiverevista.pt\\\/#\\\/schema\\\/person\\\/1e95eb12553b8edd256acb00fe6dad4b\"},\"headline\":\"Lu\u00eds Costa Albuquerque &#8211; Pr\u00e9mio Carreira 2024\",\"datePublished\":\"2025-01-02T08:00:00+00:00\",\"mainEntityOfPage\":{\"@id\":\"https:\\\/\\\/automotiverevista.pt\\\/index.php\\\/2025\\\/01\\\/02\\\/luis-costa-albuquerque-premio-carreira-2024\\\/\"},\"wordCount\":227,\"publisher\":{\"@id\":\"https:\\\/\\\/automotiverevista.pt\\\/#organization\"},\"image\":{\"@id\":\"https:\\\/\\\/automotiverevista.pt\\\/index.php\\\/2025\\\/01\\\/02\\\/luis-costa-albuquerque-premio-carreira-2024\\\/#primaryimage\"},\"thumbnailUrl\":\"https:\\\/\\\/automotiverevista.pt\\\/wp-content\\\/uploads\\\/2024\\\/12\\\/FCV-Costa-2.jpg\",\"articleSection\":[\"P\u00f3s-Venda\"],\"inLanguage\":\"pt-PT\"},{\"@type\":\"WebPage\",\"@id\":\"https:\\\/\\\/automotiverevista.pt\\\/index.php\\\/2025\\\/01\\\/02\\\/luis-costa-albuquerque-premio-carreira-2024\\\/\",\"url\":\"https:\\\/\\\/automotiverevista.pt\\\/index.php\\\/2025\\\/01\\\/02\\\/luis-costa-albuquerque-premio-carreira-2024\\\/\",\"name\":\"Lu\u00eds Costa Albuquerque - Pr\u00e9mio Carreira 2024 - Revista Automotive\",\"isPartOf\":{\"@id\":\"https:\\\/\\\/automotiverevista.pt\\\/#website\"},\"primaryImageOfPage\":{\"@id\":\"https:\\\/\\\/automotiverevista.pt\\\/index.php\\\/2025\\\/01\\\/02\\\/luis-costa-albuquerque-premio-carreira-2024\\\/#primaryimage\"},\"image\":{\"@id\":\"https:\\\/\\\/automotiverevista.pt\\\/index.php\\\/2025\\\/01\\\/02\\\/luis-costa-albuquerque-premio-carreira-2024\\\/#primaryimage\"},\"thumbnailUrl\":\"https:\\\/\\\/automotiverevista.pt\\\/wp-content\\\/uploads\\\/2024\\\/12\\\/FCV-Costa-2.jpg\",\"datePublished\":\"2025-01-02T08:00:00+00:00\",\"breadcrumb\":{\"@id\":\"https:\\\/\\\/automotiverevista.pt\\\/index.php\\\/2025\\\/01\\\/02\\\/luis-costa-albuquerque-premio-carreira-2024\\\/#breadcrumb\"},\"inLanguage\":\"pt-PT\",\"potentialAction\":[{\"@type\":\"ReadAction\",\"target\":[\"https:\\\/\\\/automotiverevista.pt\\\/index.php\\\/2025\\\/01\\\/02\\\/luis-costa-albuquerque-premio-carreira-2024\\\/\"]}]},{\"@type\":\"ImageObject\",\"inLanguage\":\"pt-PT\",\"@id\":\"https:\\\/\\\/automotiverevista.pt\\\/index.php\\\/2025\\\/01\\\/02\\\/luis-costa-albuquerque-premio-carreira-2024\\\/#primaryimage\",\"url\":\"https:\\\/\\\/automotiverevista.pt\\\/wp-content\\\/uploads\\\/2024\\\/12\\\/FCV-Costa-2.jpg\",\"contentUrl\":\"https:\\\/\\\/automotiverevista.pt\\\/wp-content\\\/uploads\\\/2024\\\/12\\\/FCV-Costa-2.jpg\",\"width\":1500,\"height\":1000},{\"@type\":\"BreadcrumbList\",\"@id\":\"https:\\\/\\\/automotiverevista.pt\\\/index.php\\\/2025\\\/01\\\/02\\\/luis-costa-albuquerque-premio-carreira-2024\\\/#breadcrumb\",\"itemListElement\":[{\"@type\":\"ListItem\",\"position\":1,\"name\":\"Home\",\"item\":\"https:\\\/\\\/automotiverevista.pt\\\/\"},{\"@type\":\"ListItem\",\"position\":2,\"name\":\"Lu\u00eds Costa Albuquerque &#8211; Pr\u00e9mio Carreira 2024\"}]},{\"@type\":\"WebSite\",\"@id\":\"https:\\\/\\\/automotiverevista.pt\\\/#website\",\"url\":\"https:\\\/\\\/automotiverevista.pt\\\/\",\"name\":\"Revista Automotive\",\"description\":\"Revista Automotive Portugal\",\"publisher\":{\"@id\":\"https:\\\/\\\/automotiverevista.pt\\\/#organization\"},\"potentialAction\":[{\"@type\":\"SearchAction\",\"target\":{\"@type\":\"EntryPoint\",\"urlTemplate\":\"https:\\\/\\\/automotiverevista.pt\\\/?s={search_term_string}\"},\"query-input\":{\"@type\":\"PropertyValueSpecification\",\"valueRequired\":true,\"valueName\":\"search_term_string\"}}],\"inLanguage\":\"pt-PT\"},{\"@type\":\"Organization\",\"@id\":\"https:\\\/\\\/automotiverevista.pt\\\/#organization\",\"name\":\"Revista Automotive Portugal\",\"url\":\"https:\\\/\\\/automotiverevista.pt\\\/\",\"logo\":{\"@type\":\"ImageObject\",\"inLanguage\":\"pt-PT\",\"@id\":\"https:\\\/\\\/automotiverevista.pt\\\/#\\\/schema\\\/logo\\\/image\\\/\",\"url\":\"https:\\\/\\\/automotiverevista.pt\\\/wp-content\\\/uploads\\\/2022\\\/07\\\/Logo-Automotive-2021_500-1.jpg\",\"contentUrl\":\"https:\\\/\\\/automotiverevista.pt\\\/wp-content\\\/uploads\\\/2022\\\/07\\\/Logo-Automotive-2021_500-1.jpg\",\"width\":500,\"height\":160,\"caption\":\"Revista Automotive Portugal\"},\"image\":{\"@id\":\"https:\\\/\\\/automotiverevista.pt\\\/#\\\/schema\\\/logo\\\/image\\\/\"},\"sameAs\":[\"https:\\\/\\\/linkedin.com\\\/in\\\/automotiverevista\"]},{\"@type\":\"Person\",\"@id\":\"https:\\\/\\\/automotiverevista.pt\\\/#\\\/schema\\\/person\\\/1e95eb12553b8edd256acb00fe6dad4b\",\"name\":\"Fatima Silva\",\"image\":{\"@type\":\"ImageObject\",\"inLanguage\":\"pt-PT\",\"@id\":\"https:\\\/\\\/secure.gravatar.com\\\/avatar\\\/4b4a955a9c1b66708ab0dd3bd6181ac1f650299d893bd337a28482f7f19c8511?s=96&d=mm&r=g\",\"url\":\"https:\\\/\\\/secure.gravatar.com\\\/avatar\\\/4b4a955a9c1b66708ab0dd3bd6181ac1f650299d893bd337a28482f7f19c8511?s=96&d=mm&r=g\",\"contentUrl\":\"https:\\\/\\\/secure.gravatar.com\\\/avatar\\\/4b4a955a9c1b66708ab0dd3bd6181ac1f650299d893bd337a28482f7f19c8511?s=96&d=mm&r=g\",\"caption\":\"Fatima Silva\"},\"url\":\"https:\\\/\\\/automotiverevista.pt\\\/index.php\\\/author\\\/fgasparsilva\\\/\"}]}<\/script>\n<!-- \/ Yoast SEO Premium plugin. -->","yoast_head_json":{"title":"Lu\u00eds Costa Albuquerque - Pr\u00e9mio Carreira 2024 - Revista Automotive","robots":{"index":"index","follow":"follow","max-snippet":"max-snippet:-1","max-image-preview":"max-image-preview:large","max-video-preview":"max-video-preview:-1"},"canonical":"https:\/\/automotiverevista.pt\/index.php\/2025\/01\/02\/luis-costa-albuquerque-premio-carreira-2024\/","og_locale":"pt_PT","og_type":"article","og_title":"Lu\u00eds Costa Albuquerque - Pr\u00e9mio Carreira 2024","og_description":"O empres\u00e1rio Lu\u00eds Costa Albuquerque (foto) tem uma trajet\u00f3ria not\u00e1vel e digna de grande respeito, no setor da distribui\u00e7\u00e3o de pe\u00e7as e equipamentos para autom\u00f3veis em Portugal. Ao longo da sua carreira tem demonstrado um cont\u00ednuo empenho com a qualidade das marcas que representa. Com sua vis\u00e3o estrat\u00e9gica e capacidade de adapta\u00e7\u00e3o \u00e0s constantes mudan\u00e7as [&hellip;]","og_url":"https:\/\/automotiverevista.pt\/index.php\/2025\/01\/02\/luis-costa-albuquerque-premio-carreira-2024\/","og_site_name":"Revista Automotive","article_published_time":"2025-01-02T08:00:00+00:00","og_image":[{"width":1500,"height":1000,"url":"https:\/\/automotiverevista.pt\/wp-content\/uploads\/2024\/12\/FCV-Costa-2.jpg","type":"image\/jpeg"}],"author":"Fatima Silva","twitter_card":"summary_large_image","twitter_misc":{"Escrito por":"Fatima Silva","Tempo estimado de leitura":"2 minutos"},"schema":{"@context":"https:\/\/schema.org","@graph":[{"@type":"Article","@id":"https:\/\/automotiverevista.pt\/index.php\/2025\/01\/02\/luis-costa-albuquerque-premio-carreira-2024\/#article","isPartOf":{"@id":"https:\/\/automotiverevista.pt\/index.php\/2025\/01\/02\/luis-costa-albuquerque-premio-carreira-2024\/"},"author":{"name":"Fatima Silva","@id":"https:\/\/automotiverevista.pt\/#\/schema\/person\/1e95eb12553b8edd256acb00fe6dad4b"},"headline":"Lu\u00eds Costa Albuquerque &#8211; Pr\u00e9mio Carreira 2024","datePublished":"2025-01-02T08:00:00+00:00","mainEntityOfPage":{"@id":"https:\/\/automotiverevista.pt\/index.php\/2025\/01\/02\/luis-costa-albuquerque-premio-carreira-2024\/"},"wordCount":227,"publisher":{"@id":"https:\/\/automotiverevista.pt\/#organization"},"image":{"@id":"https:\/\/automotiverevista.pt\/index.php\/2025\/01\/02\/luis-costa-albuquerque-premio-carreira-2024\/#primaryimage"},"thumbnailUrl":"https:\/\/automotiverevista.pt\/wp-content\/uploads\/2024\/12\/FCV-Costa-2.jpg","articleSection":["P\u00f3s-Venda"],"inLanguage":"pt-PT"},{"@type":"WebPage","@id":"https:\/\/automotiverevista.pt\/index.php\/2025\/01\/02\/luis-costa-albuquerque-premio-carreira-2024\/","url":"https:\/\/automotiverevista.pt\/index.php\/2025\/01\/02\/luis-costa-albuquerque-premio-carreira-2024\/","name":"Lu\u00eds Costa Albuquerque - Pr\u00e9mio Carreira 2024 - Revista Automotive","isPartOf":{"@id":"https:\/\/automotiverevista.pt\/#website"},"primaryImageOfPage":{"@id":"https:\/\/automotiverevista.pt\/index.php\/2025\/01\/02\/luis-costa-albuquerque-premio-carreira-2024\/#primaryimage"},"image":{"@id":"https:\/\/automotiverevista.pt\/index.php\/2025\/01\/02\/luis-costa-albuquerque-premio-carreira-2024\/#primaryimage"},"thumbnailUrl":"https:\/\/automotiverevista.pt\/wp-content\/uploads\/2024\/12\/FCV-Costa-2.jpg","datePublished":"2025-01-02T08:00:00+00:00","breadcrumb":{"@id":"https:\/\/automotiverevista.pt\/index.php\/2025\/01\/02\/luis-costa-albuquerque-premio-carreira-2024\/#breadcrumb"},"inLanguage":"pt-PT","potentialAction":[{"@type":"ReadAction","target":["https:\/\/automotiverevista.pt\/index.php\/2025\/01\/02\/luis-costa-albuquerque-premio-carreira-2024\/"]}]},{"@type":"ImageObject","inLanguage":"pt-PT","@id":"https:\/\/automotiverevista.pt\/index.php\/2025\/01\/02\/luis-costa-albuquerque-premio-carreira-2024\/#primaryimage","url":"https:\/\/automotiverevista.pt\/wp-content\/uploads\/2024\/12\/FCV-Costa-2.jpg","contentUrl":"https:\/\/automotiverevista.pt\/wp-content\/uploads\/2024\/12\/FCV-Costa-2.jpg","width":1500,"height":1000},{"@type":"BreadcrumbList","@id":"https:\/\/automotiverevista.pt\/index.php\/2025\/01\/02\/luis-costa-albuquerque-premio-carreira-2024\/#breadcrumb","itemListElement":[{"@type":"ListItem","position":1,"name":"Home","item":"https:\/\/automotiverevista.pt\/"},{"@type":"ListItem","position":2,"name":"Lu\u00eds Costa Albuquerque &#8211; Pr\u00e9mio Carreira 2024"}]},{"@type":"WebSite","@id":"https:\/\/automotiverevista.pt\/#website","url":"https:\/\/automotiverevista.pt\/","name":"Revista Automotive","description":"Revista Automotive Portugal","publisher":{"@id":"https:\/\/automotiverevista.pt\/#organization"},"potentialAction":[{"@type":"SearchAction","target":{"@type":"EntryPoint","urlTemplate":"https:\/\/automotiverevista.pt\/?s={search_term_string}"},"query-input":{"@type":"PropertyValueSpecification","valueRequired":true,"valueName":"search_term_string"}}],"inLanguage":"pt-PT"},{"@type":"Organization","@id":"https:\/\/automotiverevista.pt\/#organization","name":"Revista Automotive Portugal","url":"https:\/\/automotiverevista.pt\/","logo":{"@type":"ImageObject","inLanguage":"pt-PT","@id":"https:\/\/automotiverevista.pt\/#\/schema\/logo\/image\/","url":"https:\/\/automotiverevista.pt\/wp-content\/uploads\/2022\/07\/Logo-Automotive-2021_500-1.jpg","contentUrl":"https:\/\/automotiverevista.pt\/wp-content\/uploads\/2022\/07\/Logo-Automotive-2021_500-1.jpg","width":500,"height":160,"caption":"Revista Automotive Portugal"},"image":{"@id":"https:\/\/automotiverevista.pt\/#\/schema\/logo\/image\/"},"sameAs":["https:\/\/linkedin.com\/in\/automotiverevista"]},{"@type":"Person","@id":"https:\/\/automotiverevista.pt\/#\/schema\/person\/1e95eb12553b8edd256acb00fe6dad4b","name":"Fatima Silva","image":{"@type":"ImageObject","inLanguage":"pt-PT","@id":"https:\/\/secure.gravatar.com\/avatar\/4b4a955a9c1b66708ab0dd3bd6181ac1f650299d893bd337a28482f7f19c8511?s=96&d=mm&r=g","url":"https:\/\/secure.gravatar.com\/avatar\/4b4a955a9c1b66708ab0dd3bd6181ac1f650299d893bd337a28482f7f19c8511?s=96&d=mm&r=g","contentUrl":"https:\/\/secure.gravatar.com\/avatar\/4b4a955a9c1b66708ab0dd3bd6181ac1f650299d893bd337a28482f7f19c8511?s=96&d=mm&r=g","caption":"Fatima Silva"},"url":"https:\/\/automotiverevista.pt\/index.php\/author\/fgasparsilva\/"}]}},"_links":{"self":[{"href":"https:\/\/automotiverevista.pt\/index.php\/wp-json\/wp\/v2\/posts\/8124","targetHints":{"allow":["GET"]}}],"collection":[{"href":"https:\/\/automotiverevista.pt\/index.php\/wp-json\/wp\/v2\/posts"}],"about":[{"href":"https:\/\/automotiverevista.pt\/index.php\/wp-json\/wp\/v2\/types\/post"}],"author":[{"embeddable":true,"href":"https:\/\/automotiverevista.pt\/index.php\/wp-json\/wp\/v2\/users\/4"}],"replies":[{"embeddable":true,"href":"https:\/\/automotiverevista.pt\/index.php\/wp-json\/wp\/v2\/comments?post=8124"}],"version-history":[{"count":2,"href":"https:\/\/automotiverevista.pt\/index.php\/wp-json\/wp\/v2\/posts\/8124\/revisions"}],"predecessor-version":[{"id":8215,"href":"https:\/\/automotiverevista.pt\/index.php\/wp-json\/wp\/v2\/posts\/8124\/revisions\/8215"}],"wp:featuredmedia":[{"embeddable":true,"href":"https:\/\/automotiverevista.pt\/index.php\/wp-json\/wp\/v2\/media\/8125"}],"wp:attachment":[{"href":"https:\/\/automotiverevista.pt\/index.php\/wp-json\/wp\/v2\/media?parent=8124"}],"wp:term":[{"taxonomy":"category","embeddable":true,"href":"https:\/\/automotiverevista.pt\/index.php\/wp-json\/wp\/v2\/categories?post=8124"},{"taxonomy":"post_tag","embeddable":true,"href":"https:\/\/automotiverevista.pt\/index.php\/wp-json\/wp\/v2\/tags?post=8124"}],"curies":[{"name":"wp","href":"https:\/\/api.w.org\/{rel}","templated":true}]}}