{"id":8179,"date":"2025-01-07T14:00:00","date_gmt":"2025-01-07T14:00:00","guid":{"rendered":"https:\/\/automotiverevista.pt\/?p=8179"},"modified":"2024-12-19T16:55:23","modified_gmt":"2024-12-19T16:55:23","slug":"um-ano-de-conquistas-e-inovacao-para-a-sampa","status":"publish","type":"post","link":"https:\/\/automotiverevista.pt\/index.php\/2025\/01\/07\/um-ano-de-conquistas-e-inovacao-para-a-sampa\/","title":{"rendered":"Um ano de conquistas e inova\u00e7\u00e3o para a Sampa"},"content":{"rendered":"\n<p>O ano de 2024 tem sido repleto de conquistas para a Sampa. <strong>M.Ali Erdogan,<\/strong>&nbsp;head of global marketing &amp; communication na Sampa Group, em conversa com a Revista Automotive, faz um bala\u00e7o muito positivo dos desenvolvimentos da empresa no \u00e2mbito Europeu.<\/p>\n\n\n\n<p>\u201cEste foi o ano onde vencemos o pr\u00e9mio<strong> Green Award na Automechanika Frankfurt<\/strong>, pelo novo desenvolvimento \u2018Sampa Traking Emission Storing Technology (B.E.S.T.)\u2019, um sistema inovador de pin\u00e7as de trav\u00e3o com filtragem de part\u00edculas e arrefecimento. Esta inova\u00e7\u00e3o foi tamb\u00e9m vencedora na categoria Ve\u00edculos Comerciais.<\/p>\n\n\n\n<p>2024 \u00e9 o ano em que a Sampa completa 30 anos de exist\u00eancia. Entre muitas iniciativas relacionadas com a efem\u00e9ride, a data foi comemorada com o devido destaque no Sal\u00e3o Automechanika, recentemente realizado em Istanbul (Turquia), onde clientes e parceiros da marca foram recebidos em festa pela dire\u00e7\u00e3o da empresa, num stand tem\u00e1tico alusivo ao seu 30\u00ba anivers\u00e1rio.<\/p>\n\n\n\n<figure class=\"wp-block-image size-large\"><img decoding=\"async\" width=\"1024\" height=\"722\" src=\"https:\/\/automotiverevista.pt\/wp-content\/uploads\/2024\/12\/werwe-1024x722.jpg\" alt=\"\" class=\"wp-image-8181\" srcset=\"https:\/\/automotiverevista.pt\/wp-content\/uploads\/2024\/12\/werwe-1024x722.jpg 1024w, https:\/\/automotiverevista.pt\/wp-content\/uploads\/2024\/12\/werwe-300x211.jpg 300w, https:\/\/automotiverevista.pt\/wp-content\/uploads\/2024\/12\/werwe-768x541.jpg 768w, https:\/\/automotiverevista.pt\/wp-content\/uploads\/2024\/12\/werwe-120x86.jpg 120w, https:\/\/automotiverevista.pt\/wp-content\/uploads\/2024\/12\/werwe-750x529.jpg 750w, https:\/\/automotiverevista.pt\/wp-content\/uploads\/2024\/12\/werwe-1140x803.jpg 1140w, https:\/\/automotiverevista.pt\/wp-content\/uploads\/2024\/12\/werwe.jpg 1500w\" sizes=\"(max-width: 1024px) 100vw, 1024px\" \/><\/figure>\n\n\n\n<p><strong>Campanha dedicada \u00e0s mulheres<\/strong><\/p>\n\n\n\n<p>A Sampa iniciou uma campanha especial para apoiar as mulheres durante o <strong>M\u00eas de Sensibiliza\u00e7\u00e3o para o Cancro da Mama<\/strong>. O objetivo foi aumentar a consciencializa\u00e7\u00e3o distribuindo indicadores de porcas de roda especialmente concebidos na cor rosa em v\u00e1rias feiras e eventos, para chamar a aten\u00e7\u00e3o para o m\u00eas de outubro.\u00a0<\/p>\n\n\n\n<p>No \u00e2mbito da campanha <strong>&#8220;D\u00ea um Passo Cor-de-Rosa em Dire\u00e7\u00e3o \u00e0 Esperan\u00e7a&#8221;<\/strong>, a Sampa est\u00e1 a colaborar com a associa\u00e7\u00e3o &#8220;Ruban Rose&#8221; para contribuir para a luta contra o cancro da mama.\u00a0 Como parte deste projeto, todos os lucros provenientes da venda dos indicadores de porcas de roda rosa at\u00e9 ao final deste ano de 2024 ser\u00e3o doados a organiza\u00e7\u00f5es de caridade para apoiar iniciativas relacionadas com o cancro da mama.<\/p>\n\n\n\n<p>O nosso grupo sabe que as pessoas s\u00e3o o verdadeiro ativo de uma empresa, e assim estamos tamb\u00e9m a promover diversos programas para valorizar os nossos milhares de funcion\u00e1rios. Um deles passa por uma maior contrata\u00e7\u00e3o de mulheres nas suas diversas \u00e1reas, desde a planta produtiva, at\u00e9 aos cargos de dire\u00e7\u00e3o.<\/p>\n\n\n\n<figure class=\"wp-block-image size-large\"><img decoding=\"async\" width=\"1024\" height=\"377\" src=\"https:\/\/automotiverevista.pt\/wp-content\/uploads\/2024\/12\/IMG_8284-1024x377.jpg\" alt=\"\" class=\"wp-image-8183\" srcset=\"https:\/\/automotiverevista.pt\/wp-content\/uploads\/2024\/12\/IMG_8284-1024x377.jpg 1024w, https:\/\/automotiverevista.pt\/wp-content\/uploads\/2024\/12\/IMG_8284-300x110.jpg 300w, https:\/\/automotiverevista.pt\/wp-content\/uploads\/2024\/12\/IMG_8284-768x283.jpg 768w, https:\/\/automotiverevista.pt\/wp-content\/uploads\/2024\/12\/IMG_8284-1536x565.jpg 1536w, https:\/\/automotiverevista.pt\/wp-content\/uploads\/2024\/12\/IMG_8284-2048x754.jpg 2048w, https:\/\/automotiverevista.pt\/wp-content\/uploads\/2024\/12\/IMG_8284-750x276.jpg 750w, https:\/\/automotiverevista.pt\/wp-content\/uploads\/2024\/12\/IMG_8284-1140x419.jpg 1140w\" sizes=\"(max-width: 1024px) 100vw, 1024px\" \/><\/figure>\n\n\n\n<p><strong>Mercado de origem<\/strong><\/p>\n\n\n\n<p>Com uma experi\u00eancia de produ\u00e7\u00e3o que remonta aos anos 50, a Sampa tem mais de 100.000 refer\u00eancias de produtos divididos por 30 categorias, resultado do investimento em investiga\u00e7\u00e3o e desenvolvimento (I&amp;D) com mais de 300 engenheiros especializados.<\/p>\n\n\n\n<p>As pe\u00e7as de reposi\u00e7\u00e3o para o setor de ve\u00edculos pesados de mercadorias continuam a ser o&nbsp;<em>core&nbsp;<\/em>das atividades da marca Sampa. No entanto, a Sampa tamb\u00e9m \u00e9 fabricante de equipamento original para algumas marcas de cami\u00f5es.&nbsp; O seu campus de produ\u00e7\u00e3o localizado na sede em Samsun (Turquia) conta com a Certifica\u00e7\u00e3o Q1 da Ford Motor Company\u2019s, um indicador mundial de qualidade e satisfa\u00e7\u00e3o do cliente de excel\u00eancia<\/p>\n\n\n\n<p>A Sampa investe grande somas em I&amp;D e, por este motivo, possui 9 sistemas de qualidade que visam garantir a melhor metodologia na produ\u00e7\u00e3o de pe\u00e7as e equipamentos. Produzimos pe\u00e7as de reposi\u00e7\u00e3o de alta qualidade em 13 f\u00e1bricas integradas e localizadas num campus de produ\u00e7\u00e3o de 150 mil m2 e desenvolve projetos originais no centro de I&amp;D, que ocupa uma \u00e1rea de 3 mil m2. Criado com um investimento de 12 milh\u00f5es de d\u00f3lares e suportado por 2,5% do volume de neg\u00f3cios anual, o campus de produ\u00e7\u00e3o destaca-se como um s\u00edmbolo da import\u00e2ncia que a SAMPA atribui \u00e0 I&amp;D\u201d referiu <strong>M.Ali Erdogan<\/strong>.<\/p>\n\n\n\n<figure class=\"wp-block-image size-large\"><img decoding=\"async\" width=\"1024\" height=\"673\" src=\"https:\/\/automotiverevista.pt\/wp-content\/uploads\/2024\/12\/Imagem3-1024x673.jpg\" alt=\"\" class=\"wp-image-8184\" srcset=\"https:\/\/automotiverevista.pt\/wp-content\/uploads\/2024\/12\/Imagem3-1024x673.jpg 1024w, https:\/\/automotiverevista.pt\/wp-content\/uploads\/2024\/12\/Imagem3-300x197.jpg 300w, https:\/\/automotiverevista.pt\/wp-content\/uploads\/2024\/12\/Imagem3-768x505.jpg 768w, https:\/\/automotiverevista.pt\/wp-content\/uploads\/2024\/12\/Imagem3-750x493.jpg 750w, https:\/\/automotiverevista.pt\/wp-content\/uploads\/2024\/12\/Imagem3-1140x749.jpg 1140w, https:\/\/automotiverevista.pt\/wp-content\/uploads\/2024\/12\/Imagem3.jpg 1500w\" sizes=\"(max-width: 1024px) 100vw, 1024px\" \/><\/figure>\n","protected":false},"excerpt":{"rendered":"<p>O ano de 2024 tem sido repleto de conquistas para a Sampa. M.Ali Erdogan,&nbsp;head of global marketing &amp; communication na Sampa Group, em conversa com a Revista Automotive, faz um bala\u00e7o muito positivo dos desenvolvimentos da empresa no \u00e2mbito Europeu. \u201cEste foi o ano onde vencemos o pr\u00e9mio Green Award na Automechanika Frankfurt, pelo novo [&hellip;]<\/p>\n","protected":false},"author":4,"featured_media":8180,"comment_status":"closed","ping_status":"open","sticky":false,"template":"","format":"standard","meta":{"jnews-multi-image_gallery":[],"jnews_single_post":{"format":"standard"},"jnews_primary_category":[],"footnotes":""},"categories":[25],"tags":[],"class_list":["post-8179","post","type-post","status-publish","format-standard","has-post-thumbnail","hentry","category-pesados-e-maquinas"],"yoast_head":"<!-- This site is optimized with the Yoast SEO Premium plugin v27.2 (Yoast SEO v27.5) - https:\/\/yoast.com\/product\/yoast-seo-premium-wordpress\/ -->\n<title>Um ano de conquistas e inova\u00e7\u00e3o para a Sampa - Revista Automotive<\/title>\n<meta name=\"robots\" content=\"index, follow, max-snippet:-1, max-image-preview:large, max-video-preview:-1\" \/>\n<link rel=\"canonical\" href=\"https:\/\/automotiverevista.pt\/index.php\/2025\/01\/07\/um-ano-de-conquistas-e-inovacao-para-a-sampa\/\" \/>\n<meta property=\"og:locale\" content=\"pt_PT\" \/>\n<meta property=\"og:type\" content=\"article\" \/>\n<meta property=\"og:title\" content=\"Um ano de conquistas e inova\u00e7\u00e3o para a Sampa\" \/>\n<meta property=\"og:description\" content=\"O ano de 2024 tem sido repleto de conquistas para a Sampa. M.Ali Erdogan,&nbsp;head of global marketing &amp; communication na Sampa Group, em conversa com a Revista Automotive, faz um bala\u00e7o muito positivo dos desenvolvimentos da empresa no \u00e2mbito Europeu. \u201cEste foi o ano onde vencemos o pr\u00e9mio Green Award na Automechanika Frankfurt, pelo novo [&hellip;]\" \/>\n<meta property=\"og:url\" content=\"https:\/\/automotiverevista.pt\/index.php\/2025\/01\/07\/um-ano-de-conquistas-e-inovacao-para-a-sampa\/\" \/>\n<meta property=\"og:site_name\" content=\"Revista Automotive\" \/>\n<meta property=\"article:published_time\" content=\"2025-01-07T14:00:00+00:00\" \/>\n<meta property=\"og:image\" content=\"https:\/\/automotiverevista.pt\/wp-content\/uploads\/2024\/12\/a-17.jpg\" \/>\n\t<meta property=\"og:image:width\" content=\"1500\" \/>\n\t<meta property=\"og:image:height\" content=\"1000\" \/>\n\t<meta property=\"og:image:type\" content=\"image\/jpeg\" \/>\n<meta name=\"author\" content=\"Fatima Silva\" \/>\n<meta name=\"twitter:card\" content=\"summary_large_image\" \/>\n<meta name=\"twitter:label1\" content=\"Escrito por\" \/>\n\t<meta name=\"twitter:data1\" content=\"Fatima Silva\" \/>\n\t<meta name=\"twitter:label2\" content=\"Tempo estimado de leitura\" \/>\n\t<meta name=\"twitter:data2\" content=\"4 minutos\" \/>\n<script type=\"application\/ld+json\" class=\"yoast-schema-graph\">{\"@context\":\"https:\\\/\\\/schema.org\",\"@graph\":[{\"@type\":\"Article\",\"@id\":\"https:\\\/\\\/automotiverevista.pt\\\/index.php\\\/2025\\\/01\\\/07\\\/um-ano-de-conquistas-e-inovacao-para-a-sampa\\\/#article\",\"isPartOf\":{\"@id\":\"https:\\\/\\\/automotiverevista.pt\\\/index.php\\\/2025\\\/01\\\/07\\\/um-ano-de-conquistas-e-inovacao-para-a-sampa\\\/\"},\"author\":{\"name\":\"Fatima Silva\",\"@id\":\"https:\\\/\\\/automotiverevista.pt\\\/#\\\/schema\\\/person\\\/1e95eb12553b8edd256acb00fe6dad4b\"},\"headline\":\"Um ano de conquistas e inova\u00e7\u00e3o para a Sampa\",\"datePublished\":\"2025-01-07T14:00:00+00:00\",\"mainEntityOfPage\":{\"@id\":\"https:\\\/\\\/automotiverevista.pt\\\/index.php\\\/2025\\\/01\\\/07\\\/um-ano-de-conquistas-e-inovacao-para-a-sampa\\\/\"},\"wordCount\":594,\"publisher\":{\"@id\":\"https:\\\/\\\/automotiverevista.pt\\\/#organization\"},\"image\":{\"@id\":\"https:\\\/\\\/automotiverevista.pt\\\/index.php\\\/2025\\\/01\\\/07\\\/um-ano-de-conquistas-e-inovacao-para-a-sampa\\\/#primaryimage\"},\"thumbnailUrl\":\"https:\\\/\\\/automotiverevista.pt\\\/wp-content\\\/uploads\\\/2024\\\/12\\\/a-17.jpg\",\"articleSection\":[\"Pesados e M\u00e1quinas\"],\"inLanguage\":\"pt-PT\"},{\"@type\":\"WebPage\",\"@id\":\"https:\\\/\\\/automotiverevista.pt\\\/index.php\\\/2025\\\/01\\\/07\\\/um-ano-de-conquistas-e-inovacao-para-a-sampa\\\/\",\"url\":\"https:\\\/\\\/automotiverevista.pt\\\/index.php\\\/2025\\\/01\\\/07\\\/um-ano-de-conquistas-e-inovacao-para-a-sampa\\\/\",\"name\":\"Um ano de conquistas e inova\u00e7\u00e3o para a Sampa - Revista Automotive\",\"isPartOf\":{\"@id\":\"https:\\\/\\\/automotiverevista.pt\\\/#website\"},\"primaryImageOfPage\":{\"@id\":\"https:\\\/\\\/automotiverevista.pt\\\/index.php\\\/2025\\\/01\\\/07\\\/um-ano-de-conquistas-e-inovacao-para-a-sampa\\\/#primaryimage\"},\"image\":{\"@id\":\"https:\\\/\\\/automotiverevista.pt\\\/index.php\\\/2025\\\/01\\\/07\\\/um-ano-de-conquistas-e-inovacao-para-a-sampa\\\/#primaryimage\"},\"thumbnailUrl\":\"https:\\\/\\\/automotiverevista.pt\\\/wp-content\\\/uploads\\\/2024\\\/12\\\/a-17.jpg\",\"datePublished\":\"2025-01-07T14:00:00+00:00\",\"breadcrumb\":{\"@id\":\"https:\\\/\\\/automotiverevista.pt\\\/index.php\\\/2025\\\/01\\\/07\\\/um-ano-de-conquistas-e-inovacao-para-a-sampa\\\/#breadcrumb\"},\"inLanguage\":\"pt-PT\",\"potentialAction\":[{\"@type\":\"ReadAction\",\"target\":[\"https:\\\/\\\/automotiverevista.pt\\\/index.php\\\/2025\\\/01\\\/07\\\/um-ano-de-conquistas-e-inovacao-para-a-sampa\\\/\"]}]},{\"@type\":\"ImageObject\",\"inLanguage\":\"pt-PT\",\"@id\":\"https:\\\/\\\/automotiverevista.pt\\\/index.php\\\/2025\\\/01\\\/07\\\/um-ano-de-conquistas-e-inovacao-para-a-sampa\\\/#primaryimage\",\"url\":\"https:\\\/\\\/automotiverevista.pt\\\/wp-content\\\/uploads\\\/2024\\\/12\\\/a-17.jpg\",\"contentUrl\":\"https:\\\/\\\/automotiverevista.pt\\\/wp-content\\\/uploads\\\/2024\\\/12\\\/a-17.jpg\",\"width\":1500,\"height\":1000},{\"@type\":\"BreadcrumbList\",\"@id\":\"https:\\\/\\\/automotiverevista.pt\\\/index.php\\\/2025\\\/01\\\/07\\\/um-ano-de-conquistas-e-inovacao-para-a-sampa\\\/#breadcrumb\",\"itemListElement\":[{\"@type\":\"ListItem\",\"position\":1,\"name\":\"Home\",\"item\":\"https:\\\/\\\/automotiverevista.pt\\\/\"},{\"@type\":\"ListItem\",\"position\":2,\"name\":\"Um ano de conquistas e inova\u00e7\u00e3o para a Sampa\"}]},{\"@type\":\"WebSite\",\"@id\":\"https:\\\/\\\/automotiverevista.pt\\\/#website\",\"url\":\"https:\\\/\\\/automotiverevista.pt\\\/\",\"name\":\"Revista Automotive\",\"description\":\"Revista Automotive Portugal\",\"publisher\":{\"@id\":\"https:\\\/\\\/automotiverevista.pt\\\/#organization\"},\"potentialAction\":[{\"@type\":\"SearchAction\",\"target\":{\"@type\":\"EntryPoint\",\"urlTemplate\":\"https:\\\/\\\/automotiverevista.pt\\\/?s={search_term_string}\"},\"query-input\":{\"@type\":\"PropertyValueSpecification\",\"valueRequired\":true,\"valueName\":\"search_term_string\"}}],\"inLanguage\":\"pt-PT\"},{\"@type\":\"Organization\",\"@id\":\"https:\\\/\\\/automotiverevista.pt\\\/#organization\",\"name\":\"Revista Automotive Portugal\",\"url\":\"https:\\\/\\\/automotiverevista.pt\\\/\",\"logo\":{\"@type\":\"ImageObject\",\"inLanguage\":\"pt-PT\",\"@id\":\"https:\\\/\\\/automotiverevista.pt\\\/#\\\/schema\\\/logo\\\/image\\\/\",\"url\":\"https:\\\/\\\/automotiverevista.pt\\\/wp-content\\\/uploads\\\/2022\\\/07\\\/Logo-Automotive-2021_500-1.jpg\",\"contentUrl\":\"https:\\\/\\\/automotiverevista.pt\\\/wp-content\\\/uploads\\\/2022\\\/07\\\/Logo-Automotive-2021_500-1.jpg\",\"width\":500,\"height\":160,\"caption\":\"Revista Automotive Portugal\"},\"image\":{\"@id\":\"https:\\\/\\\/automotiverevista.pt\\\/#\\\/schema\\\/logo\\\/image\\\/\"},\"sameAs\":[\"https:\\\/\\\/linkedin.com\\\/in\\\/automotiverevista\"]},{\"@type\":\"Person\",\"@id\":\"https:\\\/\\\/automotiverevista.pt\\\/#\\\/schema\\\/person\\\/1e95eb12553b8edd256acb00fe6dad4b\",\"name\":\"Fatima Silva\",\"image\":{\"@type\":\"ImageObject\",\"inLanguage\":\"pt-PT\",\"@id\":\"https:\\\/\\\/secure.gravatar.com\\\/avatar\\\/4b4a955a9c1b66708ab0dd3bd6181ac1f650299d893bd337a28482f7f19c8511?s=96&d=mm&r=g\",\"url\":\"https:\\\/\\\/secure.gravatar.com\\\/avatar\\\/4b4a955a9c1b66708ab0dd3bd6181ac1f650299d893bd337a28482f7f19c8511?s=96&d=mm&r=g\",\"contentUrl\":\"https:\\\/\\\/secure.gravatar.com\\\/avatar\\\/4b4a955a9c1b66708ab0dd3bd6181ac1f650299d893bd337a28482f7f19c8511?s=96&d=mm&r=g\",\"caption\":\"Fatima Silva\"},\"url\":\"https:\\\/\\\/automotiverevista.pt\\\/index.php\\\/author\\\/fgasparsilva\\\/\"}]}<\/script>\n<!-- \/ Yoast SEO Premium plugin. -->","yoast_head_json":{"title":"Um ano de conquistas e inova\u00e7\u00e3o para a Sampa - Revista Automotive","robots":{"index":"index","follow":"follow","max-snippet":"max-snippet:-1","max-image-preview":"max-image-preview:large","max-video-preview":"max-video-preview:-1"},"canonical":"https:\/\/automotiverevista.pt\/index.php\/2025\/01\/07\/um-ano-de-conquistas-e-inovacao-para-a-sampa\/","og_locale":"pt_PT","og_type":"article","og_title":"Um ano de conquistas e inova\u00e7\u00e3o para a Sampa","og_description":"O ano de 2024 tem sido repleto de conquistas para a Sampa. M.Ali Erdogan,&nbsp;head of global marketing &amp; communication na Sampa Group, em conversa com a Revista Automotive, faz um bala\u00e7o muito positivo dos desenvolvimentos da empresa no \u00e2mbito Europeu. \u201cEste foi o ano onde vencemos o pr\u00e9mio Green Award na Automechanika Frankfurt, pelo novo [&hellip;]","og_url":"https:\/\/automotiverevista.pt\/index.php\/2025\/01\/07\/um-ano-de-conquistas-e-inovacao-para-a-sampa\/","og_site_name":"Revista Automotive","article_published_time":"2025-01-07T14:00:00+00:00","og_image":[{"width":1500,"height":1000,"url":"https:\/\/automotiverevista.pt\/wp-content\/uploads\/2024\/12\/a-17.jpg","type":"image\/jpeg"}],"author":"Fatima Silva","twitter_card":"summary_large_image","twitter_misc":{"Escrito por":"Fatima Silva","Tempo estimado de leitura":"4 minutos"},"schema":{"@context":"https:\/\/schema.org","@graph":[{"@type":"Article","@id":"https:\/\/automotiverevista.pt\/index.php\/2025\/01\/07\/um-ano-de-conquistas-e-inovacao-para-a-sampa\/#article","isPartOf":{"@id":"https:\/\/automotiverevista.pt\/index.php\/2025\/01\/07\/um-ano-de-conquistas-e-inovacao-para-a-sampa\/"},"author":{"name":"Fatima Silva","@id":"https:\/\/automotiverevista.pt\/#\/schema\/person\/1e95eb12553b8edd256acb00fe6dad4b"},"headline":"Um ano de conquistas e inova\u00e7\u00e3o para a Sampa","datePublished":"2025-01-07T14:00:00+00:00","mainEntityOfPage":{"@id":"https:\/\/automotiverevista.pt\/index.php\/2025\/01\/07\/um-ano-de-conquistas-e-inovacao-para-a-sampa\/"},"wordCount":594,"publisher":{"@id":"https:\/\/automotiverevista.pt\/#organization"},"image":{"@id":"https:\/\/automotiverevista.pt\/index.php\/2025\/01\/07\/um-ano-de-conquistas-e-inovacao-para-a-sampa\/#primaryimage"},"thumbnailUrl":"https:\/\/automotiverevista.pt\/wp-content\/uploads\/2024\/12\/a-17.jpg","articleSection":["Pesados e M\u00e1quinas"],"inLanguage":"pt-PT"},{"@type":"WebPage","@id":"https:\/\/automotiverevista.pt\/index.php\/2025\/01\/07\/um-ano-de-conquistas-e-inovacao-para-a-sampa\/","url":"https:\/\/automotiverevista.pt\/index.php\/2025\/01\/07\/um-ano-de-conquistas-e-inovacao-para-a-sampa\/","name":"Um ano de conquistas e inova\u00e7\u00e3o para a Sampa - Revista Automotive","isPartOf":{"@id":"https:\/\/automotiverevista.pt\/#website"},"primaryImageOfPage":{"@id":"https:\/\/automotiverevista.pt\/index.php\/2025\/01\/07\/um-ano-de-conquistas-e-inovacao-para-a-sampa\/#primaryimage"},"image":{"@id":"https:\/\/automotiverevista.pt\/index.php\/2025\/01\/07\/um-ano-de-conquistas-e-inovacao-para-a-sampa\/#primaryimage"},"thumbnailUrl":"https:\/\/automotiverevista.pt\/wp-content\/uploads\/2024\/12\/a-17.jpg","datePublished":"2025-01-07T14:00:00+00:00","breadcrumb":{"@id":"https:\/\/automotiverevista.pt\/index.php\/2025\/01\/07\/um-ano-de-conquistas-e-inovacao-para-a-sampa\/#breadcrumb"},"inLanguage":"pt-PT","potentialAction":[{"@type":"ReadAction","target":["https:\/\/automotiverevista.pt\/index.php\/2025\/01\/07\/um-ano-de-conquistas-e-inovacao-para-a-sampa\/"]}]},{"@type":"ImageObject","inLanguage":"pt-PT","@id":"https:\/\/automotiverevista.pt\/index.php\/2025\/01\/07\/um-ano-de-conquistas-e-inovacao-para-a-sampa\/#primaryimage","url":"https:\/\/automotiverevista.pt\/wp-content\/uploads\/2024\/12\/a-17.jpg","contentUrl":"https:\/\/automotiverevista.pt\/wp-content\/uploads\/2024\/12\/a-17.jpg","width":1500,"height":1000},{"@type":"BreadcrumbList","@id":"https:\/\/automotiverevista.pt\/index.php\/2025\/01\/07\/um-ano-de-conquistas-e-inovacao-para-a-sampa\/#breadcrumb","itemListElement":[{"@type":"ListItem","position":1,"name":"Home","item":"https:\/\/automotiverevista.pt\/"},{"@type":"ListItem","position":2,"name":"Um ano de conquistas e inova\u00e7\u00e3o para a Sampa"}]},{"@type":"WebSite","@id":"https:\/\/automotiverevista.pt\/#website","url":"https:\/\/automotiverevista.pt\/","name":"Revista Automotive","description":"Revista Automotive Portugal","publisher":{"@id":"https:\/\/automotiverevista.pt\/#organization"},"potentialAction":[{"@type":"SearchAction","target":{"@type":"EntryPoint","urlTemplate":"https:\/\/automotiverevista.pt\/?s={search_term_string}"},"query-input":{"@type":"PropertyValueSpecification","valueRequired":true,"valueName":"search_term_string"}}],"inLanguage":"pt-PT"},{"@type":"Organization","@id":"https:\/\/automotiverevista.pt\/#organization","name":"Revista Automotive Portugal","url":"https:\/\/automotiverevista.pt\/","logo":{"@type":"ImageObject","inLanguage":"pt-PT","@id":"https:\/\/automotiverevista.pt\/#\/schema\/logo\/image\/","url":"https:\/\/automotiverevista.pt\/wp-content\/uploads\/2022\/07\/Logo-Automotive-2021_500-1.jpg","contentUrl":"https:\/\/automotiverevista.pt\/wp-content\/uploads\/2022\/07\/Logo-Automotive-2021_500-1.jpg","width":500,"height":160,"caption":"Revista Automotive Portugal"},"image":{"@id":"https:\/\/automotiverevista.pt\/#\/schema\/logo\/image\/"},"sameAs":["https:\/\/linkedin.com\/in\/automotiverevista"]},{"@type":"Person","@id":"https:\/\/automotiverevista.pt\/#\/schema\/person\/1e95eb12553b8edd256acb00fe6dad4b","name":"Fatima Silva","image":{"@type":"ImageObject","inLanguage":"pt-PT","@id":"https:\/\/secure.gravatar.com\/avatar\/4b4a955a9c1b66708ab0dd3bd6181ac1f650299d893bd337a28482f7f19c8511?s=96&d=mm&r=g","url":"https:\/\/secure.gravatar.com\/avatar\/4b4a955a9c1b66708ab0dd3bd6181ac1f650299d893bd337a28482f7f19c8511?s=96&d=mm&r=g","contentUrl":"https:\/\/secure.gravatar.com\/avatar\/4b4a955a9c1b66708ab0dd3bd6181ac1f650299d893bd337a28482f7f19c8511?s=96&d=mm&r=g","caption":"Fatima Silva"},"url":"https:\/\/automotiverevista.pt\/index.php\/author\/fgasparsilva\/"}]}},"_links":{"self":[{"href":"https:\/\/automotiverevista.pt\/index.php\/wp-json\/wp\/v2\/posts\/8179","targetHints":{"allow":["GET"]}}],"collection":[{"href":"https:\/\/automotiverevista.pt\/index.php\/wp-json\/wp\/v2\/posts"}],"about":[{"href":"https:\/\/automotiverevista.pt\/index.php\/wp-json\/wp\/v2\/types\/post"}],"author":[{"embeddable":true,"href":"https:\/\/automotiverevista.pt\/index.php\/wp-json\/wp\/v2\/users\/4"}],"replies":[{"embeddable":true,"href":"https:\/\/automotiverevista.pt\/index.php\/wp-json\/wp\/v2\/comments?post=8179"}],"version-history":[{"count":1,"href":"https:\/\/automotiverevista.pt\/index.php\/wp-json\/wp\/v2\/posts\/8179\/revisions"}],"predecessor-version":[{"id":8185,"href":"https:\/\/automotiverevista.pt\/index.php\/wp-json\/wp\/v2\/posts\/8179\/revisions\/8185"}],"wp:featuredmedia":[{"embeddable":true,"href":"https:\/\/automotiverevista.pt\/index.php\/wp-json\/wp\/v2\/media\/8180"}],"wp:attachment":[{"href":"https:\/\/automotiverevista.pt\/index.php\/wp-json\/wp\/v2\/media?parent=8179"}],"wp:term":[{"taxonomy":"category","embeddable":true,"href":"https:\/\/automotiverevista.pt\/index.php\/wp-json\/wp\/v2\/categories?post=8179"},{"taxonomy":"post_tag","embeddable":true,"href":"https:\/\/automotiverevista.pt\/index.php\/wp-json\/wp\/v2\/tags?post=8179"}],"curies":[{"name":"wp","href":"https:\/\/api.w.org\/{rel}","templated":true}]}}