{"id":8187,"date":"2025-01-08T14:00:00","date_gmt":"2025-01-08T14:00:00","guid":{"rendered":"https:\/\/automotiverevista.pt\/?p=8187"},"modified":"2024-12-19T17:00:40","modified_gmt":"2024-12-19T17:00:40","slug":"novas-referencias-da-ngk-para-o-mercado-de-reposicao","status":"publish","type":"post","link":"https:\/\/automotiverevista.pt\/index.php\/2025\/01\/08\/novas-referencias-da-ngk-para-o-mercado-de-reposicao\/","title":{"rendered":"Novas refer\u00eancias da NGK para o mercado de reposi\u00e7\u00e3o"},"content":{"rendered":"\n<p><strong>Na foto da Automotive<\/strong>: (da esq. para a dir.) Luis Romero Pintado, Senior Manager Sales Business Development; David Bassas, Director Western Europe, e Carlos Garcia, Senior Manager Marketing &amp; Operations, que integram a din\u00e2mica equipa da Niterra.<\/p>\n\n\n\n<p>A <strong>Niterra<\/strong>, um dos principais fornecedores de sistemas de igni\u00e7\u00e3o autom\u00f3vel e eletr\u00f3nica de ve\u00edculos, ampliou a sua gama de velas de igni\u00e7\u00e3o com a introdu\u00e7\u00e3o de sete novas velas de dupla liga preciosa para carros, que ir\u00e3o refor\u00e7ar a cobertura geral da empresa no mercado de reposi\u00e7\u00e3o na regi\u00e3o europeia.<\/p>\n\n\n\n<p>As novas refer\u00eancias oferecem a reconhecida fiabilidade e qualidade de constru\u00e7\u00e3o da empresa para esta importante pe\u00e7a do mercado de reposi\u00e7\u00e3o, cobrindo uma vasta gama de ve\u00edculos populares dispon\u00edveis na Europa.<\/p>\n\n\n\n<p>Entre eles, destacam-se modelos das marcas BMW e Mini (SILZKGR8G8S), Ford (SILNAR8D7G), Audi, Cupra, VW (SILFER8D7ES), Audi, Cupra, Skoda, Seat e VW (ILKER7B8EGS) e Mazda (ILZKAR8N6S). A refer\u00eancia ILKAR7Q7 foi desenvolvida como pe\u00e7a equivalente para as marcas Renault, Dacia e Nissan, sendo compat\u00edvel com modelos recentes, como o Renault Clio 1.0 TCe 90, o Dacia Sandero e o Nissan Micra 1.0 IG-T 100.<\/p>\n\n\n\n<p>J\u00e1 a refer\u00eancia MR8BP8HJS \u00e9 pioneira no mercado de reposi\u00e7\u00e3o independente e destina-se exclusivamente a ve\u00edculos da marca Ferrari. As velas de igni\u00e7\u00e3o NGK, incluem a refer\u00eancia SILNAR8D7G, uma pe\u00e7a de excel\u00eancia para ve\u00edculos Ford, como o Puma 1.0 EcoBoost mHEV e o Fiesta 1.0 EcoBoost.<\/p>\n\n\n\n<figure class=\"wp-block-image size-full is-resized\"><img decoding=\"async\" width=\"750\" height=\"375\" src=\"https:\/\/automotiverevista.pt\/wp-content\/uploads\/2024\/12\/image.png\" alt=\"\" class=\"wp-image-8189\" style=\"width:966px;height:auto\" srcset=\"https:\/\/automotiverevista.pt\/wp-content\/uploads\/2024\/12\/image.png 750w, https:\/\/automotiverevista.pt\/wp-content\/uploads\/2024\/12\/image-300x150.png 300w, https:\/\/automotiverevista.pt\/wp-content\/uploads\/2024\/12\/image-360x180.png 360w\" sizes=\"(max-width: 750px) 100vw, 750px\" \/><\/figure>\n","protected":false},"excerpt":{"rendered":"<p>Na foto da Automotive: (da esq. para a dir.) Luis Romero Pintado, Senior Manager Sales Business Development; David Bassas, Director Western Europe, e Carlos Garcia, Senior Manager Marketing &amp; Operations, que integram a din\u00e2mica equipa da Niterra. A Niterra, um dos principais fornecedores de sistemas de igni\u00e7\u00e3o autom\u00f3vel e eletr\u00f3nica de ve\u00edculos, ampliou a sua [&hellip;]<\/p>\n","protected":false},"author":4,"featured_media":8188,"comment_status":"closed","ping_status":"open","sticky":false,"template":"","format":"standard","meta":{"jnews-multi-image_gallery":[],"jnews_single_post":{"format":"standard"},"jnews_primary_category":[],"footnotes":""},"categories":[21],"tags":[],"class_list":["post-8187","post","type-post","status-publish","format-standard","has-post-thumbnail","hentry","category-pos-venda"],"yoast_head":"<!-- This site is optimized with the Yoast SEO Premium plugin v27.2 (Yoast SEO v27.5) - https:\/\/yoast.com\/product\/yoast-seo-premium-wordpress\/ -->\n<title>Novas refer\u00eancias da NGK para o mercado de reposi\u00e7\u00e3o - Revista Automotive<\/title>\n<meta name=\"robots\" content=\"index, follow, max-snippet:-1, max-image-preview:large, max-video-preview:-1\" \/>\n<link rel=\"canonical\" href=\"https:\/\/automotiverevista.pt\/index.php\/2025\/01\/08\/novas-referencias-da-ngk-para-o-mercado-de-reposicao\/\" \/>\n<meta property=\"og:locale\" content=\"pt_PT\" \/>\n<meta property=\"og:type\" content=\"article\" \/>\n<meta property=\"og:title\" content=\"Novas refer\u00eancias da NGK para o mercado de reposi\u00e7\u00e3o\" \/>\n<meta property=\"og:description\" content=\"Na foto da Automotive: (da esq. para a dir.) Luis Romero Pintado, Senior Manager Sales Business Development; David Bassas, Director Western Europe, e Carlos Garcia, Senior Manager Marketing &amp; Operations, que integram a din\u00e2mica equipa da Niterra. A Niterra, um dos principais fornecedores de sistemas de igni\u00e7\u00e3o autom\u00f3vel e eletr\u00f3nica de ve\u00edculos, ampliou a sua [&hellip;]\" \/>\n<meta property=\"og:url\" content=\"https:\/\/automotiverevista.pt\/index.php\/2025\/01\/08\/novas-referencias-da-ngk-para-o-mercado-de-reposicao\/\" \/>\n<meta property=\"og:site_name\" content=\"Revista Automotive\" \/>\n<meta property=\"article:published_time\" content=\"2025-01-08T14:00:00+00:00\" \/>\n<meta property=\"og:image\" content=\"https:\/\/automotiverevista.pt\/wp-content\/uploads\/2024\/12\/a-18.jpg\" \/>\n\t<meta property=\"og:image:width\" content=\"1500\" \/>\n\t<meta property=\"og:image:height\" content=\"1125\" \/>\n\t<meta property=\"og:image:type\" content=\"image\/jpeg\" \/>\n<meta name=\"author\" content=\"Fatima Silva\" \/>\n<meta name=\"twitter:card\" content=\"summary_large_image\" \/>\n<meta name=\"twitter:label1\" content=\"Escrito por\" \/>\n\t<meta name=\"twitter:data1\" content=\"Fatima Silva\" \/>\n\t<meta name=\"twitter:label2\" content=\"Tempo estimado de leitura\" \/>\n\t<meta name=\"twitter:data2\" content=\"2 minutos\" \/>\n<script type=\"application\/ld+json\" class=\"yoast-schema-graph\">{\"@context\":\"https:\\\/\\\/schema.org\",\"@graph\":[{\"@type\":\"Article\",\"@id\":\"https:\\\/\\\/automotiverevista.pt\\\/index.php\\\/2025\\\/01\\\/08\\\/novas-referencias-da-ngk-para-o-mercado-de-reposicao\\\/#article\",\"isPartOf\":{\"@id\":\"https:\\\/\\\/automotiverevista.pt\\\/index.php\\\/2025\\\/01\\\/08\\\/novas-referencias-da-ngk-para-o-mercado-de-reposicao\\\/\"},\"author\":{\"name\":\"Fatima Silva\",\"@id\":\"https:\\\/\\\/automotiverevista.pt\\\/#\\\/schema\\\/person\\\/1e95eb12553b8edd256acb00fe6dad4b\"},\"headline\":\"Novas refer\u00eancias da NGK para o mercado de reposi\u00e7\u00e3o\",\"datePublished\":\"2025-01-08T14:00:00+00:00\",\"mainEntityOfPage\":{\"@id\":\"https:\\\/\\\/automotiverevista.pt\\\/index.php\\\/2025\\\/01\\\/08\\\/novas-referencias-da-ngk-para-o-mercado-de-reposicao\\\/\"},\"wordCount\":275,\"publisher\":{\"@id\":\"https:\\\/\\\/automotiverevista.pt\\\/#organization\"},\"image\":{\"@id\":\"https:\\\/\\\/automotiverevista.pt\\\/index.php\\\/2025\\\/01\\\/08\\\/novas-referencias-da-ngk-para-o-mercado-de-reposicao\\\/#primaryimage\"},\"thumbnailUrl\":\"https:\\\/\\\/automotiverevista.pt\\\/wp-content\\\/uploads\\\/2024\\\/12\\\/a-18.jpg\",\"articleSection\":[\"P\u00f3s-Venda\"],\"inLanguage\":\"pt-PT\"},{\"@type\":\"WebPage\",\"@id\":\"https:\\\/\\\/automotiverevista.pt\\\/index.php\\\/2025\\\/01\\\/08\\\/novas-referencias-da-ngk-para-o-mercado-de-reposicao\\\/\",\"url\":\"https:\\\/\\\/automotiverevista.pt\\\/index.php\\\/2025\\\/01\\\/08\\\/novas-referencias-da-ngk-para-o-mercado-de-reposicao\\\/\",\"name\":\"Novas refer\u00eancias da NGK para o mercado de reposi\u00e7\u00e3o - Revista Automotive\",\"isPartOf\":{\"@id\":\"https:\\\/\\\/automotiverevista.pt\\\/#website\"},\"primaryImageOfPage\":{\"@id\":\"https:\\\/\\\/automotiverevista.pt\\\/index.php\\\/2025\\\/01\\\/08\\\/novas-referencias-da-ngk-para-o-mercado-de-reposicao\\\/#primaryimage\"},\"image\":{\"@id\":\"https:\\\/\\\/automotiverevista.pt\\\/index.php\\\/2025\\\/01\\\/08\\\/novas-referencias-da-ngk-para-o-mercado-de-reposicao\\\/#primaryimage\"},\"thumbnailUrl\":\"https:\\\/\\\/automotiverevista.pt\\\/wp-content\\\/uploads\\\/2024\\\/12\\\/a-18.jpg\",\"datePublished\":\"2025-01-08T14:00:00+00:00\",\"breadcrumb\":{\"@id\":\"https:\\\/\\\/automotiverevista.pt\\\/index.php\\\/2025\\\/01\\\/08\\\/novas-referencias-da-ngk-para-o-mercado-de-reposicao\\\/#breadcrumb\"},\"inLanguage\":\"pt-PT\",\"potentialAction\":[{\"@type\":\"ReadAction\",\"target\":[\"https:\\\/\\\/automotiverevista.pt\\\/index.php\\\/2025\\\/01\\\/08\\\/novas-referencias-da-ngk-para-o-mercado-de-reposicao\\\/\"]}]},{\"@type\":\"ImageObject\",\"inLanguage\":\"pt-PT\",\"@id\":\"https:\\\/\\\/automotiverevista.pt\\\/index.php\\\/2025\\\/01\\\/08\\\/novas-referencias-da-ngk-para-o-mercado-de-reposicao\\\/#primaryimage\",\"url\":\"https:\\\/\\\/automotiverevista.pt\\\/wp-content\\\/uploads\\\/2024\\\/12\\\/a-18.jpg\",\"contentUrl\":\"https:\\\/\\\/automotiverevista.pt\\\/wp-content\\\/uploads\\\/2024\\\/12\\\/a-18.jpg\",\"width\":1500,\"height\":1125},{\"@type\":\"BreadcrumbList\",\"@id\":\"https:\\\/\\\/automotiverevista.pt\\\/index.php\\\/2025\\\/01\\\/08\\\/novas-referencias-da-ngk-para-o-mercado-de-reposicao\\\/#breadcrumb\",\"itemListElement\":[{\"@type\":\"ListItem\",\"position\":1,\"name\":\"Home\",\"item\":\"https:\\\/\\\/automotiverevista.pt\\\/\"},{\"@type\":\"ListItem\",\"position\":2,\"name\":\"Novas refer\u00eancias da NGK para o mercado de reposi\u00e7\u00e3o\"}]},{\"@type\":\"WebSite\",\"@id\":\"https:\\\/\\\/automotiverevista.pt\\\/#website\",\"url\":\"https:\\\/\\\/automotiverevista.pt\\\/\",\"name\":\"Revista Automotive\",\"description\":\"Revista Automotive Portugal\",\"publisher\":{\"@id\":\"https:\\\/\\\/automotiverevista.pt\\\/#organization\"},\"potentialAction\":[{\"@type\":\"SearchAction\",\"target\":{\"@type\":\"EntryPoint\",\"urlTemplate\":\"https:\\\/\\\/automotiverevista.pt\\\/?s={search_term_string}\"},\"query-input\":{\"@type\":\"PropertyValueSpecification\",\"valueRequired\":true,\"valueName\":\"search_term_string\"}}],\"inLanguage\":\"pt-PT\"},{\"@type\":\"Organization\",\"@id\":\"https:\\\/\\\/automotiverevista.pt\\\/#organization\",\"name\":\"Revista Automotive Portugal\",\"url\":\"https:\\\/\\\/automotiverevista.pt\\\/\",\"logo\":{\"@type\":\"ImageObject\",\"inLanguage\":\"pt-PT\",\"@id\":\"https:\\\/\\\/automotiverevista.pt\\\/#\\\/schema\\\/logo\\\/image\\\/\",\"url\":\"https:\\\/\\\/automotiverevista.pt\\\/wp-content\\\/uploads\\\/2022\\\/07\\\/Logo-Automotive-2021_500-1.jpg\",\"contentUrl\":\"https:\\\/\\\/automotiverevista.pt\\\/wp-content\\\/uploads\\\/2022\\\/07\\\/Logo-Automotive-2021_500-1.jpg\",\"width\":500,\"height\":160,\"caption\":\"Revista Automotive Portugal\"},\"image\":{\"@id\":\"https:\\\/\\\/automotiverevista.pt\\\/#\\\/schema\\\/logo\\\/image\\\/\"},\"sameAs\":[\"https:\\\/\\\/linkedin.com\\\/in\\\/automotiverevista\"]},{\"@type\":\"Person\",\"@id\":\"https:\\\/\\\/automotiverevista.pt\\\/#\\\/schema\\\/person\\\/1e95eb12553b8edd256acb00fe6dad4b\",\"name\":\"Fatima Silva\",\"image\":{\"@type\":\"ImageObject\",\"inLanguage\":\"pt-PT\",\"@id\":\"https:\\\/\\\/secure.gravatar.com\\\/avatar\\\/4b4a955a9c1b66708ab0dd3bd6181ac1f650299d893bd337a28482f7f19c8511?s=96&d=mm&r=g\",\"url\":\"https:\\\/\\\/secure.gravatar.com\\\/avatar\\\/4b4a955a9c1b66708ab0dd3bd6181ac1f650299d893bd337a28482f7f19c8511?s=96&d=mm&r=g\",\"contentUrl\":\"https:\\\/\\\/secure.gravatar.com\\\/avatar\\\/4b4a955a9c1b66708ab0dd3bd6181ac1f650299d893bd337a28482f7f19c8511?s=96&d=mm&r=g\",\"caption\":\"Fatima Silva\"},\"url\":\"https:\\\/\\\/automotiverevista.pt\\\/index.php\\\/author\\\/fgasparsilva\\\/\"}]}<\/script>\n<!-- \/ Yoast SEO Premium plugin. -->","yoast_head_json":{"title":"Novas refer\u00eancias da NGK para o mercado de reposi\u00e7\u00e3o - Revista Automotive","robots":{"index":"index","follow":"follow","max-snippet":"max-snippet:-1","max-image-preview":"max-image-preview:large","max-video-preview":"max-video-preview:-1"},"canonical":"https:\/\/automotiverevista.pt\/index.php\/2025\/01\/08\/novas-referencias-da-ngk-para-o-mercado-de-reposicao\/","og_locale":"pt_PT","og_type":"article","og_title":"Novas refer\u00eancias da NGK para o mercado de reposi\u00e7\u00e3o","og_description":"Na foto da Automotive: (da esq. para a dir.) Luis Romero Pintado, Senior Manager Sales Business Development; David Bassas, Director Western Europe, e Carlos Garcia, Senior Manager Marketing &amp; Operations, que integram a din\u00e2mica equipa da Niterra. A Niterra, um dos principais fornecedores de sistemas de igni\u00e7\u00e3o autom\u00f3vel e eletr\u00f3nica de ve\u00edculos, ampliou a sua [&hellip;]","og_url":"https:\/\/automotiverevista.pt\/index.php\/2025\/01\/08\/novas-referencias-da-ngk-para-o-mercado-de-reposicao\/","og_site_name":"Revista Automotive","article_published_time":"2025-01-08T14:00:00+00:00","og_image":[{"width":1500,"height":1125,"url":"https:\/\/automotiverevista.pt\/wp-content\/uploads\/2024\/12\/a-18.jpg","type":"image\/jpeg"}],"author":"Fatima Silva","twitter_card":"summary_large_image","twitter_misc":{"Escrito por":"Fatima Silva","Tempo estimado de leitura":"2 minutos"},"schema":{"@context":"https:\/\/schema.org","@graph":[{"@type":"Article","@id":"https:\/\/automotiverevista.pt\/index.php\/2025\/01\/08\/novas-referencias-da-ngk-para-o-mercado-de-reposicao\/#article","isPartOf":{"@id":"https:\/\/automotiverevista.pt\/index.php\/2025\/01\/08\/novas-referencias-da-ngk-para-o-mercado-de-reposicao\/"},"author":{"name":"Fatima Silva","@id":"https:\/\/automotiverevista.pt\/#\/schema\/person\/1e95eb12553b8edd256acb00fe6dad4b"},"headline":"Novas refer\u00eancias da NGK para o mercado de reposi\u00e7\u00e3o","datePublished":"2025-01-08T14:00:00+00:00","mainEntityOfPage":{"@id":"https:\/\/automotiverevista.pt\/index.php\/2025\/01\/08\/novas-referencias-da-ngk-para-o-mercado-de-reposicao\/"},"wordCount":275,"publisher":{"@id":"https:\/\/automotiverevista.pt\/#organization"},"image":{"@id":"https:\/\/automotiverevista.pt\/index.php\/2025\/01\/08\/novas-referencias-da-ngk-para-o-mercado-de-reposicao\/#primaryimage"},"thumbnailUrl":"https:\/\/automotiverevista.pt\/wp-content\/uploads\/2024\/12\/a-18.jpg","articleSection":["P\u00f3s-Venda"],"inLanguage":"pt-PT"},{"@type":"WebPage","@id":"https:\/\/automotiverevista.pt\/index.php\/2025\/01\/08\/novas-referencias-da-ngk-para-o-mercado-de-reposicao\/","url":"https:\/\/automotiverevista.pt\/index.php\/2025\/01\/08\/novas-referencias-da-ngk-para-o-mercado-de-reposicao\/","name":"Novas refer\u00eancias da NGK para o mercado de reposi\u00e7\u00e3o - Revista Automotive","isPartOf":{"@id":"https:\/\/automotiverevista.pt\/#website"},"primaryImageOfPage":{"@id":"https:\/\/automotiverevista.pt\/index.php\/2025\/01\/08\/novas-referencias-da-ngk-para-o-mercado-de-reposicao\/#primaryimage"},"image":{"@id":"https:\/\/automotiverevista.pt\/index.php\/2025\/01\/08\/novas-referencias-da-ngk-para-o-mercado-de-reposicao\/#primaryimage"},"thumbnailUrl":"https:\/\/automotiverevista.pt\/wp-content\/uploads\/2024\/12\/a-18.jpg","datePublished":"2025-01-08T14:00:00+00:00","breadcrumb":{"@id":"https:\/\/automotiverevista.pt\/index.php\/2025\/01\/08\/novas-referencias-da-ngk-para-o-mercado-de-reposicao\/#breadcrumb"},"inLanguage":"pt-PT","potentialAction":[{"@type":"ReadAction","target":["https:\/\/automotiverevista.pt\/index.php\/2025\/01\/08\/novas-referencias-da-ngk-para-o-mercado-de-reposicao\/"]}]},{"@type":"ImageObject","inLanguage":"pt-PT","@id":"https:\/\/automotiverevista.pt\/index.php\/2025\/01\/08\/novas-referencias-da-ngk-para-o-mercado-de-reposicao\/#primaryimage","url":"https:\/\/automotiverevista.pt\/wp-content\/uploads\/2024\/12\/a-18.jpg","contentUrl":"https:\/\/automotiverevista.pt\/wp-content\/uploads\/2024\/12\/a-18.jpg","width":1500,"height":1125},{"@type":"BreadcrumbList","@id":"https:\/\/automotiverevista.pt\/index.php\/2025\/01\/08\/novas-referencias-da-ngk-para-o-mercado-de-reposicao\/#breadcrumb","itemListElement":[{"@type":"ListItem","position":1,"name":"Home","item":"https:\/\/automotiverevista.pt\/"},{"@type":"ListItem","position":2,"name":"Novas refer\u00eancias da NGK para o mercado de reposi\u00e7\u00e3o"}]},{"@type":"WebSite","@id":"https:\/\/automotiverevista.pt\/#website","url":"https:\/\/automotiverevista.pt\/","name":"Revista Automotive","description":"Revista Automotive Portugal","publisher":{"@id":"https:\/\/automotiverevista.pt\/#organization"},"potentialAction":[{"@type":"SearchAction","target":{"@type":"EntryPoint","urlTemplate":"https:\/\/automotiverevista.pt\/?s={search_term_string}"},"query-input":{"@type":"PropertyValueSpecification","valueRequired":true,"valueName":"search_term_string"}}],"inLanguage":"pt-PT"},{"@type":"Organization","@id":"https:\/\/automotiverevista.pt\/#organization","name":"Revista Automotive Portugal","url":"https:\/\/automotiverevista.pt\/","logo":{"@type":"ImageObject","inLanguage":"pt-PT","@id":"https:\/\/automotiverevista.pt\/#\/schema\/logo\/image\/","url":"https:\/\/automotiverevista.pt\/wp-content\/uploads\/2022\/07\/Logo-Automotive-2021_500-1.jpg","contentUrl":"https:\/\/automotiverevista.pt\/wp-content\/uploads\/2022\/07\/Logo-Automotive-2021_500-1.jpg","width":500,"height":160,"caption":"Revista Automotive Portugal"},"image":{"@id":"https:\/\/automotiverevista.pt\/#\/schema\/logo\/image\/"},"sameAs":["https:\/\/linkedin.com\/in\/automotiverevista"]},{"@type":"Person","@id":"https:\/\/automotiverevista.pt\/#\/schema\/person\/1e95eb12553b8edd256acb00fe6dad4b","name":"Fatima Silva","image":{"@type":"ImageObject","inLanguage":"pt-PT","@id":"https:\/\/secure.gravatar.com\/avatar\/4b4a955a9c1b66708ab0dd3bd6181ac1f650299d893bd337a28482f7f19c8511?s=96&d=mm&r=g","url":"https:\/\/secure.gravatar.com\/avatar\/4b4a955a9c1b66708ab0dd3bd6181ac1f650299d893bd337a28482f7f19c8511?s=96&d=mm&r=g","contentUrl":"https:\/\/secure.gravatar.com\/avatar\/4b4a955a9c1b66708ab0dd3bd6181ac1f650299d893bd337a28482f7f19c8511?s=96&d=mm&r=g","caption":"Fatima Silva"},"url":"https:\/\/automotiverevista.pt\/index.php\/author\/fgasparsilva\/"}]}},"_links":{"self":[{"href":"https:\/\/automotiverevista.pt\/index.php\/wp-json\/wp\/v2\/posts\/8187","targetHints":{"allow":["GET"]}}],"collection":[{"href":"https:\/\/automotiverevista.pt\/index.php\/wp-json\/wp\/v2\/posts"}],"about":[{"href":"https:\/\/automotiverevista.pt\/index.php\/wp-json\/wp\/v2\/types\/post"}],"author":[{"embeddable":true,"href":"https:\/\/automotiverevista.pt\/index.php\/wp-json\/wp\/v2\/users\/4"}],"replies":[{"embeddable":true,"href":"https:\/\/automotiverevista.pt\/index.php\/wp-json\/wp\/v2\/comments?post=8187"}],"version-history":[{"count":2,"href":"https:\/\/automotiverevista.pt\/index.php\/wp-json\/wp\/v2\/posts\/8187\/revisions"}],"predecessor-version":[{"id":8191,"href":"https:\/\/automotiverevista.pt\/index.php\/wp-json\/wp\/v2\/posts\/8187\/revisions\/8191"}],"wp:featuredmedia":[{"embeddable":true,"href":"https:\/\/automotiverevista.pt\/index.php\/wp-json\/wp\/v2\/media\/8188"}],"wp:attachment":[{"href":"https:\/\/automotiverevista.pt\/index.php\/wp-json\/wp\/v2\/media?parent=8187"}],"wp:term":[{"taxonomy":"category","embeddable":true,"href":"https:\/\/automotiverevista.pt\/index.php\/wp-json\/wp\/v2\/categories?post=8187"},{"taxonomy":"post_tag","embeddable":true,"href":"https:\/\/automotiverevista.pt\/index.php\/wp-json\/wp\/v2\/tags?post=8187"}],"curies":[{"name":"wp","href":"https:\/\/api.w.org\/{rel}","templated":true}]}}