{"id":8202,"date":"2025-01-09T08:00:00","date_gmt":"2025-01-09T08:00:00","guid":{"rendered":"https:\/\/automotiverevista.pt\/?p=8202"},"modified":"2024-12-19T17:38:37","modified_gmt":"2024-12-19T17:38:37","slug":"basf-coatings-vence-premio-repintura-2024","status":"publish","type":"post","link":"https:\/\/automotiverevista.pt\/index.php\/2025\/01\/09\/basf-coatings-vence-premio-repintura-2024\/","title":{"rendered":"BASF Coatings vence Pr\u00e9mio Repintura 2024"},"content":{"rendered":"\n<p>A BASF Coatings venceu o <strong>Pr\u00e9mio Repintura<\/strong><strong> 2024, na 8\u00aa edi\u00e7\u00e3o dos Pr\u00e9mios Fleet &amp; Service <\/strong>realizada pela Revista Automotive.<\/p>\n\n\n\n<p>A entrega dos pr\u00e9mios teve lugar no Vila Gal\u00e9 Collection Pal\u00e1cio dos Arcos, em Oeiras, concelho sede da Revista Automotive, num exclusivo jantar que reuniu os vencedores nas quase duas dezenas de categorias deste ano, e que foram acompanhados por alguns convidados nacionais e internacionais.<\/p>\n\n\n\n<p>Eduardo Gaspar, diretor da Revista Automotive, referiu que \u201cdedica\u00e7\u00e3o da BASF Coatings \u00e0 qualidade dos seus produtos, \u00e0 inova\u00e7\u00e3o e, especialmente, ao compromisso com a sustentabilidade, tem se destacado no setor de repintura em Portugal.<\/p>\n\n\n\n<p>A preocupa\u00e7\u00e3o com o meio ambiente e a implementa\u00e7\u00e3o de solu\u00e7\u00f5es mais ecol\u00f3gicas, sem comprometer a qualidade e o desempenho das tintas, demonstra uma vis\u00e3o estrat\u00e9gica respons\u00e1vel e alinhada com as necessidades atuais da ind\u00fastria autom\u00f3vel. Esta iniciativa n\u00e3o s\u00f3 contribui para a redu\u00e7\u00e3o do impacto ambiental, mas tamb\u00e9m reflete um compromisso genu\u00edno com a sa\u00fade p\u00fablica e o bem-estar das comunidades.<\/p>\n\n\n\n<p>A <strong>BASF Coatings<\/strong> tem expandido sua presen\u00e7a no mercado portugu\u00eas. A crescente base de clientes satisfeitos e a qualidade das parcerias estabelecidas s\u00e3o a prova de que compensa investir num trabalho consistente, numa inova\u00e7\u00e3o constante e numa reputa\u00e7\u00e3o constru\u00edda ao longo do tempo. A forma como a empresa tem conseguido conquistar mais e melhores clientes \u00e9 um testemunho do profissionalismo e da excel\u00eancia de seus produtos, que cumprem com as exig\u00eancias do setor autom\u00f3vel em geral.<\/p>\n\n\n\n<p>Os resultados alcan\u00e7ados em 2024, aliados ao investimento em pesquisa e desenvolvimento de novas solu\u00e7\u00f5es sustent\u00e1veis, posiciona a BASF Coatings como uma refer\u00eancia no mercado de tintas para a repintura autom\u00f3vel em Portugal\u201d.<\/p>\n\n\n\n<p><\/p>\n\n\n\n<figure class=\"wp-block-image size-full\"><img decoding=\"async\" width=\"794\" height=\"596\" src=\"https:\/\/automotiverevista.pt\/wp-content\/uploads\/2024\/12\/image-2.png\" alt=\"\" class=\"wp-image-8204\" srcset=\"https:\/\/automotiverevista.pt\/wp-content\/uploads\/2024\/12\/image-2.png 794w, https:\/\/automotiverevista.pt\/wp-content\/uploads\/2024\/12\/image-2-300x225.png 300w, https:\/\/automotiverevista.pt\/wp-content\/uploads\/2024\/12\/image-2-768x576.png 768w, https:\/\/automotiverevista.pt\/wp-content\/uploads\/2024\/12\/image-2-750x563.png 750w\" sizes=\"(max-width: 794px) 100vw, 794px\" \/><\/figure>\n","protected":false},"excerpt":{"rendered":"<p>A BASF Coatings venceu o Pr\u00e9mio Repintura 2024, na 8\u00aa edi\u00e7\u00e3o dos Pr\u00e9mios Fleet &amp; Service realizada pela Revista Automotive. A entrega dos pr\u00e9mios teve lugar no Vila Gal\u00e9 Collection Pal\u00e1cio dos Arcos, em Oeiras, concelho sede da Revista Automotive, num exclusivo jantar que reuniu os vencedores nas quase duas dezenas de categorias deste ano, [&hellip;]<\/p>\n","protected":false},"author":4,"featured_media":8203,"comment_status":"closed","ping_status":"open","sticky":false,"template":"","format":"standard","meta":{"jnews-multi-image_gallery":[],"jnews_single_post":{"format":"standard"},"jnews_primary_category":[],"footnotes":""},"categories":[21],"tags":[],"class_list":["post-8202","post","type-post","status-publish","format-standard","has-post-thumbnail","hentry","category-pos-venda"],"yoast_head":"<!-- This site is optimized with the Yoast SEO Premium plugin v27.5 (Yoast SEO v27.5) - https:\/\/yoast.com\/product\/yoast-seo-premium-wordpress\/ -->\n<title>BASF Coatings vence Pr\u00e9mio Repintura 2024 - Revista Automotive<\/title>\n<meta name=\"robots\" content=\"index, follow, max-snippet:-1, max-image-preview:large, max-video-preview:-1\" \/>\n<link rel=\"canonical\" href=\"https:\/\/automotiverevista.pt\/index.php\/2025\/01\/09\/basf-coatings-vence-premio-repintura-2024\/\" \/>\n<meta property=\"og:locale\" content=\"pt_PT\" \/>\n<meta property=\"og:type\" content=\"article\" \/>\n<meta property=\"og:title\" content=\"BASF Coatings vence Pr\u00e9mio Repintura 2024\" \/>\n<meta property=\"og:description\" content=\"A BASF Coatings venceu o Pr\u00e9mio Repintura 2024, na 8\u00aa edi\u00e7\u00e3o dos Pr\u00e9mios Fleet &amp; Service realizada pela Revista Automotive. A entrega dos pr\u00e9mios teve lugar no Vila Gal\u00e9 Collection Pal\u00e1cio dos Arcos, em Oeiras, concelho sede da Revista Automotive, num exclusivo jantar que reuniu os vencedores nas quase duas dezenas de categorias deste ano, [&hellip;]\" \/>\n<meta property=\"og:url\" content=\"https:\/\/automotiverevista.pt\/index.php\/2025\/01\/09\/basf-coatings-vence-premio-repintura-2024\/\" \/>\n<meta property=\"og:site_name\" content=\"Revista Automotive\" \/>\n<meta property=\"article:published_time\" content=\"2025-01-09T08:00:00+00:00\" \/>\n<meta property=\"og:image\" content=\"https:\/\/automotiverevista.pt\/wp-content\/uploads\/2024\/12\/Automotive_FleetService-18.jpg\" \/>\n\t<meta property=\"og:image:width\" content=\"2000\" \/>\n\t<meta property=\"og:image:height\" content=\"1333\" \/>\n\t<meta property=\"og:image:type\" content=\"image\/jpeg\" \/>\n<meta name=\"author\" content=\"Fatima Silva\" \/>\n<meta name=\"twitter:card\" content=\"summary_large_image\" \/>\n<meta name=\"twitter:label1\" content=\"Escrito por\" \/>\n\t<meta name=\"twitter:data1\" content=\"Fatima Silva\" \/>\n\t<meta name=\"twitter:label2\" content=\"Tempo estimado de leitura\" \/>\n\t<meta name=\"twitter:data2\" content=\"2 minutos\" \/>\n<script type=\"application\/ld+json\" class=\"yoast-schema-graph\">{\"@context\":\"https:\\\/\\\/schema.org\",\"@graph\":[{\"@type\":\"Article\",\"@id\":\"https:\\\/\\\/automotiverevista.pt\\\/index.php\\\/2025\\\/01\\\/09\\\/basf-coatings-vence-premio-repintura-2024\\\/#article\",\"isPartOf\":{\"@id\":\"https:\\\/\\\/automotiverevista.pt\\\/index.php\\\/2025\\\/01\\\/09\\\/basf-coatings-vence-premio-repintura-2024\\\/\"},\"author\":{\"name\":\"Fatima Silva\",\"@id\":\"https:\\\/\\\/automotiverevista.pt\\\/#\\\/schema\\\/person\\\/1e95eb12553b8edd256acb00fe6dad4b\"},\"headline\":\"BASF Coatings vence Pr\u00e9mio Repintura 2024\",\"datePublished\":\"2025-01-09T08:00:00+00:00\",\"mainEntityOfPage\":{\"@id\":\"https:\\\/\\\/automotiverevista.pt\\\/index.php\\\/2025\\\/01\\\/09\\\/basf-coatings-vence-premio-repintura-2024\\\/\"},\"wordCount\":307,\"publisher\":{\"@id\":\"https:\\\/\\\/automotiverevista.pt\\\/#organization\"},\"image\":{\"@id\":\"https:\\\/\\\/automotiverevista.pt\\\/index.php\\\/2025\\\/01\\\/09\\\/basf-coatings-vence-premio-repintura-2024\\\/#primaryimage\"},\"thumbnailUrl\":\"https:\\\/\\\/automotiverevista.pt\\\/wp-content\\\/uploads\\\/2024\\\/12\\\/Automotive_FleetService-18.jpg\",\"articleSection\":[\"P\u00f3s-Venda\"],\"inLanguage\":\"pt-PT\"},{\"@type\":\"WebPage\",\"@id\":\"https:\\\/\\\/automotiverevista.pt\\\/index.php\\\/2025\\\/01\\\/09\\\/basf-coatings-vence-premio-repintura-2024\\\/\",\"url\":\"https:\\\/\\\/automotiverevista.pt\\\/index.php\\\/2025\\\/01\\\/09\\\/basf-coatings-vence-premio-repintura-2024\\\/\",\"name\":\"BASF Coatings vence Pr\u00e9mio Repintura 2024 - Revista Automotive\",\"isPartOf\":{\"@id\":\"https:\\\/\\\/automotiverevista.pt\\\/#website\"},\"primaryImageOfPage\":{\"@id\":\"https:\\\/\\\/automotiverevista.pt\\\/index.php\\\/2025\\\/01\\\/09\\\/basf-coatings-vence-premio-repintura-2024\\\/#primaryimage\"},\"image\":{\"@id\":\"https:\\\/\\\/automotiverevista.pt\\\/index.php\\\/2025\\\/01\\\/09\\\/basf-coatings-vence-premio-repintura-2024\\\/#primaryimage\"},\"thumbnailUrl\":\"https:\\\/\\\/automotiverevista.pt\\\/wp-content\\\/uploads\\\/2024\\\/12\\\/Automotive_FleetService-18.jpg\",\"datePublished\":\"2025-01-09T08:00:00+00:00\",\"breadcrumb\":{\"@id\":\"https:\\\/\\\/automotiverevista.pt\\\/index.php\\\/2025\\\/01\\\/09\\\/basf-coatings-vence-premio-repintura-2024\\\/#breadcrumb\"},\"inLanguage\":\"pt-PT\",\"potentialAction\":[{\"@type\":\"ReadAction\",\"target\":[\"https:\\\/\\\/automotiverevista.pt\\\/index.php\\\/2025\\\/01\\\/09\\\/basf-coatings-vence-premio-repintura-2024\\\/\"]}]},{\"@type\":\"ImageObject\",\"inLanguage\":\"pt-PT\",\"@id\":\"https:\\\/\\\/automotiverevista.pt\\\/index.php\\\/2025\\\/01\\\/09\\\/basf-coatings-vence-premio-repintura-2024\\\/#primaryimage\",\"url\":\"https:\\\/\\\/automotiverevista.pt\\\/wp-content\\\/uploads\\\/2024\\\/12\\\/Automotive_FleetService-18.jpg\",\"contentUrl\":\"https:\\\/\\\/automotiverevista.pt\\\/wp-content\\\/uploads\\\/2024\\\/12\\\/Automotive_FleetService-18.jpg\",\"width\":2000,\"height\":1333},{\"@type\":\"BreadcrumbList\",\"@id\":\"https:\\\/\\\/automotiverevista.pt\\\/index.php\\\/2025\\\/01\\\/09\\\/basf-coatings-vence-premio-repintura-2024\\\/#breadcrumb\",\"itemListElement\":[{\"@type\":\"ListItem\",\"position\":1,\"name\":\"Home\",\"item\":\"https:\\\/\\\/automotiverevista.pt\\\/\"},{\"@type\":\"ListItem\",\"position\":2,\"name\":\"BASF Coatings vence Pr\u00e9mio Repintura 2024\"}]},{\"@type\":\"WebSite\",\"@id\":\"https:\\\/\\\/automotiverevista.pt\\\/#website\",\"url\":\"https:\\\/\\\/automotiverevista.pt\\\/\",\"name\":\"Revista Automotive\",\"description\":\"Revista Automotive Portugal\",\"publisher\":{\"@id\":\"https:\\\/\\\/automotiverevista.pt\\\/#organization\"},\"potentialAction\":[{\"@type\":\"SearchAction\",\"target\":{\"@type\":\"EntryPoint\",\"urlTemplate\":\"https:\\\/\\\/automotiverevista.pt\\\/?s={search_term_string}\"},\"query-input\":{\"@type\":\"PropertyValueSpecification\",\"valueRequired\":true,\"valueName\":\"search_term_string\"}}],\"inLanguage\":\"pt-PT\"},{\"@type\":\"Organization\",\"@id\":\"https:\\\/\\\/automotiverevista.pt\\\/#organization\",\"name\":\"Revista Automotive Portugal\",\"url\":\"https:\\\/\\\/automotiverevista.pt\\\/\",\"logo\":{\"@type\":\"ImageObject\",\"inLanguage\":\"pt-PT\",\"@id\":\"https:\\\/\\\/automotiverevista.pt\\\/#\\\/schema\\\/logo\\\/image\\\/\",\"url\":\"https:\\\/\\\/automotiverevista.pt\\\/wp-content\\\/uploads\\\/2022\\\/07\\\/Logo-Automotive-2021_500-1.jpg\",\"contentUrl\":\"https:\\\/\\\/automotiverevista.pt\\\/wp-content\\\/uploads\\\/2022\\\/07\\\/Logo-Automotive-2021_500-1.jpg\",\"width\":500,\"height\":160,\"caption\":\"Revista Automotive Portugal\"},\"image\":{\"@id\":\"https:\\\/\\\/automotiverevista.pt\\\/#\\\/schema\\\/logo\\\/image\\\/\"},\"sameAs\":[\"https:\\\/\\\/linkedin.com\\\/in\\\/automotiverevista\"]},{\"@type\":\"Person\",\"@id\":\"https:\\\/\\\/automotiverevista.pt\\\/#\\\/schema\\\/person\\\/1e95eb12553b8edd256acb00fe6dad4b\",\"name\":\"Fatima Silva\",\"image\":{\"@type\":\"ImageObject\",\"inLanguage\":\"pt-PT\",\"@id\":\"https:\\\/\\\/secure.gravatar.com\\\/avatar\\\/4b4a955a9c1b66708ab0dd3bd6181ac1f650299d893bd337a28482f7f19c8511?s=96&d=mm&r=g\",\"url\":\"https:\\\/\\\/secure.gravatar.com\\\/avatar\\\/4b4a955a9c1b66708ab0dd3bd6181ac1f650299d893bd337a28482f7f19c8511?s=96&d=mm&r=g\",\"contentUrl\":\"https:\\\/\\\/secure.gravatar.com\\\/avatar\\\/4b4a955a9c1b66708ab0dd3bd6181ac1f650299d893bd337a28482f7f19c8511?s=96&d=mm&r=g\",\"caption\":\"Fatima Silva\"},\"url\":\"https:\\\/\\\/automotiverevista.pt\\\/index.php\\\/author\\\/fgasparsilva\\\/\"}]}<\/script>\n<!-- \/ Yoast SEO Premium plugin. -->","yoast_head_json":{"title":"BASF Coatings vence Pr\u00e9mio Repintura 2024 - Revista Automotive","robots":{"index":"index","follow":"follow","max-snippet":"max-snippet:-1","max-image-preview":"max-image-preview:large","max-video-preview":"max-video-preview:-1"},"canonical":"https:\/\/automotiverevista.pt\/index.php\/2025\/01\/09\/basf-coatings-vence-premio-repintura-2024\/","og_locale":"pt_PT","og_type":"article","og_title":"BASF Coatings vence Pr\u00e9mio Repintura 2024","og_description":"A BASF Coatings venceu o Pr\u00e9mio Repintura 2024, na 8\u00aa edi\u00e7\u00e3o dos Pr\u00e9mios Fleet &amp; Service realizada pela Revista Automotive. A entrega dos pr\u00e9mios teve lugar no Vila Gal\u00e9 Collection Pal\u00e1cio dos Arcos, em Oeiras, concelho sede da Revista Automotive, num exclusivo jantar que reuniu os vencedores nas quase duas dezenas de categorias deste ano, [&hellip;]","og_url":"https:\/\/automotiverevista.pt\/index.php\/2025\/01\/09\/basf-coatings-vence-premio-repintura-2024\/","og_site_name":"Revista Automotive","article_published_time":"2025-01-09T08:00:00+00:00","og_image":[{"width":2000,"height":1333,"url":"https:\/\/automotiverevista.pt\/wp-content\/uploads\/2024\/12\/Automotive_FleetService-18.jpg","type":"image\/jpeg"}],"author":"Fatima Silva","twitter_card":"summary_large_image","twitter_misc":{"Escrito por":"Fatima Silva","Tempo estimado de leitura":"2 minutos"},"schema":{"@context":"https:\/\/schema.org","@graph":[{"@type":"Article","@id":"https:\/\/automotiverevista.pt\/index.php\/2025\/01\/09\/basf-coatings-vence-premio-repintura-2024\/#article","isPartOf":{"@id":"https:\/\/automotiverevista.pt\/index.php\/2025\/01\/09\/basf-coatings-vence-premio-repintura-2024\/"},"author":{"name":"Fatima Silva","@id":"https:\/\/automotiverevista.pt\/#\/schema\/person\/1e95eb12553b8edd256acb00fe6dad4b"},"headline":"BASF Coatings vence Pr\u00e9mio Repintura 2024","datePublished":"2025-01-09T08:00:00+00:00","mainEntityOfPage":{"@id":"https:\/\/automotiverevista.pt\/index.php\/2025\/01\/09\/basf-coatings-vence-premio-repintura-2024\/"},"wordCount":307,"publisher":{"@id":"https:\/\/automotiverevista.pt\/#organization"},"image":{"@id":"https:\/\/automotiverevista.pt\/index.php\/2025\/01\/09\/basf-coatings-vence-premio-repintura-2024\/#primaryimage"},"thumbnailUrl":"https:\/\/automotiverevista.pt\/wp-content\/uploads\/2024\/12\/Automotive_FleetService-18.jpg","articleSection":["P\u00f3s-Venda"],"inLanguage":"pt-PT"},{"@type":"WebPage","@id":"https:\/\/automotiverevista.pt\/index.php\/2025\/01\/09\/basf-coatings-vence-premio-repintura-2024\/","url":"https:\/\/automotiverevista.pt\/index.php\/2025\/01\/09\/basf-coatings-vence-premio-repintura-2024\/","name":"BASF Coatings vence Pr\u00e9mio Repintura 2024 - Revista Automotive","isPartOf":{"@id":"https:\/\/automotiverevista.pt\/#website"},"primaryImageOfPage":{"@id":"https:\/\/automotiverevista.pt\/index.php\/2025\/01\/09\/basf-coatings-vence-premio-repintura-2024\/#primaryimage"},"image":{"@id":"https:\/\/automotiverevista.pt\/index.php\/2025\/01\/09\/basf-coatings-vence-premio-repintura-2024\/#primaryimage"},"thumbnailUrl":"https:\/\/automotiverevista.pt\/wp-content\/uploads\/2024\/12\/Automotive_FleetService-18.jpg","datePublished":"2025-01-09T08:00:00+00:00","breadcrumb":{"@id":"https:\/\/automotiverevista.pt\/index.php\/2025\/01\/09\/basf-coatings-vence-premio-repintura-2024\/#breadcrumb"},"inLanguage":"pt-PT","potentialAction":[{"@type":"ReadAction","target":["https:\/\/automotiverevista.pt\/index.php\/2025\/01\/09\/basf-coatings-vence-premio-repintura-2024\/"]}]},{"@type":"ImageObject","inLanguage":"pt-PT","@id":"https:\/\/automotiverevista.pt\/index.php\/2025\/01\/09\/basf-coatings-vence-premio-repintura-2024\/#primaryimage","url":"https:\/\/automotiverevista.pt\/wp-content\/uploads\/2024\/12\/Automotive_FleetService-18.jpg","contentUrl":"https:\/\/automotiverevista.pt\/wp-content\/uploads\/2024\/12\/Automotive_FleetService-18.jpg","width":2000,"height":1333},{"@type":"BreadcrumbList","@id":"https:\/\/automotiverevista.pt\/index.php\/2025\/01\/09\/basf-coatings-vence-premio-repintura-2024\/#breadcrumb","itemListElement":[{"@type":"ListItem","position":1,"name":"Home","item":"https:\/\/automotiverevista.pt\/"},{"@type":"ListItem","position":2,"name":"BASF Coatings vence Pr\u00e9mio Repintura 2024"}]},{"@type":"WebSite","@id":"https:\/\/automotiverevista.pt\/#website","url":"https:\/\/automotiverevista.pt\/","name":"Revista Automotive","description":"Revista Automotive Portugal","publisher":{"@id":"https:\/\/automotiverevista.pt\/#organization"},"potentialAction":[{"@type":"SearchAction","target":{"@type":"EntryPoint","urlTemplate":"https:\/\/automotiverevista.pt\/?s={search_term_string}"},"query-input":{"@type":"PropertyValueSpecification","valueRequired":true,"valueName":"search_term_string"}}],"inLanguage":"pt-PT"},{"@type":"Organization","@id":"https:\/\/automotiverevista.pt\/#organization","name":"Revista Automotive Portugal","url":"https:\/\/automotiverevista.pt\/","logo":{"@type":"ImageObject","inLanguage":"pt-PT","@id":"https:\/\/automotiverevista.pt\/#\/schema\/logo\/image\/","url":"https:\/\/automotiverevista.pt\/wp-content\/uploads\/2022\/07\/Logo-Automotive-2021_500-1.jpg","contentUrl":"https:\/\/automotiverevista.pt\/wp-content\/uploads\/2022\/07\/Logo-Automotive-2021_500-1.jpg","width":500,"height":160,"caption":"Revista Automotive Portugal"},"image":{"@id":"https:\/\/automotiverevista.pt\/#\/schema\/logo\/image\/"},"sameAs":["https:\/\/linkedin.com\/in\/automotiverevista"]},{"@type":"Person","@id":"https:\/\/automotiverevista.pt\/#\/schema\/person\/1e95eb12553b8edd256acb00fe6dad4b","name":"Fatima Silva","image":{"@type":"ImageObject","inLanguage":"pt-PT","@id":"https:\/\/secure.gravatar.com\/avatar\/4b4a955a9c1b66708ab0dd3bd6181ac1f650299d893bd337a28482f7f19c8511?s=96&d=mm&r=g","url":"https:\/\/secure.gravatar.com\/avatar\/4b4a955a9c1b66708ab0dd3bd6181ac1f650299d893bd337a28482f7f19c8511?s=96&d=mm&r=g","contentUrl":"https:\/\/secure.gravatar.com\/avatar\/4b4a955a9c1b66708ab0dd3bd6181ac1f650299d893bd337a28482f7f19c8511?s=96&d=mm&r=g","caption":"Fatima Silva"},"url":"https:\/\/automotiverevista.pt\/index.php\/author\/fgasparsilva\/"}]}},"_links":{"self":[{"href":"https:\/\/automotiverevista.pt\/index.php\/wp-json\/wp\/v2\/posts\/8202","targetHints":{"allow":["GET"]}}],"collection":[{"href":"https:\/\/automotiverevista.pt\/index.php\/wp-json\/wp\/v2\/posts"}],"about":[{"href":"https:\/\/automotiverevista.pt\/index.php\/wp-json\/wp\/v2\/types\/post"}],"author":[{"embeddable":true,"href":"https:\/\/automotiverevista.pt\/index.php\/wp-json\/wp\/v2\/users\/4"}],"replies":[{"embeddable":true,"href":"https:\/\/automotiverevista.pt\/index.php\/wp-json\/wp\/v2\/comments?post=8202"}],"version-history":[{"count":2,"href":"https:\/\/automotiverevista.pt\/index.php\/wp-json\/wp\/v2\/posts\/8202\/revisions"}],"predecessor-version":[{"id":8206,"href":"https:\/\/automotiverevista.pt\/index.php\/wp-json\/wp\/v2\/posts\/8202\/revisions\/8206"}],"wp:featuredmedia":[{"embeddable":true,"href":"https:\/\/automotiverevista.pt\/index.php\/wp-json\/wp\/v2\/media\/8203"}],"wp:attachment":[{"href":"https:\/\/automotiverevista.pt\/index.php\/wp-json\/wp\/v2\/media?parent=8202"}],"wp:term":[{"taxonomy":"category","embeddable":true,"href":"https:\/\/automotiverevista.pt\/index.php\/wp-json\/wp\/v2\/categories?post=8202"},{"taxonomy":"post_tag","embeddable":true,"href":"https:\/\/automotiverevista.pt\/index.php\/wp-json\/wp\/v2\/tags?post=8202"}],"curies":[{"name":"wp","href":"https:\/\/api.w.org\/{rel}","templated":true}]}}