{"id":8207,"date":"2025-01-09T14:00:00","date_gmt":"2025-01-09T14:00:00","guid":{"rendered":"https:\/\/automotiverevista.pt\/?p=8207"},"modified":"2024-12-19T17:53:08","modified_gmt":"2024-12-19T17:53:08","slug":"autozitania-dinamica-da-ad-acrescenta-valor-e-qualidade-ao-mercado","status":"publish","type":"post","link":"https:\/\/automotiverevista.pt\/index.php\/2025\/01\/09\/autozitania-dinamica-da-ad-acrescenta-valor-e-qualidade-ao-mercado\/","title":{"rendered":"Autozit\u00e2nia \u2013 din\u00e2mica da AD acrescenta valor e qualidade ao mercado"},"content":{"rendered":"\n<p>Com um espa\u00e7o din\u00e2mico e inovador, a AD destacou-se uma vez mais como grande suporte do sal\u00e3o de pe\u00e7as e equipamentos oficinal, realizado em Matosinhos, consolidando assim a sua posi\u00e7\u00e3o como uma refer\u00eancia no setor do p\u00f3s-venda autom\u00f3vel.<\/p>\n\n\n\n<p>Falando \u00e0 Revista Automotive, Fl\u00e1vio Menino, diretor de marketing e comunica\u00e7\u00e3o do <strong>Grupo Autozit\u00e2nia,<\/strong> declarou que \u201ceste ano, decidimos aumentar o nosso espa\u00e7o neste evento para cerca de 2200m2 de \u00e1rea expositiva, ocupando assim todo o pavilh\u00e3o 3, onde apresent\u00e1mos muitas novidades em termos de equipamentos e ferramentas para oficinas, em conjunto com os servi\u00e7os AD, que s\u00e3o a nossa grande aposta para nos diferenciarmos dentro de um mercado maduro e muito competitivo.<\/p>\n\n\n\n<p>Ou seja, com mais atratividade e gra\u00e7as ao trabalho da nossa equipa, sempre muito dedicada e prestativa, demos a conhecer os servi\u00e7os que a AD consegue desenvolver e partilhar com os profissionais das oficinas, entre os quais podemos destacar o servi\u00e7o de diagn\u00f3stico remoto, o nosso apoio t\u00e9cnico, consultadoria, para al\u00e9m das a\u00e7\u00f5es de forma\u00e7\u00e3o presencial ou online, em parceria com as marcas, produtos e componentes autom\u00f3vel que comercializamos para o mercado da reposi\u00e7\u00e3o em Portugal.<\/p>\n\n\n\n<figure class=\"wp-block-image size-large\"><img decoding=\"async\" width=\"1024\" height=\"768\" src=\"https:\/\/automotiverevista.pt\/wp-content\/uploads\/2024\/12\/20241108_174418-1024x768.jpg\" alt=\"\" class=\"wp-image-8209\" srcset=\"https:\/\/automotiverevista.pt\/wp-content\/uploads\/2024\/12\/20241108_174418-1024x768.jpg 1024w, https:\/\/automotiverevista.pt\/wp-content\/uploads\/2024\/12\/20241108_174418-300x225.jpg 300w, https:\/\/automotiverevista.pt\/wp-content\/uploads\/2024\/12\/20241108_174418-768x576.jpg 768w, https:\/\/automotiverevista.pt\/wp-content\/uploads\/2024\/12\/20241108_174418-750x563.jpg 750w, https:\/\/automotiverevista.pt\/wp-content\/uploads\/2024\/12\/20241108_174418-1140x855.jpg 1140w, https:\/\/automotiverevista.pt\/wp-content\/uploads\/2024\/12\/20241108_174418.jpg 1500w\" sizes=\"(max-width: 1024px) 100vw, 1024px\" \/><\/figure>\n\n\n\n<p><strong>Pneus LEAO<\/strong><\/p>\n\n\n\n<p>Acrescent\u00e1mos algumas novas marcas de produtos ao nosso j\u00e1 bastante completo portf\u00f3lio, sobretudo em termos de gama AD. Assim, e no tocante \u00e0s outras marcas estamos a apresentar a linha de <strong>pneus LEAO<\/strong>, que \u00e9 uma marca de pneus exclusiva da AD para Portugal, comercializada somente atrav\u00e9s dos nossos parceiros. Ainda em termos de pneus, tamb\u00e9m demos destaque aos produtos da marca Michelin, que \u00e9 uma das grandes estrat\u00e9gias da AD ao n\u00edvel europeu na gama de pneus, o que nos posiciona como um dos principais compradores de pneus Michelin na Europa, em termos de grupo.<\/p>\n\n\n\n<p>De salientar que a marca AD est\u00e1 bem implementada em Portugal, com uma grande diversidade de produto, muitas refer\u00eancias e mais servi\u00e7os, o que muito nos orgulha pois conquist\u00e1mos o nosso espa\u00e7o em pouco mais de 3 anos, gra\u00e7as \u00e0 confian\u00e7a dos clientes que comercializam os nossos produtos, bem como dos profissionais das oficinas e demais parceiros do nosso grupo\u201d, destacou Fl\u00e1vio Menino \u00e0 Revista Automotive.<\/p>\n\n\n\n<p><strong>Muitas a\u00e7\u00f5es e forma\u00e7\u00f5es<\/strong><\/p>\n\n\n\n<p>O ano de 2024 tem sido particularmente ativo para o <strong>Grupo Autozit\u00e2nia e marca AD em Portugal<\/strong>, com muitas a\u00e7\u00f5es j\u00e1 realizadas, como foi o caso da Conven\u00e7\u00e3o AD realizada na sua unidade de Leiria, bem como abertura de uma nova loja no Cac\u00e9m, para al\u00e9m de diversas a\u00e7\u00f5es formativas para os profissionais do setor. Hoje, a AD \u00e9 uma das refer\u00eancias do setor de p\u00f3s-venda autom\u00f3vel, onde disponibiliza uma vasta gama de produtos e servi\u00e7os. Com uma vis\u00e3o focada na inova\u00e7\u00e3o e na excel\u00eancia de servi\u00e7o, a AD tem vindo a expandir a sua presen\u00e7a e a fortalecer o seu impacto no mercado portugu\u00eas e internacional.<\/p>\n\n\n\n<figure class=\"wp-block-image size-large\"><img decoding=\"async\" width=\"1024\" height=\"768\" src=\"https:\/\/automotiverevista.pt\/wp-content\/uploads\/2024\/12\/20241108_183054-1024x768.jpg\" alt=\"\" class=\"wp-image-8210\" srcset=\"https:\/\/automotiverevista.pt\/wp-content\/uploads\/2024\/12\/20241108_183054-1024x768.jpg 1024w, https:\/\/automotiverevista.pt\/wp-content\/uploads\/2024\/12\/20241108_183054-300x225.jpg 300w, https:\/\/automotiverevista.pt\/wp-content\/uploads\/2024\/12\/20241108_183054-768x576.jpg 768w, https:\/\/automotiverevista.pt\/wp-content\/uploads\/2024\/12\/20241108_183054-750x563.jpg 750w, https:\/\/automotiverevista.pt\/wp-content\/uploads\/2024\/12\/20241108_183054-1140x855.jpg 1140w, https:\/\/automotiverevista.pt\/wp-content\/uploads\/2024\/12\/20241108_183054.jpg 1500w\" sizes=\"(max-width: 1024px) 100vw, 1024px\" \/><\/figure>\n","protected":false},"excerpt":{"rendered":"<p>Com um espa\u00e7o din\u00e2mico e inovador, a AD destacou-se uma vez mais como grande suporte do sal\u00e3o de pe\u00e7as e equipamentos oficinal, realizado em Matosinhos, consolidando assim a sua posi\u00e7\u00e3o como uma refer\u00eancia no setor do p\u00f3s-venda autom\u00f3vel. Falando \u00e0 Revista Automotive, Fl\u00e1vio Menino, diretor de marketing e comunica\u00e7\u00e3o do Grupo Autozit\u00e2nia, declarou que \u201ceste [&hellip;]<\/p>\n","protected":false},"author":4,"featured_media":8208,"comment_status":"closed","ping_status":"open","sticky":false,"template":"","format":"standard","meta":{"jnews-multi-image_gallery":[],"jnews_single_post":{"format":"standard"},"jnews_primary_category":[],"footnotes":""},"categories":[21],"tags":[],"class_list":["post-8207","post","type-post","status-publish","format-standard","has-post-thumbnail","hentry","category-pos-venda"],"yoast_head":"<!-- This site is optimized with the Yoast SEO Premium plugin v27.2 (Yoast SEO v27.5) - https:\/\/yoast.com\/product\/yoast-seo-premium-wordpress\/ -->\n<title>Autozit\u00e2nia \u2013 din\u00e2mica da AD acrescenta valor e qualidade ao mercado - Revista Automotive<\/title>\n<meta name=\"robots\" content=\"index, follow, max-snippet:-1, max-image-preview:large, max-video-preview:-1\" \/>\n<link rel=\"canonical\" href=\"https:\/\/automotiverevista.pt\/index.php\/2025\/01\/09\/autozitania-dinamica-da-ad-acrescenta-valor-e-qualidade-ao-mercado\/\" \/>\n<meta property=\"og:locale\" content=\"pt_PT\" \/>\n<meta property=\"og:type\" content=\"article\" \/>\n<meta property=\"og:title\" content=\"Autozit\u00e2nia \u2013 din\u00e2mica da AD acrescenta valor e qualidade ao mercado\" \/>\n<meta property=\"og:description\" content=\"Com um espa\u00e7o din\u00e2mico e inovador, a AD destacou-se uma vez mais como grande suporte do sal\u00e3o de pe\u00e7as e equipamentos oficinal, realizado em Matosinhos, consolidando assim a sua posi\u00e7\u00e3o como uma refer\u00eancia no setor do p\u00f3s-venda autom\u00f3vel. Falando \u00e0 Revista Automotive, Fl\u00e1vio Menino, diretor de marketing e comunica\u00e7\u00e3o do Grupo Autozit\u00e2nia, declarou que \u201ceste [&hellip;]\" \/>\n<meta property=\"og:url\" content=\"https:\/\/automotiverevista.pt\/index.php\/2025\/01\/09\/autozitania-dinamica-da-ad-acrescenta-valor-e-qualidade-ao-mercado\/\" \/>\n<meta property=\"og:site_name\" content=\"Revista Automotive\" \/>\n<meta property=\"article:published_time\" content=\"2025-01-09T14:00:00+00:00\" \/>\n<meta property=\"og:image\" content=\"https:\/\/automotiverevista.pt\/wp-content\/uploads\/2024\/12\/a-19.jpg\" \/>\n\t<meta property=\"og:image:width\" content=\"1482\" \/>\n\t<meta property=\"og:image:height\" content=\"756\" \/>\n\t<meta property=\"og:image:type\" content=\"image\/jpeg\" \/>\n<meta name=\"author\" content=\"Fatima Silva\" \/>\n<meta name=\"twitter:card\" content=\"summary_large_image\" \/>\n<meta name=\"twitter:label1\" content=\"Escrito por\" \/>\n\t<meta name=\"twitter:data1\" content=\"Fatima Silva\" \/>\n\t<meta name=\"twitter:label2\" content=\"Tempo estimado de leitura\" \/>\n\t<meta name=\"twitter:data2\" content=\"4 minutos\" \/>\n<script type=\"application\/ld+json\" class=\"yoast-schema-graph\">{\"@context\":\"https:\\\/\\\/schema.org\",\"@graph\":[{\"@type\":\"Article\",\"@id\":\"https:\\\/\\\/automotiverevista.pt\\\/index.php\\\/2025\\\/01\\\/09\\\/autozitania-dinamica-da-ad-acrescenta-valor-e-qualidade-ao-mercado\\\/#article\",\"isPartOf\":{\"@id\":\"https:\\\/\\\/automotiverevista.pt\\\/index.php\\\/2025\\\/01\\\/09\\\/autozitania-dinamica-da-ad-acrescenta-valor-e-qualidade-ao-mercado\\\/\"},\"author\":{\"name\":\"Fatima Silva\",\"@id\":\"https:\\\/\\\/automotiverevista.pt\\\/#\\\/schema\\\/person\\\/1e95eb12553b8edd256acb00fe6dad4b\"},\"headline\":\"Autozit\u00e2nia \u2013 din\u00e2mica da AD acrescenta valor e qualidade ao mercado\",\"datePublished\":\"2025-01-09T14:00:00+00:00\",\"mainEntityOfPage\":{\"@id\":\"https:\\\/\\\/automotiverevista.pt\\\/index.php\\\/2025\\\/01\\\/09\\\/autozitania-dinamica-da-ad-acrescenta-valor-e-qualidade-ao-mercado\\\/\"},\"wordCount\":522,\"publisher\":{\"@id\":\"https:\\\/\\\/automotiverevista.pt\\\/#organization\"},\"image\":{\"@id\":\"https:\\\/\\\/automotiverevista.pt\\\/index.php\\\/2025\\\/01\\\/09\\\/autozitania-dinamica-da-ad-acrescenta-valor-e-qualidade-ao-mercado\\\/#primaryimage\"},\"thumbnailUrl\":\"https:\\\/\\\/automotiverevista.pt\\\/wp-content\\\/uploads\\\/2024\\\/12\\\/a-19.jpg\",\"articleSection\":[\"P\u00f3s-Venda\"],\"inLanguage\":\"pt-PT\"},{\"@type\":\"WebPage\",\"@id\":\"https:\\\/\\\/automotiverevista.pt\\\/index.php\\\/2025\\\/01\\\/09\\\/autozitania-dinamica-da-ad-acrescenta-valor-e-qualidade-ao-mercado\\\/\",\"url\":\"https:\\\/\\\/automotiverevista.pt\\\/index.php\\\/2025\\\/01\\\/09\\\/autozitania-dinamica-da-ad-acrescenta-valor-e-qualidade-ao-mercado\\\/\",\"name\":\"Autozit\u00e2nia \u2013 din\u00e2mica da AD acrescenta valor e qualidade ao mercado - Revista Automotive\",\"isPartOf\":{\"@id\":\"https:\\\/\\\/automotiverevista.pt\\\/#website\"},\"primaryImageOfPage\":{\"@id\":\"https:\\\/\\\/automotiverevista.pt\\\/index.php\\\/2025\\\/01\\\/09\\\/autozitania-dinamica-da-ad-acrescenta-valor-e-qualidade-ao-mercado\\\/#primaryimage\"},\"image\":{\"@id\":\"https:\\\/\\\/automotiverevista.pt\\\/index.php\\\/2025\\\/01\\\/09\\\/autozitania-dinamica-da-ad-acrescenta-valor-e-qualidade-ao-mercado\\\/#primaryimage\"},\"thumbnailUrl\":\"https:\\\/\\\/automotiverevista.pt\\\/wp-content\\\/uploads\\\/2024\\\/12\\\/a-19.jpg\",\"datePublished\":\"2025-01-09T14:00:00+00:00\",\"breadcrumb\":{\"@id\":\"https:\\\/\\\/automotiverevista.pt\\\/index.php\\\/2025\\\/01\\\/09\\\/autozitania-dinamica-da-ad-acrescenta-valor-e-qualidade-ao-mercado\\\/#breadcrumb\"},\"inLanguage\":\"pt-PT\",\"potentialAction\":[{\"@type\":\"ReadAction\",\"target\":[\"https:\\\/\\\/automotiverevista.pt\\\/index.php\\\/2025\\\/01\\\/09\\\/autozitania-dinamica-da-ad-acrescenta-valor-e-qualidade-ao-mercado\\\/\"]}]},{\"@type\":\"ImageObject\",\"inLanguage\":\"pt-PT\",\"@id\":\"https:\\\/\\\/automotiverevista.pt\\\/index.php\\\/2025\\\/01\\\/09\\\/autozitania-dinamica-da-ad-acrescenta-valor-e-qualidade-ao-mercado\\\/#primaryimage\",\"url\":\"https:\\\/\\\/automotiverevista.pt\\\/wp-content\\\/uploads\\\/2024\\\/12\\\/a-19.jpg\",\"contentUrl\":\"https:\\\/\\\/automotiverevista.pt\\\/wp-content\\\/uploads\\\/2024\\\/12\\\/a-19.jpg\",\"width\":1482,\"height\":756},{\"@type\":\"BreadcrumbList\",\"@id\":\"https:\\\/\\\/automotiverevista.pt\\\/index.php\\\/2025\\\/01\\\/09\\\/autozitania-dinamica-da-ad-acrescenta-valor-e-qualidade-ao-mercado\\\/#breadcrumb\",\"itemListElement\":[{\"@type\":\"ListItem\",\"position\":1,\"name\":\"Home\",\"item\":\"https:\\\/\\\/automotiverevista.pt\\\/\"},{\"@type\":\"ListItem\",\"position\":2,\"name\":\"Autozit\u00e2nia \u2013 din\u00e2mica da AD acrescenta valor e qualidade ao mercado\"}]},{\"@type\":\"WebSite\",\"@id\":\"https:\\\/\\\/automotiverevista.pt\\\/#website\",\"url\":\"https:\\\/\\\/automotiverevista.pt\\\/\",\"name\":\"Revista Automotive\",\"description\":\"Revista Automotive Portugal\",\"publisher\":{\"@id\":\"https:\\\/\\\/automotiverevista.pt\\\/#organization\"},\"potentialAction\":[{\"@type\":\"SearchAction\",\"target\":{\"@type\":\"EntryPoint\",\"urlTemplate\":\"https:\\\/\\\/automotiverevista.pt\\\/?s={search_term_string}\"},\"query-input\":{\"@type\":\"PropertyValueSpecification\",\"valueRequired\":true,\"valueName\":\"search_term_string\"}}],\"inLanguage\":\"pt-PT\"},{\"@type\":\"Organization\",\"@id\":\"https:\\\/\\\/automotiverevista.pt\\\/#organization\",\"name\":\"Revista Automotive Portugal\",\"url\":\"https:\\\/\\\/automotiverevista.pt\\\/\",\"logo\":{\"@type\":\"ImageObject\",\"inLanguage\":\"pt-PT\",\"@id\":\"https:\\\/\\\/automotiverevista.pt\\\/#\\\/schema\\\/logo\\\/image\\\/\",\"url\":\"https:\\\/\\\/automotiverevista.pt\\\/wp-content\\\/uploads\\\/2022\\\/07\\\/Logo-Automotive-2021_500-1.jpg\",\"contentUrl\":\"https:\\\/\\\/automotiverevista.pt\\\/wp-content\\\/uploads\\\/2022\\\/07\\\/Logo-Automotive-2021_500-1.jpg\",\"width\":500,\"height\":160,\"caption\":\"Revista Automotive Portugal\"},\"image\":{\"@id\":\"https:\\\/\\\/automotiverevista.pt\\\/#\\\/schema\\\/logo\\\/image\\\/\"},\"sameAs\":[\"https:\\\/\\\/linkedin.com\\\/in\\\/automotiverevista\"]},{\"@type\":\"Person\",\"@id\":\"https:\\\/\\\/automotiverevista.pt\\\/#\\\/schema\\\/person\\\/1e95eb12553b8edd256acb00fe6dad4b\",\"name\":\"Fatima Silva\",\"image\":{\"@type\":\"ImageObject\",\"inLanguage\":\"pt-PT\",\"@id\":\"https:\\\/\\\/secure.gravatar.com\\\/avatar\\\/4b4a955a9c1b66708ab0dd3bd6181ac1f650299d893bd337a28482f7f19c8511?s=96&d=mm&r=g\",\"url\":\"https:\\\/\\\/secure.gravatar.com\\\/avatar\\\/4b4a955a9c1b66708ab0dd3bd6181ac1f650299d893bd337a28482f7f19c8511?s=96&d=mm&r=g\",\"contentUrl\":\"https:\\\/\\\/secure.gravatar.com\\\/avatar\\\/4b4a955a9c1b66708ab0dd3bd6181ac1f650299d893bd337a28482f7f19c8511?s=96&d=mm&r=g\",\"caption\":\"Fatima Silva\"},\"url\":\"https:\\\/\\\/automotiverevista.pt\\\/index.php\\\/author\\\/fgasparsilva\\\/\"}]}<\/script>\n<!-- \/ Yoast SEO Premium plugin. -->","yoast_head_json":{"title":"Autozit\u00e2nia \u2013 din\u00e2mica da AD acrescenta valor e qualidade ao mercado - Revista Automotive","robots":{"index":"index","follow":"follow","max-snippet":"max-snippet:-1","max-image-preview":"max-image-preview:large","max-video-preview":"max-video-preview:-1"},"canonical":"https:\/\/automotiverevista.pt\/index.php\/2025\/01\/09\/autozitania-dinamica-da-ad-acrescenta-valor-e-qualidade-ao-mercado\/","og_locale":"pt_PT","og_type":"article","og_title":"Autozit\u00e2nia \u2013 din\u00e2mica da AD acrescenta valor e qualidade ao mercado","og_description":"Com um espa\u00e7o din\u00e2mico e inovador, a AD destacou-se uma vez mais como grande suporte do sal\u00e3o de pe\u00e7as e equipamentos oficinal, realizado em Matosinhos, consolidando assim a sua posi\u00e7\u00e3o como uma refer\u00eancia no setor do p\u00f3s-venda autom\u00f3vel. Falando \u00e0 Revista Automotive, Fl\u00e1vio Menino, diretor de marketing e comunica\u00e7\u00e3o do Grupo Autozit\u00e2nia, declarou que \u201ceste [&hellip;]","og_url":"https:\/\/automotiverevista.pt\/index.php\/2025\/01\/09\/autozitania-dinamica-da-ad-acrescenta-valor-e-qualidade-ao-mercado\/","og_site_name":"Revista Automotive","article_published_time":"2025-01-09T14:00:00+00:00","og_image":[{"width":1482,"height":756,"url":"https:\/\/automotiverevista.pt\/wp-content\/uploads\/2024\/12\/a-19.jpg","type":"image\/jpeg"}],"author":"Fatima Silva","twitter_card":"summary_large_image","twitter_misc":{"Escrito por":"Fatima Silva","Tempo estimado de leitura":"4 minutos"},"schema":{"@context":"https:\/\/schema.org","@graph":[{"@type":"Article","@id":"https:\/\/automotiverevista.pt\/index.php\/2025\/01\/09\/autozitania-dinamica-da-ad-acrescenta-valor-e-qualidade-ao-mercado\/#article","isPartOf":{"@id":"https:\/\/automotiverevista.pt\/index.php\/2025\/01\/09\/autozitania-dinamica-da-ad-acrescenta-valor-e-qualidade-ao-mercado\/"},"author":{"name":"Fatima Silva","@id":"https:\/\/automotiverevista.pt\/#\/schema\/person\/1e95eb12553b8edd256acb00fe6dad4b"},"headline":"Autozit\u00e2nia \u2013 din\u00e2mica da AD acrescenta valor e qualidade ao mercado","datePublished":"2025-01-09T14:00:00+00:00","mainEntityOfPage":{"@id":"https:\/\/automotiverevista.pt\/index.php\/2025\/01\/09\/autozitania-dinamica-da-ad-acrescenta-valor-e-qualidade-ao-mercado\/"},"wordCount":522,"publisher":{"@id":"https:\/\/automotiverevista.pt\/#organization"},"image":{"@id":"https:\/\/automotiverevista.pt\/index.php\/2025\/01\/09\/autozitania-dinamica-da-ad-acrescenta-valor-e-qualidade-ao-mercado\/#primaryimage"},"thumbnailUrl":"https:\/\/automotiverevista.pt\/wp-content\/uploads\/2024\/12\/a-19.jpg","articleSection":["P\u00f3s-Venda"],"inLanguage":"pt-PT"},{"@type":"WebPage","@id":"https:\/\/automotiverevista.pt\/index.php\/2025\/01\/09\/autozitania-dinamica-da-ad-acrescenta-valor-e-qualidade-ao-mercado\/","url":"https:\/\/automotiverevista.pt\/index.php\/2025\/01\/09\/autozitania-dinamica-da-ad-acrescenta-valor-e-qualidade-ao-mercado\/","name":"Autozit\u00e2nia \u2013 din\u00e2mica da AD acrescenta valor e qualidade ao mercado - Revista Automotive","isPartOf":{"@id":"https:\/\/automotiverevista.pt\/#website"},"primaryImageOfPage":{"@id":"https:\/\/automotiverevista.pt\/index.php\/2025\/01\/09\/autozitania-dinamica-da-ad-acrescenta-valor-e-qualidade-ao-mercado\/#primaryimage"},"image":{"@id":"https:\/\/automotiverevista.pt\/index.php\/2025\/01\/09\/autozitania-dinamica-da-ad-acrescenta-valor-e-qualidade-ao-mercado\/#primaryimage"},"thumbnailUrl":"https:\/\/automotiverevista.pt\/wp-content\/uploads\/2024\/12\/a-19.jpg","datePublished":"2025-01-09T14:00:00+00:00","breadcrumb":{"@id":"https:\/\/automotiverevista.pt\/index.php\/2025\/01\/09\/autozitania-dinamica-da-ad-acrescenta-valor-e-qualidade-ao-mercado\/#breadcrumb"},"inLanguage":"pt-PT","potentialAction":[{"@type":"ReadAction","target":["https:\/\/automotiverevista.pt\/index.php\/2025\/01\/09\/autozitania-dinamica-da-ad-acrescenta-valor-e-qualidade-ao-mercado\/"]}]},{"@type":"ImageObject","inLanguage":"pt-PT","@id":"https:\/\/automotiverevista.pt\/index.php\/2025\/01\/09\/autozitania-dinamica-da-ad-acrescenta-valor-e-qualidade-ao-mercado\/#primaryimage","url":"https:\/\/automotiverevista.pt\/wp-content\/uploads\/2024\/12\/a-19.jpg","contentUrl":"https:\/\/automotiverevista.pt\/wp-content\/uploads\/2024\/12\/a-19.jpg","width":1482,"height":756},{"@type":"BreadcrumbList","@id":"https:\/\/automotiverevista.pt\/index.php\/2025\/01\/09\/autozitania-dinamica-da-ad-acrescenta-valor-e-qualidade-ao-mercado\/#breadcrumb","itemListElement":[{"@type":"ListItem","position":1,"name":"Home","item":"https:\/\/automotiverevista.pt\/"},{"@type":"ListItem","position":2,"name":"Autozit\u00e2nia \u2013 din\u00e2mica da AD acrescenta valor e qualidade ao mercado"}]},{"@type":"WebSite","@id":"https:\/\/automotiverevista.pt\/#website","url":"https:\/\/automotiverevista.pt\/","name":"Revista Automotive","description":"Revista Automotive Portugal","publisher":{"@id":"https:\/\/automotiverevista.pt\/#organization"},"potentialAction":[{"@type":"SearchAction","target":{"@type":"EntryPoint","urlTemplate":"https:\/\/automotiverevista.pt\/?s={search_term_string}"},"query-input":{"@type":"PropertyValueSpecification","valueRequired":true,"valueName":"search_term_string"}}],"inLanguage":"pt-PT"},{"@type":"Organization","@id":"https:\/\/automotiverevista.pt\/#organization","name":"Revista Automotive Portugal","url":"https:\/\/automotiverevista.pt\/","logo":{"@type":"ImageObject","inLanguage":"pt-PT","@id":"https:\/\/automotiverevista.pt\/#\/schema\/logo\/image\/","url":"https:\/\/automotiverevista.pt\/wp-content\/uploads\/2022\/07\/Logo-Automotive-2021_500-1.jpg","contentUrl":"https:\/\/automotiverevista.pt\/wp-content\/uploads\/2022\/07\/Logo-Automotive-2021_500-1.jpg","width":500,"height":160,"caption":"Revista Automotive Portugal"},"image":{"@id":"https:\/\/automotiverevista.pt\/#\/schema\/logo\/image\/"},"sameAs":["https:\/\/linkedin.com\/in\/automotiverevista"]},{"@type":"Person","@id":"https:\/\/automotiverevista.pt\/#\/schema\/person\/1e95eb12553b8edd256acb00fe6dad4b","name":"Fatima Silva","image":{"@type":"ImageObject","inLanguage":"pt-PT","@id":"https:\/\/secure.gravatar.com\/avatar\/4b4a955a9c1b66708ab0dd3bd6181ac1f650299d893bd337a28482f7f19c8511?s=96&d=mm&r=g","url":"https:\/\/secure.gravatar.com\/avatar\/4b4a955a9c1b66708ab0dd3bd6181ac1f650299d893bd337a28482f7f19c8511?s=96&d=mm&r=g","contentUrl":"https:\/\/secure.gravatar.com\/avatar\/4b4a955a9c1b66708ab0dd3bd6181ac1f650299d893bd337a28482f7f19c8511?s=96&d=mm&r=g","caption":"Fatima Silva"},"url":"https:\/\/automotiverevista.pt\/index.php\/author\/fgasparsilva\/"}]}},"_links":{"self":[{"href":"https:\/\/automotiverevista.pt\/index.php\/wp-json\/wp\/v2\/posts\/8207","targetHints":{"allow":["GET"]}}],"collection":[{"href":"https:\/\/automotiverevista.pt\/index.php\/wp-json\/wp\/v2\/posts"}],"about":[{"href":"https:\/\/automotiverevista.pt\/index.php\/wp-json\/wp\/v2\/types\/post"}],"author":[{"embeddable":true,"href":"https:\/\/automotiverevista.pt\/index.php\/wp-json\/wp\/v2\/users\/4"}],"replies":[{"embeddable":true,"href":"https:\/\/automotiverevista.pt\/index.php\/wp-json\/wp\/v2\/comments?post=8207"}],"version-history":[{"count":1,"href":"https:\/\/automotiverevista.pt\/index.php\/wp-json\/wp\/v2\/posts\/8207\/revisions"}],"predecessor-version":[{"id":8211,"href":"https:\/\/automotiverevista.pt\/index.php\/wp-json\/wp\/v2\/posts\/8207\/revisions\/8211"}],"wp:featuredmedia":[{"embeddable":true,"href":"https:\/\/automotiverevista.pt\/index.php\/wp-json\/wp\/v2\/media\/8208"}],"wp:attachment":[{"href":"https:\/\/automotiverevista.pt\/index.php\/wp-json\/wp\/v2\/media?parent=8207"}],"wp:term":[{"taxonomy":"category","embeddable":true,"href":"https:\/\/automotiverevista.pt\/index.php\/wp-json\/wp\/v2\/categories?post=8207"},{"taxonomy":"post_tag","embeddable":true,"href":"https:\/\/automotiverevista.pt\/index.php\/wp-json\/wp\/v2\/tags?post=8207"}],"curies":[{"name":"wp","href":"https:\/\/api.w.org\/{rel}","templated":true}]}}