{"id":8267,"date":"2025-01-14T08:00:00","date_gmt":"2025-01-14T08:00:00","guid":{"rendered":"https:\/\/automotiverevista.pt\/?p=8267"},"modified":"2024-12-20T16:41:59","modified_gmt":"2024-12-20T16:41:59","slug":"denis-munir-premio-novas-liderancas-2024","status":"publish","type":"post","link":"https:\/\/automotiverevista.pt\/index.php\/2025\/01\/14\/denis-munir-premio-novas-liderancas-2024\/","title":{"rendered":"Denis Munir &#8211; Pr\u00e9mio Novas Lideran\u00e7as 2024"},"content":{"rendered":"\n<p>Num setor t\u00e3o maduro e competitivo como o dos transportes de mercadorias, tem se destacado a capacidade e profissionalismo do <strong>Denis Munir<\/strong> (foto) em liderar a presen\u00e7a direta da <strong>K\u00f6gel em Portugal.<\/strong><\/p>\n\n\n\n<p>O seu estilo de lideran\u00e7a, que combina inova\u00e7\u00e3o com a sabedoria de quem compreende as necessidades do mercado e da equipa comercial, tem sido uma inspira\u00e7\u00e3o para o setor. Sob a sua dire\u00e7\u00e3o, a <strong>K\u00f6gel<\/strong> tem se destacado em Portugal pela implementa\u00e7\u00e3o de pr\u00e1ticas eficazes e pelo foco na qualidade e excel\u00eancia dos seus semirreboques. O seu profissionalismo, aliado \u00e0 sua vis\u00e3o de futuro, tem proporcionado um crescimento constante e a conquista de resultados importantes, tanto nas vendas como no p\u00f3s-venda.<\/p>\n\n\n\n<p>O impacto positivo que a sua lideran\u00e7a tem gerado, \u00e9 vis\u00edvel na melhoria da rela\u00e7\u00e3o com os clientes, bem como no fortalecimento da marca e no reconhecimento crescente no setor. O seu compromisso em liderar com \u00e9tica, transpar\u00eancia e respeito pelas pessoas \u00e9 uma caracter\u00edstica que, sem d\u00favida, contribui para o sucesso cont\u00ednuo da <strong>K\u00f6gel em Portugal<\/strong>. A sua gest\u00e3o das rela\u00e7\u00f5es internas e externas, sempre focado no desenvolvimento e no bem-estar de todos os envolvidos, \u00e9 um exemplo de lideran\u00e7a a ser seguido no setor dos transportes de mercadorias.<\/p>\n\n\n\n<figure class=\"wp-block-image size-full\"><img decoding=\"async\" width=\"924\" height=\"562\" src=\"https:\/\/automotiverevista.pt\/wp-content\/uploads\/2024\/12\/image-10.png\" alt=\"\" class=\"wp-image-8269\" srcset=\"https:\/\/automotiverevista.pt\/wp-content\/uploads\/2024\/12\/image-10.png 924w, https:\/\/automotiverevista.pt\/wp-content\/uploads\/2024\/12\/image-10-300x182.png 300w, https:\/\/automotiverevista.pt\/wp-content\/uploads\/2024\/12\/image-10-768x467.png 768w, https:\/\/automotiverevista.pt\/wp-content\/uploads\/2024\/12\/image-10-750x456.png 750w\" sizes=\"(max-width: 924px) 100vw, 924px\" \/><\/figure>\n","protected":false},"excerpt":{"rendered":"<p>Num setor t\u00e3o maduro e competitivo como o dos transportes de mercadorias, tem se destacado a capacidade e profissionalismo do Denis Munir (foto) em liderar a presen\u00e7a direta da K\u00f6gel em Portugal. O seu estilo de lideran\u00e7a, que combina inova\u00e7\u00e3o com a sabedoria de quem compreende as necessidades do mercado e da equipa comercial, tem [&hellip;]<\/p>\n","protected":false},"author":4,"featured_media":8268,"comment_status":"closed","ping_status":"open","sticky":false,"template":"","format":"standard","meta":{"jnews-multi-image_gallery":[],"jnews_single_post":{"format":"standard"},"jnews_primary_category":[],"footnotes":""},"categories":[25],"tags":[],"class_list":["post-8267","post","type-post","status-publish","format-standard","has-post-thumbnail","hentry","category-pesados-e-maquinas"],"yoast_head":"<!-- This site is optimized with the Yoast SEO Premium plugin v27.2 (Yoast SEO v27.5) - https:\/\/yoast.com\/product\/yoast-seo-premium-wordpress\/ -->\n<title>Denis Munir - Pr\u00e9mio Novas Lideran\u00e7as 2024 - Revista Automotive<\/title>\n<meta name=\"robots\" content=\"index, follow, max-snippet:-1, max-image-preview:large, max-video-preview:-1\" \/>\n<link rel=\"canonical\" href=\"https:\/\/automotiverevista.pt\/index.php\/2025\/01\/14\/denis-munir-premio-novas-liderancas-2024\/\" \/>\n<meta property=\"og:locale\" content=\"pt_PT\" \/>\n<meta property=\"og:type\" content=\"article\" \/>\n<meta property=\"og:title\" content=\"Denis Munir - Pr\u00e9mio Novas Lideran\u00e7as 2024\" \/>\n<meta property=\"og:description\" content=\"Num setor t\u00e3o maduro e competitivo como o dos transportes de mercadorias, tem se destacado a capacidade e profissionalismo do Denis Munir (foto) em liderar a presen\u00e7a direta da K\u00f6gel em Portugal. O seu estilo de lideran\u00e7a, que combina inova\u00e7\u00e3o com a sabedoria de quem compreende as necessidades do mercado e da equipa comercial, tem [&hellip;]\" \/>\n<meta property=\"og:url\" content=\"https:\/\/automotiverevista.pt\/index.php\/2025\/01\/14\/denis-munir-premio-novas-liderancas-2024\/\" \/>\n<meta property=\"og:site_name\" content=\"Revista Automotive\" \/>\n<meta property=\"article:published_time\" content=\"2025-01-14T08:00:00+00:00\" \/>\n<meta property=\"og:image\" content=\"https:\/\/automotiverevista.pt\/wp-content\/uploads\/2024\/12\/Kogel-1.jpg\" \/>\n\t<meta property=\"og:image:width\" content=\"1500\" \/>\n\t<meta property=\"og:image:height\" content=\"1000\" \/>\n\t<meta property=\"og:image:type\" content=\"image\/jpeg\" \/>\n<meta name=\"author\" content=\"Fatima Silva\" \/>\n<meta name=\"twitter:card\" content=\"summary_large_image\" \/>\n<meta name=\"twitter:label1\" content=\"Escrito por\" \/>\n\t<meta name=\"twitter:data1\" content=\"Fatima Silva\" \/>\n\t<meta name=\"twitter:label2\" content=\"Tempo estimado de leitura\" \/>\n\t<meta name=\"twitter:data2\" content=\"2 minutos\" \/>\n<script type=\"application\/ld+json\" class=\"yoast-schema-graph\">{\"@context\":\"https:\\\/\\\/schema.org\",\"@graph\":[{\"@type\":\"Article\",\"@id\":\"https:\\\/\\\/automotiverevista.pt\\\/index.php\\\/2025\\\/01\\\/14\\\/denis-munir-premio-novas-liderancas-2024\\\/#article\",\"isPartOf\":{\"@id\":\"https:\\\/\\\/automotiverevista.pt\\\/index.php\\\/2025\\\/01\\\/14\\\/denis-munir-premio-novas-liderancas-2024\\\/\"},\"author\":{\"name\":\"Fatima Silva\",\"@id\":\"https:\\\/\\\/automotiverevista.pt\\\/#\\\/schema\\\/person\\\/1e95eb12553b8edd256acb00fe6dad4b\"},\"headline\":\"Denis Munir &#8211; Pr\u00e9mio Novas Lideran\u00e7as 2024\",\"datePublished\":\"2025-01-14T08:00:00+00:00\",\"mainEntityOfPage\":{\"@id\":\"https:\\\/\\\/automotiverevista.pt\\\/index.php\\\/2025\\\/01\\\/14\\\/denis-munir-premio-novas-liderancas-2024\\\/\"},\"wordCount\":231,\"publisher\":{\"@id\":\"https:\\\/\\\/automotiverevista.pt\\\/#organization\"},\"image\":{\"@id\":\"https:\\\/\\\/automotiverevista.pt\\\/index.php\\\/2025\\\/01\\\/14\\\/denis-munir-premio-novas-liderancas-2024\\\/#primaryimage\"},\"thumbnailUrl\":\"https:\\\/\\\/automotiverevista.pt\\\/wp-content\\\/uploads\\\/2024\\\/12\\\/Kogel-1.jpg\",\"articleSection\":[\"Pesados e M\u00e1quinas\"],\"inLanguage\":\"pt-PT\"},{\"@type\":\"WebPage\",\"@id\":\"https:\\\/\\\/automotiverevista.pt\\\/index.php\\\/2025\\\/01\\\/14\\\/denis-munir-premio-novas-liderancas-2024\\\/\",\"url\":\"https:\\\/\\\/automotiverevista.pt\\\/index.php\\\/2025\\\/01\\\/14\\\/denis-munir-premio-novas-liderancas-2024\\\/\",\"name\":\"Denis Munir - Pr\u00e9mio Novas Lideran\u00e7as 2024 - Revista Automotive\",\"isPartOf\":{\"@id\":\"https:\\\/\\\/automotiverevista.pt\\\/#website\"},\"primaryImageOfPage\":{\"@id\":\"https:\\\/\\\/automotiverevista.pt\\\/index.php\\\/2025\\\/01\\\/14\\\/denis-munir-premio-novas-liderancas-2024\\\/#primaryimage\"},\"image\":{\"@id\":\"https:\\\/\\\/automotiverevista.pt\\\/index.php\\\/2025\\\/01\\\/14\\\/denis-munir-premio-novas-liderancas-2024\\\/#primaryimage\"},\"thumbnailUrl\":\"https:\\\/\\\/automotiverevista.pt\\\/wp-content\\\/uploads\\\/2024\\\/12\\\/Kogel-1.jpg\",\"datePublished\":\"2025-01-14T08:00:00+00:00\",\"breadcrumb\":{\"@id\":\"https:\\\/\\\/automotiverevista.pt\\\/index.php\\\/2025\\\/01\\\/14\\\/denis-munir-premio-novas-liderancas-2024\\\/#breadcrumb\"},\"inLanguage\":\"pt-PT\",\"potentialAction\":[{\"@type\":\"ReadAction\",\"target\":[\"https:\\\/\\\/automotiverevista.pt\\\/index.php\\\/2025\\\/01\\\/14\\\/denis-munir-premio-novas-liderancas-2024\\\/\"]}]},{\"@type\":\"ImageObject\",\"inLanguage\":\"pt-PT\",\"@id\":\"https:\\\/\\\/automotiverevista.pt\\\/index.php\\\/2025\\\/01\\\/14\\\/denis-munir-premio-novas-liderancas-2024\\\/#primaryimage\",\"url\":\"https:\\\/\\\/automotiverevista.pt\\\/wp-content\\\/uploads\\\/2024\\\/12\\\/Kogel-1.jpg\",\"contentUrl\":\"https:\\\/\\\/automotiverevista.pt\\\/wp-content\\\/uploads\\\/2024\\\/12\\\/Kogel-1.jpg\",\"width\":1500,\"height\":1000},{\"@type\":\"BreadcrumbList\",\"@id\":\"https:\\\/\\\/automotiverevista.pt\\\/index.php\\\/2025\\\/01\\\/14\\\/denis-munir-premio-novas-liderancas-2024\\\/#breadcrumb\",\"itemListElement\":[{\"@type\":\"ListItem\",\"position\":1,\"name\":\"Home\",\"item\":\"https:\\\/\\\/automotiverevista.pt\\\/\"},{\"@type\":\"ListItem\",\"position\":2,\"name\":\"Denis Munir &#8211; Pr\u00e9mio Novas Lideran\u00e7as 2024\"}]},{\"@type\":\"WebSite\",\"@id\":\"https:\\\/\\\/automotiverevista.pt\\\/#website\",\"url\":\"https:\\\/\\\/automotiverevista.pt\\\/\",\"name\":\"Revista Automotive\",\"description\":\"Revista Automotive Portugal\",\"publisher\":{\"@id\":\"https:\\\/\\\/automotiverevista.pt\\\/#organization\"},\"potentialAction\":[{\"@type\":\"SearchAction\",\"target\":{\"@type\":\"EntryPoint\",\"urlTemplate\":\"https:\\\/\\\/automotiverevista.pt\\\/?s={search_term_string}\"},\"query-input\":{\"@type\":\"PropertyValueSpecification\",\"valueRequired\":true,\"valueName\":\"search_term_string\"}}],\"inLanguage\":\"pt-PT\"},{\"@type\":\"Organization\",\"@id\":\"https:\\\/\\\/automotiverevista.pt\\\/#organization\",\"name\":\"Revista Automotive Portugal\",\"url\":\"https:\\\/\\\/automotiverevista.pt\\\/\",\"logo\":{\"@type\":\"ImageObject\",\"inLanguage\":\"pt-PT\",\"@id\":\"https:\\\/\\\/automotiverevista.pt\\\/#\\\/schema\\\/logo\\\/image\\\/\",\"url\":\"https:\\\/\\\/automotiverevista.pt\\\/wp-content\\\/uploads\\\/2022\\\/07\\\/Logo-Automotive-2021_500-1.jpg\",\"contentUrl\":\"https:\\\/\\\/automotiverevista.pt\\\/wp-content\\\/uploads\\\/2022\\\/07\\\/Logo-Automotive-2021_500-1.jpg\",\"width\":500,\"height\":160,\"caption\":\"Revista Automotive Portugal\"},\"image\":{\"@id\":\"https:\\\/\\\/automotiverevista.pt\\\/#\\\/schema\\\/logo\\\/image\\\/\"},\"sameAs\":[\"https:\\\/\\\/linkedin.com\\\/in\\\/automotiverevista\"]},{\"@type\":\"Person\",\"@id\":\"https:\\\/\\\/automotiverevista.pt\\\/#\\\/schema\\\/person\\\/1e95eb12553b8edd256acb00fe6dad4b\",\"name\":\"Fatima Silva\",\"image\":{\"@type\":\"ImageObject\",\"inLanguage\":\"pt-PT\",\"@id\":\"https:\\\/\\\/secure.gravatar.com\\\/avatar\\\/4b4a955a9c1b66708ab0dd3bd6181ac1f650299d893bd337a28482f7f19c8511?s=96&d=mm&r=g\",\"url\":\"https:\\\/\\\/secure.gravatar.com\\\/avatar\\\/4b4a955a9c1b66708ab0dd3bd6181ac1f650299d893bd337a28482f7f19c8511?s=96&d=mm&r=g\",\"contentUrl\":\"https:\\\/\\\/secure.gravatar.com\\\/avatar\\\/4b4a955a9c1b66708ab0dd3bd6181ac1f650299d893bd337a28482f7f19c8511?s=96&d=mm&r=g\",\"caption\":\"Fatima Silva\"},\"url\":\"https:\\\/\\\/automotiverevista.pt\\\/index.php\\\/author\\\/fgasparsilva\\\/\"}]}<\/script>\n<!-- \/ Yoast SEO Premium plugin. -->","yoast_head_json":{"title":"Denis Munir - Pr\u00e9mio Novas Lideran\u00e7as 2024 - Revista Automotive","robots":{"index":"index","follow":"follow","max-snippet":"max-snippet:-1","max-image-preview":"max-image-preview:large","max-video-preview":"max-video-preview:-1"},"canonical":"https:\/\/automotiverevista.pt\/index.php\/2025\/01\/14\/denis-munir-premio-novas-liderancas-2024\/","og_locale":"pt_PT","og_type":"article","og_title":"Denis Munir - Pr\u00e9mio Novas Lideran\u00e7as 2024","og_description":"Num setor t\u00e3o maduro e competitivo como o dos transportes de mercadorias, tem se destacado a capacidade e profissionalismo do Denis Munir (foto) em liderar a presen\u00e7a direta da K\u00f6gel em Portugal. O seu estilo de lideran\u00e7a, que combina inova\u00e7\u00e3o com a sabedoria de quem compreende as necessidades do mercado e da equipa comercial, tem [&hellip;]","og_url":"https:\/\/automotiverevista.pt\/index.php\/2025\/01\/14\/denis-munir-premio-novas-liderancas-2024\/","og_site_name":"Revista Automotive","article_published_time":"2025-01-14T08:00:00+00:00","og_image":[{"width":1500,"height":1000,"url":"https:\/\/automotiverevista.pt\/wp-content\/uploads\/2024\/12\/Kogel-1.jpg","type":"image\/jpeg"}],"author":"Fatima Silva","twitter_card":"summary_large_image","twitter_misc":{"Escrito por":"Fatima Silva","Tempo estimado de leitura":"2 minutos"},"schema":{"@context":"https:\/\/schema.org","@graph":[{"@type":"Article","@id":"https:\/\/automotiverevista.pt\/index.php\/2025\/01\/14\/denis-munir-premio-novas-liderancas-2024\/#article","isPartOf":{"@id":"https:\/\/automotiverevista.pt\/index.php\/2025\/01\/14\/denis-munir-premio-novas-liderancas-2024\/"},"author":{"name":"Fatima Silva","@id":"https:\/\/automotiverevista.pt\/#\/schema\/person\/1e95eb12553b8edd256acb00fe6dad4b"},"headline":"Denis Munir &#8211; Pr\u00e9mio Novas Lideran\u00e7as 2024","datePublished":"2025-01-14T08:00:00+00:00","mainEntityOfPage":{"@id":"https:\/\/automotiverevista.pt\/index.php\/2025\/01\/14\/denis-munir-premio-novas-liderancas-2024\/"},"wordCount":231,"publisher":{"@id":"https:\/\/automotiverevista.pt\/#organization"},"image":{"@id":"https:\/\/automotiverevista.pt\/index.php\/2025\/01\/14\/denis-munir-premio-novas-liderancas-2024\/#primaryimage"},"thumbnailUrl":"https:\/\/automotiverevista.pt\/wp-content\/uploads\/2024\/12\/Kogel-1.jpg","articleSection":["Pesados e M\u00e1quinas"],"inLanguage":"pt-PT"},{"@type":"WebPage","@id":"https:\/\/automotiverevista.pt\/index.php\/2025\/01\/14\/denis-munir-premio-novas-liderancas-2024\/","url":"https:\/\/automotiverevista.pt\/index.php\/2025\/01\/14\/denis-munir-premio-novas-liderancas-2024\/","name":"Denis Munir - Pr\u00e9mio Novas Lideran\u00e7as 2024 - Revista Automotive","isPartOf":{"@id":"https:\/\/automotiverevista.pt\/#website"},"primaryImageOfPage":{"@id":"https:\/\/automotiverevista.pt\/index.php\/2025\/01\/14\/denis-munir-premio-novas-liderancas-2024\/#primaryimage"},"image":{"@id":"https:\/\/automotiverevista.pt\/index.php\/2025\/01\/14\/denis-munir-premio-novas-liderancas-2024\/#primaryimage"},"thumbnailUrl":"https:\/\/automotiverevista.pt\/wp-content\/uploads\/2024\/12\/Kogel-1.jpg","datePublished":"2025-01-14T08:00:00+00:00","breadcrumb":{"@id":"https:\/\/automotiverevista.pt\/index.php\/2025\/01\/14\/denis-munir-premio-novas-liderancas-2024\/#breadcrumb"},"inLanguage":"pt-PT","potentialAction":[{"@type":"ReadAction","target":["https:\/\/automotiverevista.pt\/index.php\/2025\/01\/14\/denis-munir-premio-novas-liderancas-2024\/"]}]},{"@type":"ImageObject","inLanguage":"pt-PT","@id":"https:\/\/automotiverevista.pt\/index.php\/2025\/01\/14\/denis-munir-premio-novas-liderancas-2024\/#primaryimage","url":"https:\/\/automotiverevista.pt\/wp-content\/uploads\/2024\/12\/Kogel-1.jpg","contentUrl":"https:\/\/automotiverevista.pt\/wp-content\/uploads\/2024\/12\/Kogel-1.jpg","width":1500,"height":1000},{"@type":"BreadcrumbList","@id":"https:\/\/automotiverevista.pt\/index.php\/2025\/01\/14\/denis-munir-premio-novas-liderancas-2024\/#breadcrumb","itemListElement":[{"@type":"ListItem","position":1,"name":"Home","item":"https:\/\/automotiverevista.pt\/"},{"@type":"ListItem","position":2,"name":"Denis Munir &#8211; Pr\u00e9mio Novas Lideran\u00e7as 2024"}]},{"@type":"WebSite","@id":"https:\/\/automotiverevista.pt\/#website","url":"https:\/\/automotiverevista.pt\/","name":"Revista Automotive","description":"Revista Automotive Portugal","publisher":{"@id":"https:\/\/automotiverevista.pt\/#organization"},"potentialAction":[{"@type":"SearchAction","target":{"@type":"EntryPoint","urlTemplate":"https:\/\/automotiverevista.pt\/?s={search_term_string}"},"query-input":{"@type":"PropertyValueSpecification","valueRequired":true,"valueName":"search_term_string"}}],"inLanguage":"pt-PT"},{"@type":"Organization","@id":"https:\/\/automotiverevista.pt\/#organization","name":"Revista Automotive Portugal","url":"https:\/\/automotiverevista.pt\/","logo":{"@type":"ImageObject","inLanguage":"pt-PT","@id":"https:\/\/automotiverevista.pt\/#\/schema\/logo\/image\/","url":"https:\/\/automotiverevista.pt\/wp-content\/uploads\/2022\/07\/Logo-Automotive-2021_500-1.jpg","contentUrl":"https:\/\/automotiverevista.pt\/wp-content\/uploads\/2022\/07\/Logo-Automotive-2021_500-1.jpg","width":500,"height":160,"caption":"Revista Automotive Portugal"},"image":{"@id":"https:\/\/automotiverevista.pt\/#\/schema\/logo\/image\/"},"sameAs":["https:\/\/linkedin.com\/in\/automotiverevista"]},{"@type":"Person","@id":"https:\/\/automotiverevista.pt\/#\/schema\/person\/1e95eb12553b8edd256acb00fe6dad4b","name":"Fatima Silva","image":{"@type":"ImageObject","inLanguage":"pt-PT","@id":"https:\/\/secure.gravatar.com\/avatar\/4b4a955a9c1b66708ab0dd3bd6181ac1f650299d893bd337a28482f7f19c8511?s=96&d=mm&r=g","url":"https:\/\/secure.gravatar.com\/avatar\/4b4a955a9c1b66708ab0dd3bd6181ac1f650299d893bd337a28482f7f19c8511?s=96&d=mm&r=g","contentUrl":"https:\/\/secure.gravatar.com\/avatar\/4b4a955a9c1b66708ab0dd3bd6181ac1f650299d893bd337a28482f7f19c8511?s=96&d=mm&r=g","caption":"Fatima Silva"},"url":"https:\/\/automotiverevista.pt\/index.php\/author\/fgasparsilva\/"}]}},"_links":{"self":[{"href":"https:\/\/automotiverevista.pt\/index.php\/wp-json\/wp\/v2\/posts\/8267","targetHints":{"allow":["GET"]}}],"collection":[{"href":"https:\/\/automotiverevista.pt\/index.php\/wp-json\/wp\/v2\/posts"}],"about":[{"href":"https:\/\/automotiverevista.pt\/index.php\/wp-json\/wp\/v2\/types\/post"}],"author":[{"embeddable":true,"href":"https:\/\/automotiverevista.pt\/index.php\/wp-json\/wp\/v2\/users\/4"}],"replies":[{"embeddable":true,"href":"https:\/\/automotiverevista.pt\/index.php\/wp-json\/wp\/v2\/comments?post=8267"}],"version-history":[{"count":1,"href":"https:\/\/automotiverevista.pt\/index.php\/wp-json\/wp\/v2\/posts\/8267\/revisions"}],"predecessor-version":[{"id":8270,"href":"https:\/\/automotiverevista.pt\/index.php\/wp-json\/wp\/v2\/posts\/8267\/revisions\/8270"}],"wp:featuredmedia":[{"embeddable":true,"href":"https:\/\/automotiverevista.pt\/index.php\/wp-json\/wp\/v2\/media\/8268"}],"wp:attachment":[{"href":"https:\/\/automotiverevista.pt\/index.php\/wp-json\/wp\/v2\/media?parent=8267"}],"wp:term":[{"taxonomy":"category","embeddable":true,"href":"https:\/\/automotiverevista.pt\/index.php\/wp-json\/wp\/v2\/categories?post=8267"},{"taxonomy":"post_tag","embeddable":true,"href":"https:\/\/automotiverevista.pt\/index.php\/wp-json\/wp\/v2\/tags?post=8267"}],"curies":[{"name":"wp","href":"https:\/\/api.w.org\/{rel}","templated":true}]}}