{"id":8353,"date":"2025-01-09T11:44:14","date_gmt":"2025-01-09T11:44:14","guid":{"rendered":"https:\/\/automotiverevista.pt\/?p=8353"},"modified":"2025-01-09T11:44:16","modified_gmt":"2025-01-09T11:44:16","slug":"competencia-envergadura-e-recursos-da-stellantis-de-mangualde","status":"publish","type":"post","link":"https:\/\/automotiverevista.pt\/index.php\/2025\/01\/09\/competencia-envergadura-e-recursos-da-stellantis-de-mangualde\/","title":{"rendered":"Compet\u00eancia, envergadura e recursos da Stellantis de Mangualde"},"content":{"rendered":"\n<p>O Centro de Produ\u00e7\u00e3o de Mangualde foi distinguido pela Revista Automotive com o galard\u00e3o \u201cPr\u00e9mio Fleet &amp; Service \u2013 Made in Portugal\u201d, pela sua valoriza\u00e7\u00e3o da produ\u00e7\u00e3o nacional em 2022. E \u00e9 nessa continuidade que a f\u00e1brica Stellantis de Mangualde terminou o ano de 2024 com o maior registo, com a produ\u00e7\u00e3o de cerca de 86.000 viaturas fabricadas, um aumento de 2% em rela\u00e7\u00e3o a 2023. O ano desta unidade fabril ficou marcado pelo in\u00edcio da produ\u00e7\u00e3o de viaturas 100% el\u00e9tricas, que operou&nbsp;transforma\u00e7\u00f5es significativas na sua \u00e1rea industrial, tanto nos setores de montagem como na ferragem.<\/p>\n\n\n\n<figure class=\"wp-block-image size-large is-resized\"><img decoding=\"async\" width=\"1024\" height=\"512\" src=\"https:\/\/automotiverevista.pt\/wp-content\/uploads\/2025\/01\/IMG_2473-1140x570-1-1024x512.jpg\" alt=\"\" class=\"wp-image-8355\" style=\"width:328px;height:auto\" srcset=\"https:\/\/automotiverevista.pt\/wp-content\/uploads\/2025\/01\/IMG_2473-1140x570-1-1024x512.jpg 1024w, https:\/\/automotiverevista.pt\/wp-content\/uploads\/2025\/01\/IMG_2473-1140x570-1-300x150.jpg 300w, https:\/\/automotiverevista.pt\/wp-content\/uploads\/2025\/01\/IMG_2473-1140x570-1-768x384.jpg 768w, https:\/\/automotiverevista.pt\/wp-content\/uploads\/2025\/01\/IMG_2473-1140x570-1-360x180.jpg 360w, https:\/\/automotiverevista.pt\/wp-content\/uploads\/2025\/01\/IMG_2473-1140x570-1-750x375.jpg 750w, https:\/\/automotiverevista.pt\/wp-content\/uploads\/2025\/01\/IMG_2473-1140x570-1.jpg 1140w\" sizes=\"(max-width: 1024px) 100vw, 1024px\" \/><figcaption class=\"wp-element-caption\">Pr\u00e9mio Fleet&#038;Service 2022<\/figcaption><\/figure>\n\n\n\n<p>Criou uma linha de montagem de baterias&nbsp;para os ve\u00edculos el\u00e9tricos ali produzidos. A \u00e1rea de mais de 800 m<sup>2<\/sup>&nbsp;levou \u00e0 cria\u00e7\u00e3o de 63 novos empregos e \u00e0 forma\u00e7\u00e3o espec\u00edfica de toda a equipa t\u00e9cnica<\/p>\n\n\n\n<p>Dos ve\u00edculos produzidos em Portugal, 95,5% destinam-se ao mercado de exporta\u00e7\u00e3o. Este facto sublinha o peso que a Stellantis Mangualde tem na economia nacional e a sua import\u00e2ncia no tecido empresarial e industrial da regi\u00e3o centro.<\/p>\n\n\n\n<p>A f\u00e1brica de Mangualde monta uma gama completa de oito viaturas el\u00e9tricas&nbsp;de quatro das marcas do grupo: as vers\u00f5es de passageiros e comerciais ligeiros Citro\u00ebn \u00eb-Berlingo e \u00eb-Berlingo Van, Fiat e-Dobl\u00f2, Opel Combo Electric e Peugeot E-Partner e E-Rifter.<\/p>\n\n\n\n<p>A Stellantis liderou o mercado, com uma quota de 25,0%, a Stellantis Pro One, de destacar a unidade de neg\u00f3cio dedicada aos ve\u00edculos profissionais, com uma quota de 44,7% dos ve\u00edculos comerciais ligeiros, e 34,5% de quota de mercado dos furg\u00f5es 100% el\u00e9tricos.<\/p>\n\n\n\n<p>Conta, \u00e0 data, com uma for\u00e7a de produ\u00e7\u00e3o composta por cerca de 900 colaboradores que, divididos por tr\u00eas turnos, produzem uma m\u00e9dia de 370 viaturas por dia. N\u00e3o menos importante e relevante \u00e9 manter a estabilidade desses colaboradores, responder \u00e0s necessidades dos clientes e ter planos alternativos, no caso de as necessidades mudarem.<\/p>\n\n\n\n<p>Uma empresa desta envergadura tem todas as compet\u00eancias, capacidades e recursos para se manter ativa e produtiva, por muitos mais anos, com sucessos.<\/p>\n\n\n\n<figure class=\"wp-block-image size-large\"><img decoding=\"async\" width=\"1024\" height=\"682\" src=\"https:\/\/automotiverevista.pt\/wp-content\/uploads\/2025\/01\/R6JG8760-1024x682.jpg\" alt=\"\" class=\"wp-image-8358\" srcset=\"https:\/\/automotiverevista.pt\/wp-content\/uploads\/2025\/01\/R6JG8760-1024x682.jpg 1024w, https:\/\/automotiverevista.pt\/wp-content\/uploads\/2025\/01\/R6JG8760-300x200.jpg 300w, https:\/\/automotiverevista.pt\/wp-content\/uploads\/2025\/01\/R6JG8760-768x512.jpg 768w, https:\/\/automotiverevista.pt\/wp-content\/uploads\/2025\/01\/R6JG8760-750x500.jpg 750w, https:\/\/automotiverevista.pt\/wp-content\/uploads\/2025\/01\/R6JG8760-1140x760.jpg 1140w, https:\/\/automotiverevista.pt\/wp-content\/uploads\/2025\/01\/R6JG8760.jpg 1400w\" sizes=\"(max-width: 1024px) 100vw, 1024px\" \/><\/figure>\n\n\n\n<p><\/p>\n","protected":false},"excerpt":{"rendered":"<p>O Centro de Produ\u00e7\u00e3o de Mangualde foi distinguido pela Revista Automotive com o galard\u00e3o \u201cPr\u00e9mio Fleet &amp; Service \u2013 Made in Portugal\u201d, pela sua valoriza\u00e7\u00e3o da produ\u00e7\u00e3o nacional em 2022. E \u00e9 nessa continuidade que a f\u00e1brica Stellantis de Mangualde terminou o ano de 2024 com o maior registo, com a produ\u00e7\u00e3o de cerca de [&hellip;]<\/p>\n","protected":false},"author":1,"featured_media":8354,"comment_status":"closed","ping_status":"open","sticky":false,"template":"","format":"standard","meta":{"jnews-multi-image_gallery":[],"jnews_single_post":{"format":"standard"},"jnews_primary_category":[],"footnotes":""},"categories":[23],"tags":[],"class_list":["post-8353","post","type-post","status-publish","format-standard","has-post-thumbnail","hentry","category-frotas"],"yoast_head":"<!-- This site is optimized with the Yoast SEO Premium plugin v27.2 (Yoast SEO v27.5) - https:\/\/yoast.com\/product\/yoast-seo-premium-wordpress\/ -->\n<title>Compet\u00eancia, envergadura e recursos da Stellantis de Mangualde - Revista Automotive<\/title>\n<meta name=\"robots\" content=\"index, follow, max-snippet:-1, max-image-preview:large, max-video-preview:-1\" \/>\n<link rel=\"canonical\" href=\"https:\/\/automotiverevista.pt\/index.php\/2025\/01\/09\/competencia-envergadura-e-recursos-da-stellantis-de-mangualde\/\" \/>\n<meta property=\"og:locale\" content=\"pt_PT\" \/>\n<meta property=\"og:type\" content=\"article\" \/>\n<meta property=\"og:title\" content=\"Compet\u00eancia, envergadura e recursos da Stellantis de Mangualde\" \/>\n<meta property=\"og:description\" content=\"O Centro de Produ\u00e7\u00e3o de Mangualde foi distinguido pela Revista Automotive com o galard\u00e3o \u201cPr\u00e9mio Fleet &amp; Service \u2013 Made in Portugal\u201d, pela sua valoriza\u00e7\u00e3o da produ\u00e7\u00e3o nacional em 2022. E \u00e9 nessa continuidade que a f\u00e1brica Stellantis de Mangualde terminou o ano de 2024 com o maior registo, com a produ\u00e7\u00e3o de cerca de [&hellip;]\" \/>\n<meta property=\"og:url\" content=\"https:\/\/automotiverevista.pt\/index.php\/2025\/01\/09\/competencia-envergadura-e-recursos-da-stellantis-de-mangualde\/\" \/>\n<meta property=\"og:site_name\" content=\"Revista Automotive\" \/>\n<meta property=\"article:published_time\" content=\"2025-01-09T11:44:14+00:00\" \/>\n<meta property=\"article:modified_time\" content=\"2025-01-09T11:44:16+00:00\" \/>\n<meta property=\"og:image\" content=\"https:\/\/automotiverevista.pt\/wp-content\/uploads\/2025\/01\/DJI_0036.jpg\" \/>\n\t<meta property=\"og:image:width\" content=\"1400\" \/>\n\t<meta property=\"og:image:height\" content=\"788\" \/>\n\t<meta property=\"og:image:type\" content=\"image\/jpeg\" \/>\n<meta name=\"author\" content=\"adminNovo\" \/>\n<meta name=\"twitter:card\" content=\"summary_large_image\" \/>\n<meta name=\"twitter:label1\" content=\"Escrito por\" \/>\n\t<meta name=\"twitter:data1\" content=\"adminNovo\" \/>\n\t<meta name=\"twitter:label2\" content=\"Tempo estimado de leitura\" \/>\n\t<meta name=\"twitter:data2\" content=\"3 minutos\" \/>\n<script type=\"application\/ld+json\" class=\"yoast-schema-graph\">{\"@context\":\"https:\\\/\\\/schema.org\",\"@graph\":[{\"@type\":\"Article\",\"@id\":\"https:\\\/\\\/automotiverevista.pt\\\/index.php\\\/2025\\\/01\\\/09\\\/competencia-envergadura-e-recursos-da-stellantis-de-mangualde\\\/#article\",\"isPartOf\":{\"@id\":\"https:\\\/\\\/automotiverevista.pt\\\/index.php\\\/2025\\\/01\\\/09\\\/competencia-envergadura-e-recursos-da-stellantis-de-mangualde\\\/\"},\"author\":{\"name\":\"adminNovo\",\"@id\":\"https:\\\/\\\/automotiverevista.pt\\\/#\\\/schema\\\/person\\\/1265858bc8c78a0f969de814da8be281\"},\"headline\":\"Compet\u00eancia, envergadura e recursos da Stellantis de Mangualde\",\"datePublished\":\"2025-01-09T11:44:14+00:00\",\"dateModified\":\"2025-01-09T11:44:16+00:00\",\"mainEntityOfPage\":{\"@id\":\"https:\\\/\\\/automotiverevista.pt\\\/index.php\\\/2025\\\/01\\\/09\\\/competencia-envergadura-e-recursos-da-stellantis-de-mangualde\\\/\"},\"wordCount\":361,\"publisher\":{\"@id\":\"https:\\\/\\\/automotiverevista.pt\\\/#organization\"},\"image\":{\"@id\":\"https:\\\/\\\/automotiverevista.pt\\\/index.php\\\/2025\\\/01\\\/09\\\/competencia-envergadura-e-recursos-da-stellantis-de-mangualde\\\/#primaryimage\"},\"thumbnailUrl\":\"https:\\\/\\\/automotiverevista.pt\\\/wp-content\\\/uploads\\\/2025\\\/01\\\/DJI_0036.jpg\",\"articleSection\":[\"Frotas\"],\"inLanguage\":\"pt-PT\"},{\"@type\":\"WebPage\",\"@id\":\"https:\\\/\\\/automotiverevista.pt\\\/index.php\\\/2025\\\/01\\\/09\\\/competencia-envergadura-e-recursos-da-stellantis-de-mangualde\\\/\",\"url\":\"https:\\\/\\\/automotiverevista.pt\\\/index.php\\\/2025\\\/01\\\/09\\\/competencia-envergadura-e-recursos-da-stellantis-de-mangualde\\\/\",\"name\":\"Compet\u00eancia, envergadura e recursos da Stellantis de Mangualde - Revista Automotive\",\"isPartOf\":{\"@id\":\"https:\\\/\\\/automotiverevista.pt\\\/#website\"},\"primaryImageOfPage\":{\"@id\":\"https:\\\/\\\/automotiverevista.pt\\\/index.php\\\/2025\\\/01\\\/09\\\/competencia-envergadura-e-recursos-da-stellantis-de-mangualde\\\/#primaryimage\"},\"image\":{\"@id\":\"https:\\\/\\\/automotiverevista.pt\\\/index.php\\\/2025\\\/01\\\/09\\\/competencia-envergadura-e-recursos-da-stellantis-de-mangualde\\\/#primaryimage\"},\"thumbnailUrl\":\"https:\\\/\\\/automotiverevista.pt\\\/wp-content\\\/uploads\\\/2025\\\/01\\\/DJI_0036.jpg\",\"datePublished\":\"2025-01-09T11:44:14+00:00\",\"dateModified\":\"2025-01-09T11:44:16+00:00\",\"breadcrumb\":{\"@id\":\"https:\\\/\\\/automotiverevista.pt\\\/index.php\\\/2025\\\/01\\\/09\\\/competencia-envergadura-e-recursos-da-stellantis-de-mangualde\\\/#breadcrumb\"},\"inLanguage\":\"pt-PT\",\"potentialAction\":[{\"@type\":\"ReadAction\",\"target\":[\"https:\\\/\\\/automotiverevista.pt\\\/index.php\\\/2025\\\/01\\\/09\\\/competencia-envergadura-e-recursos-da-stellantis-de-mangualde\\\/\"]}]},{\"@type\":\"ImageObject\",\"inLanguage\":\"pt-PT\",\"@id\":\"https:\\\/\\\/automotiverevista.pt\\\/index.php\\\/2025\\\/01\\\/09\\\/competencia-envergadura-e-recursos-da-stellantis-de-mangualde\\\/#primaryimage\",\"url\":\"https:\\\/\\\/automotiverevista.pt\\\/wp-content\\\/uploads\\\/2025\\\/01\\\/DJI_0036.jpg\",\"contentUrl\":\"https:\\\/\\\/automotiverevista.pt\\\/wp-content\\\/uploads\\\/2025\\\/01\\\/DJI_0036.jpg\",\"width\":1400,\"height\":788},{\"@type\":\"BreadcrumbList\",\"@id\":\"https:\\\/\\\/automotiverevista.pt\\\/index.php\\\/2025\\\/01\\\/09\\\/competencia-envergadura-e-recursos-da-stellantis-de-mangualde\\\/#breadcrumb\",\"itemListElement\":[{\"@type\":\"ListItem\",\"position\":1,\"name\":\"Home\",\"item\":\"https:\\\/\\\/automotiverevista.pt\\\/\"},{\"@type\":\"ListItem\",\"position\":2,\"name\":\"Compet\u00eancia, envergadura e recursos da Stellantis de Mangualde\"}]},{\"@type\":\"WebSite\",\"@id\":\"https:\\\/\\\/automotiverevista.pt\\\/#website\",\"url\":\"https:\\\/\\\/automotiverevista.pt\\\/\",\"name\":\"Revista Automotive\",\"description\":\"Revista Automotive Portugal\",\"publisher\":{\"@id\":\"https:\\\/\\\/automotiverevista.pt\\\/#organization\"},\"potentialAction\":[{\"@type\":\"SearchAction\",\"target\":{\"@type\":\"EntryPoint\",\"urlTemplate\":\"https:\\\/\\\/automotiverevista.pt\\\/?s={search_term_string}\"},\"query-input\":{\"@type\":\"PropertyValueSpecification\",\"valueRequired\":true,\"valueName\":\"search_term_string\"}}],\"inLanguage\":\"pt-PT\"},{\"@type\":\"Organization\",\"@id\":\"https:\\\/\\\/automotiverevista.pt\\\/#organization\",\"name\":\"Revista Automotive Portugal\",\"url\":\"https:\\\/\\\/automotiverevista.pt\\\/\",\"logo\":{\"@type\":\"ImageObject\",\"inLanguage\":\"pt-PT\",\"@id\":\"https:\\\/\\\/automotiverevista.pt\\\/#\\\/schema\\\/logo\\\/image\\\/\",\"url\":\"https:\\\/\\\/automotiverevista.pt\\\/wp-content\\\/uploads\\\/2022\\\/07\\\/Logo-Automotive-2021_500-1.jpg\",\"contentUrl\":\"https:\\\/\\\/automotiverevista.pt\\\/wp-content\\\/uploads\\\/2022\\\/07\\\/Logo-Automotive-2021_500-1.jpg\",\"width\":500,\"height\":160,\"caption\":\"Revista Automotive Portugal\"},\"image\":{\"@id\":\"https:\\\/\\\/automotiverevista.pt\\\/#\\\/schema\\\/logo\\\/image\\\/\"},\"sameAs\":[\"https:\\\/\\\/linkedin.com\\\/in\\\/automotiverevista\"]},{\"@type\":\"Person\",\"@id\":\"https:\\\/\\\/automotiverevista.pt\\\/#\\\/schema\\\/person\\\/1265858bc8c78a0f969de814da8be281\",\"name\":\"adminNovo\",\"image\":{\"@type\":\"ImageObject\",\"inLanguage\":\"pt-PT\",\"@id\":\"https:\\\/\\\/secure.gravatar.com\\\/avatar\\\/c606c1288dcc11eb4c709aa5136fdb962583c410f5c23c0b7bf6917c542be355?s=96&d=mm&r=g\",\"url\":\"https:\\\/\\\/secure.gravatar.com\\\/avatar\\\/c606c1288dcc11eb4c709aa5136fdb962583c410f5c23c0b7bf6917c542be355?s=96&d=mm&r=g\",\"contentUrl\":\"https:\\\/\\\/secure.gravatar.com\\\/avatar\\\/c606c1288dcc11eb4c709aa5136fdb962583c410f5c23c0b7bf6917c542be355?s=96&d=mm&r=g\",\"caption\":\"adminNovo\"},\"sameAs\":[\"https:\\\/\\\/automotiverevista.pt\"],\"url\":\"https:\\\/\\\/automotiverevista.pt\\\/index.php\\\/author\\\/adminnovo\\\/\"}]}<\/script>\n<!-- \/ Yoast SEO Premium plugin. -->","yoast_head_json":{"title":"Compet\u00eancia, envergadura e recursos da Stellantis de Mangualde - Revista Automotive","robots":{"index":"index","follow":"follow","max-snippet":"max-snippet:-1","max-image-preview":"max-image-preview:large","max-video-preview":"max-video-preview:-1"},"canonical":"https:\/\/automotiverevista.pt\/index.php\/2025\/01\/09\/competencia-envergadura-e-recursos-da-stellantis-de-mangualde\/","og_locale":"pt_PT","og_type":"article","og_title":"Compet\u00eancia, envergadura e recursos da Stellantis de Mangualde","og_description":"O Centro de Produ\u00e7\u00e3o de Mangualde foi distinguido pela Revista Automotive com o galard\u00e3o \u201cPr\u00e9mio Fleet &amp; Service \u2013 Made in Portugal\u201d, pela sua valoriza\u00e7\u00e3o da produ\u00e7\u00e3o nacional em 2022. E \u00e9 nessa continuidade que a f\u00e1brica Stellantis de Mangualde terminou o ano de 2024 com o maior registo, com a produ\u00e7\u00e3o de cerca de [&hellip;]","og_url":"https:\/\/automotiverevista.pt\/index.php\/2025\/01\/09\/competencia-envergadura-e-recursos-da-stellantis-de-mangualde\/","og_site_name":"Revista Automotive","article_published_time":"2025-01-09T11:44:14+00:00","article_modified_time":"2025-01-09T11:44:16+00:00","og_image":[{"width":1400,"height":788,"url":"https:\/\/automotiverevista.pt\/wp-content\/uploads\/2025\/01\/DJI_0036.jpg","type":"image\/jpeg"}],"author":"adminNovo","twitter_card":"summary_large_image","twitter_misc":{"Escrito por":"adminNovo","Tempo estimado de leitura":"3 minutos"},"schema":{"@context":"https:\/\/schema.org","@graph":[{"@type":"Article","@id":"https:\/\/automotiverevista.pt\/index.php\/2025\/01\/09\/competencia-envergadura-e-recursos-da-stellantis-de-mangualde\/#article","isPartOf":{"@id":"https:\/\/automotiverevista.pt\/index.php\/2025\/01\/09\/competencia-envergadura-e-recursos-da-stellantis-de-mangualde\/"},"author":{"name":"adminNovo","@id":"https:\/\/automotiverevista.pt\/#\/schema\/person\/1265858bc8c78a0f969de814da8be281"},"headline":"Compet\u00eancia, envergadura e recursos da Stellantis de Mangualde","datePublished":"2025-01-09T11:44:14+00:00","dateModified":"2025-01-09T11:44:16+00:00","mainEntityOfPage":{"@id":"https:\/\/automotiverevista.pt\/index.php\/2025\/01\/09\/competencia-envergadura-e-recursos-da-stellantis-de-mangualde\/"},"wordCount":361,"publisher":{"@id":"https:\/\/automotiverevista.pt\/#organization"},"image":{"@id":"https:\/\/automotiverevista.pt\/index.php\/2025\/01\/09\/competencia-envergadura-e-recursos-da-stellantis-de-mangualde\/#primaryimage"},"thumbnailUrl":"https:\/\/automotiverevista.pt\/wp-content\/uploads\/2025\/01\/DJI_0036.jpg","articleSection":["Frotas"],"inLanguage":"pt-PT"},{"@type":"WebPage","@id":"https:\/\/automotiverevista.pt\/index.php\/2025\/01\/09\/competencia-envergadura-e-recursos-da-stellantis-de-mangualde\/","url":"https:\/\/automotiverevista.pt\/index.php\/2025\/01\/09\/competencia-envergadura-e-recursos-da-stellantis-de-mangualde\/","name":"Compet\u00eancia, envergadura e recursos da Stellantis de Mangualde - Revista Automotive","isPartOf":{"@id":"https:\/\/automotiverevista.pt\/#website"},"primaryImageOfPage":{"@id":"https:\/\/automotiverevista.pt\/index.php\/2025\/01\/09\/competencia-envergadura-e-recursos-da-stellantis-de-mangualde\/#primaryimage"},"image":{"@id":"https:\/\/automotiverevista.pt\/index.php\/2025\/01\/09\/competencia-envergadura-e-recursos-da-stellantis-de-mangualde\/#primaryimage"},"thumbnailUrl":"https:\/\/automotiverevista.pt\/wp-content\/uploads\/2025\/01\/DJI_0036.jpg","datePublished":"2025-01-09T11:44:14+00:00","dateModified":"2025-01-09T11:44:16+00:00","breadcrumb":{"@id":"https:\/\/automotiverevista.pt\/index.php\/2025\/01\/09\/competencia-envergadura-e-recursos-da-stellantis-de-mangualde\/#breadcrumb"},"inLanguage":"pt-PT","potentialAction":[{"@type":"ReadAction","target":["https:\/\/automotiverevista.pt\/index.php\/2025\/01\/09\/competencia-envergadura-e-recursos-da-stellantis-de-mangualde\/"]}]},{"@type":"ImageObject","inLanguage":"pt-PT","@id":"https:\/\/automotiverevista.pt\/index.php\/2025\/01\/09\/competencia-envergadura-e-recursos-da-stellantis-de-mangualde\/#primaryimage","url":"https:\/\/automotiverevista.pt\/wp-content\/uploads\/2025\/01\/DJI_0036.jpg","contentUrl":"https:\/\/automotiverevista.pt\/wp-content\/uploads\/2025\/01\/DJI_0036.jpg","width":1400,"height":788},{"@type":"BreadcrumbList","@id":"https:\/\/automotiverevista.pt\/index.php\/2025\/01\/09\/competencia-envergadura-e-recursos-da-stellantis-de-mangualde\/#breadcrumb","itemListElement":[{"@type":"ListItem","position":1,"name":"Home","item":"https:\/\/automotiverevista.pt\/"},{"@type":"ListItem","position":2,"name":"Compet\u00eancia, envergadura e recursos da Stellantis de Mangualde"}]},{"@type":"WebSite","@id":"https:\/\/automotiverevista.pt\/#website","url":"https:\/\/automotiverevista.pt\/","name":"Revista Automotive","description":"Revista Automotive Portugal","publisher":{"@id":"https:\/\/automotiverevista.pt\/#organization"},"potentialAction":[{"@type":"SearchAction","target":{"@type":"EntryPoint","urlTemplate":"https:\/\/automotiverevista.pt\/?s={search_term_string}"},"query-input":{"@type":"PropertyValueSpecification","valueRequired":true,"valueName":"search_term_string"}}],"inLanguage":"pt-PT"},{"@type":"Organization","@id":"https:\/\/automotiverevista.pt\/#organization","name":"Revista Automotive Portugal","url":"https:\/\/automotiverevista.pt\/","logo":{"@type":"ImageObject","inLanguage":"pt-PT","@id":"https:\/\/automotiverevista.pt\/#\/schema\/logo\/image\/","url":"https:\/\/automotiverevista.pt\/wp-content\/uploads\/2022\/07\/Logo-Automotive-2021_500-1.jpg","contentUrl":"https:\/\/automotiverevista.pt\/wp-content\/uploads\/2022\/07\/Logo-Automotive-2021_500-1.jpg","width":500,"height":160,"caption":"Revista Automotive Portugal"},"image":{"@id":"https:\/\/automotiverevista.pt\/#\/schema\/logo\/image\/"},"sameAs":["https:\/\/linkedin.com\/in\/automotiverevista"]},{"@type":"Person","@id":"https:\/\/automotiverevista.pt\/#\/schema\/person\/1265858bc8c78a0f969de814da8be281","name":"adminNovo","image":{"@type":"ImageObject","inLanguage":"pt-PT","@id":"https:\/\/secure.gravatar.com\/avatar\/c606c1288dcc11eb4c709aa5136fdb962583c410f5c23c0b7bf6917c542be355?s=96&d=mm&r=g","url":"https:\/\/secure.gravatar.com\/avatar\/c606c1288dcc11eb4c709aa5136fdb962583c410f5c23c0b7bf6917c542be355?s=96&d=mm&r=g","contentUrl":"https:\/\/secure.gravatar.com\/avatar\/c606c1288dcc11eb4c709aa5136fdb962583c410f5c23c0b7bf6917c542be355?s=96&d=mm&r=g","caption":"adminNovo"},"sameAs":["https:\/\/automotiverevista.pt"],"url":"https:\/\/automotiverevista.pt\/index.php\/author\/adminnovo\/"}]}},"_links":{"self":[{"href":"https:\/\/automotiverevista.pt\/index.php\/wp-json\/wp\/v2\/posts\/8353","targetHints":{"allow":["GET"]}}],"collection":[{"href":"https:\/\/automotiverevista.pt\/index.php\/wp-json\/wp\/v2\/posts"}],"about":[{"href":"https:\/\/automotiverevista.pt\/index.php\/wp-json\/wp\/v2\/types\/post"}],"author":[{"embeddable":true,"href":"https:\/\/automotiverevista.pt\/index.php\/wp-json\/wp\/v2\/users\/1"}],"replies":[{"embeddable":true,"href":"https:\/\/automotiverevista.pt\/index.php\/wp-json\/wp\/v2\/comments?post=8353"}],"version-history":[{"count":3,"href":"https:\/\/automotiverevista.pt\/index.php\/wp-json\/wp\/v2\/posts\/8353\/revisions"}],"predecessor-version":[{"id":8359,"href":"https:\/\/automotiverevista.pt\/index.php\/wp-json\/wp\/v2\/posts\/8353\/revisions\/8359"}],"wp:featuredmedia":[{"embeddable":true,"href":"https:\/\/automotiverevista.pt\/index.php\/wp-json\/wp\/v2\/media\/8354"}],"wp:attachment":[{"href":"https:\/\/automotiverevista.pt\/index.php\/wp-json\/wp\/v2\/media?parent=8353"}],"wp:term":[{"taxonomy":"category","embeddable":true,"href":"https:\/\/automotiverevista.pt\/index.php\/wp-json\/wp\/v2\/categories?post=8353"},{"taxonomy":"post_tag","embeddable":true,"href":"https:\/\/automotiverevista.pt\/index.php\/wp-json\/wp\/v2\/tags?post=8353"}],"curies":[{"name":"wp","href":"https:\/\/api.w.org\/{rel}","templated":true}]}}