{"id":8419,"date":"2025-01-20T10:00:00","date_gmt":"2025-01-20T10:00:00","guid":{"rendered":"https:\/\/automotiverevista.pt\/?p=8419"},"modified":"2025-01-10T19:19:17","modified_gmt":"2025-01-10T19:19:17","slug":"allianz-e-mazda-parceria-para-assistencia-em-viagem","status":"publish","type":"post","link":"https:\/\/automotiverevista.pt\/index.php\/2025\/01\/20\/allianz-e-mazda-parceria-para-assistencia-em-viagem\/","title":{"rendered":"Allianz e Mazda parceria para assist\u00eancia em viagem"},"content":{"rendered":"\n<p><strong>Wojciech Halarewicz, da Mazda Motor Europe<\/strong>, destaca &#8220;a vantagem de ter um Mazda, n\u00e3o s\u00f3 pela qualidade do produto, mas pela responsabilidade e compromisso que a Mazda proporciona durante toda a propriedade do ve\u00edculo. A parceria visa minimizar o impacto de eventuais imprevistos para os nossos clientes; garantir viagens seguras e que n\u00e3o viajar\u00e3o sozinhos, pois a Mazda assegura um apoio de elevada qualidade tendo a Allianz Partners, como parceira&#8221;.<\/p>\n\n\n\n<figure class=\"wp-block-image size-large is-resized is-style-default\"><img decoding=\"async\" width=\"706\" height=\"1024\" src=\"https:\/\/automotiverevista.pt\/wp-content\/uploads\/2025\/01\/image-5-706x1024.png\" alt=\"\" class=\"wp-image-8421\" style=\"width:182px;height:auto\" srcset=\"https:\/\/automotiverevista.pt\/wp-content\/uploads\/2025\/01\/image-5-706x1024.png 706w, https:\/\/automotiverevista.pt\/wp-content\/uploads\/2025\/01\/image-5-207x300.png 207w, https:\/\/automotiverevista.pt\/wp-content\/uploads\/2025\/01\/image-5-768x1115.png 768w, https:\/\/automotiverevista.pt\/wp-content\/uploads\/2025\/01\/image-5-1058x1536.png 1058w, https:\/\/automotiverevista.pt\/wp-content\/uploads\/2025\/01\/image-5-1411x2048.png 1411w, https:\/\/automotiverevista.pt\/wp-content\/uploads\/2025\/01\/image-5-750x1088.png 750w, https:\/\/automotiverevista.pt\/wp-content\/uploads\/2025\/01\/image-5-1140x1654.png 1140w, https:\/\/automotiverevista.pt\/wp-content\/uploads\/2025\/01\/image-5.png 1631w\" sizes=\"(max-width: 706px) 100vw, 706px\" \/><figcaption class=\"wp-element-caption\">Wojciech Halarewicz<\/figcaption><\/figure>\n\n\n\n<p>A Allianz Partners e a Mazda Motor Europe estabeleceram uma parceria europeia para assist\u00eancia em viagem. Este acordo refor\u00e7a mais de 20 anos de colabora\u00e7\u00e3o e expande a parceria para novos mercados, incluindo Pol\u00f3nia, Pa\u00edses Baixos e Portugal.<\/p>\n\n\n\n<p>O programa de assist\u00eancia em viagem da Mazda, dispon\u00edvel no primeiro ano ap\u00f3s a compra do ve\u00edculo e ap\u00f3s cada inspe\u00e7\u00e3o anual em servi\u00e7os autorizados, assegura que, em caso de avaria ou acidente, os clientes t\u00eam acesso a servi\u00e7os como repara\u00e7\u00e3o na estrada, reboque para Centros Mazda e ve\u00edculos de substitui\u00e7\u00e3o ou transporte alternativo, garantindo rapidez e sem complica\u00e7\u00f5es. Nos pr\u00f3ximos meses, os servi\u00e7os digitais de assist\u00eancia ser\u00e3o integrados na aplica\u00e7\u00e3o MyMazda, permitindo aos clientes reportar incidentes, solicitar assist\u00eancia e acompanhar os casos de forma simples e pr\u00e1tica.<\/p>\n\n\n\n<p><strong>Jean-Marc Pailhol, da Allianz Partners<\/strong>, destacou a import\u00e2ncia desta parceria: \u201cEste acordo harmoniza servi\u00e7os premium em todos os mercados europeus onde os clientes Mazda podem beneficiar do programa Premium Road Side Assistance\u201d.<\/p>\n\n\n\n<p><\/p>\n","protected":false},"excerpt":{"rendered":"<p>Wojciech Halarewicz, da Mazda Motor Europe, destaca &#8220;a vantagem de ter um Mazda, n\u00e3o s\u00f3 pela qualidade do produto, mas pela responsabilidade e compromisso que a Mazda proporciona durante toda a propriedade do ve\u00edculo. A parceria visa minimizar o impacto de eventuais imprevistos para os nossos clientes; garantir viagens seguras e que n\u00e3o viajar\u00e3o sozinhos, [&hellip;]<\/p>\n","protected":false},"author":4,"featured_media":8424,"comment_status":"closed","ping_status":"open","sticky":false,"template":"","format":"standard","meta":{"jnews-multi-image_gallery":[],"jnews_single_post":{"format":"standard"},"jnews_primary_category":[],"footnotes":""},"categories":[23],"tags":[],"class_list":["post-8419","post","type-post","status-publish","format-standard","has-post-thumbnail","hentry","category-frotas"],"yoast_head":"<!-- This site is optimized with the Yoast SEO Premium plugin v27.5 (Yoast SEO v27.5) - https:\/\/yoast.com\/product\/yoast-seo-premium-wordpress\/ -->\n<title>Allianz e Mazda parceria para assist\u00eancia em viagem - Revista Automotive<\/title>\n<meta name=\"robots\" content=\"index, follow, max-snippet:-1, max-image-preview:large, max-video-preview:-1\" \/>\n<link rel=\"canonical\" href=\"https:\/\/automotiverevista.pt\/index.php\/2025\/01\/20\/allianz-e-mazda-parceria-para-assistencia-em-viagem\/\" \/>\n<meta property=\"og:locale\" content=\"pt_PT\" \/>\n<meta property=\"og:type\" content=\"article\" \/>\n<meta property=\"og:title\" content=\"Allianz e Mazda parceria para assist\u00eancia em viagem\" \/>\n<meta property=\"og:description\" content=\"Wojciech Halarewicz, da Mazda Motor Europe, destaca &#8220;a vantagem de ter um Mazda, n\u00e3o s\u00f3 pela qualidade do produto, mas pela responsabilidade e compromisso que a Mazda proporciona durante toda a propriedade do ve\u00edculo. A parceria visa minimizar o impacto de eventuais imprevistos para os nossos clientes; garantir viagens seguras e que n\u00e3o viajar\u00e3o sozinhos, [&hellip;]\" \/>\n<meta property=\"og:url\" content=\"https:\/\/automotiverevista.pt\/index.php\/2025\/01\/20\/allianz-e-mazda-parceria-para-assistencia-em-viagem\/\" \/>\n<meta property=\"og:site_name\" content=\"Revista Automotive\" \/>\n<meta property=\"article:published_time\" content=\"2025-01-20T10:00:00+00:00\" \/>\n<meta property=\"og:image\" content=\"https:\/\/automotiverevista.pt\/wp-content\/uploads\/2025\/01\/h.jpg\" \/>\n\t<meta property=\"og:image:width\" content=\"1382\" \/>\n\t<meta property=\"og:image:height\" content=\"680\" \/>\n\t<meta property=\"og:image:type\" content=\"image\/jpeg\" \/>\n<meta name=\"author\" content=\"Fatima Silva\" \/>\n<meta name=\"twitter:card\" content=\"summary_large_image\" \/>\n<meta name=\"twitter:label1\" content=\"Escrito por\" \/>\n\t<meta name=\"twitter:data1\" content=\"Fatima Silva\" \/>\n\t<meta name=\"twitter:label2\" content=\"Tempo estimado de leitura\" \/>\n\t<meta name=\"twitter:data2\" content=\"2 minutos\" \/>\n<script type=\"application\/ld+json\" class=\"yoast-schema-graph\">{\"@context\":\"https:\\\/\\\/schema.org\",\"@graph\":[{\"@type\":\"Article\",\"@id\":\"https:\\\/\\\/automotiverevista.pt\\\/index.php\\\/2025\\\/01\\\/20\\\/allianz-e-mazda-parceria-para-assistencia-em-viagem\\\/#article\",\"isPartOf\":{\"@id\":\"https:\\\/\\\/automotiverevista.pt\\\/index.php\\\/2025\\\/01\\\/20\\\/allianz-e-mazda-parceria-para-assistencia-em-viagem\\\/\"},\"author\":{\"name\":\"Fatima Silva\",\"@id\":\"https:\\\/\\\/automotiverevista.pt\\\/#\\\/schema\\\/person\\\/1e95eb12553b8edd256acb00fe6dad4b\"},\"headline\":\"Allianz e Mazda parceria para assist\u00eancia em viagem\",\"datePublished\":\"2025-01-20T10:00:00+00:00\",\"mainEntityOfPage\":{\"@id\":\"https:\\\/\\\/automotiverevista.pt\\\/index.php\\\/2025\\\/01\\\/20\\\/allianz-e-mazda-parceria-para-assistencia-em-viagem\\\/\"},\"wordCount\":269,\"publisher\":{\"@id\":\"https:\\\/\\\/automotiverevista.pt\\\/#organization\"},\"image\":{\"@id\":\"https:\\\/\\\/automotiverevista.pt\\\/index.php\\\/2025\\\/01\\\/20\\\/allianz-e-mazda-parceria-para-assistencia-em-viagem\\\/#primaryimage\"},\"thumbnailUrl\":\"https:\\\/\\\/automotiverevista.pt\\\/wp-content\\\/uploads\\\/2025\\\/01\\\/h.jpg\",\"articleSection\":[\"Frotas\"],\"inLanguage\":\"pt-PT\"},{\"@type\":\"WebPage\",\"@id\":\"https:\\\/\\\/automotiverevista.pt\\\/index.php\\\/2025\\\/01\\\/20\\\/allianz-e-mazda-parceria-para-assistencia-em-viagem\\\/\",\"url\":\"https:\\\/\\\/automotiverevista.pt\\\/index.php\\\/2025\\\/01\\\/20\\\/allianz-e-mazda-parceria-para-assistencia-em-viagem\\\/\",\"name\":\"Allianz e Mazda parceria para assist\u00eancia em viagem - Revista Automotive\",\"isPartOf\":{\"@id\":\"https:\\\/\\\/automotiverevista.pt\\\/#website\"},\"primaryImageOfPage\":{\"@id\":\"https:\\\/\\\/automotiverevista.pt\\\/index.php\\\/2025\\\/01\\\/20\\\/allianz-e-mazda-parceria-para-assistencia-em-viagem\\\/#primaryimage\"},\"image\":{\"@id\":\"https:\\\/\\\/automotiverevista.pt\\\/index.php\\\/2025\\\/01\\\/20\\\/allianz-e-mazda-parceria-para-assistencia-em-viagem\\\/#primaryimage\"},\"thumbnailUrl\":\"https:\\\/\\\/automotiverevista.pt\\\/wp-content\\\/uploads\\\/2025\\\/01\\\/h.jpg\",\"datePublished\":\"2025-01-20T10:00:00+00:00\",\"breadcrumb\":{\"@id\":\"https:\\\/\\\/automotiverevista.pt\\\/index.php\\\/2025\\\/01\\\/20\\\/allianz-e-mazda-parceria-para-assistencia-em-viagem\\\/#breadcrumb\"},\"inLanguage\":\"pt-PT\",\"potentialAction\":[{\"@type\":\"ReadAction\",\"target\":[\"https:\\\/\\\/automotiverevista.pt\\\/index.php\\\/2025\\\/01\\\/20\\\/allianz-e-mazda-parceria-para-assistencia-em-viagem\\\/\"]}]},{\"@type\":\"ImageObject\",\"inLanguage\":\"pt-PT\",\"@id\":\"https:\\\/\\\/automotiverevista.pt\\\/index.php\\\/2025\\\/01\\\/20\\\/allianz-e-mazda-parceria-para-assistencia-em-viagem\\\/#primaryimage\",\"url\":\"https:\\\/\\\/automotiverevista.pt\\\/wp-content\\\/uploads\\\/2025\\\/01\\\/h.jpg\",\"contentUrl\":\"https:\\\/\\\/automotiverevista.pt\\\/wp-content\\\/uploads\\\/2025\\\/01\\\/h.jpg\",\"width\":1382,\"height\":680},{\"@type\":\"BreadcrumbList\",\"@id\":\"https:\\\/\\\/automotiverevista.pt\\\/index.php\\\/2025\\\/01\\\/20\\\/allianz-e-mazda-parceria-para-assistencia-em-viagem\\\/#breadcrumb\",\"itemListElement\":[{\"@type\":\"ListItem\",\"position\":1,\"name\":\"Home\",\"item\":\"https:\\\/\\\/automotiverevista.pt\\\/\"},{\"@type\":\"ListItem\",\"position\":2,\"name\":\"Allianz e Mazda parceria para assist\u00eancia em viagem\"}]},{\"@type\":\"WebSite\",\"@id\":\"https:\\\/\\\/automotiverevista.pt\\\/#website\",\"url\":\"https:\\\/\\\/automotiverevista.pt\\\/\",\"name\":\"Revista Automotive\",\"description\":\"Revista Automotive Portugal\",\"publisher\":{\"@id\":\"https:\\\/\\\/automotiverevista.pt\\\/#organization\"},\"potentialAction\":[{\"@type\":\"SearchAction\",\"target\":{\"@type\":\"EntryPoint\",\"urlTemplate\":\"https:\\\/\\\/automotiverevista.pt\\\/?s={search_term_string}\"},\"query-input\":{\"@type\":\"PropertyValueSpecification\",\"valueRequired\":true,\"valueName\":\"search_term_string\"}}],\"inLanguage\":\"pt-PT\"},{\"@type\":\"Organization\",\"@id\":\"https:\\\/\\\/automotiverevista.pt\\\/#organization\",\"name\":\"Revista Automotive Portugal\",\"url\":\"https:\\\/\\\/automotiverevista.pt\\\/\",\"logo\":{\"@type\":\"ImageObject\",\"inLanguage\":\"pt-PT\",\"@id\":\"https:\\\/\\\/automotiverevista.pt\\\/#\\\/schema\\\/logo\\\/image\\\/\",\"url\":\"https:\\\/\\\/automotiverevista.pt\\\/wp-content\\\/uploads\\\/2022\\\/07\\\/Logo-Automotive-2021_500-1.jpg\",\"contentUrl\":\"https:\\\/\\\/automotiverevista.pt\\\/wp-content\\\/uploads\\\/2022\\\/07\\\/Logo-Automotive-2021_500-1.jpg\",\"width\":500,\"height\":160,\"caption\":\"Revista Automotive Portugal\"},\"image\":{\"@id\":\"https:\\\/\\\/automotiverevista.pt\\\/#\\\/schema\\\/logo\\\/image\\\/\"},\"sameAs\":[\"https:\\\/\\\/linkedin.com\\\/in\\\/automotiverevista\"]},{\"@type\":\"Person\",\"@id\":\"https:\\\/\\\/automotiverevista.pt\\\/#\\\/schema\\\/person\\\/1e95eb12553b8edd256acb00fe6dad4b\",\"name\":\"Fatima Silva\",\"image\":{\"@type\":\"ImageObject\",\"inLanguage\":\"pt-PT\",\"@id\":\"https:\\\/\\\/secure.gravatar.com\\\/avatar\\\/4b4a955a9c1b66708ab0dd3bd6181ac1f650299d893bd337a28482f7f19c8511?s=96&d=mm&r=g\",\"url\":\"https:\\\/\\\/secure.gravatar.com\\\/avatar\\\/4b4a955a9c1b66708ab0dd3bd6181ac1f650299d893bd337a28482f7f19c8511?s=96&d=mm&r=g\",\"contentUrl\":\"https:\\\/\\\/secure.gravatar.com\\\/avatar\\\/4b4a955a9c1b66708ab0dd3bd6181ac1f650299d893bd337a28482f7f19c8511?s=96&d=mm&r=g\",\"caption\":\"Fatima Silva\"},\"url\":\"https:\\\/\\\/automotiverevista.pt\\\/index.php\\\/author\\\/fgasparsilva\\\/\"}]}<\/script>\n<!-- \/ Yoast SEO Premium plugin. -->","yoast_head_json":{"title":"Allianz e Mazda parceria para assist\u00eancia em viagem - Revista Automotive","robots":{"index":"index","follow":"follow","max-snippet":"max-snippet:-1","max-image-preview":"max-image-preview:large","max-video-preview":"max-video-preview:-1"},"canonical":"https:\/\/automotiverevista.pt\/index.php\/2025\/01\/20\/allianz-e-mazda-parceria-para-assistencia-em-viagem\/","og_locale":"pt_PT","og_type":"article","og_title":"Allianz e Mazda parceria para assist\u00eancia em viagem","og_description":"Wojciech Halarewicz, da Mazda Motor Europe, destaca &#8220;a vantagem de ter um Mazda, n\u00e3o s\u00f3 pela qualidade do produto, mas pela responsabilidade e compromisso que a Mazda proporciona durante toda a propriedade do ve\u00edculo. A parceria visa minimizar o impacto de eventuais imprevistos para os nossos clientes; garantir viagens seguras e que n\u00e3o viajar\u00e3o sozinhos, [&hellip;]","og_url":"https:\/\/automotiverevista.pt\/index.php\/2025\/01\/20\/allianz-e-mazda-parceria-para-assistencia-em-viagem\/","og_site_name":"Revista Automotive","article_published_time":"2025-01-20T10:00:00+00:00","og_image":[{"width":1382,"height":680,"url":"https:\/\/automotiverevista.pt\/wp-content\/uploads\/2025\/01\/h.jpg","type":"image\/jpeg"}],"author":"Fatima Silva","twitter_card":"summary_large_image","twitter_misc":{"Escrito por":"Fatima Silva","Tempo estimado de leitura":"2 minutos"},"schema":{"@context":"https:\/\/schema.org","@graph":[{"@type":"Article","@id":"https:\/\/automotiverevista.pt\/index.php\/2025\/01\/20\/allianz-e-mazda-parceria-para-assistencia-em-viagem\/#article","isPartOf":{"@id":"https:\/\/automotiverevista.pt\/index.php\/2025\/01\/20\/allianz-e-mazda-parceria-para-assistencia-em-viagem\/"},"author":{"name":"Fatima Silva","@id":"https:\/\/automotiverevista.pt\/#\/schema\/person\/1e95eb12553b8edd256acb00fe6dad4b"},"headline":"Allianz e Mazda parceria para assist\u00eancia em viagem","datePublished":"2025-01-20T10:00:00+00:00","mainEntityOfPage":{"@id":"https:\/\/automotiverevista.pt\/index.php\/2025\/01\/20\/allianz-e-mazda-parceria-para-assistencia-em-viagem\/"},"wordCount":269,"publisher":{"@id":"https:\/\/automotiverevista.pt\/#organization"},"image":{"@id":"https:\/\/automotiverevista.pt\/index.php\/2025\/01\/20\/allianz-e-mazda-parceria-para-assistencia-em-viagem\/#primaryimage"},"thumbnailUrl":"https:\/\/automotiverevista.pt\/wp-content\/uploads\/2025\/01\/h.jpg","articleSection":["Frotas"],"inLanguage":"pt-PT"},{"@type":"WebPage","@id":"https:\/\/automotiverevista.pt\/index.php\/2025\/01\/20\/allianz-e-mazda-parceria-para-assistencia-em-viagem\/","url":"https:\/\/automotiverevista.pt\/index.php\/2025\/01\/20\/allianz-e-mazda-parceria-para-assistencia-em-viagem\/","name":"Allianz e Mazda parceria para assist\u00eancia em viagem - Revista Automotive","isPartOf":{"@id":"https:\/\/automotiverevista.pt\/#website"},"primaryImageOfPage":{"@id":"https:\/\/automotiverevista.pt\/index.php\/2025\/01\/20\/allianz-e-mazda-parceria-para-assistencia-em-viagem\/#primaryimage"},"image":{"@id":"https:\/\/automotiverevista.pt\/index.php\/2025\/01\/20\/allianz-e-mazda-parceria-para-assistencia-em-viagem\/#primaryimage"},"thumbnailUrl":"https:\/\/automotiverevista.pt\/wp-content\/uploads\/2025\/01\/h.jpg","datePublished":"2025-01-20T10:00:00+00:00","breadcrumb":{"@id":"https:\/\/automotiverevista.pt\/index.php\/2025\/01\/20\/allianz-e-mazda-parceria-para-assistencia-em-viagem\/#breadcrumb"},"inLanguage":"pt-PT","potentialAction":[{"@type":"ReadAction","target":["https:\/\/automotiverevista.pt\/index.php\/2025\/01\/20\/allianz-e-mazda-parceria-para-assistencia-em-viagem\/"]}]},{"@type":"ImageObject","inLanguage":"pt-PT","@id":"https:\/\/automotiverevista.pt\/index.php\/2025\/01\/20\/allianz-e-mazda-parceria-para-assistencia-em-viagem\/#primaryimage","url":"https:\/\/automotiverevista.pt\/wp-content\/uploads\/2025\/01\/h.jpg","contentUrl":"https:\/\/automotiverevista.pt\/wp-content\/uploads\/2025\/01\/h.jpg","width":1382,"height":680},{"@type":"BreadcrumbList","@id":"https:\/\/automotiverevista.pt\/index.php\/2025\/01\/20\/allianz-e-mazda-parceria-para-assistencia-em-viagem\/#breadcrumb","itemListElement":[{"@type":"ListItem","position":1,"name":"Home","item":"https:\/\/automotiverevista.pt\/"},{"@type":"ListItem","position":2,"name":"Allianz e Mazda parceria para assist\u00eancia em viagem"}]},{"@type":"WebSite","@id":"https:\/\/automotiverevista.pt\/#website","url":"https:\/\/automotiverevista.pt\/","name":"Revista Automotive","description":"Revista Automotive Portugal","publisher":{"@id":"https:\/\/automotiverevista.pt\/#organization"},"potentialAction":[{"@type":"SearchAction","target":{"@type":"EntryPoint","urlTemplate":"https:\/\/automotiverevista.pt\/?s={search_term_string}"},"query-input":{"@type":"PropertyValueSpecification","valueRequired":true,"valueName":"search_term_string"}}],"inLanguage":"pt-PT"},{"@type":"Organization","@id":"https:\/\/automotiverevista.pt\/#organization","name":"Revista Automotive Portugal","url":"https:\/\/automotiverevista.pt\/","logo":{"@type":"ImageObject","inLanguage":"pt-PT","@id":"https:\/\/automotiverevista.pt\/#\/schema\/logo\/image\/","url":"https:\/\/automotiverevista.pt\/wp-content\/uploads\/2022\/07\/Logo-Automotive-2021_500-1.jpg","contentUrl":"https:\/\/automotiverevista.pt\/wp-content\/uploads\/2022\/07\/Logo-Automotive-2021_500-1.jpg","width":500,"height":160,"caption":"Revista Automotive Portugal"},"image":{"@id":"https:\/\/automotiverevista.pt\/#\/schema\/logo\/image\/"},"sameAs":["https:\/\/linkedin.com\/in\/automotiverevista"]},{"@type":"Person","@id":"https:\/\/automotiverevista.pt\/#\/schema\/person\/1e95eb12553b8edd256acb00fe6dad4b","name":"Fatima Silva","image":{"@type":"ImageObject","inLanguage":"pt-PT","@id":"https:\/\/secure.gravatar.com\/avatar\/4b4a955a9c1b66708ab0dd3bd6181ac1f650299d893bd337a28482f7f19c8511?s=96&d=mm&r=g","url":"https:\/\/secure.gravatar.com\/avatar\/4b4a955a9c1b66708ab0dd3bd6181ac1f650299d893bd337a28482f7f19c8511?s=96&d=mm&r=g","contentUrl":"https:\/\/secure.gravatar.com\/avatar\/4b4a955a9c1b66708ab0dd3bd6181ac1f650299d893bd337a28482f7f19c8511?s=96&d=mm&r=g","caption":"Fatima Silva"},"url":"https:\/\/automotiverevista.pt\/index.php\/author\/fgasparsilva\/"}]}},"_links":{"self":[{"href":"https:\/\/automotiverevista.pt\/index.php\/wp-json\/wp\/v2\/posts\/8419","targetHints":{"allow":["GET"]}}],"collection":[{"href":"https:\/\/automotiverevista.pt\/index.php\/wp-json\/wp\/v2\/posts"}],"about":[{"href":"https:\/\/automotiverevista.pt\/index.php\/wp-json\/wp\/v2\/types\/post"}],"author":[{"embeddable":true,"href":"https:\/\/automotiverevista.pt\/index.php\/wp-json\/wp\/v2\/users\/4"}],"replies":[{"embeddable":true,"href":"https:\/\/automotiverevista.pt\/index.php\/wp-json\/wp\/v2\/comments?post=8419"}],"version-history":[{"count":5,"href":"https:\/\/automotiverevista.pt\/index.php\/wp-json\/wp\/v2\/posts\/8419\/revisions"}],"predecessor-version":[{"id":8477,"href":"https:\/\/automotiverevista.pt\/index.php\/wp-json\/wp\/v2\/posts\/8419\/revisions\/8477"}],"wp:featuredmedia":[{"embeddable":true,"href":"https:\/\/automotiverevista.pt\/index.php\/wp-json\/wp\/v2\/media\/8424"}],"wp:attachment":[{"href":"https:\/\/automotiverevista.pt\/index.php\/wp-json\/wp\/v2\/media?parent=8419"}],"wp:term":[{"taxonomy":"category","embeddable":true,"href":"https:\/\/automotiverevista.pt\/index.php\/wp-json\/wp\/v2\/categories?post=8419"},{"taxonomy":"post_tag","embeddable":true,"href":"https:\/\/automotiverevista.pt\/index.php\/wp-json\/wp\/v2\/tags?post=8419"}],"curies":[{"name":"wp","href":"https:\/\/api.w.org\/{rel}","templated":true}]}}