{"id":8449,"date":"2025-01-17T12:44:00","date_gmt":"2025-01-17T12:44:00","guid":{"rendered":"https:\/\/automotiverevista.pt\/?p=8449"},"modified":"2025-01-10T19:17:06","modified_gmt":"2025-01-10T19:17:06","slug":"toyota-urban-cruiser-compacto-pratico-e-eficiente","status":"publish","type":"post","link":"https:\/\/automotiverevista.pt\/index.php\/2025\/01\/17\/toyota-urban-cruiser-compacto-pratico-e-eficiente\/","title":{"rendered":"Toyota Urban Cruiser: compacto, pr\u00e1tico e eficiente"},"content":{"rendered":"\n<p>O <strong>Toyota Urban Cruiser<\/strong> \u00e9 um ve\u00edculo para o dia-a-dia nas cidades, oferece dimens\u00f5es compactas, consumo eficiente e tecnologia de ponta. Com um comprimento de cerca de 4m \u00e9 f\u00e1cil de manobrar em ruas estreitas e de estacionar em espa\u00e7os apertados. A bagageira tem cerca de 370 litros de capacidade, que aumentam com os bancos traseiros rebat\u00edveis. Dispon\u00edvel com motoriza\u00e7\u00f5es a gasolina e h\u00edbridas.<\/p>\n\n\n\n<p>O <strong>Urban Cruiser i<\/strong>nclui um ecr\u00e3 t\u00e1til, com Apple CarPlay e Android Auto para integra\u00e7\u00e3o com smartphones, bluetooth, comandos no volante e entradas USB. Utiliza o sistema de pr\u00e9-colis\u00e3o com travagem aut\u00f3noma de emerg\u00eancia; aviso de sa\u00edda de faixa com assist\u00eancia \u00e0 dire\u00e7\u00e3o; controlo de velocidade adaptativo e reconhecimento de sinais de tr\u00e2nsito.<\/p>\n\n\n\n<p>O ar condicionado, os espa\u00e7os de arruma\u00e7\u00e3o e a posi\u00e7\u00e3o de condu\u00e7\u00e3o elevada asseguram conforto e uma visibilidade otimizada. O pre\u00e7o competitivo do <strong>Urban Cruiser;<\/strong> os prov\u00e1veis baixos custos de manuten\u00e7\u00e3o gra\u00e7as \u00e0 fiabilidade Toyota, conhecida por garantir longevidade, prometem um excelente valor de revenda.<\/p>\n\n\n<div class=\"wp-block-image\">\n<figure class=\"aligncenter size-large\"><img decoding=\"async\" width=\"1024\" height=\"767\" src=\"https:\/\/automotiverevista.pt\/wp-content\/uploads\/2025\/01\/Urban-Cruiser-INT_001-1024x767.jpg\" alt=\"\" class=\"wp-image-8451\" srcset=\"https:\/\/automotiverevista.pt\/wp-content\/uploads\/2025\/01\/Urban-Cruiser-INT_001-1024x767.jpg 1024w, https:\/\/automotiverevista.pt\/wp-content\/uploads\/2025\/01\/Urban-Cruiser-INT_001-300x225.jpg 300w, https:\/\/automotiverevista.pt\/wp-content\/uploads\/2025\/01\/Urban-Cruiser-INT_001-768x576.jpg 768w, https:\/\/automotiverevista.pt\/wp-content\/uploads\/2025\/01\/Urban-Cruiser-INT_001-1536x1151.jpg 1536w, https:\/\/automotiverevista.pt\/wp-content\/uploads\/2025\/01\/Urban-Cruiser-INT_001-750x562.jpg 750w, https:\/\/automotiverevista.pt\/wp-content\/uploads\/2025\/01\/Urban-Cruiser-INT_001-1140x854.jpg 1140w, https:\/\/automotiverevista.pt\/wp-content\/uploads\/2025\/01\/Urban-Cruiser-INT_001.jpg 1920w\" sizes=\"(max-width: 1024px) 100vw, 1024px\" \/><\/figure>\n<\/div>","protected":false},"excerpt":{"rendered":"<p>O Toyota Urban Cruiser \u00e9 um ve\u00edculo para o dia-a-dia nas cidades, oferece dimens\u00f5es compactas, consumo eficiente e tecnologia de ponta. Com um comprimento de cerca de 4m \u00e9 f\u00e1cil de manobrar em ruas estreitas e de estacionar em espa\u00e7os apertados. A bagageira tem cerca de 370 litros de capacidade, que aumentam com os bancos [&hellip;]<\/p>\n","protected":false},"author":4,"featured_media":8450,"comment_status":"closed","ping_status":"open","sticky":false,"template":"","format":"standard","meta":{"jnews-multi-image_gallery":[],"jnews_single_post":{"format":"standard"},"jnews_primary_category":[],"footnotes":""},"categories":[23],"tags":[],"class_list":["post-8449","post","type-post","status-publish","format-standard","has-post-thumbnail","hentry","category-frotas"],"yoast_head":"<!-- This site is optimized with the Yoast SEO Premium plugin v27.5 (Yoast SEO v27.5) - https:\/\/yoast.com\/product\/yoast-seo-premium-wordpress\/ -->\n<title>Toyota Urban Cruiser: compacto, pr\u00e1tico e eficiente - Revista Automotive<\/title>\n<meta name=\"robots\" content=\"index, follow, max-snippet:-1, max-image-preview:large, max-video-preview:-1\" \/>\n<link rel=\"canonical\" href=\"https:\/\/automotiverevista.pt\/index.php\/2025\/01\/17\/toyota-urban-cruiser-compacto-pratico-e-eficiente\/\" \/>\n<meta property=\"og:locale\" content=\"pt_PT\" \/>\n<meta property=\"og:type\" content=\"article\" \/>\n<meta property=\"og:title\" content=\"Toyota Urban Cruiser: compacto, pr\u00e1tico e eficiente\" \/>\n<meta property=\"og:description\" content=\"O Toyota Urban Cruiser \u00e9 um ve\u00edculo para o dia-a-dia nas cidades, oferece dimens\u00f5es compactas, consumo eficiente e tecnologia de ponta. Com um comprimento de cerca de 4m \u00e9 f\u00e1cil de manobrar em ruas estreitas e de estacionar em espa\u00e7os apertados. A bagageira tem cerca de 370 litros de capacidade, que aumentam com os bancos [&hellip;]\" \/>\n<meta property=\"og:url\" content=\"https:\/\/automotiverevista.pt\/index.php\/2025\/01\/17\/toyota-urban-cruiser-compacto-pratico-e-eficiente\/\" \/>\n<meta property=\"og:site_name\" content=\"Revista Automotive\" \/>\n<meta property=\"article:published_time\" content=\"2025-01-17T12:44:00+00:00\" \/>\n<meta property=\"og:image\" content=\"https:\/\/automotiverevista.pt\/wp-content\/uploads\/2025\/01\/Urban-Cruiser-HERO_1.jpg\" \/>\n\t<meta property=\"og:image:width\" content=\"1920\" \/>\n\t<meta property=\"og:image:height\" content=\"1439\" \/>\n\t<meta property=\"og:image:type\" content=\"image\/jpeg\" \/>\n<meta name=\"author\" content=\"Fatima Silva\" \/>\n<meta name=\"twitter:card\" content=\"summary_large_image\" \/>\n<meta name=\"twitter:label1\" content=\"Escrito por\" \/>\n\t<meta name=\"twitter:data1\" content=\"Fatima Silva\" \/>\n\t<meta name=\"twitter:label2\" content=\"Tempo estimado de leitura\" \/>\n\t<meta name=\"twitter:data2\" content=\"2 minutos\" \/>\n<script type=\"application\/ld+json\" class=\"yoast-schema-graph\">{\"@context\":\"https:\\\/\\\/schema.org\",\"@graph\":[{\"@type\":\"Article\",\"@id\":\"https:\\\/\\\/automotiverevista.pt\\\/index.php\\\/2025\\\/01\\\/17\\\/toyota-urban-cruiser-compacto-pratico-e-eficiente\\\/#article\",\"isPartOf\":{\"@id\":\"https:\\\/\\\/automotiverevista.pt\\\/index.php\\\/2025\\\/01\\\/17\\\/toyota-urban-cruiser-compacto-pratico-e-eficiente\\\/\"},\"author\":{\"name\":\"Fatima Silva\",\"@id\":\"https:\\\/\\\/automotiverevista.pt\\\/#\\\/schema\\\/person\\\/1e95eb12553b8edd256acb00fe6dad4b\"},\"headline\":\"Toyota Urban Cruiser: compacto, pr\u00e1tico e eficiente\",\"datePublished\":\"2025-01-17T12:44:00+00:00\",\"mainEntityOfPage\":{\"@id\":\"https:\\\/\\\/automotiverevista.pt\\\/index.php\\\/2025\\\/01\\\/17\\\/toyota-urban-cruiser-compacto-pratico-e-eficiente\\\/\"},\"wordCount\":191,\"publisher\":{\"@id\":\"https:\\\/\\\/automotiverevista.pt\\\/#organization\"},\"image\":{\"@id\":\"https:\\\/\\\/automotiverevista.pt\\\/index.php\\\/2025\\\/01\\\/17\\\/toyota-urban-cruiser-compacto-pratico-e-eficiente\\\/#primaryimage\"},\"thumbnailUrl\":\"https:\\\/\\\/automotiverevista.pt\\\/wp-content\\\/uploads\\\/2025\\\/01\\\/Urban-Cruiser-HERO_1.jpg\",\"articleSection\":[\"Frotas\"],\"inLanguage\":\"pt-PT\"},{\"@type\":\"WebPage\",\"@id\":\"https:\\\/\\\/automotiverevista.pt\\\/index.php\\\/2025\\\/01\\\/17\\\/toyota-urban-cruiser-compacto-pratico-e-eficiente\\\/\",\"url\":\"https:\\\/\\\/automotiverevista.pt\\\/index.php\\\/2025\\\/01\\\/17\\\/toyota-urban-cruiser-compacto-pratico-e-eficiente\\\/\",\"name\":\"Toyota Urban Cruiser: compacto, pr\u00e1tico e eficiente - Revista Automotive\",\"isPartOf\":{\"@id\":\"https:\\\/\\\/automotiverevista.pt\\\/#website\"},\"primaryImageOfPage\":{\"@id\":\"https:\\\/\\\/automotiverevista.pt\\\/index.php\\\/2025\\\/01\\\/17\\\/toyota-urban-cruiser-compacto-pratico-e-eficiente\\\/#primaryimage\"},\"image\":{\"@id\":\"https:\\\/\\\/automotiverevista.pt\\\/index.php\\\/2025\\\/01\\\/17\\\/toyota-urban-cruiser-compacto-pratico-e-eficiente\\\/#primaryimage\"},\"thumbnailUrl\":\"https:\\\/\\\/automotiverevista.pt\\\/wp-content\\\/uploads\\\/2025\\\/01\\\/Urban-Cruiser-HERO_1.jpg\",\"datePublished\":\"2025-01-17T12:44:00+00:00\",\"breadcrumb\":{\"@id\":\"https:\\\/\\\/automotiverevista.pt\\\/index.php\\\/2025\\\/01\\\/17\\\/toyota-urban-cruiser-compacto-pratico-e-eficiente\\\/#breadcrumb\"},\"inLanguage\":\"pt-PT\",\"potentialAction\":[{\"@type\":\"ReadAction\",\"target\":[\"https:\\\/\\\/automotiverevista.pt\\\/index.php\\\/2025\\\/01\\\/17\\\/toyota-urban-cruiser-compacto-pratico-e-eficiente\\\/\"]}]},{\"@type\":\"ImageObject\",\"inLanguage\":\"pt-PT\",\"@id\":\"https:\\\/\\\/automotiverevista.pt\\\/index.php\\\/2025\\\/01\\\/17\\\/toyota-urban-cruiser-compacto-pratico-e-eficiente\\\/#primaryimage\",\"url\":\"https:\\\/\\\/automotiverevista.pt\\\/wp-content\\\/uploads\\\/2025\\\/01\\\/Urban-Cruiser-HERO_1.jpg\",\"contentUrl\":\"https:\\\/\\\/automotiverevista.pt\\\/wp-content\\\/uploads\\\/2025\\\/01\\\/Urban-Cruiser-HERO_1.jpg\",\"width\":1920,\"height\":1439},{\"@type\":\"BreadcrumbList\",\"@id\":\"https:\\\/\\\/automotiverevista.pt\\\/index.php\\\/2025\\\/01\\\/17\\\/toyota-urban-cruiser-compacto-pratico-e-eficiente\\\/#breadcrumb\",\"itemListElement\":[{\"@type\":\"ListItem\",\"position\":1,\"name\":\"Home\",\"item\":\"https:\\\/\\\/automotiverevista.pt\\\/\"},{\"@type\":\"ListItem\",\"position\":2,\"name\":\"Toyota Urban Cruiser: compacto, pr\u00e1tico e eficiente\"}]},{\"@type\":\"WebSite\",\"@id\":\"https:\\\/\\\/automotiverevista.pt\\\/#website\",\"url\":\"https:\\\/\\\/automotiverevista.pt\\\/\",\"name\":\"Revista Automotive\",\"description\":\"Revista Automotive Portugal\",\"publisher\":{\"@id\":\"https:\\\/\\\/automotiverevista.pt\\\/#organization\"},\"potentialAction\":[{\"@type\":\"SearchAction\",\"target\":{\"@type\":\"EntryPoint\",\"urlTemplate\":\"https:\\\/\\\/automotiverevista.pt\\\/?s={search_term_string}\"},\"query-input\":{\"@type\":\"PropertyValueSpecification\",\"valueRequired\":true,\"valueName\":\"search_term_string\"}}],\"inLanguage\":\"pt-PT\"},{\"@type\":\"Organization\",\"@id\":\"https:\\\/\\\/automotiverevista.pt\\\/#organization\",\"name\":\"Revista Automotive Portugal\",\"url\":\"https:\\\/\\\/automotiverevista.pt\\\/\",\"logo\":{\"@type\":\"ImageObject\",\"inLanguage\":\"pt-PT\",\"@id\":\"https:\\\/\\\/automotiverevista.pt\\\/#\\\/schema\\\/logo\\\/image\\\/\",\"url\":\"https:\\\/\\\/automotiverevista.pt\\\/wp-content\\\/uploads\\\/2022\\\/07\\\/Logo-Automotive-2021_500-1.jpg\",\"contentUrl\":\"https:\\\/\\\/automotiverevista.pt\\\/wp-content\\\/uploads\\\/2022\\\/07\\\/Logo-Automotive-2021_500-1.jpg\",\"width\":500,\"height\":160,\"caption\":\"Revista Automotive Portugal\"},\"image\":{\"@id\":\"https:\\\/\\\/automotiverevista.pt\\\/#\\\/schema\\\/logo\\\/image\\\/\"},\"sameAs\":[\"https:\\\/\\\/linkedin.com\\\/in\\\/automotiverevista\"]},{\"@type\":\"Person\",\"@id\":\"https:\\\/\\\/automotiverevista.pt\\\/#\\\/schema\\\/person\\\/1e95eb12553b8edd256acb00fe6dad4b\",\"name\":\"Fatima Silva\",\"image\":{\"@type\":\"ImageObject\",\"inLanguage\":\"pt-PT\",\"@id\":\"https:\\\/\\\/secure.gravatar.com\\\/avatar\\\/4b4a955a9c1b66708ab0dd3bd6181ac1f650299d893bd337a28482f7f19c8511?s=96&d=mm&r=g\",\"url\":\"https:\\\/\\\/secure.gravatar.com\\\/avatar\\\/4b4a955a9c1b66708ab0dd3bd6181ac1f650299d893bd337a28482f7f19c8511?s=96&d=mm&r=g\",\"contentUrl\":\"https:\\\/\\\/secure.gravatar.com\\\/avatar\\\/4b4a955a9c1b66708ab0dd3bd6181ac1f650299d893bd337a28482f7f19c8511?s=96&d=mm&r=g\",\"caption\":\"Fatima Silva\"},\"url\":\"https:\\\/\\\/automotiverevista.pt\\\/index.php\\\/author\\\/fgasparsilva\\\/\"}]}<\/script>\n<!-- \/ Yoast SEO Premium plugin. -->","yoast_head_json":{"title":"Toyota Urban Cruiser: compacto, pr\u00e1tico e eficiente - Revista Automotive","robots":{"index":"index","follow":"follow","max-snippet":"max-snippet:-1","max-image-preview":"max-image-preview:large","max-video-preview":"max-video-preview:-1"},"canonical":"https:\/\/automotiverevista.pt\/index.php\/2025\/01\/17\/toyota-urban-cruiser-compacto-pratico-e-eficiente\/","og_locale":"pt_PT","og_type":"article","og_title":"Toyota Urban Cruiser: compacto, pr\u00e1tico e eficiente","og_description":"O Toyota Urban Cruiser \u00e9 um ve\u00edculo para o dia-a-dia nas cidades, oferece dimens\u00f5es compactas, consumo eficiente e tecnologia de ponta. Com um comprimento de cerca de 4m \u00e9 f\u00e1cil de manobrar em ruas estreitas e de estacionar em espa\u00e7os apertados. A bagageira tem cerca de 370 litros de capacidade, que aumentam com os bancos [&hellip;]","og_url":"https:\/\/automotiverevista.pt\/index.php\/2025\/01\/17\/toyota-urban-cruiser-compacto-pratico-e-eficiente\/","og_site_name":"Revista Automotive","article_published_time":"2025-01-17T12:44:00+00:00","og_image":[{"width":1920,"height":1439,"url":"https:\/\/automotiverevista.pt\/wp-content\/uploads\/2025\/01\/Urban-Cruiser-HERO_1.jpg","type":"image\/jpeg"}],"author":"Fatima Silva","twitter_card":"summary_large_image","twitter_misc":{"Escrito por":"Fatima Silva","Tempo estimado de leitura":"2 minutos"},"schema":{"@context":"https:\/\/schema.org","@graph":[{"@type":"Article","@id":"https:\/\/automotiverevista.pt\/index.php\/2025\/01\/17\/toyota-urban-cruiser-compacto-pratico-e-eficiente\/#article","isPartOf":{"@id":"https:\/\/automotiverevista.pt\/index.php\/2025\/01\/17\/toyota-urban-cruiser-compacto-pratico-e-eficiente\/"},"author":{"name":"Fatima Silva","@id":"https:\/\/automotiverevista.pt\/#\/schema\/person\/1e95eb12553b8edd256acb00fe6dad4b"},"headline":"Toyota Urban Cruiser: compacto, pr\u00e1tico e eficiente","datePublished":"2025-01-17T12:44:00+00:00","mainEntityOfPage":{"@id":"https:\/\/automotiverevista.pt\/index.php\/2025\/01\/17\/toyota-urban-cruiser-compacto-pratico-e-eficiente\/"},"wordCount":191,"publisher":{"@id":"https:\/\/automotiverevista.pt\/#organization"},"image":{"@id":"https:\/\/automotiverevista.pt\/index.php\/2025\/01\/17\/toyota-urban-cruiser-compacto-pratico-e-eficiente\/#primaryimage"},"thumbnailUrl":"https:\/\/automotiverevista.pt\/wp-content\/uploads\/2025\/01\/Urban-Cruiser-HERO_1.jpg","articleSection":["Frotas"],"inLanguage":"pt-PT"},{"@type":"WebPage","@id":"https:\/\/automotiverevista.pt\/index.php\/2025\/01\/17\/toyota-urban-cruiser-compacto-pratico-e-eficiente\/","url":"https:\/\/automotiverevista.pt\/index.php\/2025\/01\/17\/toyota-urban-cruiser-compacto-pratico-e-eficiente\/","name":"Toyota Urban Cruiser: compacto, pr\u00e1tico e eficiente - Revista Automotive","isPartOf":{"@id":"https:\/\/automotiverevista.pt\/#website"},"primaryImageOfPage":{"@id":"https:\/\/automotiverevista.pt\/index.php\/2025\/01\/17\/toyota-urban-cruiser-compacto-pratico-e-eficiente\/#primaryimage"},"image":{"@id":"https:\/\/automotiverevista.pt\/index.php\/2025\/01\/17\/toyota-urban-cruiser-compacto-pratico-e-eficiente\/#primaryimage"},"thumbnailUrl":"https:\/\/automotiverevista.pt\/wp-content\/uploads\/2025\/01\/Urban-Cruiser-HERO_1.jpg","datePublished":"2025-01-17T12:44:00+00:00","breadcrumb":{"@id":"https:\/\/automotiverevista.pt\/index.php\/2025\/01\/17\/toyota-urban-cruiser-compacto-pratico-e-eficiente\/#breadcrumb"},"inLanguage":"pt-PT","potentialAction":[{"@type":"ReadAction","target":["https:\/\/automotiverevista.pt\/index.php\/2025\/01\/17\/toyota-urban-cruiser-compacto-pratico-e-eficiente\/"]}]},{"@type":"ImageObject","inLanguage":"pt-PT","@id":"https:\/\/automotiverevista.pt\/index.php\/2025\/01\/17\/toyota-urban-cruiser-compacto-pratico-e-eficiente\/#primaryimage","url":"https:\/\/automotiverevista.pt\/wp-content\/uploads\/2025\/01\/Urban-Cruiser-HERO_1.jpg","contentUrl":"https:\/\/automotiverevista.pt\/wp-content\/uploads\/2025\/01\/Urban-Cruiser-HERO_1.jpg","width":1920,"height":1439},{"@type":"BreadcrumbList","@id":"https:\/\/automotiverevista.pt\/index.php\/2025\/01\/17\/toyota-urban-cruiser-compacto-pratico-e-eficiente\/#breadcrumb","itemListElement":[{"@type":"ListItem","position":1,"name":"Home","item":"https:\/\/automotiverevista.pt\/"},{"@type":"ListItem","position":2,"name":"Toyota Urban Cruiser: compacto, pr\u00e1tico e eficiente"}]},{"@type":"WebSite","@id":"https:\/\/automotiverevista.pt\/#website","url":"https:\/\/automotiverevista.pt\/","name":"Revista Automotive","description":"Revista Automotive Portugal","publisher":{"@id":"https:\/\/automotiverevista.pt\/#organization"},"potentialAction":[{"@type":"SearchAction","target":{"@type":"EntryPoint","urlTemplate":"https:\/\/automotiverevista.pt\/?s={search_term_string}"},"query-input":{"@type":"PropertyValueSpecification","valueRequired":true,"valueName":"search_term_string"}}],"inLanguage":"pt-PT"},{"@type":"Organization","@id":"https:\/\/automotiverevista.pt\/#organization","name":"Revista Automotive Portugal","url":"https:\/\/automotiverevista.pt\/","logo":{"@type":"ImageObject","inLanguage":"pt-PT","@id":"https:\/\/automotiverevista.pt\/#\/schema\/logo\/image\/","url":"https:\/\/automotiverevista.pt\/wp-content\/uploads\/2022\/07\/Logo-Automotive-2021_500-1.jpg","contentUrl":"https:\/\/automotiverevista.pt\/wp-content\/uploads\/2022\/07\/Logo-Automotive-2021_500-1.jpg","width":500,"height":160,"caption":"Revista Automotive Portugal"},"image":{"@id":"https:\/\/automotiverevista.pt\/#\/schema\/logo\/image\/"},"sameAs":["https:\/\/linkedin.com\/in\/automotiverevista"]},{"@type":"Person","@id":"https:\/\/automotiverevista.pt\/#\/schema\/person\/1e95eb12553b8edd256acb00fe6dad4b","name":"Fatima Silva","image":{"@type":"ImageObject","inLanguage":"pt-PT","@id":"https:\/\/secure.gravatar.com\/avatar\/4b4a955a9c1b66708ab0dd3bd6181ac1f650299d893bd337a28482f7f19c8511?s=96&d=mm&r=g","url":"https:\/\/secure.gravatar.com\/avatar\/4b4a955a9c1b66708ab0dd3bd6181ac1f650299d893bd337a28482f7f19c8511?s=96&d=mm&r=g","contentUrl":"https:\/\/secure.gravatar.com\/avatar\/4b4a955a9c1b66708ab0dd3bd6181ac1f650299d893bd337a28482f7f19c8511?s=96&d=mm&r=g","caption":"Fatima Silva"},"url":"https:\/\/automotiverevista.pt\/index.php\/author\/fgasparsilva\/"}]}},"_links":{"self":[{"href":"https:\/\/automotiverevista.pt\/index.php\/wp-json\/wp\/v2\/posts\/8449","targetHints":{"allow":["GET"]}}],"collection":[{"href":"https:\/\/automotiverevista.pt\/index.php\/wp-json\/wp\/v2\/posts"}],"about":[{"href":"https:\/\/automotiverevista.pt\/index.php\/wp-json\/wp\/v2\/types\/post"}],"author":[{"embeddable":true,"href":"https:\/\/automotiverevista.pt\/index.php\/wp-json\/wp\/v2\/users\/4"}],"replies":[{"embeddable":true,"href":"https:\/\/automotiverevista.pt\/index.php\/wp-json\/wp\/v2\/comments?post=8449"}],"version-history":[{"count":1,"href":"https:\/\/automotiverevista.pt\/index.php\/wp-json\/wp\/v2\/posts\/8449\/revisions"}],"predecessor-version":[{"id":8452,"href":"https:\/\/automotiverevista.pt\/index.php\/wp-json\/wp\/v2\/posts\/8449\/revisions\/8452"}],"wp:featuredmedia":[{"embeddable":true,"href":"https:\/\/automotiverevista.pt\/index.php\/wp-json\/wp\/v2\/media\/8450"}],"wp:attachment":[{"href":"https:\/\/automotiverevista.pt\/index.php\/wp-json\/wp\/v2\/media?parent=8449"}],"wp:term":[{"taxonomy":"category","embeddable":true,"href":"https:\/\/automotiverevista.pt\/index.php\/wp-json\/wp\/v2\/categories?post=8449"},{"taxonomy":"post_tag","embeddable":true,"href":"https:\/\/automotiverevista.pt\/index.php\/wp-json\/wp\/v2\/tags?post=8449"}],"curies":[{"name":"wp","href":"https:\/\/api.w.org\/{rel}","templated":true}]}}