{"id":845,"date":"2022-08-29T19:26:52","date_gmt":"2022-08-29T19:26:52","guid":{"rendered":"https:\/\/automotiverevista.pt\/?p=845"},"modified":"2022-08-29T19:32:01","modified_gmt":"2022-08-29T19:32:01","slug":"automoveis-do-mondego-expande-atividade-para-aveiro","status":"publish","type":"post","link":"https:\/\/automotiverevista.pt\/index.php\/2022\/08\/29\/automoveis-do-mondego-expande-atividade-para-aveiro\/","title":{"rendered":"Autom\u00f3veis do Mondego expande atividade para Aveiro"},"content":{"rendered":"\n<p>Este grupo empresarial do retalho autom\u00f3vel, vai expandir a sua atividade na sequ\u00eancia da compra do concession\u00e1rio Corvauto, ampliando a sua \u00e1rea de influ\u00eancia e tamb\u00e9m o leque de ofertas aos seus clientes, passando a comercializar produtos das marcas KIA, Mitsubishi e Honda. A partir de setembro deste ano, passar\u00e1 a comercializar tamb\u00e9m autom\u00f3veis das marcas Fiat, <a href=\"https:\/\/automotiverevista.pt\/index.php\/2022\/08\/09\/jeep-eletrifica-a-gama-e-ganha-terreno\/\">Jeep <\/a>e <a href=\"https:\/\/automotiverevista.com\/alfa-romeo-giulia-entre-os-numeros-e-os-nomes\/\">Alfa Romeo.<\/a><\/p>\n\n\n\n<p>At\u00e9 \u00e0 data representante das marcas Peugeot, Citro\u00ebn, DS Automobiles, bem como da Hyundai, e assente em instala\u00e7\u00f5es a operar nas regi\u00f5es de Coimbra, Guarda, Castelo Branco, Figueira da Foz, Cantanhede e Gouveia, a Autom\u00f3veis do Mondego prepara-se para juntar ao seu portf\u00f3lio um conjunto de novas marcas, como a Kia, Honda, Mitsubishi e <a href=\"https:\/\/automotiverevista.pt\/index.php\/2022\/07\/14\/maxus-com-furgoes-100-eletricos-e-piaggio-com-bi-fuel\/\">Maxus<\/a>, marca chinesa de ve\u00edculos comerciais 100% el\u00e9tricos.<\/p>\n\n\n\n<p>Em processo posterior, a implementar a curto prazo, prev\u00ea-se um alargamento \u00e0 representa\u00e7\u00e3o de outras assinaturas do grupo Stellantis, preparando-se para a comercializa\u00e7\u00e3o de viaturas das marcas Fiat, <a href=\"https:\/\/automotiverevista.pt\/index.php\/2022\/08\/09\/jeep-eletrifica-a-gama-e-ganha-terreno\/\">JEEP <\/a>e <a href=\"https:\/\/automotiverevista.com\/alfa-romeo-giulia-entre-os-numeros-e-os-nomes\/\">Alfa Romeo<\/a>.<\/p>\n\n\n\n<figure class=\"wp-block-image size-full\"><img decoding=\"async\" width=\"1000\" height=\"438\" src=\"https:\/\/automotiverevista.pt\/wp-content\/uploads\/2022\/08\/Foto-AM-31.jpg\" alt=\"\" class=\"wp-image-846\" srcset=\"https:\/\/automotiverevista.pt\/wp-content\/uploads\/2022\/08\/Foto-AM-31.jpg 1000w, https:\/\/automotiverevista.pt\/wp-content\/uploads\/2022\/08\/Foto-AM-31-300x131.jpg 300w, https:\/\/automotiverevista.pt\/wp-content\/uploads\/2022\/08\/Foto-AM-31-768x336.jpg 768w, https:\/\/automotiverevista.pt\/wp-content\/uploads\/2022\/08\/Foto-AM-31-750x329.jpg 750w\" sizes=\"(max-width: 1000px) 100vw, 1000px\" \/><figcaption>\u00a9 Autom\u00f3veis do Mondego<\/figcaption><\/figure>\n\n\n\n<p><strong>Reorganizar a rede<\/strong><\/p>\n\n\n\n<p><strong>Jorge Figueiredo<\/strong>, presidente do Conselho de Administra\u00e7\u00e3o do Grupo Autom\u00f3veis do Mondego, declarou que \u201ca evolu\u00e7\u00e3o do Grupo Autom\u00f3veis do Mondego decorre, n\u00e3o s\u00f3 da nossa vontade de crescimento e de apoio \u00e0 nossa carteira de clientes, quer individuais, quer na vertente profissional, como tamb\u00e9m da pr\u00f3pria reorganiza\u00e7\u00e3o da rede de distribui\u00e7\u00e3o e de comercializa\u00e7\u00e3o dos grupos de marcas autom\u00f3veis com os quais trabalhamos, como \u00e9 o caso da Stellantis, entidade que, a partir de 2023 ir\u00e1 apostar numa rede mais concentrada\u201d, adiantou.<\/p>\n\n\n\n<p>\u201cAdicionalmente, na regi\u00e3o de Aveiro, cheg\u00e1mos a acordo para a aquisi\u00e7\u00e3o da Corvauto, empresa hist\u00f3rica, com enorme reputa\u00e7\u00e3o regional e nacional, cujos valores e forma de estar no mercado se compadecem com os nossos e constitu\u00edda por uma equipa de profissionais altamente competente\u201d, revelou o respons\u00e1vel do Grupo.<\/p>\n\n\n\n<figure class=\"wp-block-image size-full\"><img decoding=\"async\" width=\"999\" height=\"667\" src=\"https:\/\/automotiverevista.pt\/wp-content\/uploads\/2022\/08\/282300375_5287645904655333_1715814779750722871_n.jpg\" alt=\"\" class=\"wp-image-847\" srcset=\"https:\/\/automotiverevista.pt\/wp-content\/uploads\/2022\/08\/282300375_5287645904655333_1715814779750722871_n.jpg 999w, https:\/\/automotiverevista.pt\/wp-content\/uploads\/2022\/08\/282300375_5287645904655333_1715814779750722871_n-300x200.jpg 300w, https:\/\/automotiverevista.pt\/wp-content\/uploads\/2022\/08\/282300375_5287645904655333_1715814779750722871_n-768x513.jpg 768w, https:\/\/automotiverevista.pt\/wp-content\/uploads\/2022\/08\/282300375_5287645904655333_1715814779750722871_n-750x501.jpg 750w\" sizes=\"(max-width: 999px) 100vw, 999px\" \/><figcaption>\u00a9 Autom\u00f3veis do Mondego<\/figcaption><\/figure>\n\n\n\n<p><strong>Mais emprego<\/strong><\/p>\n\n\n\n<p>Neste dom\u00ednio e fruto deste importante crescimento, o n\u00facleo de gest\u00e3o da Autom\u00f3veis do Mondego prev\u00ea um aumento da sua for\u00e7a de trabalho, permitindo-lhe n\u00e3o s\u00f3 maiores economias de escala em diversas \u00e1reas de neg\u00f3cio, como contar com uma for\u00e7a operacional mais homog\u00e9nea e direcionada para os objetivos estabelecidos.<\/p>\n\n\n\n<p>\u201cSe presentemente somos um protagonista muito forte no mercado, sobretudo na zona centro do pa\u00eds, estes novos acordos de representa\u00e7\u00e3o que estamos j\u00e1 a implementar ou que temos em carteira, permitir-nos-\u00e3o refor\u00e7ar a import\u00e2ncia do nome Autom\u00f3veis do Mondego junto dos nossos clientes\u201d, sublinhou Jorge Figueiredo.<\/p>\n\n\n\n<p><strong>75 anos de trabalho<\/strong><\/p>\n\n\n\n<p>Fundado h\u00e1 quase 75 anos, o Grupo Autom\u00f3veis do Mondego \u00e9 detido por tr\u00eas s\u00f3cios \u2013 Jorge Figueiredo, presidente do Conselho de Administra\u00e7\u00e3o e Chairman do Grupo; Jo\u00e3o Figueiredo, Administrador e co-CEO, e Andr\u00e9 Figueiredo, administrador e co-CEO (na foto).<\/p>\n\n\n\n<p>Com sede em Antanhol, na \u00e1rea de Coimbra Sul, o Grupo tamb\u00e9m se dedica ao neg\u00f3cio de ve\u00edculos usados e de aluguer de viaturas, que operam sob as marcas pr\u00f3prias Autom\u00f3veis do Mondego Usados e Autom\u00f3veis do Mondego Rent. Fruto deste substancial crescimento, de representa\u00e7\u00e3o e atividades em que se encontra envolvida, a Autom\u00f3veis do Mondego tem, na sua agenda, outra significativa altera\u00e7\u00e3o, que ser\u00e1 anunciada em outubro pr\u00f3ximo.<\/p>\n","protected":false},"excerpt":{"rendered":"<p>Este grupo empresarial do retalho autom\u00f3vel, vai expandir a sua atividade na sequ\u00eancia da compra do concession\u00e1rio Corvauto, ampliando a sua \u00e1rea de influ\u00eancia e tamb\u00e9m o leque de ofertas aos seus clientes, passando a comercializar produtos das marcas KIA, Mitsubishi e Honda. A partir de setembro deste ano, passar\u00e1 a comercializar tamb\u00e9m autom\u00f3veis das [&hellip;]<\/p>\n","protected":false},"author":1,"featured_media":848,"comment_status":"closed","ping_status":"open","sticky":false,"template":"","format":"standard","meta":{"jnews-multi-image_gallery":[],"jnews_single_post":{"subtitle":"","format":"standard","video":"","gallery":"","source_name":"","source_url":"","via_name":"","via_url":"","override_template":"0","override":[{"template":"2","single_blog_custom":"","parallax":"1","fullscreen":"1","layout":"right-sidebar","sidebar":"default-sidebar","second_sidebar":"default-sidebar","sticky_sidebar":"1","share_position":"topbottom","share_float_style":"share-monocrhome","show_share_counter":"0","show_view_counter":"0","show_featured":"1","show_post_meta":"1","show_post_author":"0","show_post_author_image":"1","show_post_date":"1","post_date_format":"default","post_date_format_custom":"Y\/m\/d","show_post_category":"1","show_post_reading_time":"0","post_reading_time_wpm":"300","show_zoom_button":"0","zoom_button_out_step":"2","zoom_button_in_step":"3","show_post_tag":"1","show_prev_next_post":"0","show_popup_post":"1","number_popup_post":"1","show_author_box":"0","show_post_related":"1","show_inline_post_related":"1"}],"override_image_size":"0","image_override":[{"single_post_thumbnail_size":"crop-500","single_post_gallery_size":"crop-500"}],"trending_post":"0","trending_post_position":"meta","trending_post_label":"Trending","sponsored_post":"0","sponsored_post_label":"Sponsored by","sponsored_post_name":"","sponsored_post_url":"","sponsored_post_logo_enable":"0","sponsored_post_logo":"","sponsored_post_desc":"","disable_ad":"0"},"jnews_primary_category":{"id":""},"footnotes":""},"categories":[23],"tags":[52],"class_list":["post-845","post","type-post","status-publish","format-standard","has-post-thumbnail","hentry","category-frotas","tag-frota"],"yoast_head":"<!-- This site is optimized with the Yoast SEO Premium plugin v27.2 (Yoast SEO v27.5) - https:\/\/yoast.com\/product\/yoast-seo-premium-wordpress\/ -->\n<title>Autom\u00f3veis do Mondego expande atividade para Aveiro - Revista Automotive<\/title>\n<meta name=\"description\" content=\"a Autom\u00f3veis do Mondego prepara-se para juntar ao seu portf\u00f3lio um conjunto de novas marcas, como a Kia, Honda, Mitsubishi e Maxus, marca\" \/>\n<meta name=\"robots\" content=\"index, follow, max-snippet:-1, max-image-preview:large, max-video-preview:-1\" \/>\n<link rel=\"canonical\" href=\"https:\/\/automotiverevista.pt\/index.php\/2022\/08\/29\/automoveis-do-mondego-expande-atividade-para-aveiro\/\" \/>\n<meta property=\"og:locale\" content=\"pt_PT\" \/>\n<meta property=\"og:type\" content=\"article\" \/>\n<meta property=\"og:title\" content=\"Autom\u00f3veis do Mondego expande atividade para Aveiro\" \/>\n<meta property=\"og:description\" content=\"a Autom\u00f3veis do Mondego prepara-se para juntar ao seu portf\u00f3lio um conjunto de novas marcas, como a Kia, Honda, Mitsubishi e Maxus, marca\" \/>\n<meta property=\"og:url\" content=\"https:\/\/automotiverevista.pt\/index.php\/2022\/08\/29\/automoveis-do-mondego-expande-atividade-para-aveiro\/\" \/>\n<meta property=\"og:site_name\" content=\"Revista Automotive\" \/>\n<meta property=\"article:published_time\" content=\"2022-08-29T19:26:52+00:00\" \/>\n<meta property=\"article:modified_time\" content=\"2022-08-29T19:32:01+00:00\" \/>\n<meta property=\"og:image\" content=\"https:\/\/automotiverevista.pt\/wp-content\/uploads\/2022\/08\/1657649788394.jpg\" \/>\n\t<meta property=\"og:image:width\" content=\"999\" \/>\n\t<meta property=\"og:image:height\" content=\"667\" \/>\n\t<meta property=\"og:image:type\" content=\"image\/jpeg\" \/>\n<meta name=\"author\" content=\"adminNovo\" \/>\n<meta name=\"twitter:card\" content=\"summary_large_image\" \/>\n<meta name=\"twitter:label1\" content=\"Escrito por\" \/>\n\t<meta name=\"twitter:data1\" content=\"adminNovo\" \/>\n\t<meta name=\"twitter:label2\" content=\"Tempo estimado de leitura\" \/>\n\t<meta name=\"twitter:data2\" content=\"4 minutos\" \/>\n<script type=\"application\/ld+json\" class=\"yoast-schema-graph\">{\"@context\":\"https:\\\/\\\/schema.org\",\"@graph\":[{\"@type\":\"Article\",\"@id\":\"https:\\\/\\\/automotiverevista.pt\\\/index.php\\\/2022\\\/08\\\/29\\\/automoveis-do-mondego-expande-atividade-para-aveiro\\\/#article\",\"isPartOf\":{\"@id\":\"https:\\\/\\\/automotiverevista.pt\\\/index.php\\\/2022\\\/08\\\/29\\\/automoveis-do-mondego-expande-atividade-para-aveiro\\\/\"},\"author\":{\"name\":\"adminNovo\",\"@id\":\"https:\\\/\\\/automotiverevista.pt\\\/#\\\/schema\\\/person\\\/1265858bc8c78a0f969de814da8be281\"},\"headline\":\"Autom\u00f3veis do Mondego expande atividade para Aveiro\",\"datePublished\":\"2022-08-29T19:26:52+00:00\",\"dateModified\":\"2022-08-29T19:32:01+00:00\",\"mainEntityOfPage\":{\"@id\":\"https:\\\/\\\/automotiverevista.pt\\\/index.php\\\/2022\\\/08\\\/29\\\/automoveis-do-mondego-expande-atividade-para-aveiro\\\/\"},\"wordCount\":570,\"publisher\":{\"@id\":\"https:\\\/\\\/automotiverevista.pt\\\/#organization\"},\"image\":{\"@id\":\"https:\\\/\\\/automotiverevista.pt\\\/index.php\\\/2022\\\/08\\\/29\\\/automoveis-do-mondego-expande-atividade-para-aveiro\\\/#primaryimage\"},\"thumbnailUrl\":\"https:\\\/\\\/automotiverevista.pt\\\/wp-content\\\/uploads\\\/2022\\\/08\\\/1657649788394.jpg\",\"keywords\":[\"Frota\"],\"articleSection\":[\"Frotas\"],\"inLanguage\":\"pt-PT\"},{\"@type\":\"WebPage\",\"@id\":\"https:\\\/\\\/automotiverevista.pt\\\/index.php\\\/2022\\\/08\\\/29\\\/automoveis-do-mondego-expande-atividade-para-aveiro\\\/\",\"url\":\"https:\\\/\\\/automotiverevista.pt\\\/index.php\\\/2022\\\/08\\\/29\\\/automoveis-do-mondego-expande-atividade-para-aveiro\\\/\",\"name\":\"Autom\u00f3veis do Mondego expande atividade para Aveiro - Revista Automotive\",\"isPartOf\":{\"@id\":\"https:\\\/\\\/automotiverevista.pt\\\/#website\"},\"primaryImageOfPage\":{\"@id\":\"https:\\\/\\\/automotiverevista.pt\\\/index.php\\\/2022\\\/08\\\/29\\\/automoveis-do-mondego-expande-atividade-para-aveiro\\\/#primaryimage\"},\"image\":{\"@id\":\"https:\\\/\\\/automotiverevista.pt\\\/index.php\\\/2022\\\/08\\\/29\\\/automoveis-do-mondego-expande-atividade-para-aveiro\\\/#primaryimage\"},\"thumbnailUrl\":\"https:\\\/\\\/automotiverevista.pt\\\/wp-content\\\/uploads\\\/2022\\\/08\\\/1657649788394.jpg\",\"datePublished\":\"2022-08-29T19:26:52+00:00\",\"dateModified\":\"2022-08-29T19:32:01+00:00\",\"description\":\"a Autom\u00f3veis do Mondego prepara-se para juntar ao seu portf\u00f3lio um conjunto de novas marcas, como a Kia, Honda, Mitsubishi e Maxus, marca\",\"breadcrumb\":{\"@id\":\"https:\\\/\\\/automotiverevista.pt\\\/index.php\\\/2022\\\/08\\\/29\\\/automoveis-do-mondego-expande-atividade-para-aveiro\\\/#breadcrumb\"},\"inLanguage\":\"pt-PT\",\"potentialAction\":[{\"@type\":\"ReadAction\",\"target\":[\"https:\\\/\\\/automotiverevista.pt\\\/index.php\\\/2022\\\/08\\\/29\\\/automoveis-do-mondego-expande-atividade-para-aveiro\\\/\"]}]},{\"@type\":\"ImageObject\",\"inLanguage\":\"pt-PT\",\"@id\":\"https:\\\/\\\/automotiverevista.pt\\\/index.php\\\/2022\\\/08\\\/29\\\/automoveis-do-mondego-expande-atividade-para-aveiro\\\/#primaryimage\",\"url\":\"https:\\\/\\\/automotiverevista.pt\\\/wp-content\\\/uploads\\\/2022\\\/08\\\/1657649788394.jpg\",\"contentUrl\":\"https:\\\/\\\/automotiverevista.pt\\\/wp-content\\\/uploads\\\/2022\\\/08\\\/1657649788394.jpg\",\"width\":999,\"height\":667},{\"@type\":\"BreadcrumbList\",\"@id\":\"https:\\\/\\\/automotiverevista.pt\\\/index.php\\\/2022\\\/08\\\/29\\\/automoveis-do-mondego-expande-atividade-para-aveiro\\\/#breadcrumb\",\"itemListElement\":[{\"@type\":\"ListItem\",\"position\":1,\"name\":\"Home\",\"item\":\"https:\\\/\\\/automotiverevista.pt\\\/\"},{\"@type\":\"ListItem\",\"position\":2,\"name\":\"Autom\u00f3veis do Mondego expande atividade para Aveiro\"}]},{\"@type\":\"WebSite\",\"@id\":\"https:\\\/\\\/automotiverevista.pt\\\/#website\",\"url\":\"https:\\\/\\\/automotiverevista.pt\\\/\",\"name\":\"Revista Automotive\",\"description\":\"Revista Automotive Portugal\",\"publisher\":{\"@id\":\"https:\\\/\\\/automotiverevista.pt\\\/#organization\"},\"potentialAction\":[{\"@type\":\"SearchAction\",\"target\":{\"@type\":\"EntryPoint\",\"urlTemplate\":\"https:\\\/\\\/automotiverevista.pt\\\/?s={search_term_string}\"},\"query-input\":{\"@type\":\"PropertyValueSpecification\",\"valueRequired\":true,\"valueName\":\"search_term_string\"}}],\"inLanguage\":\"pt-PT\"},{\"@type\":\"Organization\",\"@id\":\"https:\\\/\\\/automotiverevista.pt\\\/#organization\",\"name\":\"Revista Automotive Portugal\",\"url\":\"https:\\\/\\\/automotiverevista.pt\\\/\",\"logo\":{\"@type\":\"ImageObject\",\"inLanguage\":\"pt-PT\",\"@id\":\"https:\\\/\\\/automotiverevista.pt\\\/#\\\/schema\\\/logo\\\/image\\\/\",\"url\":\"https:\\\/\\\/automotiverevista.pt\\\/wp-content\\\/uploads\\\/2022\\\/07\\\/Logo-Automotive-2021_500-1.jpg\",\"contentUrl\":\"https:\\\/\\\/automotiverevista.pt\\\/wp-content\\\/uploads\\\/2022\\\/07\\\/Logo-Automotive-2021_500-1.jpg\",\"width\":500,\"height\":160,\"caption\":\"Revista Automotive Portugal\"},\"image\":{\"@id\":\"https:\\\/\\\/automotiverevista.pt\\\/#\\\/schema\\\/logo\\\/image\\\/\"},\"sameAs\":[\"https:\\\/\\\/linkedin.com\\\/in\\\/automotiverevista\"]},{\"@type\":\"Person\",\"@id\":\"https:\\\/\\\/automotiverevista.pt\\\/#\\\/schema\\\/person\\\/1265858bc8c78a0f969de814da8be281\",\"name\":\"adminNovo\",\"image\":{\"@type\":\"ImageObject\",\"inLanguage\":\"pt-PT\",\"@id\":\"https:\\\/\\\/secure.gravatar.com\\\/avatar\\\/c606c1288dcc11eb4c709aa5136fdb962583c410f5c23c0b7bf6917c542be355?s=96&d=mm&r=g\",\"url\":\"https:\\\/\\\/secure.gravatar.com\\\/avatar\\\/c606c1288dcc11eb4c709aa5136fdb962583c410f5c23c0b7bf6917c542be355?s=96&d=mm&r=g\",\"contentUrl\":\"https:\\\/\\\/secure.gravatar.com\\\/avatar\\\/c606c1288dcc11eb4c709aa5136fdb962583c410f5c23c0b7bf6917c542be355?s=96&d=mm&r=g\",\"caption\":\"adminNovo\"},\"sameAs\":[\"https:\\\/\\\/automotiverevista.pt\"],\"url\":\"https:\\\/\\\/automotiverevista.pt\\\/index.php\\\/author\\\/adminnovo\\\/\"}]}<\/script>\n<!-- \/ Yoast SEO Premium plugin. -->","yoast_head_json":{"title":"Autom\u00f3veis do Mondego expande atividade para Aveiro - Revista Automotive","description":"a Autom\u00f3veis do Mondego prepara-se para juntar ao seu portf\u00f3lio um conjunto de novas marcas, como a Kia, Honda, Mitsubishi e Maxus, marca","robots":{"index":"index","follow":"follow","max-snippet":"max-snippet:-1","max-image-preview":"max-image-preview:large","max-video-preview":"max-video-preview:-1"},"canonical":"https:\/\/automotiverevista.pt\/index.php\/2022\/08\/29\/automoveis-do-mondego-expande-atividade-para-aveiro\/","og_locale":"pt_PT","og_type":"article","og_title":"Autom\u00f3veis do Mondego expande atividade para Aveiro","og_description":"a Autom\u00f3veis do Mondego prepara-se para juntar ao seu portf\u00f3lio um conjunto de novas marcas, como a Kia, Honda, Mitsubishi e Maxus, marca","og_url":"https:\/\/automotiverevista.pt\/index.php\/2022\/08\/29\/automoveis-do-mondego-expande-atividade-para-aveiro\/","og_site_name":"Revista Automotive","article_published_time":"2022-08-29T19:26:52+00:00","article_modified_time":"2022-08-29T19:32:01+00:00","og_image":[{"width":999,"height":667,"url":"https:\/\/automotiverevista.pt\/wp-content\/uploads\/2022\/08\/1657649788394.jpg","type":"image\/jpeg"}],"author":"adminNovo","twitter_card":"summary_large_image","twitter_misc":{"Escrito por":"adminNovo","Tempo estimado de leitura":"4 minutos"},"schema":{"@context":"https:\/\/schema.org","@graph":[{"@type":"Article","@id":"https:\/\/automotiverevista.pt\/index.php\/2022\/08\/29\/automoveis-do-mondego-expande-atividade-para-aveiro\/#article","isPartOf":{"@id":"https:\/\/automotiverevista.pt\/index.php\/2022\/08\/29\/automoveis-do-mondego-expande-atividade-para-aveiro\/"},"author":{"name":"adminNovo","@id":"https:\/\/automotiverevista.pt\/#\/schema\/person\/1265858bc8c78a0f969de814da8be281"},"headline":"Autom\u00f3veis do Mondego expande atividade para Aveiro","datePublished":"2022-08-29T19:26:52+00:00","dateModified":"2022-08-29T19:32:01+00:00","mainEntityOfPage":{"@id":"https:\/\/automotiverevista.pt\/index.php\/2022\/08\/29\/automoveis-do-mondego-expande-atividade-para-aveiro\/"},"wordCount":570,"publisher":{"@id":"https:\/\/automotiverevista.pt\/#organization"},"image":{"@id":"https:\/\/automotiverevista.pt\/index.php\/2022\/08\/29\/automoveis-do-mondego-expande-atividade-para-aveiro\/#primaryimage"},"thumbnailUrl":"https:\/\/automotiverevista.pt\/wp-content\/uploads\/2022\/08\/1657649788394.jpg","keywords":["Frota"],"articleSection":["Frotas"],"inLanguage":"pt-PT"},{"@type":"WebPage","@id":"https:\/\/automotiverevista.pt\/index.php\/2022\/08\/29\/automoveis-do-mondego-expande-atividade-para-aveiro\/","url":"https:\/\/automotiverevista.pt\/index.php\/2022\/08\/29\/automoveis-do-mondego-expande-atividade-para-aveiro\/","name":"Autom\u00f3veis do Mondego expande atividade para Aveiro - Revista Automotive","isPartOf":{"@id":"https:\/\/automotiverevista.pt\/#website"},"primaryImageOfPage":{"@id":"https:\/\/automotiverevista.pt\/index.php\/2022\/08\/29\/automoveis-do-mondego-expande-atividade-para-aveiro\/#primaryimage"},"image":{"@id":"https:\/\/automotiverevista.pt\/index.php\/2022\/08\/29\/automoveis-do-mondego-expande-atividade-para-aveiro\/#primaryimage"},"thumbnailUrl":"https:\/\/automotiverevista.pt\/wp-content\/uploads\/2022\/08\/1657649788394.jpg","datePublished":"2022-08-29T19:26:52+00:00","dateModified":"2022-08-29T19:32:01+00:00","description":"a Autom\u00f3veis do Mondego prepara-se para juntar ao seu portf\u00f3lio um conjunto de novas marcas, como a Kia, Honda, Mitsubishi e Maxus, marca","breadcrumb":{"@id":"https:\/\/automotiverevista.pt\/index.php\/2022\/08\/29\/automoveis-do-mondego-expande-atividade-para-aveiro\/#breadcrumb"},"inLanguage":"pt-PT","potentialAction":[{"@type":"ReadAction","target":["https:\/\/automotiverevista.pt\/index.php\/2022\/08\/29\/automoveis-do-mondego-expande-atividade-para-aveiro\/"]}]},{"@type":"ImageObject","inLanguage":"pt-PT","@id":"https:\/\/automotiverevista.pt\/index.php\/2022\/08\/29\/automoveis-do-mondego-expande-atividade-para-aveiro\/#primaryimage","url":"https:\/\/automotiverevista.pt\/wp-content\/uploads\/2022\/08\/1657649788394.jpg","contentUrl":"https:\/\/automotiverevista.pt\/wp-content\/uploads\/2022\/08\/1657649788394.jpg","width":999,"height":667},{"@type":"BreadcrumbList","@id":"https:\/\/automotiverevista.pt\/index.php\/2022\/08\/29\/automoveis-do-mondego-expande-atividade-para-aveiro\/#breadcrumb","itemListElement":[{"@type":"ListItem","position":1,"name":"Home","item":"https:\/\/automotiverevista.pt\/"},{"@type":"ListItem","position":2,"name":"Autom\u00f3veis do Mondego expande atividade para Aveiro"}]},{"@type":"WebSite","@id":"https:\/\/automotiverevista.pt\/#website","url":"https:\/\/automotiverevista.pt\/","name":"Revista Automotive","description":"Revista Automotive Portugal","publisher":{"@id":"https:\/\/automotiverevista.pt\/#organization"},"potentialAction":[{"@type":"SearchAction","target":{"@type":"EntryPoint","urlTemplate":"https:\/\/automotiverevista.pt\/?s={search_term_string}"},"query-input":{"@type":"PropertyValueSpecification","valueRequired":true,"valueName":"search_term_string"}}],"inLanguage":"pt-PT"},{"@type":"Organization","@id":"https:\/\/automotiverevista.pt\/#organization","name":"Revista Automotive Portugal","url":"https:\/\/automotiverevista.pt\/","logo":{"@type":"ImageObject","inLanguage":"pt-PT","@id":"https:\/\/automotiverevista.pt\/#\/schema\/logo\/image\/","url":"https:\/\/automotiverevista.pt\/wp-content\/uploads\/2022\/07\/Logo-Automotive-2021_500-1.jpg","contentUrl":"https:\/\/automotiverevista.pt\/wp-content\/uploads\/2022\/07\/Logo-Automotive-2021_500-1.jpg","width":500,"height":160,"caption":"Revista Automotive Portugal"},"image":{"@id":"https:\/\/automotiverevista.pt\/#\/schema\/logo\/image\/"},"sameAs":["https:\/\/linkedin.com\/in\/automotiverevista"]},{"@type":"Person","@id":"https:\/\/automotiverevista.pt\/#\/schema\/person\/1265858bc8c78a0f969de814da8be281","name":"adminNovo","image":{"@type":"ImageObject","inLanguage":"pt-PT","@id":"https:\/\/secure.gravatar.com\/avatar\/c606c1288dcc11eb4c709aa5136fdb962583c410f5c23c0b7bf6917c542be355?s=96&d=mm&r=g","url":"https:\/\/secure.gravatar.com\/avatar\/c606c1288dcc11eb4c709aa5136fdb962583c410f5c23c0b7bf6917c542be355?s=96&d=mm&r=g","contentUrl":"https:\/\/secure.gravatar.com\/avatar\/c606c1288dcc11eb4c709aa5136fdb962583c410f5c23c0b7bf6917c542be355?s=96&d=mm&r=g","caption":"adminNovo"},"sameAs":["https:\/\/automotiverevista.pt"],"url":"https:\/\/automotiverevista.pt\/index.php\/author\/adminnovo\/"}]}},"_links":{"self":[{"href":"https:\/\/automotiverevista.pt\/index.php\/wp-json\/wp\/v2\/posts\/845","targetHints":{"allow":["GET"]}}],"collection":[{"href":"https:\/\/automotiverevista.pt\/index.php\/wp-json\/wp\/v2\/posts"}],"about":[{"href":"https:\/\/automotiverevista.pt\/index.php\/wp-json\/wp\/v2\/types\/post"}],"author":[{"embeddable":true,"href":"https:\/\/automotiverevista.pt\/index.php\/wp-json\/wp\/v2\/users\/1"}],"replies":[{"embeddable":true,"href":"https:\/\/automotiverevista.pt\/index.php\/wp-json\/wp\/v2\/comments?post=845"}],"version-history":[{"count":2,"href":"https:\/\/automotiverevista.pt\/index.php\/wp-json\/wp\/v2\/posts\/845\/revisions"}],"predecessor-version":[{"id":850,"href":"https:\/\/automotiverevista.pt\/index.php\/wp-json\/wp\/v2\/posts\/845\/revisions\/850"}],"wp:featuredmedia":[{"embeddable":true,"href":"https:\/\/automotiverevista.pt\/index.php\/wp-json\/wp\/v2\/media\/848"}],"wp:attachment":[{"href":"https:\/\/automotiverevista.pt\/index.php\/wp-json\/wp\/v2\/media?parent=845"}],"wp:term":[{"taxonomy":"category","embeddable":true,"href":"https:\/\/automotiverevista.pt\/index.php\/wp-json\/wp\/v2\/categories?post=845"},{"taxonomy":"post_tag","embeddable":true,"href":"https:\/\/automotiverevista.pt\/index.php\/wp-json\/wp\/v2\/tags?post=845"}],"curies":[{"name":"wp","href":"https:\/\/api.w.org\/{rel}","templated":true}]}}