{"id":8453,"date":"2025-01-17T09:07:00","date_gmt":"2025-01-17T09:07:00","guid":{"rendered":"https:\/\/automotiverevista.pt\/?p=8453"},"modified":"2025-01-10T19:14:46","modified_gmt":"2025-01-10T19:14:46","slug":"valnor-reforca-frota-com-viatura-man-especial","status":"publish","type":"post","link":"https:\/\/automotiverevista.pt\/index.php\/2025\/01\/17\/valnor-reforca-frota-com-viatura-man-especial\/","title":{"rendered":"VALNOR refor\u00e7a frota com viatura MAN especial"},"content":{"rendered":"\n<p>A MAN Truck &amp; Bus Portugal como parceira de confian\u00e7a, forneceu \u00e0 VALNOR a mais recente aquisi\u00e7\u00e3o: um modelo \u201cDumper\u201d com tra\u00e7\u00e3o integral 8&#215;8 e rodado simples em todos os eixos. Especialmente concebida para enfrentar condi\u00e7\u00f5es extremas nos aterros, esta viatura destaca-se pela robustez, versatilidade e desempenho superior em terrenos dif\u00edceis, assegurando maior efici\u00eancia, durabilidade e seguran\u00e7a nas opera\u00e7\u00f5es di\u00e1rias.<\/p>\n\n\n\n<p>Este ve\u00edculo foi alvo de uma prepara\u00e7\u00e3o especial realizada pela Toni Maurer, transformador certificado MAN, que garantiu especifica\u00e7\u00f5es t\u00e9cnicas adaptadas \u00e0s necessidades do trabalho nos aterros. Para assegurar a m\u00e1xima efici\u00eancia e seguran\u00e7a nas opera\u00e7\u00f5es, ser\u00e1 ministrada forma\u00e7\u00e3o especializada Profidrive \u201c<em>Off Road<\/em>\u201d aos operadores, promovendo a utiliza\u00e7\u00e3o otimizada da viatura em terrenos exigentes.<\/p>\n\n\n\n<p>Com mais de duas d\u00e9cadas de colabora\u00e7\u00e3o com a MAN, a VALNOR refor\u00e7a o seu compromisso com a sustentabilidade e a inova\u00e7\u00e3o cont\u00ednua. Este investimento estrat\u00e9gico fortalece a posi\u00e7\u00e3o da VALNOR na valoriza\u00e7\u00e3o de res\u00edduos e no desenvolvimento sustent\u00e1vel, assegurando solu\u00e7\u00f5es cada vez mais eficientes e personalizadas para as comunidades que serve.<\/p>\n\n\n<div class=\"wp-block-image\">\n<figure class=\"aligncenter size-large is-resized\"><img decoding=\"async\" width=\"1024\" height=\"1024\" src=\"https:\/\/automotiverevista.pt\/wp-content\/uploads\/2025\/01\/w-1024x1024.jpg\" alt=\"\" class=\"wp-image-8458\" style=\"width:459px;height:auto\" srcset=\"https:\/\/automotiverevista.pt\/wp-content\/uploads\/2025\/01\/w-1024x1024.jpg 1024w, https:\/\/automotiverevista.pt\/wp-content\/uploads\/2025\/01\/w-300x300.jpg 300w, https:\/\/automotiverevista.pt\/wp-content\/uploads\/2025\/01\/w-150x150.jpg 150w, https:\/\/automotiverevista.pt\/wp-content\/uploads\/2025\/01\/w-768x768.jpg 768w, https:\/\/automotiverevista.pt\/wp-content\/uploads\/2025\/01\/w-75x75.jpg 75w, https:\/\/automotiverevista.pt\/wp-content\/uploads\/2025\/01\/w-350x350.jpg 350w, https:\/\/automotiverevista.pt\/wp-content\/uploads\/2025\/01\/w-750x750.jpg 750w, https:\/\/automotiverevista.pt\/wp-content\/uploads\/2025\/01\/w.jpg 1080w\" sizes=\"(max-width: 1024px) 100vw, 1024px\" \/><\/figure>\n<\/div>","protected":false},"excerpt":{"rendered":"<p>A MAN Truck &amp; Bus Portugal como parceira de confian\u00e7a, forneceu \u00e0 VALNOR a mais recente aquisi\u00e7\u00e3o: um modelo \u201cDumper\u201d com tra\u00e7\u00e3o integral 8&#215;8 e rodado simples em todos os eixos. Especialmente concebida para enfrentar condi\u00e7\u00f5es extremas nos aterros, esta viatura destaca-se pela robustez, versatilidade e desempenho superior em terrenos dif\u00edceis, assegurando maior efici\u00eancia, durabilidade [&hellip;]<\/p>\n","protected":false},"author":4,"featured_media":8457,"comment_status":"closed","ping_status":"open","sticky":false,"template":"","format":"standard","meta":{"jnews-multi-image_gallery":[],"jnews_single_post":{"format":"standard"},"jnews_primary_category":[],"footnotes":""},"categories":[25],"tags":[],"class_list":["post-8453","post","type-post","status-publish","format-standard","has-post-thumbnail","hentry","category-pesados-e-maquinas"],"yoast_head":"<!-- This site is optimized with the Yoast SEO Premium plugin v27.5 (Yoast SEO v27.5) - https:\/\/yoast.com\/product\/yoast-seo-premium-wordpress\/ -->\n<title>VALNOR refor\u00e7a frota com viatura MAN especial - Revista Automotive<\/title>\n<meta name=\"robots\" content=\"index, follow, max-snippet:-1, max-image-preview:large, max-video-preview:-1\" \/>\n<link rel=\"canonical\" href=\"https:\/\/automotiverevista.pt\/index.php\/2025\/01\/17\/valnor-reforca-frota-com-viatura-man-especial\/\" \/>\n<meta property=\"og:locale\" content=\"pt_PT\" \/>\n<meta property=\"og:type\" content=\"article\" \/>\n<meta property=\"og:title\" content=\"VALNOR refor\u00e7a frota com viatura MAN especial\" \/>\n<meta property=\"og:description\" content=\"A MAN Truck &amp; Bus Portugal como parceira de confian\u00e7a, forneceu \u00e0 VALNOR a mais recente aquisi\u00e7\u00e3o: um modelo \u201cDumper\u201d com tra\u00e7\u00e3o integral 8&#215;8 e rodado simples em todos os eixos. Especialmente concebida para enfrentar condi\u00e7\u00f5es extremas nos aterros, esta viatura destaca-se pela robustez, versatilidade e desempenho superior em terrenos dif\u00edceis, assegurando maior efici\u00eancia, durabilidade [&hellip;]\" \/>\n<meta property=\"og:url\" content=\"https:\/\/automotiverevista.pt\/index.php\/2025\/01\/17\/valnor-reforca-frota-com-viatura-man-especial\/\" \/>\n<meta property=\"og:site_name\" content=\"Revista Automotive\" \/>\n<meta property=\"article:published_time\" content=\"2025-01-17T09:07:00+00:00\" \/>\n<meta property=\"og:image\" content=\"https:\/\/automotiverevista.pt\/wp-content\/uploads\/2025\/01\/2.jpg\" \/>\n\t<meta property=\"og:image:width\" content=\"1159\" \/>\n\t<meta property=\"og:image:height\" content=\"1074\" \/>\n\t<meta property=\"og:image:type\" content=\"image\/jpeg\" \/>\n<meta name=\"author\" content=\"Fatima Silva\" \/>\n<meta name=\"twitter:card\" content=\"summary_large_image\" \/>\n<meta name=\"twitter:label1\" content=\"Escrito por\" \/>\n\t<meta name=\"twitter:data1\" content=\"Fatima Silva\" \/>\n\t<meta name=\"twitter:label2\" content=\"Tempo estimado de leitura\" \/>\n\t<meta name=\"twitter:data2\" content=\"2 minutos\" \/>\n<script type=\"application\/ld+json\" class=\"yoast-schema-graph\">{\"@context\":\"https:\\\/\\\/schema.org\",\"@graph\":[{\"@type\":\"Article\",\"@id\":\"https:\\\/\\\/automotiverevista.pt\\\/index.php\\\/2025\\\/01\\\/17\\\/valnor-reforca-frota-com-viatura-man-especial\\\/#article\",\"isPartOf\":{\"@id\":\"https:\\\/\\\/automotiverevista.pt\\\/index.php\\\/2025\\\/01\\\/17\\\/valnor-reforca-frota-com-viatura-man-especial\\\/\"},\"author\":{\"name\":\"Fatima Silva\",\"@id\":\"https:\\\/\\\/automotiverevista.pt\\\/#\\\/schema\\\/person\\\/1e95eb12553b8edd256acb00fe6dad4b\"},\"headline\":\"VALNOR refor\u00e7a frota com viatura MAN especial\",\"datePublished\":\"2025-01-17T09:07:00+00:00\",\"mainEntityOfPage\":{\"@id\":\"https:\\\/\\\/automotiverevista.pt\\\/index.php\\\/2025\\\/01\\\/17\\\/valnor-reforca-frota-com-viatura-man-especial\\\/\"},\"wordCount\":202,\"publisher\":{\"@id\":\"https:\\\/\\\/automotiverevista.pt\\\/#organization\"},\"image\":{\"@id\":\"https:\\\/\\\/automotiverevista.pt\\\/index.php\\\/2025\\\/01\\\/17\\\/valnor-reforca-frota-com-viatura-man-especial\\\/#primaryimage\"},\"thumbnailUrl\":\"https:\\\/\\\/automotiverevista.pt\\\/wp-content\\\/uploads\\\/2025\\\/01\\\/2.jpg\",\"articleSection\":[\"Pesados e M\u00e1quinas\"],\"inLanguage\":\"pt-PT\"},{\"@type\":\"WebPage\",\"@id\":\"https:\\\/\\\/automotiverevista.pt\\\/index.php\\\/2025\\\/01\\\/17\\\/valnor-reforca-frota-com-viatura-man-especial\\\/\",\"url\":\"https:\\\/\\\/automotiverevista.pt\\\/index.php\\\/2025\\\/01\\\/17\\\/valnor-reforca-frota-com-viatura-man-especial\\\/\",\"name\":\"VALNOR refor\u00e7a frota com viatura MAN especial - Revista Automotive\",\"isPartOf\":{\"@id\":\"https:\\\/\\\/automotiverevista.pt\\\/#website\"},\"primaryImageOfPage\":{\"@id\":\"https:\\\/\\\/automotiverevista.pt\\\/index.php\\\/2025\\\/01\\\/17\\\/valnor-reforca-frota-com-viatura-man-especial\\\/#primaryimage\"},\"image\":{\"@id\":\"https:\\\/\\\/automotiverevista.pt\\\/index.php\\\/2025\\\/01\\\/17\\\/valnor-reforca-frota-com-viatura-man-especial\\\/#primaryimage\"},\"thumbnailUrl\":\"https:\\\/\\\/automotiverevista.pt\\\/wp-content\\\/uploads\\\/2025\\\/01\\\/2.jpg\",\"datePublished\":\"2025-01-17T09:07:00+00:00\",\"breadcrumb\":{\"@id\":\"https:\\\/\\\/automotiverevista.pt\\\/index.php\\\/2025\\\/01\\\/17\\\/valnor-reforca-frota-com-viatura-man-especial\\\/#breadcrumb\"},\"inLanguage\":\"pt-PT\",\"potentialAction\":[{\"@type\":\"ReadAction\",\"target\":[\"https:\\\/\\\/automotiverevista.pt\\\/index.php\\\/2025\\\/01\\\/17\\\/valnor-reforca-frota-com-viatura-man-especial\\\/\"]}]},{\"@type\":\"ImageObject\",\"inLanguage\":\"pt-PT\",\"@id\":\"https:\\\/\\\/automotiverevista.pt\\\/index.php\\\/2025\\\/01\\\/17\\\/valnor-reforca-frota-com-viatura-man-especial\\\/#primaryimage\",\"url\":\"https:\\\/\\\/automotiverevista.pt\\\/wp-content\\\/uploads\\\/2025\\\/01\\\/2.jpg\",\"contentUrl\":\"https:\\\/\\\/automotiverevista.pt\\\/wp-content\\\/uploads\\\/2025\\\/01\\\/2.jpg\",\"width\":1159,\"height\":1074},{\"@type\":\"BreadcrumbList\",\"@id\":\"https:\\\/\\\/automotiverevista.pt\\\/index.php\\\/2025\\\/01\\\/17\\\/valnor-reforca-frota-com-viatura-man-especial\\\/#breadcrumb\",\"itemListElement\":[{\"@type\":\"ListItem\",\"position\":1,\"name\":\"Home\",\"item\":\"https:\\\/\\\/automotiverevista.pt\\\/\"},{\"@type\":\"ListItem\",\"position\":2,\"name\":\"VALNOR refor\u00e7a frota com viatura MAN especial\"}]},{\"@type\":\"WebSite\",\"@id\":\"https:\\\/\\\/automotiverevista.pt\\\/#website\",\"url\":\"https:\\\/\\\/automotiverevista.pt\\\/\",\"name\":\"Revista Automotive\",\"description\":\"Revista Automotive Portugal\",\"publisher\":{\"@id\":\"https:\\\/\\\/automotiverevista.pt\\\/#organization\"},\"potentialAction\":[{\"@type\":\"SearchAction\",\"target\":{\"@type\":\"EntryPoint\",\"urlTemplate\":\"https:\\\/\\\/automotiverevista.pt\\\/?s={search_term_string}\"},\"query-input\":{\"@type\":\"PropertyValueSpecification\",\"valueRequired\":true,\"valueName\":\"search_term_string\"}}],\"inLanguage\":\"pt-PT\"},{\"@type\":\"Organization\",\"@id\":\"https:\\\/\\\/automotiverevista.pt\\\/#organization\",\"name\":\"Revista Automotive Portugal\",\"url\":\"https:\\\/\\\/automotiverevista.pt\\\/\",\"logo\":{\"@type\":\"ImageObject\",\"inLanguage\":\"pt-PT\",\"@id\":\"https:\\\/\\\/automotiverevista.pt\\\/#\\\/schema\\\/logo\\\/image\\\/\",\"url\":\"https:\\\/\\\/automotiverevista.pt\\\/wp-content\\\/uploads\\\/2022\\\/07\\\/Logo-Automotive-2021_500-1.jpg\",\"contentUrl\":\"https:\\\/\\\/automotiverevista.pt\\\/wp-content\\\/uploads\\\/2022\\\/07\\\/Logo-Automotive-2021_500-1.jpg\",\"width\":500,\"height\":160,\"caption\":\"Revista Automotive Portugal\"},\"image\":{\"@id\":\"https:\\\/\\\/automotiverevista.pt\\\/#\\\/schema\\\/logo\\\/image\\\/\"},\"sameAs\":[\"https:\\\/\\\/linkedin.com\\\/in\\\/automotiverevista\"]},{\"@type\":\"Person\",\"@id\":\"https:\\\/\\\/automotiverevista.pt\\\/#\\\/schema\\\/person\\\/1e95eb12553b8edd256acb00fe6dad4b\",\"name\":\"Fatima Silva\",\"image\":{\"@type\":\"ImageObject\",\"inLanguage\":\"pt-PT\",\"@id\":\"https:\\\/\\\/secure.gravatar.com\\\/avatar\\\/4b4a955a9c1b66708ab0dd3bd6181ac1f650299d893bd337a28482f7f19c8511?s=96&d=mm&r=g\",\"url\":\"https:\\\/\\\/secure.gravatar.com\\\/avatar\\\/4b4a955a9c1b66708ab0dd3bd6181ac1f650299d893bd337a28482f7f19c8511?s=96&d=mm&r=g\",\"contentUrl\":\"https:\\\/\\\/secure.gravatar.com\\\/avatar\\\/4b4a955a9c1b66708ab0dd3bd6181ac1f650299d893bd337a28482f7f19c8511?s=96&d=mm&r=g\",\"caption\":\"Fatima Silva\"},\"url\":\"https:\\\/\\\/automotiverevista.pt\\\/index.php\\\/author\\\/fgasparsilva\\\/\"}]}<\/script>\n<!-- \/ Yoast SEO Premium plugin. -->","yoast_head_json":{"title":"VALNOR refor\u00e7a frota com viatura MAN especial - Revista Automotive","robots":{"index":"index","follow":"follow","max-snippet":"max-snippet:-1","max-image-preview":"max-image-preview:large","max-video-preview":"max-video-preview:-1"},"canonical":"https:\/\/automotiverevista.pt\/index.php\/2025\/01\/17\/valnor-reforca-frota-com-viatura-man-especial\/","og_locale":"pt_PT","og_type":"article","og_title":"VALNOR refor\u00e7a frota com viatura MAN especial","og_description":"A MAN Truck &amp; Bus Portugal como parceira de confian\u00e7a, forneceu \u00e0 VALNOR a mais recente aquisi\u00e7\u00e3o: um modelo \u201cDumper\u201d com tra\u00e7\u00e3o integral 8&#215;8 e rodado simples em todos os eixos. Especialmente concebida para enfrentar condi\u00e7\u00f5es extremas nos aterros, esta viatura destaca-se pela robustez, versatilidade e desempenho superior em terrenos dif\u00edceis, assegurando maior efici\u00eancia, durabilidade [&hellip;]","og_url":"https:\/\/automotiverevista.pt\/index.php\/2025\/01\/17\/valnor-reforca-frota-com-viatura-man-especial\/","og_site_name":"Revista Automotive","article_published_time":"2025-01-17T09:07:00+00:00","og_image":[{"width":1159,"height":1074,"url":"https:\/\/automotiverevista.pt\/wp-content\/uploads\/2025\/01\/2.jpg","type":"image\/jpeg"}],"author":"Fatima Silva","twitter_card":"summary_large_image","twitter_misc":{"Escrito por":"Fatima Silva","Tempo estimado de leitura":"2 minutos"},"schema":{"@context":"https:\/\/schema.org","@graph":[{"@type":"Article","@id":"https:\/\/automotiverevista.pt\/index.php\/2025\/01\/17\/valnor-reforca-frota-com-viatura-man-especial\/#article","isPartOf":{"@id":"https:\/\/automotiverevista.pt\/index.php\/2025\/01\/17\/valnor-reforca-frota-com-viatura-man-especial\/"},"author":{"name":"Fatima Silva","@id":"https:\/\/automotiverevista.pt\/#\/schema\/person\/1e95eb12553b8edd256acb00fe6dad4b"},"headline":"VALNOR refor\u00e7a frota com viatura MAN especial","datePublished":"2025-01-17T09:07:00+00:00","mainEntityOfPage":{"@id":"https:\/\/automotiverevista.pt\/index.php\/2025\/01\/17\/valnor-reforca-frota-com-viatura-man-especial\/"},"wordCount":202,"publisher":{"@id":"https:\/\/automotiverevista.pt\/#organization"},"image":{"@id":"https:\/\/automotiverevista.pt\/index.php\/2025\/01\/17\/valnor-reforca-frota-com-viatura-man-especial\/#primaryimage"},"thumbnailUrl":"https:\/\/automotiverevista.pt\/wp-content\/uploads\/2025\/01\/2.jpg","articleSection":["Pesados e M\u00e1quinas"],"inLanguage":"pt-PT"},{"@type":"WebPage","@id":"https:\/\/automotiverevista.pt\/index.php\/2025\/01\/17\/valnor-reforca-frota-com-viatura-man-especial\/","url":"https:\/\/automotiverevista.pt\/index.php\/2025\/01\/17\/valnor-reforca-frota-com-viatura-man-especial\/","name":"VALNOR refor\u00e7a frota com viatura MAN especial - Revista Automotive","isPartOf":{"@id":"https:\/\/automotiverevista.pt\/#website"},"primaryImageOfPage":{"@id":"https:\/\/automotiverevista.pt\/index.php\/2025\/01\/17\/valnor-reforca-frota-com-viatura-man-especial\/#primaryimage"},"image":{"@id":"https:\/\/automotiverevista.pt\/index.php\/2025\/01\/17\/valnor-reforca-frota-com-viatura-man-especial\/#primaryimage"},"thumbnailUrl":"https:\/\/automotiverevista.pt\/wp-content\/uploads\/2025\/01\/2.jpg","datePublished":"2025-01-17T09:07:00+00:00","breadcrumb":{"@id":"https:\/\/automotiverevista.pt\/index.php\/2025\/01\/17\/valnor-reforca-frota-com-viatura-man-especial\/#breadcrumb"},"inLanguage":"pt-PT","potentialAction":[{"@type":"ReadAction","target":["https:\/\/automotiverevista.pt\/index.php\/2025\/01\/17\/valnor-reforca-frota-com-viatura-man-especial\/"]}]},{"@type":"ImageObject","inLanguage":"pt-PT","@id":"https:\/\/automotiverevista.pt\/index.php\/2025\/01\/17\/valnor-reforca-frota-com-viatura-man-especial\/#primaryimage","url":"https:\/\/automotiverevista.pt\/wp-content\/uploads\/2025\/01\/2.jpg","contentUrl":"https:\/\/automotiverevista.pt\/wp-content\/uploads\/2025\/01\/2.jpg","width":1159,"height":1074},{"@type":"BreadcrumbList","@id":"https:\/\/automotiverevista.pt\/index.php\/2025\/01\/17\/valnor-reforca-frota-com-viatura-man-especial\/#breadcrumb","itemListElement":[{"@type":"ListItem","position":1,"name":"Home","item":"https:\/\/automotiverevista.pt\/"},{"@type":"ListItem","position":2,"name":"VALNOR refor\u00e7a frota com viatura MAN especial"}]},{"@type":"WebSite","@id":"https:\/\/automotiverevista.pt\/#website","url":"https:\/\/automotiverevista.pt\/","name":"Revista Automotive","description":"Revista Automotive Portugal","publisher":{"@id":"https:\/\/automotiverevista.pt\/#organization"},"potentialAction":[{"@type":"SearchAction","target":{"@type":"EntryPoint","urlTemplate":"https:\/\/automotiverevista.pt\/?s={search_term_string}"},"query-input":{"@type":"PropertyValueSpecification","valueRequired":true,"valueName":"search_term_string"}}],"inLanguage":"pt-PT"},{"@type":"Organization","@id":"https:\/\/automotiverevista.pt\/#organization","name":"Revista Automotive Portugal","url":"https:\/\/automotiverevista.pt\/","logo":{"@type":"ImageObject","inLanguage":"pt-PT","@id":"https:\/\/automotiverevista.pt\/#\/schema\/logo\/image\/","url":"https:\/\/automotiverevista.pt\/wp-content\/uploads\/2022\/07\/Logo-Automotive-2021_500-1.jpg","contentUrl":"https:\/\/automotiverevista.pt\/wp-content\/uploads\/2022\/07\/Logo-Automotive-2021_500-1.jpg","width":500,"height":160,"caption":"Revista Automotive Portugal"},"image":{"@id":"https:\/\/automotiverevista.pt\/#\/schema\/logo\/image\/"},"sameAs":["https:\/\/linkedin.com\/in\/automotiverevista"]},{"@type":"Person","@id":"https:\/\/automotiverevista.pt\/#\/schema\/person\/1e95eb12553b8edd256acb00fe6dad4b","name":"Fatima Silva","image":{"@type":"ImageObject","inLanguage":"pt-PT","@id":"https:\/\/secure.gravatar.com\/avatar\/4b4a955a9c1b66708ab0dd3bd6181ac1f650299d893bd337a28482f7f19c8511?s=96&d=mm&r=g","url":"https:\/\/secure.gravatar.com\/avatar\/4b4a955a9c1b66708ab0dd3bd6181ac1f650299d893bd337a28482f7f19c8511?s=96&d=mm&r=g","contentUrl":"https:\/\/secure.gravatar.com\/avatar\/4b4a955a9c1b66708ab0dd3bd6181ac1f650299d893bd337a28482f7f19c8511?s=96&d=mm&r=g","caption":"Fatima Silva"},"url":"https:\/\/automotiverevista.pt\/index.php\/author\/fgasparsilva\/"}]}},"_links":{"self":[{"href":"https:\/\/automotiverevista.pt\/index.php\/wp-json\/wp\/v2\/posts\/8453","targetHints":{"allow":["GET"]}}],"collection":[{"href":"https:\/\/automotiverevista.pt\/index.php\/wp-json\/wp\/v2\/posts"}],"about":[{"href":"https:\/\/automotiverevista.pt\/index.php\/wp-json\/wp\/v2\/types\/post"}],"author":[{"embeddable":true,"href":"https:\/\/automotiverevista.pt\/index.php\/wp-json\/wp\/v2\/users\/4"}],"replies":[{"embeddable":true,"href":"https:\/\/automotiverevista.pt\/index.php\/wp-json\/wp\/v2\/comments?post=8453"}],"version-history":[{"count":2,"href":"https:\/\/automotiverevista.pt\/index.php\/wp-json\/wp\/v2\/posts\/8453\/revisions"}],"predecessor-version":[{"id":8459,"href":"https:\/\/automotiverevista.pt\/index.php\/wp-json\/wp\/v2\/posts\/8453\/revisions\/8459"}],"wp:featuredmedia":[{"embeddable":true,"href":"https:\/\/automotiverevista.pt\/index.php\/wp-json\/wp\/v2\/media\/8457"}],"wp:attachment":[{"href":"https:\/\/automotiverevista.pt\/index.php\/wp-json\/wp\/v2\/media?parent=8453"}],"wp:term":[{"taxonomy":"category","embeddable":true,"href":"https:\/\/automotiverevista.pt\/index.php\/wp-json\/wp\/v2\/categories?post=8453"},{"taxonomy":"post_tag","embeddable":true,"href":"https:\/\/automotiverevista.pt\/index.php\/wp-json\/wp\/v2\/tags?post=8453"}],"curies":[{"name":"wp","href":"https:\/\/api.w.org\/{rel}","templated":true}]}}