{"id":8464,"date":"2025-01-21T07:14:00","date_gmt":"2025-01-21T07:14:00","guid":{"rendered":"https:\/\/automotiverevista.pt\/?p=8464"},"modified":"2025-01-10T19:20:31","modified_gmt":"2025-01-10T19:20:31","slug":"d-tec-e-den-hartogh-contentores-tanque","status":"publish","type":"post","link":"https:\/\/automotiverevista.pt\/index.php\/2025\/01\/21\/d-tec-e-den-hartogh-contentores-tanque\/","title":{"rendered":"D-TEC e Den Hartogh: contentores-tanque"},"content":{"rendered":"\n<p>Em estreita colabora\u00e7\u00e3o com a<strong> Den Hartogh Logistics<\/strong>, a <strong>D-TEC <\/strong>desenvolveu um chassis renovado para contentores-tanque, implementando fatores de seguran\u00e7a e redu\u00e7\u00e3o de custos de manuten\u00e7\u00e3o.<\/p>\n\n\n\n<p>Com a experi\u00eancia pr\u00e1tica e a pensar nos motoristas que sobem e descem dos chassis v\u00e1rias vezes por dia, modificaram o acesso traseiro com a otimiza\u00e7\u00f5es no design do para-choques e da plataforma.Para al\u00e9m da seguran\u00e7a, a preven\u00e7\u00e3o de danos e a redu\u00e7\u00e3o dos custos de manuten\u00e7\u00e3o foram prioridades no processo de desenvolvimento. Alguns componentes foram reposicionados, instalaram ilumina\u00e7\u00e3o adicional e o chassis foi equipado com um sistema de monitoriza\u00e7\u00e3o da press\u00e3o dos pneus (TPMS).<\/p>\n\n\n\n<p>A coopera\u00e7\u00e3o entre a <strong>D-TEC e a Den Hartogh<\/strong> resultou num chassis fi\u00e1vel para contentores-tanque, que exigem elevados padr\u00f5es da ind\u00fastria. Adicionalmente \u00e9 necess\u00e1rio haver um alinhamento nos objetivos, nos valores e prioridades; o que nesta parceria foi poss\u00edvel conciliar positivamente.<\/p>\n\n\n\n<figure class=\"wp-block-image size-large\"><img decoding=\"async\" width=\"1024\" height=\"682\" src=\"https:\/\/automotiverevista.pt\/wp-content\/uploads\/2025\/01\/D-TEC_containerchassis_Den-Hartogh-2_Low-1024x682.jpg\" alt=\"\" class=\"wp-image-8466\" srcset=\"https:\/\/automotiverevista.pt\/wp-content\/uploads\/2025\/01\/D-TEC_containerchassis_Den-Hartogh-2_Low-1024x682.jpg 1024w, https:\/\/automotiverevista.pt\/wp-content\/uploads\/2025\/01\/D-TEC_containerchassis_Den-Hartogh-2_Low-300x200.jpg 300w, https:\/\/automotiverevista.pt\/wp-content\/uploads\/2025\/01\/D-TEC_containerchassis_Den-Hartogh-2_Low-768x512.jpg 768w, https:\/\/automotiverevista.pt\/wp-content\/uploads\/2025\/01\/D-TEC_containerchassis_Den-Hartogh-2_Low-750x500.jpg 750w, https:\/\/automotiverevista.pt\/wp-content\/uploads\/2025\/01\/D-TEC_containerchassis_Den-Hartogh-2_Low-1140x760.jpg 1140w, https:\/\/automotiverevista.pt\/wp-content\/uploads\/2025\/01\/D-TEC_containerchassis_Den-Hartogh-2_Low.jpg 1400w\" sizes=\"(max-width: 1024px) 100vw, 1024px\" \/><\/figure>\n","protected":false},"excerpt":{"rendered":"<p>Em estreita colabora\u00e7\u00e3o com a Den Hartogh Logistics, a D-TEC desenvolveu um chassis renovado para contentores-tanque, implementando fatores de seguran\u00e7a e redu\u00e7\u00e3o de custos de manuten\u00e7\u00e3o. Com a experi\u00eancia pr\u00e1tica e a pensar nos motoristas que sobem e descem dos chassis v\u00e1rias vezes por dia, modificaram o acesso traseiro com a otimiza\u00e7\u00f5es no design do [&hellip;]<\/p>\n","protected":false},"author":4,"featured_media":8465,"comment_status":"closed","ping_status":"open","sticky":false,"template":"","format":"standard","meta":{"jnews-multi-image_gallery":[],"jnews_single_post":{"format":"standard"},"jnews_primary_category":[],"footnotes":""},"categories":[25],"tags":[],"class_list":["post-8464","post","type-post","status-publish","format-standard","has-post-thumbnail","hentry","category-pesados-e-maquinas"],"yoast_head":"<!-- This site is optimized with the Yoast SEO Premium plugin v27.2 (Yoast SEO v27.5) - https:\/\/yoast.com\/product\/yoast-seo-premium-wordpress\/ -->\n<title>D-TEC e Den Hartogh: contentores-tanque - Revista Automotive<\/title>\n<meta name=\"robots\" content=\"index, follow, max-snippet:-1, max-image-preview:large, max-video-preview:-1\" \/>\n<link rel=\"canonical\" href=\"https:\/\/automotiverevista.pt\/index.php\/2025\/01\/21\/d-tec-e-den-hartogh-contentores-tanque\/\" \/>\n<meta property=\"og:locale\" content=\"pt_PT\" \/>\n<meta property=\"og:type\" content=\"article\" \/>\n<meta property=\"og:title\" content=\"D-TEC e Den Hartogh: contentores-tanque\" \/>\n<meta property=\"og:description\" content=\"Em estreita colabora\u00e7\u00e3o com a Den Hartogh Logistics, a D-TEC desenvolveu um chassis renovado para contentores-tanque, implementando fatores de seguran\u00e7a e redu\u00e7\u00e3o de custos de manuten\u00e7\u00e3o. Com a experi\u00eancia pr\u00e1tica e a pensar nos motoristas que sobem e descem dos chassis v\u00e1rias vezes por dia, modificaram o acesso traseiro com a otimiza\u00e7\u00f5es no design do [&hellip;]\" \/>\n<meta property=\"og:url\" content=\"https:\/\/automotiverevista.pt\/index.php\/2025\/01\/21\/d-tec-e-den-hartogh-contentores-tanque\/\" \/>\n<meta property=\"og:site_name\" content=\"Revista Automotive\" \/>\n<meta property=\"article:published_time\" content=\"2025-01-21T07:14:00+00:00\" \/>\n<meta property=\"og:image\" content=\"https:\/\/automotiverevista.pt\/wp-content\/uploads\/2025\/01\/abertura.jpg\" \/>\n\t<meta property=\"og:image:width\" content=\"1400\" \/>\n\t<meta property=\"og:image:height\" content=\"788\" \/>\n\t<meta property=\"og:image:type\" content=\"image\/jpeg\" \/>\n<meta name=\"author\" content=\"Fatima Silva\" \/>\n<meta name=\"twitter:card\" content=\"summary_large_image\" \/>\n<meta name=\"twitter:label1\" content=\"Escrito por\" \/>\n\t<meta name=\"twitter:data1\" content=\"Fatima Silva\" \/>\n\t<meta name=\"twitter:label2\" content=\"Tempo estimado de leitura\" \/>\n\t<meta name=\"twitter:data2\" content=\"2 minutos\" \/>\n<script type=\"application\/ld+json\" class=\"yoast-schema-graph\">{\"@context\":\"https:\\\/\\\/schema.org\",\"@graph\":[{\"@type\":\"Article\",\"@id\":\"https:\\\/\\\/automotiverevista.pt\\\/index.php\\\/2025\\\/01\\\/21\\\/d-tec-e-den-hartogh-contentores-tanque\\\/#article\",\"isPartOf\":{\"@id\":\"https:\\\/\\\/automotiverevista.pt\\\/index.php\\\/2025\\\/01\\\/21\\\/d-tec-e-den-hartogh-contentores-tanque\\\/\"},\"author\":{\"name\":\"Fatima Silva\",\"@id\":\"https:\\\/\\\/automotiverevista.pt\\\/#\\\/schema\\\/person\\\/1e95eb12553b8edd256acb00fe6dad4b\"},\"headline\":\"D-TEC e Den Hartogh: contentores-tanque\",\"datePublished\":\"2025-01-21T07:14:00+00:00\",\"mainEntityOfPage\":{\"@id\":\"https:\\\/\\\/automotiverevista.pt\\\/index.php\\\/2025\\\/01\\\/21\\\/d-tec-e-den-hartogh-contentores-tanque\\\/\"},\"wordCount\":169,\"publisher\":{\"@id\":\"https:\\\/\\\/automotiverevista.pt\\\/#organization\"},\"image\":{\"@id\":\"https:\\\/\\\/automotiverevista.pt\\\/index.php\\\/2025\\\/01\\\/21\\\/d-tec-e-den-hartogh-contentores-tanque\\\/#primaryimage\"},\"thumbnailUrl\":\"https:\\\/\\\/automotiverevista.pt\\\/wp-content\\\/uploads\\\/2025\\\/01\\\/abertura.jpg\",\"articleSection\":[\"Pesados e M\u00e1quinas\"],\"inLanguage\":\"pt-PT\"},{\"@type\":\"WebPage\",\"@id\":\"https:\\\/\\\/automotiverevista.pt\\\/index.php\\\/2025\\\/01\\\/21\\\/d-tec-e-den-hartogh-contentores-tanque\\\/\",\"url\":\"https:\\\/\\\/automotiverevista.pt\\\/index.php\\\/2025\\\/01\\\/21\\\/d-tec-e-den-hartogh-contentores-tanque\\\/\",\"name\":\"D-TEC e Den Hartogh: contentores-tanque - Revista Automotive\",\"isPartOf\":{\"@id\":\"https:\\\/\\\/automotiverevista.pt\\\/#website\"},\"primaryImageOfPage\":{\"@id\":\"https:\\\/\\\/automotiverevista.pt\\\/index.php\\\/2025\\\/01\\\/21\\\/d-tec-e-den-hartogh-contentores-tanque\\\/#primaryimage\"},\"image\":{\"@id\":\"https:\\\/\\\/automotiverevista.pt\\\/index.php\\\/2025\\\/01\\\/21\\\/d-tec-e-den-hartogh-contentores-tanque\\\/#primaryimage\"},\"thumbnailUrl\":\"https:\\\/\\\/automotiverevista.pt\\\/wp-content\\\/uploads\\\/2025\\\/01\\\/abertura.jpg\",\"datePublished\":\"2025-01-21T07:14:00+00:00\",\"breadcrumb\":{\"@id\":\"https:\\\/\\\/automotiverevista.pt\\\/index.php\\\/2025\\\/01\\\/21\\\/d-tec-e-den-hartogh-contentores-tanque\\\/#breadcrumb\"},\"inLanguage\":\"pt-PT\",\"potentialAction\":[{\"@type\":\"ReadAction\",\"target\":[\"https:\\\/\\\/automotiverevista.pt\\\/index.php\\\/2025\\\/01\\\/21\\\/d-tec-e-den-hartogh-contentores-tanque\\\/\"]}]},{\"@type\":\"ImageObject\",\"inLanguage\":\"pt-PT\",\"@id\":\"https:\\\/\\\/automotiverevista.pt\\\/index.php\\\/2025\\\/01\\\/21\\\/d-tec-e-den-hartogh-contentores-tanque\\\/#primaryimage\",\"url\":\"https:\\\/\\\/automotiverevista.pt\\\/wp-content\\\/uploads\\\/2025\\\/01\\\/abertura.jpg\",\"contentUrl\":\"https:\\\/\\\/automotiverevista.pt\\\/wp-content\\\/uploads\\\/2025\\\/01\\\/abertura.jpg\",\"width\":1400,\"height\":788},{\"@type\":\"BreadcrumbList\",\"@id\":\"https:\\\/\\\/automotiverevista.pt\\\/index.php\\\/2025\\\/01\\\/21\\\/d-tec-e-den-hartogh-contentores-tanque\\\/#breadcrumb\",\"itemListElement\":[{\"@type\":\"ListItem\",\"position\":1,\"name\":\"Home\",\"item\":\"https:\\\/\\\/automotiverevista.pt\\\/\"},{\"@type\":\"ListItem\",\"position\":2,\"name\":\"D-TEC e Den Hartogh: contentores-tanque\"}]},{\"@type\":\"WebSite\",\"@id\":\"https:\\\/\\\/automotiverevista.pt\\\/#website\",\"url\":\"https:\\\/\\\/automotiverevista.pt\\\/\",\"name\":\"Revista Automotive\",\"description\":\"Revista Automotive Portugal\",\"publisher\":{\"@id\":\"https:\\\/\\\/automotiverevista.pt\\\/#organization\"},\"potentialAction\":[{\"@type\":\"SearchAction\",\"target\":{\"@type\":\"EntryPoint\",\"urlTemplate\":\"https:\\\/\\\/automotiverevista.pt\\\/?s={search_term_string}\"},\"query-input\":{\"@type\":\"PropertyValueSpecification\",\"valueRequired\":true,\"valueName\":\"search_term_string\"}}],\"inLanguage\":\"pt-PT\"},{\"@type\":\"Organization\",\"@id\":\"https:\\\/\\\/automotiverevista.pt\\\/#organization\",\"name\":\"Revista Automotive Portugal\",\"url\":\"https:\\\/\\\/automotiverevista.pt\\\/\",\"logo\":{\"@type\":\"ImageObject\",\"inLanguage\":\"pt-PT\",\"@id\":\"https:\\\/\\\/automotiverevista.pt\\\/#\\\/schema\\\/logo\\\/image\\\/\",\"url\":\"https:\\\/\\\/automotiverevista.pt\\\/wp-content\\\/uploads\\\/2022\\\/07\\\/Logo-Automotive-2021_500-1.jpg\",\"contentUrl\":\"https:\\\/\\\/automotiverevista.pt\\\/wp-content\\\/uploads\\\/2022\\\/07\\\/Logo-Automotive-2021_500-1.jpg\",\"width\":500,\"height\":160,\"caption\":\"Revista Automotive Portugal\"},\"image\":{\"@id\":\"https:\\\/\\\/automotiverevista.pt\\\/#\\\/schema\\\/logo\\\/image\\\/\"},\"sameAs\":[\"https:\\\/\\\/linkedin.com\\\/in\\\/automotiverevista\"]},{\"@type\":\"Person\",\"@id\":\"https:\\\/\\\/automotiverevista.pt\\\/#\\\/schema\\\/person\\\/1e95eb12553b8edd256acb00fe6dad4b\",\"name\":\"Fatima Silva\",\"image\":{\"@type\":\"ImageObject\",\"inLanguage\":\"pt-PT\",\"@id\":\"https:\\\/\\\/secure.gravatar.com\\\/avatar\\\/4b4a955a9c1b66708ab0dd3bd6181ac1f650299d893bd337a28482f7f19c8511?s=96&d=mm&r=g\",\"url\":\"https:\\\/\\\/secure.gravatar.com\\\/avatar\\\/4b4a955a9c1b66708ab0dd3bd6181ac1f650299d893bd337a28482f7f19c8511?s=96&d=mm&r=g\",\"contentUrl\":\"https:\\\/\\\/secure.gravatar.com\\\/avatar\\\/4b4a955a9c1b66708ab0dd3bd6181ac1f650299d893bd337a28482f7f19c8511?s=96&d=mm&r=g\",\"caption\":\"Fatima Silva\"},\"url\":\"https:\\\/\\\/automotiverevista.pt\\\/index.php\\\/author\\\/fgasparsilva\\\/\"}]}<\/script>\n<!-- \/ Yoast SEO Premium plugin. -->","yoast_head_json":{"title":"D-TEC e Den Hartogh: contentores-tanque - Revista Automotive","robots":{"index":"index","follow":"follow","max-snippet":"max-snippet:-1","max-image-preview":"max-image-preview:large","max-video-preview":"max-video-preview:-1"},"canonical":"https:\/\/automotiverevista.pt\/index.php\/2025\/01\/21\/d-tec-e-den-hartogh-contentores-tanque\/","og_locale":"pt_PT","og_type":"article","og_title":"D-TEC e Den Hartogh: contentores-tanque","og_description":"Em estreita colabora\u00e7\u00e3o com a Den Hartogh Logistics, a D-TEC desenvolveu um chassis renovado para contentores-tanque, implementando fatores de seguran\u00e7a e redu\u00e7\u00e3o de custos de manuten\u00e7\u00e3o. Com a experi\u00eancia pr\u00e1tica e a pensar nos motoristas que sobem e descem dos chassis v\u00e1rias vezes por dia, modificaram o acesso traseiro com a otimiza\u00e7\u00f5es no design do [&hellip;]","og_url":"https:\/\/automotiverevista.pt\/index.php\/2025\/01\/21\/d-tec-e-den-hartogh-contentores-tanque\/","og_site_name":"Revista Automotive","article_published_time":"2025-01-21T07:14:00+00:00","og_image":[{"width":1400,"height":788,"url":"https:\/\/automotiverevista.pt\/wp-content\/uploads\/2025\/01\/abertura.jpg","type":"image\/jpeg"}],"author":"Fatima Silva","twitter_card":"summary_large_image","twitter_misc":{"Escrito por":"Fatima Silva","Tempo estimado de leitura":"2 minutos"},"schema":{"@context":"https:\/\/schema.org","@graph":[{"@type":"Article","@id":"https:\/\/automotiverevista.pt\/index.php\/2025\/01\/21\/d-tec-e-den-hartogh-contentores-tanque\/#article","isPartOf":{"@id":"https:\/\/automotiverevista.pt\/index.php\/2025\/01\/21\/d-tec-e-den-hartogh-contentores-tanque\/"},"author":{"name":"Fatima Silva","@id":"https:\/\/automotiverevista.pt\/#\/schema\/person\/1e95eb12553b8edd256acb00fe6dad4b"},"headline":"D-TEC e Den Hartogh: contentores-tanque","datePublished":"2025-01-21T07:14:00+00:00","mainEntityOfPage":{"@id":"https:\/\/automotiverevista.pt\/index.php\/2025\/01\/21\/d-tec-e-den-hartogh-contentores-tanque\/"},"wordCount":169,"publisher":{"@id":"https:\/\/automotiverevista.pt\/#organization"},"image":{"@id":"https:\/\/automotiverevista.pt\/index.php\/2025\/01\/21\/d-tec-e-den-hartogh-contentores-tanque\/#primaryimage"},"thumbnailUrl":"https:\/\/automotiverevista.pt\/wp-content\/uploads\/2025\/01\/abertura.jpg","articleSection":["Pesados e M\u00e1quinas"],"inLanguage":"pt-PT"},{"@type":"WebPage","@id":"https:\/\/automotiverevista.pt\/index.php\/2025\/01\/21\/d-tec-e-den-hartogh-contentores-tanque\/","url":"https:\/\/automotiverevista.pt\/index.php\/2025\/01\/21\/d-tec-e-den-hartogh-contentores-tanque\/","name":"D-TEC e Den Hartogh: contentores-tanque - Revista Automotive","isPartOf":{"@id":"https:\/\/automotiverevista.pt\/#website"},"primaryImageOfPage":{"@id":"https:\/\/automotiverevista.pt\/index.php\/2025\/01\/21\/d-tec-e-den-hartogh-contentores-tanque\/#primaryimage"},"image":{"@id":"https:\/\/automotiverevista.pt\/index.php\/2025\/01\/21\/d-tec-e-den-hartogh-contentores-tanque\/#primaryimage"},"thumbnailUrl":"https:\/\/automotiverevista.pt\/wp-content\/uploads\/2025\/01\/abertura.jpg","datePublished":"2025-01-21T07:14:00+00:00","breadcrumb":{"@id":"https:\/\/automotiverevista.pt\/index.php\/2025\/01\/21\/d-tec-e-den-hartogh-contentores-tanque\/#breadcrumb"},"inLanguage":"pt-PT","potentialAction":[{"@type":"ReadAction","target":["https:\/\/automotiverevista.pt\/index.php\/2025\/01\/21\/d-tec-e-den-hartogh-contentores-tanque\/"]}]},{"@type":"ImageObject","inLanguage":"pt-PT","@id":"https:\/\/automotiverevista.pt\/index.php\/2025\/01\/21\/d-tec-e-den-hartogh-contentores-tanque\/#primaryimage","url":"https:\/\/automotiverevista.pt\/wp-content\/uploads\/2025\/01\/abertura.jpg","contentUrl":"https:\/\/automotiverevista.pt\/wp-content\/uploads\/2025\/01\/abertura.jpg","width":1400,"height":788},{"@type":"BreadcrumbList","@id":"https:\/\/automotiverevista.pt\/index.php\/2025\/01\/21\/d-tec-e-den-hartogh-contentores-tanque\/#breadcrumb","itemListElement":[{"@type":"ListItem","position":1,"name":"Home","item":"https:\/\/automotiverevista.pt\/"},{"@type":"ListItem","position":2,"name":"D-TEC e Den Hartogh: contentores-tanque"}]},{"@type":"WebSite","@id":"https:\/\/automotiverevista.pt\/#website","url":"https:\/\/automotiverevista.pt\/","name":"Revista Automotive","description":"Revista Automotive Portugal","publisher":{"@id":"https:\/\/automotiverevista.pt\/#organization"},"potentialAction":[{"@type":"SearchAction","target":{"@type":"EntryPoint","urlTemplate":"https:\/\/automotiverevista.pt\/?s={search_term_string}"},"query-input":{"@type":"PropertyValueSpecification","valueRequired":true,"valueName":"search_term_string"}}],"inLanguage":"pt-PT"},{"@type":"Organization","@id":"https:\/\/automotiverevista.pt\/#organization","name":"Revista Automotive Portugal","url":"https:\/\/automotiverevista.pt\/","logo":{"@type":"ImageObject","inLanguage":"pt-PT","@id":"https:\/\/automotiverevista.pt\/#\/schema\/logo\/image\/","url":"https:\/\/automotiverevista.pt\/wp-content\/uploads\/2022\/07\/Logo-Automotive-2021_500-1.jpg","contentUrl":"https:\/\/automotiverevista.pt\/wp-content\/uploads\/2022\/07\/Logo-Automotive-2021_500-1.jpg","width":500,"height":160,"caption":"Revista Automotive Portugal"},"image":{"@id":"https:\/\/automotiverevista.pt\/#\/schema\/logo\/image\/"},"sameAs":["https:\/\/linkedin.com\/in\/automotiverevista"]},{"@type":"Person","@id":"https:\/\/automotiverevista.pt\/#\/schema\/person\/1e95eb12553b8edd256acb00fe6dad4b","name":"Fatima Silva","image":{"@type":"ImageObject","inLanguage":"pt-PT","@id":"https:\/\/secure.gravatar.com\/avatar\/4b4a955a9c1b66708ab0dd3bd6181ac1f650299d893bd337a28482f7f19c8511?s=96&d=mm&r=g","url":"https:\/\/secure.gravatar.com\/avatar\/4b4a955a9c1b66708ab0dd3bd6181ac1f650299d893bd337a28482f7f19c8511?s=96&d=mm&r=g","contentUrl":"https:\/\/secure.gravatar.com\/avatar\/4b4a955a9c1b66708ab0dd3bd6181ac1f650299d893bd337a28482f7f19c8511?s=96&d=mm&r=g","caption":"Fatima Silva"},"url":"https:\/\/automotiverevista.pt\/index.php\/author\/fgasparsilva\/"}]}},"_links":{"self":[{"href":"https:\/\/automotiverevista.pt\/index.php\/wp-json\/wp\/v2\/posts\/8464","targetHints":{"allow":["GET"]}}],"collection":[{"href":"https:\/\/automotiverevista.pt\/index.php\/wp-json\/wp\/v2\/posts"}],"about":[{"href":"https:\/\/automotiverevista.pt\/index.php\/wp-json\/wp\/v2\/types\/post"}],"author":[{"embeddable":true,"href":"https:\/\/automotiverevista.pt\/index.php\/wp-json\/wp\/v2\/users\/4"}],"replies":[{"embeddable":true,"href":"https:\/\/automotiverevista.pt\/index.php\/wp-json\/wp\/v2\/comments?post=8464"}],"version-history":[{"count":1,"href":"https:\/\/automotiverevista.pt\/index.php\/wp-json\/wp\/v2\/posts\/8464\/revisions"}],"predecessor-version":[{"id":8467,"href":"https:\/\/automotiverevista.pt\/index.php\/wp-json\/wp\/v2\/posts\/8464\/revisions\/8467"}],"wp:featuredmedia":[{"embeddable":true,"href":"https:\/\/automotiverevista.pt\/index.php\/wp-json\/wp\/v2\/media\/8465"}],"wp:attachment":[{"href":"https:\/\/automotiverevista.pt\/index.php\/wp-json\/wp\/v2\/media?parent=8464"}],"wp:term":[{"taxonomy":"category","embeddable":true,"href":"https:\/\/automotiverevista.pt\/index.php\/wp-json\/wp\/v2\/categories?post=8464"},{"taxonomy":"post_tag","embeddable":true,"href":"https:\/\/automotiverevista.pt\/index.php\/wp-json\/wp\/v2\/tags?post=8464"}],"curies":[{"name":"wp","href":"https:\/\/api.w.org\/{rel}","templated":true}]}}