{"id":859,"date":"2022-09-01T10:17:08","date_gmt":"2022-09-01T10:17:08","guid":{"rendered":"https:\/\/automotiverevista.pt\/?p=859"},"modified":"2022-09-01T10:17:12","modified_gmt":"2022-09-01T10:17:12","slug":"carrier-com-organizacao-dedicada-aos-pesados-em-portugal","status":"publish","type":"post","link":"https:\/\/automotiverevista.pt\/index.php\/2022\/09\/01\/carrier-com-organizacao-dedicada-aos-pesados-em-portugal\/","title":{"rendered":"Carrier com organiza\u00e7\u00e3o dedicada aos pesados em Portugal"},"content":{"rendered":"\n<p>A Carrier Transicold est\u00e1 a expandir a sua presen\u00e7a na regi\u00e3o ib\u00e9rica, atrav\u00e9s da implementa\u00e7\u00e3o de uma organiza\u00e7\u00e3o dedicada de vendas e p\u00f3s-venda em Portugal na \u00e1rea de refrigera\u00e7\u00e3o de <a href=\"https:\/\/automotiverevista.pt\/index.php\/2022\/07\/21\/video-teste-do-scania-100-eletrico-sera-este-o-futuro-dos-camioes\/\">cami\u00f5es<\/a>\/<a href=\"https:\/\/trailer-innovation.com\/en\/\">reboques <\/a>a partir de hoje, dia 1 de setembro de 2022.<\/p>\n\n\n\n<p><strong>Jos\u00e9 Antonio Gomes (<\/strong>na foto, ao centro) atuar\u00e1 como<em> Country Sales <\/em>e <em>After-Sales Manager<\/em> para Portugal, e trabalhar\u00e1 com a equipa comercial e p\u00f3s-venda para gerir as vendas de novos equipamentos, bem como a rede de p\u00f3s-venda em Portugal para fornecer a melhor experi\u00eancia ao cliente em todo o pa\u00eds.<\/p>\n\n\n\n<p>A nova organiza\u00e7\u00e3o permitir\u00e1 que os operadores de frotas nacionais beneficiem de uma maior proximidade no fornecimento de equipamentos de frio eficientes, sustent\u00e1veis \u200b\u200be inteligentes atrav\u00e9s de solu\u00e7\u00f5es el\u00e9tricas inovadoras. A Frindus deixa de ser o distribuidor oficial dos equipamentos Carrier Transicold em Portugal, mas ir\u00e1 manter-se como parceiro oficial no servi\u00e7o p\u00f3s-venda, atrav\u00e9s dos seus centros de servi\u00e7o em Cascais, Oeiras e Sintra.<\/p>\n\n\n\n<p>\u201cCom uma equipe dedicada em Portugal, a Carrier Transicold pode fornecer o melhor suporte de vendas e servi\u00e7os para <a href=\"https:\/\/automotiverevista.pt\/index.php\/2022\/07\/21\/video-teste-do-scania-100-eletrico-sera-este-o-futuro-dos-camioes\/\">frotas de transporte refrigerado<\/a>, com base nas necessidades desta regi\u00e3o\u201d, disse em comunicado Jean-Pascal Vielfaure, Diretor Geral da Carrier Transicold South Europe.<\/p>\n\n\n\n<p>\u00a0\u201cGostar\u00edamos de aproveitar esta oportunidade para reconhecer e agradecer a Frindus por uma frut\u00edfera colabora\u00e7\u00e3o e desenvolvimento da refrigera\u00e7\u00e3o de transporte Carrier h\u00e1 mais de 40 anos em Portugal\u201d conclui Jean-Pascal Vielfaure.<\/p>\n\n\n\n<figure class=\"wp-block-image size-large\"><img decoding=\"async\" width=\"1024\" height=\"768\" src=\"https:\/\/automotiverevista.pt\/wp-content\/uploads\/2022\/09\/IMG_0266-1024x768.jpg\" alt=\"\" class=\"wp-image-861\" srcset=\"https:\/\/automotiverevista.pt\/wp-content\/uploads\/2022\/09\/IMG_0266-1024x768.jpg 1024w, https:\/\/automotiverevista.pt\/wp-content\/uploads\/2022\/09\/IMG_0266-300x225.jpg 300w, https:\/\/automotiverevista.pt\/wp-content\/uploads\/2022\/09\/IMG_0266-768x576.jpg 768w, https:\/\/automotiverevista.pt\/wp-content\/uploads\/2022\/09\/IMG_0266-1536x1152.jpg 1536w, https:\/\/automotiverevista.pt\/wp-content\/uploads\/2022\/09\/IMG_0266-2048x1536.jpg 2048w, https:\/\/automotiverevista.pt\/wp-content\/uploads\/2022\/09\/IMG_0266-750x563.jpg 750w, https:\/\/automotiverevista.pt\/wp-content\/uploads\/2022\/09\/IMG_0266-1140x855.jpg 1140w\" sizes=\"(max-width: 1024px) 100vw, 1024px\" \/><\/figure>\n\n\n\n<p><\/p>\n","protected":false},"excerpt":{"rendered":"<p>A Carrier Transicold est\u00e1 a expandir a sua presen\u00e7a na regi\u00e3o ib\u00e9rica, atrav\u00e9s da implementa\u00e7\u00e3o de uma organiza\u00e7\u00e3o dedicada de vendas e p\u00f3s-venda em Portugal na \u00e1rea de refrigera\u00e7\u00e3o de cami\u00f5es\/reboques a partir de hoje, dia 1 de setembro de 2022. Jos\u00e9 Antonio Gomes (na foto, ao centro) atuar\u00e1 como Country Sales e After-Sales Manager [&hellip;]<\/p>\n","protected":false},"author":1,"featured_media":860,"comment_status":"closed","ping_status":"open","sticky":false,"template":"","format":"standard","meta":{"jnews-multi-image_gallery":[],"jnews_single_post":{"subtitle":"","format":"standard","video":"","gallery":"","source_name":"","source_url":"","via_name":"","via_url":"","override_template":"0","override":[{"template":"2","single_blog_custom":"","parallax":"1","fullscreen":"1","layout":"right-sidebar","sidebar":"default-sidebar","second_sidebar":"default-sidebar","sticky_sidebar":"1","share_position":"topbottom","share_float_style":"share-monocrhome","show_share_counter":"0","show_view_counter":"0","show_featured":"1","show_post_meta":"1","show_post_author":"0","show_post_author_image":"1","show_post_date":"1","post_date_format":"default","post_date_format_custom":"Y\/m\/d","show_post_category":"1","show_post_reading_time":"0","post_reading_time_wpm":"300","show_zoom_button":"0","zoom_button_out_step":"2","zoom_button_in_step":"3","show_post_tag":"1","show_prev_next_post":"0","show_popup_post":"1","number_popup_post":"1","show_author_box":"0","show_post_related":"1","show_inline_post_related":"1"}],"override_image_size":"0","image_override":[{"single_post_thumbnail_size":"crop-500","single_post_gallery_size":"crop-500"}],"trending_post":"0","trending_post_position":"meta","trending_post_label":"Trending","sponsored_post":"0","sponsored_post_label":"Sponsored by","sponsored_post_name":"","sponsored_post_url":"","sponsored_post_logo_enable":"0","sponsored_post_logo":"","sponsored_post_desc":"","disable_ad":"0"},"jnews_primary_category":{"id":""},"footnotes":""},"categories":[25],"tags":[49,106],"class_list":["post-859","post","type-post","status-publish","format-standard","has-post-thumbnail","hentry","category-pesados-e-maquinas","tag-camiao","tag-carrier"],"yoast_head":"<!-- This site is optimized with the Yoast SEO Premium plugin v27.5 (Yoast SEO v27.5) - https:\/\/yoast.com\/product\/yoast-seo-premium-wordpress\/ -->\n<title>Carrier com organiza\u00e7\u00e3o dedicada aos pesados em Portugal - Revista Automotive<\/title>\n<meta name=\"description\" content=\"A Carrier Transicold est\u00e1 a expandir a sua presen\u00e7a atrav\u00e9s da implementa\u00e7\u00e3o de uma organiza\u00e7\u00e3o dedicada de vendas e p\u00f3s-venda em Portugal\" \/>\n<meta name=\"robots\" content=\"index, follow, max-snippet:-1, max-image-preview:large, max-video-preview:-1\" \/>\n<link rel=\"canonical\" href=\"https:\/\/automotiverevista.pt\/index.php\/2022\/09\/01\/carrier-com-organizacao-dedicada-aos-pesados-em-portugal\/\" \/>\n<meta property=\"og:locale\" content=\"pt_PT\" \/>\n<meta property=\"og:type\" content=\"article\" \/>\n<meta property=\"og:title\" content=\"Carrier com organiza\u00e7\u00e3o dedicada aos pesados em Portugal\" \/>\n<meta property=\"og:description\" content=\"A Carrier Transicold est\u00e1 a expandir a sua presen\u00e7a atrav\u00e9s da implementa\u00e7\u00e3o de uma organiza\u00e7\u00e3o dedicada de vendas e p\u00f3s-venda em Portugal\" \/>\n<meta property=\"og:url\" content=\"https:\/\/automotiverevista.pt\/index.php\/2022\/09\/01\/carrier-com-organizacao-dedicada-aos-pesados-em-portugal\/\" \/>\n<meta property=\"og:site_name\" content=\"Revista Automotive\" \/>\n<meta property=\"article:published_time\" content=\"2022-09-01T10:17:08+00:00\" \/>\n<meta property=\"article:modified_time\" content=\"2022-09-01T10:17:12+00:00\" \/>\n<meta property=\"og:image\" content=\"https:\/\/automotiverevista.pt\/wp-content\/uploads\/2022\/09\/eeeeee.jpg\" \/>\n\t<meta property=\"og:image:width\" content=\"2528\" \/>\n\t<meta property=\"og:image:height\" content=\"1328\" \/>\n\t<meta property=\"og:image:type\" content=\"image\/jpeg\" \/>\n<meta name=\"author\" content=\"adminNovo\" \/>\n<meta name=\"twitter:card\" content=\"summary_large_image\" \/>\n<meta name=\"twitter:label1\" content=\"Escrito por\" \/>\n\t<meta name=\"twitter:data1\" content=\"adminNovo\" \/>\n\t<meta name=\"twitter:label2\" content=\"Tempo estimado de leitura\" \/>\n\t<meta name=\"twitter:data2\" content=\"2 minutos\" \/>\n<script type=\"application\/ld+json\" class=\"yoast-schema-graph\">{\"@context\":\"https:\\\/\\\/schema.org\",\"@graph\":[{\"@type\":\"Article\",\"@id\":\"https:\\\/\\\/automotiverevista.pt\\\/index.php\\\/2022\\\/09\\\/01\\\/carrier-com-organizacao-dedicada-aos-pesados-em-portugal\\\/#article\",\"isPartOf\":{\"@id\":\"https:\\\/\\\/automotiverevista.pt\\\/index.php\\\/2022\\\/09\\\/01\\\/carrier-com-organizacao-dedicada-aos-pesados-em-portugal\\\/\"},\"author\":{\"name\":\"adminNovo\",\"@id\":\"https:\\\/\\\/automotiverevista.pt\\\/#\\\/schema\\\/person\\\/1265858bc8c78a0f969de814da8be281\"},\"headline\":\"Carrier com organiza\u00e7\u00e3o dedicada aos pesados em Portugal\",\"datePublished\":\"2022-09-01T10:17:08+00:00\",\"dateModified\":\"2022-09-01T10:17:12+00:00\",\"mainEntityOfPage\":{\"@id\":\"https:\\\/\\\/automotiverevista.pt\\\/index.php\\\/2022\\\/09\\\/01\\\/carrier-com-organizacao-dedicada-aos-pesados-em-portugal\\\/\"},\"wordCount\":263,\"publisher\":{\"@id\":\"https:\\\/\\\/automotiverevista.pt\\\/#organization\"},\"image\":{\"@id\":\"https:\\\/\\\/automotiverevista.pt\\\/index.php\\\/2022\\\/09\\\/01\\\/carrier-com-organizacao-dedicada-aos-pesados-em-portugal\\\/#primaryimage\"},\"thumbnailUrl\":\"https:\\\/\\\/automotiverevista.pt\\\/wp-content\\\/uploads\\\/2022\\\/09\\\/eeeeee.jpg\",\"keywords\":[\"cami\u00e3o\",\"Carrier\"],\"articleSection\":[\"Pesados e M\u00e1quinas\"],\"inLanguage\":\"pt-PT\"},{\"@type\":\"WebPage\",\"@id\":\"https:\\\/\\\/automotiverevista.pt\\\/index.php\\\/2022\\\/09\\\/01\\\/carrier-com-organizacao-dedicada-aos-pesados-em-portugal\\\/\",\"url\":\"https:\\\/\\\/automotiverevista.pt\\\/index.php\\\/2022\\\/09\\\/01\\\/carrier-com-organizacao-dedicada-aos-pesados-em-portugal\\\/\",\"name\":\"Carrier com organiza\u00e7\u00e3o dedicada aos pesados em Portugal - Revista Automotive\",\"isPartOf\":{\"@id\":\"https:\\\/\\\/automotiverevista.pt\\\/#website\"},\"primaryImageOfPage\":{\"@id\":\"https:\\\/\\\/automotiverevista.pt\\\/index.php\\\/2022\\\/09\\\/01\\\/carrier-com-organizacao-dedicada-aos-pesados-em-portugal\\\/#primaryimage\"},\"image\":{\"@id\":\"https:\\\/\\\/automotiverevista.pt\\\/index.php\\\/2022\\\/09\\\/01\\\/carrier-com-organizacao-dedicada-aos-pesados-em-portugal\\\/#primaryimage\"},\"thumbnailUrl\":\"https:\\\/\\\/automotiverevista.pt\\\/wp-content\\\/uploads\\\/2022\\\/09\\\/eeeeee.jpg\",\"datePublished\":\"2022-09-01T10:17:08+00:00\",\"dateModified\":\"2022-09-01T10:17:12+00:00\",\"description\":\"A Carrier Transicold est\u00e1 a expandir a sua presen\u00e7a atrav\u00e9s da implementa\u00e7\u00e3o de uma organiza\u00e7\u00e3o dedicada de vendas e p\u00f3s-venda em Portugal\",\"breadcrumb\":{\"@id\":\"https:\\\/\\\/automotiverevista.pt\\\/index.php\\\/2022\\\/09\\\/01\\\/carrier-com-organizacao-dedicada-aos-pesados-em-portugal\\\/#breadcrumb\"},\"inLanguage\":\"pt-PT\",\"potentialAction\":[{\"@type\":\"ReadAction\",\"target\":[\"https:\\\/\\\/automotiverevista.pt\\\/index.php\\\/2022\\\/09\\\/01\\\/carrier-com-organizacao-dedicada-aos-pesados-em-portugal\\\/\"]}]},{\"@type\":\"ImageObject\",\"inLanguage\":\"pt-PT\",\"@id\":\"https:\\\/\\\/automotiverevista.pt\\\/index.php\\\/2022\\\/09\\\/01\\\/carrier-com-organizacao-dedicada-aos-pesados-em-portugal\\\/#primaryimage\",\"url\":\"https:\\\/\\\/automotiverevista.pt\\\/wp-content\\\/uploads\\\/2022\\\/09\\\/eeeeee.jpg\",\"contentUrl\":\"https:\\\/\\\/automotiverevista.pt\\\/wp-content\\\/uploads\\\/2022\\\/09\\\/eeeeee.jpg\",\"width\":2528,\"height\":1328},{\"@type\":\"BreadcrumbList\",\"@id\":\"https:\\\/\\\/automotiverevista.pt\\\/index.php\\\/2022\\\/09\\\/01\\\/carrier-com-organizacao-dedicada-aos-pesados-em-portugal\\\/#breadcrumb\",\"itemListElement\":[{\"@type\":\"ListItem\",\"position\":1,\"name\":\"Home\",\"item\":\"https:\\\/\\\/automotiverevista.pt\\\/\"},{\"@type\":\"ListItem\",\"position\":2,\"name\":\"Carrier com organiza\u00e7\u00e3o dedicada aos pesados em Portugal\"}]},{\"@type\":\"WebSite\",\"@id\":\"https:\\\/\\\/automotiverevista.pt\\\/#website\",\"url\":\"https:\\\/\\\/automotiverevista.pt\\\/\",\"name\":\"Revista Automotive\",\"description\":\"Revista Automotive Portugal\",\"publisher\":{\"@id\":\"https:\\\/\\\/automotiverevista.pt\\\/#organization\"},\"potentialAction\":[{\"@type\":\"SearchAction\",\"target\":{\"@type\":\"EntryPoint\",\"urlTemplate\":\"https:\\\/\\\/automotiverevista.pt\\\/?s={search_term_string}\"},\"query-input\":{\"@type\":\"PropertyValueSpecification\",\"valueRequired\":true,\"valueName\":\"search_term_string\"}}],\"inLanguage\":\"pt-PT\"},{\"@type\":\"Organization\",\"@id\":\"https:\\\/\\\/automotiverevista.pt\\\/#organization\",\"name\":\"Revista Automotive Portugal\",\"url\":\"https:\\\/\\\/automotiverevista.pt\\\/\",\"logo\":{\"@type\":\"ImageObject\",\"inLanguage\":\"pt-PT\",\"@id\":\"https:\\\/\\\/automotiverevista.pt\\\/#\\\/schema\\\/logo\\\/image\\\/\",\"url\":\"https:\\\/\\\/automotiverevista.pt\\\/wp-content\\\/uploads\\\/2022\\\/07\\\/Logo-Automotive-2021_500-1.jpg\",\"contentUrl\":\"https:\\\/\\\/automotiverevista.pt\\\/wp-content\\\/uploads\\\/2022\\\/07\\\/Logo-Automotive-2021_500-1.jpg\",\"width\":500,\"height\":160,\"caption\":\"Revista Automotive Portugal\"},\"image\":{\"@id\":\"https:\\\/\\\/automotiverevista.pt\\\/#\\\/schema\\\/logo\\\/image\\\/\"},\"sameAs\":[\"https:\\\/\\\/linkedin.com\\\/in\\\/automotiverevista\"]},{\"@type\":\"Person\",\"@id\":\"https:\\\/\\\/automotiverevista.pt\\\/#\\\/schema\\\/person\\\/1265858bc8c78a0f969de814da8be281\",\"name\":\"adminNovo\",\"image\":{\"@type\":\"ImageObject\",\"inLanguage\":\"pt-PT\",\"@id\":\"https:\\\/\\\/secure.gravatar.com\\\/avatar\\\/c606c1288dcc11eb4c709aa5136fdb962583c410f5c23c0b7bf6917c542be355?s=96&d=mm&r=g\",\"url\":\"https:\\\/\\\/secure.gravatar.com\\\/avatar\\\/c606c1288dcc11eb4c709aa5136fdb962583c410f5c23c0b7bf6917c542be355?s=96&d=mm&r=g\",\"contentUrl\":\"https:\\\/\\\/secure.gravatar.com\\\/avatar\\\/c606c1288dcc11eb4c709aa5136fdb962583c410f5c23c0b7bf6917c542be355?s=96&d=mm&r=g\",\"caption\":\"adminNovo\"},\"sameAs\":[\"https:\\\/\\\/automotiverevista.pt\"],\"url\":\"https:\\\/\\\/automotiverevista.pt\\\/index.php\\\/author\\\/adminnovo\\\/\"}]}<\/script>\n<!-- \/ Yoast SEO Premium plugin. -->","yoast_head_json":{"title":"Carrier com organiza\u00e7\u00e3o dedicada aos pesados em Portugal - Revista Automotive","description":"A Carrier Transicold est\u00e1 a expandir a sua presen\u00e7a atrav\u00e9s da implementa\u00e7\u00e3o de uma organiza\u00e7\u00e3o dedicada de vendas e p\u00f3s-venda em Portugal","robots":{"index":"index","follow":"follow","max-snippet":"max-snippet:-1","max-image-preview":"max-image-preview:large","max-video-preview":"max-video-preview:-1"},"canonical":"https:\/\/automotiverevista.pt\/index.php\/2022\/09\/01\/carrier-com-organizacao-dedicada-aos-pesados-em-portugal\/","og_locale":"pt_PT","og_type":"article","og_title":"Carrier com organiza\u00e7\u00e3o dedicada aos pesados em Portugal","og_description":"A Carrier Transicold est\u00e1 a expandir a sua presen\u00e7a atrav\u00e9s da implementa\u00e7\u00e3o de uma organiza\u00e7\u00e3o dedicada de vendas e p\u00f3s-venda em Portugal","og_url":"https:\/\/automotiverevista.pt\/index.php\/2022\/09\/01\/carrier-com-organizacao-dedicada-aos-pesados-em-portugal\/","og_site_name":"Revista Automotive","article_published_time":"2022-09-01T10:17:08+00:00","article_modified_time":"2022-09-01T10:17:12+00:00","og_image":[{"width":2528,"height":1328,"url":"https:\/\/automotiverevista.pt\/wp-content\/uploads\/2022\/09\/eeeeee.jpg","type":"image\/jpeg"}],"author":"adminNovo","twitter_card":"summary_large_image","twitter_misc":{"Escrito por":"adminNovo","Tempo estimado de leitura":"2 minutos"},"schema":{"@context":"https:\/\/schema.org","@graph":[{"@type":"Article","@id":"https:\/\/automotiverevista.pt\/index.php\/2022\/09\/01\/carrier-com-organizacao-dedicada-aos-pesados-em-portugal\/#article","isPartOf":{"@id":"https:\/\/automotiverevista.pt\/index.php\/2022\/09\/01\/carrier-com-organizacao-dedicada-aos-pesados-em-portugal\/"},"author":{"name":"adminNovo","@id":"https:\/\/automotiverevista.pt\/#\/schema\/person\/1265858bc8c78a0f969de814da8be281"},"headline":"Carrier com organiza\u00e7\u00e3o dedicada aos pesados em Portugal","datePublished":"2022-09-01T10:17:08+00:00","dateModified":"2022-09-01T10:17:12+00:00","mainEntityOfPage":{"@id":"https:\/\/automotiverevista.pt\/index.php\/2022\/09\/01\/carrier-com-organizacao-dedicada-aos-pesados-em-portugal\/"},"wordCount":263,"publisher":{"@id":"https:\/\/automotiverevista.pt\/#organization"},"image":{"@id":"https:\/\/automotiverevista.pt\/index.php\/2022\/09\/01\/carrier-com-organizacao-dedicada-aos-pesados-em-portugal\/#primaryimage"},"thumbnailUrl":"https:\/\/automotiverevista.pt\/wp-content\/uploads\/2022\/09\/eeeeee.jpg","keywords":["cami\u00e3o","Carrier"],"articleSection":["Pesados e M\u00e1quinas"],"inLanguage":"pt-PT"},{"@type":"WebPage","@id":"https:\/\/automotiverevista.pt\/index.php\/2022\/09\/01\/carrier-com-organizacao-dedicada-aos-pesados-em-portugal\/","url":"https:\/\/automotiverevista.pt\/index.php\/2022\/09\/01\/carrier-com-organizacao-dedicada-aos-pesados-em-portugal\/","name":"Carrier com organiza\u00e7\u00e3o dedicada aos pesados em Portugal - Revista Automotive","isPartOf":{"@id":"https:\/\/automotiverevista.pt\/#website"},"primaryImageOfPage":{"@id":"https:\/\/automotiverevista.pt\/index.php\/2022\/09\/01\/carrier-com-organizacao-dedicada-aos-pesados-em-portugal\/#primaryimage"},"image":{"@id":"https:\/\/automotiverevista.pt\/index.php\/2022\/09\/01\/carrier-com-organizacao-dedicada-aos-pesados-em-portugal\/#primaryimage"},"thumbnailUrl":"https:\/\/automotiverevista.pt\/wp-content\/uploads\/2022\/09\/eeeeee.jpg","datePublished":"2022-09-01T10:17:08+00:00","dateModified":"2022-09-01T10:17:12+00:00","description":"A Carrier Transicold est\u00e1 a expandir a sua presen\u00e7a atrav\u00e9s da implementa\u00e7\u00e3o de uma organiza\u00e7\u00e3o dedicada de vendas e p\u00f3s-venda em Portugal","breadcrumb":{"@id":"https:\/\/automotiverevista.pt\/index.php\/2022\/09\/01\/carrier-com-organizacao-dedicada-aos-pesados-em-portugal\/#breadcrumb"},"inLanguage":"pt-PT","potentialAction":[{"@type":"ReadAction","target":["https:\/\/automotiverevista.pt\/index.php\/2022\/09\/01\/carrier-com-organizacao-dedicada-aos-pesados-em-portugal\/"]}]},{"@type":"ImageObject","inLanguage":"pt-PT","@id":"https:\/\/automotiverevista.pt\/index.php\/2022\/09\/01\/carrier-com-organizacao-dedicada-aos-pesados-em-portugal\/#primaryimage","url":"https:\/\/automotiverevista.pt\/wp-content\/uploads\/2022\/09\/eeeeee.jpg","contentUrl":"https:\/\/automotiverevista.pt\/wp-content\/uploads\/2022\/09\/eeeeee.jpg","width":2528,"height":1328},{"@type":"BreadcrumbList","@id":"https:\/\/automotiverevista.pt\/index.php\/2022\/09\/01\/carrier-com-organizacao-dedicada-aos-pesados-em-portugal\/#breadcrumb","itemListElement":[{"@type":"ListItem","position":1,"name":"Home","item":"https:\/\/automotiverevista.pt\/"},{"@type":"ListItem","position":2,"name":"Carrier com organiza\u00e7\u00e3o dedicada aos pesados em Portugal"}]},{"@type":"WebSite","@id":"https:\/\/automotiverevista.pt\/#website","url":"https:\/\/automotiverevista.pt\/","name":"Revista Automotive","description":"Revista Automotive Portugal","publisher":{"@id":"https:\/\/automotiverevista.pt\/#organization"},"potentialAction":[{"@type":"SearchAction","target":{"@type":"EntryPoint","urlTemplate":"https:\/\/automotiverevista.pt\/?s={search_term_string}"},"query-input":{"@type":"PropertyValueSpecification","valueRequired":true,"valueName":"search_term_string"}}],"inLanguage":"pt-PT"},{"@type":"Organization","@id":"https:\/\/automotiverevista.pt\/#organization","name":"Revista Automotive Portugal","url":"https:\/\/automotiverevista.pt\/","logo":{"@type":"ImageObject","inLanguage":"pt-PT","@id":"https:\/\/automotiverevista.pt\/#\/schema\/logo\/image\/","url":"https:\/\/automotiverevista.pt\/wp-content\/uploads\/2022\/07\/Logo-Automotive-2021_500-1.jpg","contentUrl":"https:\/\/automotiverevista.pt\/wp-content\/uploads\/2022\/07\/Logo-Automotive-2021_500-1.jpg","width":500,"height":160,"caption":"Revista Automotive Portugal"},"image":{"@id":"https:\/\/automotiverevista.pt\/#\/schema\/logo\/image\/"},"sameAs":["https:\/\/linkedin.com\/in\/automotiverevista"]},{"@type":"Person","@id":"https:\/\/automotiverevista.pt\/#\/schema\/person\/1265858bc8c78a0f969de814da8be281","name":"adminNovo","image":{"@type":"ImageObject","inLanguage":"pt-PT","@id":"https:\/\/secure.gravatar.com\/avatar\/c606c1288dcc11eb4c709aa5136fdb962583c410f5c23c0b7bf6917c542be355?s=96&d=mm&r=g","url":"https:\/\/secure.gravatar.com\/avatar\/c606c1288dcc11eb4c709aa5136fdb962583c410f5c23c0b7bf6917c542be355?s=96&d=mm&r=g","contentUrl":"https:\/\/secure.gravatar.com\/avatar\/c606c1288dcc11eb4c709aa5136fdb962583c410f5c23c0b7bf6917c542be355?s=96&d=mm&r=g","caption":"adminNovo"},"sameAs":["https:\/\/automotiverevista.pt"],"url":"https:\/\/automotiverevista.pt\/index.php\/author\/adminnovo\/"}]}},"_links":{"self":[{"href":"https:\/\/automotiverevista.pt\/index.php\/wp-json\/wp\/v2\/posts\/859","targetHints":{"allow":["GET"]}}],"collection":[{"href":"https:\/\/automotiverevista.pt\/index.php\/wp-json\/wp\/v2\/posts"}],"about":[{"href":"https:\/\/automotiverevista.pt\/index.php\/wp-json\/wp\/v2\/types\/post"}],"author":[{"embeddable":true,"href":"https:\/\/automotiverevista.pt\/index.php\/wp-json\/wp\/v2\/users\/1"}],"replies":[{"embeddable":true,"href":"https:\/\/automotiverevista.pt\/index.php\/wp-json\/wp\/v2\/comments?post=859"}],"version-history":[{"count":2,"href":"https:\/\/automotiverevista.pt\/index.php\/wp-json\/wp\/v2\/posts\/859\/revisions"}],"predecessor-version":[{"id":863,"href":"https:\/\/automotiverevista.pt\/index.php\/wp-json\/wp\/v2\/posts\/859\/revisions\/863"}],"wp:featuredmedia":[{"embeddable":true,"href":"https:\/\/automotiverevista.pt\/index.php\/wp-json\/wp\/v2\/media\/860"}],"wp:attachment":[{"href":"https:\/\/automotiverevista.pt\/index.php\/wp-json\/wp\/v2\/media?parent=859"}],"wp:term":[{"taxonomy":"category","embeddable":true,"href":"https:\/\/automotiverevista.pt\/index.php\/wp-json\/wp\/v2\/categories?post=859"},{"taxonomy":"post_tag","embeddable":true,"href":"https:\/\/automotiverevista.pt\/index.php\/wp-json\/wp\/v2\/tags?post=859"}],"curies":[{"name":"wp","href":"https:\/\/api.w.org\/{rel}","templated":true}]}}