{"id":8809,"date":"2025-02-21T06:10:00","date_gmt":"2025-02-21T06:10:00","guid":{"rendered":"https:\/\/automotiverevista.pt\/?p=8809"},"modified":"2025-02-12T19:05:44","modified_gmt":"2025-02-12T19:05:44","slug":"wurth-truck-lease-solucoes-de-financiamento-para-camioes","status":"publish","type":"post","link":"https:\/\/automotiverevista.pt\/index.php\/2025\/02\/21\/wurth-truck-lease-solucoes-de-financiamento-para-camioes\/","title":{"rendered":"W\u00fcrth Truck Lease &#8211; solu\u00e7\u00f5es de financiamento para cami\u00f5es"},"content":{"rendered":"\n<p>A W\u00fcrth Truck Lease GmbH \u00e9 uma empresa alem\u00e3, pertencente ao Grupo W\u00fcrth, que se dedica ao leasing de cami\u00f5es na Europa. Ainda sem presen\u00e7a direta em Portugal, conversamos com Christina Scherer, diretora de Marketing (foto) da W\u00fcrth Truck Lease que nos descreveu a atua\u00e7\u00e3o da empresa no mercado dos transportadores.<\/p>\n\n\n\n<p>Com menos de 10 anos de exist\u00eancia, a W\u00fcrth Truck Lease j\u00e1 gere uma impressionante frota de cerca de 14.000 cami\u00f5es financiados, na sua grande maioria em territ\u00f3rio alem\u00e3o. A empresa benefia-se dos mais de 30 anos de experi\u00eancia da W\u00fcrth Leasing, para apresentar modelos de financiamento flex\u00edveis aos transportadores, quer para as unidades tratoras, quer para os semirreboques, entre outros equipamentos.<\/p>\n\n\n\n<p>A hist\u00f3ria da W\u00fcrth Truck Lease ficou marcada em 2023, onde atingiu um volume recorde de neg\u00f3cios de 300 milh\u00f5es de euros em novas transa\u00e7\u00f5es. Apesar de terem ainda dados preliminares, tudo indica que em 2024 tenham ultrapassado esse record. Este impressionante crescimento \u00e9 reflexo da confian\u00e7a dos transportadores no setor de servi\u00e7os financeiros, tendo na W\u00fcrth Truck Lease uma alternativa eficaz \u00e0s tradicionais empresas de leasing para cami\u00f5es.<\/p>\n\n\n<div class=\"wp-block-image\">\n<figure class=\"aligncenter size-large is-resized\"><img decoding=\"async\" width=\"1024\" height=\"970\" src=\"https:\/\/automotiverevista.pt\/wp-content\/uploads\/2025\/02\/IMG_8227_2-1024x970.jpg\" alt=\"\" class=\"wp-image-8811\" style=\"width:435px;height:auto\" srcset=\"https:\/\/automotiverevista.pt\/wp-content\/uploads\/2025\/02\/IMG_8227_2-1024x970.jpg 1024w, https:\/\/automotiverevista.pt\/wp-content\/uploads\/2025\/02\/IMG_8227_2-300x284.jpg 300w, https:\/\/automotiverevista.pt\/wp-content\/uploads\/2025\/02\/IMG_8227_2-768x727.jpg 768w, https:\/\/automotiverevista.pt\/wp-content\/uploads\/2025\/02\/IMG_8227_2-750x710.jpg 750w, https:\/\/automotiverevista.pt\/wp-content\/uploads\/2025\/02\/IMG_8227_2.jpg 1056w\" sizes=\"(max-width: 1024px) 100vw, 1024px\" \/><\/figure>\n<\/div>","protected":false},"excerpt":{"rendered":"<p>A W\u00fcrth Truck Lease GmbH \u00e9 uma empresa alem\u00e3, pertencente ao Grupo W\u00fcrth, que se dedica ao leasing de cami\u00f5es na Europa. Ainda sem presen\u00e7a direta em Portugal, conversamos com Christina Scherer, diretora de Marketing (foto) da W\u00fcrth Truck Lease que nos descreveu a atua\u00e7\u00e3o da empresa no mercado dos transportadores. Com menos de 10 [&hellip;]<\/p>\n","protected":false},"author":4,"featured_media":8810,"comment_status":"closed","ping_status":"open","sticky":false,"template":"","format":"standard","meta":{"jnews-multi-image_gallery":[],"jnews_single_post":{"format":"standard"},"jnews_primary_category":[],"footnotes":""},"categories":[25],"tags":[],"class_list":["post-8809","post","type-post","status-publish","format-standard","has-post-thumbnail","hentry","category-pesados-e-maquinas"],"yoast_head":"<!-- This site is optimized with the Yoast SEO Premium plugin v27.2 (Yoast SEO v27.5) - https:\/\/yoast.com\/product\/yoast-seo-premium-wordpress\/ -->\n<title>W\u00fcrth Truck Lease - solu\u00e7\u00f5es de financiamento para cami\u00f5es - Revista Automotive<\/title>\n<meta name=\"description\" content=\"A W\u00fcrth Truck Lease GmbH \u00e9 uma empresa alem\u00e3, pertencente ao Grupo W\u00fcrth, que se dedica ao leasing\" \/>\n<meta name=\"robots\" content=\"index, follow, max-snippet:-1, max-image-preview:large, max-video-preview:-1\" \/>\n<link rel=\"canonical\" href=\"https:\/\/automotiverevista.pt\/index.php\/2025\/02\/21\/wurth-truck-lease-solucoes-de-financiamento-para-camioes\/\" \/>\n<meta property=\"og:locale\" content=\"pt_PT\" \/>\n<meta property=\"og:type\" content=\"article\" \/>\n<meta property=\"og:title\" content=\"W\u00fcrth Truck Lease - solu\u00e7\u00f5es de financiamento para cami\u00f5es\" \/>\n<meta property=\"og:description\" content=\"A W\u00fcrth Truck Lease GmbH \u00e9 uma empresa alem\u00e3, pertencente ao Grupo W\u00fcrth, que se dedica ao leasing\" \/>\n<meta property=\"og:url\" content=\"https:\/\/automotiverevista.pt\/index.php\/2025\/02\/21\/wurth-truck-lease-solucoes-de-financiamento-para-camioes\/\" \/>\n<meta property=\"og:site_name\" content=\"Revista Automotive\" \/>\n<meta property=\"article:published_time\" content=\"2025-02-21T06:10:00+00:00\" \/>\n<meta property=\"og:image\" content=\"https:\/\/automotiverevista.pt\/wp-content\/uploads\/2025\/02\/IMG_8236.jpg\" \/>\n\t<meta property=\"og:image:width\" content=\"1500\" \/>\n\t<meta property=\"og:image:height\" content=\"1000\" \/>\n\t<meta property=\"og:image:type\" content=\"image\/jpeg\" \/>\n<meta name=\"author\" content=\"Fatima Silva\" \/>\n<meta name=\"twitter:card\" content=\"summary_large_image\" \/>\n<meta name=\"twitter:label1\" content=\"Escrito por\" \/>\n\t<meta name=\"twitter:data1\" content=\"Fatima Silva\" \/>\n\t<meta name=\"twitter:label2\" content=\"Tempo estimado de leitura\" \/>\n\t<meta name=\"twitter:data2\" content=\"2 minutos\" \/>\n<script type=\"application\/ld+json\" class=\"yoast-schema-graph\">{\"@context\":\"https:\\\/\\\/schema.org\",\"@graph\":[{\"@type\":\"Article\",\"@id\":\"https:\\\/\\\/automotiverevista.pt\\\/index.php\\\/2025\\\/02\\\/21\\\/wurth-truck-lease-solucoes-de-financiamento-para-camioes\\\/#article\",\"isPartOf\":{\"@id\":\"https:\\\/\\\/automotiverevista.pt\\\/index.php\\\/2025\\\/02\\\/21\\\/wurth-truck-lease-solucoes-de-financiamento-para-camioes\\\/\"},\"author\":{\"name\":\"Fatima Silva\",\"@id\":\"https:\\\/\\\/automotiverevista.pt\\\/#\\\/schema\\\/person\\\/1e95eb12553b8edd256acb00fe6dad4b\"},\"headline\":\"W\u00fcrth Truck Lease &#8211; solu\u00e7\u00f5es de financiamento para cami\u00f5es\",\"datePublished\":\"2025-02-21T06:10:00+00:00\",\"mainEntityOfPage\":{\"@id\":\"https:\\\/\\\/automotiverevista.pt\\\/index.php\\\/2025\\\/02\\\/21\\\/wurth-truck-lease-solucoes-de-financiamento-para-camioes\\\/\"},\"wordCount\":209,\"publisher\":{\"@id\":\"https:\\\/\\\/automotiverevista.pt\\\/#organization\"},\"image\":{\"@id\":\"https:\\\/\\\/automotiverevista.pt\\\/index.php\\\/2025\\\/02\\\/21\\\/wurth-truck-lease-solucoes-de-financiamento-para-camioes\\\/#primaryimage\"},\"thumbnailUrl\":\"https:\\\/\\\/automotiverevista.pt\\\/wp-content\\\/uploads\\\/2025\\\/02\\\/IMG_8236.jpg\",\"articleSection\":[\"Pesados e M\u00e1quinas\"],\"inLanguage\":\"pt-PT\"},{\"@type\":\"WebPage\",\"@id\":\"https:\\\/\\\/automotiverevista.pt\\\/index.php\\\/2025\\\/02\\\/21\\\/wurth-truck-lease-solucoes-de-financiamento-para-camioes\\\/\",\"url\":\"https:\\\/\\\/automotiverevista.pt\\\/index.php\\\/2025\\\/02\\\/21\\\/wurth-truck-lease-solucoes-de-financiamento-para-camioes\\\/\",\"name\":\"W\u00fcrth Truck Lease - solu\u00e7\u00f5es de financiamento para cami\u00f5es - Revista Automotive\",\"isPartOf\":{\"@id\":\"https:\\\/\\\/automotiverevista.pt\\\/#website\"},\"primaryImageOfPage\":{\"@id\":\"https:\\\/\\\/automotiverevista.pt\\\/index.php\\\/2025\\\/02\\\/21\\\/wurth-truck-lease-solucoes-de-financiamento-para-camioes\\\/#primaryimage\"},\"image\":{\"@id\":\"https:\\\/\\\/automotiverevista.pt\\\/index.php\\\/2025\\\/02\\\/21\\\/wurth-truck-lease-solucoes-de-financiamento-para-camioes\\\/#primaryimage\"},\"thumbnailUrl\":\"https:\\\/\\\/automotiverevista.pt\\\/wp-content\\\/uploads\\\/2025\\\/02\\\/IMG_8236.jpg\",\"datePublished\":\"2025-02-21T06:10:00+00:00\",\"description\":\"A W\u00fcrth Truck Lease GmbH \u00e9 uma empresa alem\u00e3, pertencente ao Grupo W\u00fcrth, que se dedica ao leasing\",\"breadcrumb\":{\"@id\":\"https:\\\/\\\/automotiverevista.pt\\\/index.php\\\/2025\\\/02\\\/21\\\/wurth-truck-lease-solucoes-de-financiamento-para-camioes\\\/#breadcrumb\"},\"inLanguage\":\"pt-PT\",\"potentialAction\":[{\"@type\":\"ReadAction\",\"target\":[\"https:\\\/\\\/automotiverevista.pt\\\/index.php\\\/2025\\\/02\\\/21\\\/wurth-truck-lease-solucoes-de-financiamento-para-camioes\\\/\"]}]},{\"@type\":\"ImageObject\",\"inLanguage\":\"pt-PT\",\"@id\":\"https:\\\/\\\/automotiverevista.pt\\\/index.php\\\/2025\\\/02\\\/21\\\/wurth-truck-lease-solucoes-de-financiamento-para-camioes\\\/#primaryimage\",\"url\":\"https:\\\/\\\/automotiverevista.pt\\\/wp-content\\\/uploads\\\/2025\\\/02\\\/IMG_8236.jpg\",\"contentUrl\":\"https:\\\/\\\/automotiverevista.pt\\\/wp-content\\\/uploads\\\/2025\\\/02\\\/IMG_8236.jpg\",\"width\":1500,\"height\":1000},{\"@type\":\"BreadcrumbList\",\"@id\":\"https:\\\/\\\/automotiverevista.pt\\\/index.php\\\/2025\\\/02\\\/21\\\/wurth-truck-lease-solucoes-de-financiamento-para-camioes\\\/#breadcrumb\",\"itemListElement\":[{\"@type\":\"ListItem\",\"position\":1,\"name\":\"Home\",\"item\":\"https:\\\/\\\/automotiverevista.pt\\\/\"},{\"@type\":\"ListItem\",\"position\":2,\"name\":\"W\u00fcrth Truck Lease &#8211; solu\u00e7\u00f5es de financiamento para cami\u00f5es\"}]},{\"@type\":\"WebSite\",\"@id\":\"https:\\\/\\\/automotiverevista.pt\\\/#website\",\"url\":\"https:\\\/\\\/automotiverevista.pt\\\/\",\"name\":\"Revista Automotive\",\"description\":\"Revista Automotive Portugal\",\"publisher\":{\"@id\":\"https:\\\/\\\/automotiverevista.pt\\\/#organization\"},\"potentialAction\":[{\"@type\":\"SearchAction\",\"target\":{\"@type\":\"EntryPoint\",\"urlTemplate\":\"https:\\\/\\\/automotiverevista.pt\\\/?s={search_term_string}\"},\"query-input\":{\"@type\":\"PropertyValueSpecification\",\"valueRequired\":true,\"valueName\":\"search_term_string\"}}],\"inLanguage\":\"pt-PT\"},{\"@type\":\"Organization\",\"@id\":\"https:\\\/\\\/automotiverevista.pt\\\/#organization\",\"name\":\"Revista Automotive Portugal\",\"url\":\"https:\\\/\\\/automotiverevista.pt\\\/\",\"logo\":{\"@type\":\"ImageObject\",\"inLanguage\":\"pt-PT\",\"@id\":\"https:\\\/\\\/automotiverevista.pt\\\/#\\\/schema\\\/logo\\\/image\\\/\",\"url\":\"https:\\\/\\\/automotiverevista.pt\\\/wp-content\\\/uploads\\\/2022\\\/07\\\/Logo-Automotive-2021_500-1.jpg\",\"contentUrl\":\"https:\\\/\\\/automotiverevista.pt\\\/wp-content\\\/uploads\\\/2022\\\/07\\\/Logo-Automotive-2021_500-1.jpg\",\"width\":500,\"height\":160,\"caption\":\"Revista Automotive Portugal\"},\"image\":{\"@id\":\"https:\\\/\\\/automotiverevista.pt\\\/#\\\/schema\\\/logo\\\/image\\\/\"},\"sameAs\":[\"https:\\\/\\\/linkedin.com\\\/in\\\/automotiverevista\"]},{\"@type\":\"Person\",\"@id\":\"https:\\\/\\\/automotiverevista.pt\\\/#\\\/schema\\\/person\\\/1e95eb12553b8edd256acb00fe6dad4b\",\"name\":\"Fatima Silva\",\"image\":{\"@type\":\"ImageObject\",\"inLanguage\":\"pt-PT\",\"@id\":\"https:\\\/\\\/secure.gravatar.com\\\/avatar\\\/4b4a955a9c1b66708ab0dd3bd6181ac1f650299d893bd337a28482f7f19c8511?s=96&d=mm&r=g\",\"url\":\"https:\\\/\\\/secure.gravatar.com\\\/avatar\\\/4b4a955a9c1b66708ab0dd3bd6181ac1f650299d893bd337a28482f7f19c8511?s=96&d=mm&r=g\",\"contentUrl\":\"https:\\\/\\\/secure.gravatar.com\\\/avatar\\\/4b4a955a9c1b66708ab0dd3bd6181ac1f650299d893bd337a28482f7f19c8511?s=96&d=mm&r=g\",\"caption\":\"Fatima Silva\"},\"url\":\"https:\\\/\\\/automotiverevista.pt\\\/index.php\\\/author\\\/fgasparsilva\\\/\"}]}<\/script>\n<!-- \/ Yoast SEO Premium plugin. -->","yoast_head_json":{"title":"W\u00fcrth Truck Lease - solu\u00e7\u00f5es de financiamento para cami\u00f5es - Revista Automotive","description":"A W\u00fcrth Truck Lease GmbH \u00e9 uma empresa alem\u00e3, pertencente ao Grupo W\u00fcrth, que se dedica ao leasing","robots":{"index":"index","follow":"follow","max-snippet":"max-snippet:-1","max-image-preview":"max-image-preview:large","max-video-preview":"max-video-preview:-1"},"canonical":"https:\/\/automotiverevista.pt\/index.php\/2025\/02\/21\/wurth-truck-lease-solucoes-de-financiamento-para-camioes\/","og_locale":"pt_PT","og_type":"article","og_title":"W\u00fcrth Truck Lease - solu\u00e7\u00f5es de financiamento para cami\u00f5es","og_description":"A W\u00fcrth Truck Lease GmbH \u00e9 uma empresa alem\u00e3, pertencente ao Grupo W\u00fcrth, que se dedica ao leasing","og_url":"https:\/\/automotiverevista.pt\/index.php\/2025\/02\/21\/wurth-truck-lease-solucoes-de-financiamento-para-camioes\/","og_site_name":"Revista Automotive","article_published_time":"2025-02-21T06:10:00+00:00","og_image":[{"width":1500,"height":1000,"url":"https:\/\/automotiverevista.pt\/wp-content\/uploads\/2025\/02\/IMG_8236.jpg","type":"image\/jpeg"}],"author":"Fatima Silva","twitter_card":"summary_large_image","twitter_misc":{"Escrito por":"Fatima Silva","Tempo estimado de leitura":"2 minutos"},"schema":{"@context":"https:\/\/schema.org","@graph":[{"@type":"Article","@id":"https:\/\/automotiverevista.pt\/index.php\/2025\/02\/21\/wurth-truck-lease-solucoes-de-financiamento-para-camioes\/#article","isPartOf":{"@id":"https:\/\/automotiverevista.pt\/index.php\/2025\/02\/21\/wurth-truck-lease-solucoes-de-financiamento-para-camioes\/"},"author":{"name":"Fatima Silva","@id":"https:\/\/automotiverevista.pt\/#\/schema\/person\/1e95eb12553b8edd256acb00fe6dad4b"},"headline":"W\u00fcrth Truck Lease &#8211; solu\u00e7\u00f5es de financiamento para cami\u00f5es","datePublished":"2025-02-21T06:10:00+00:00","mainEntityOfPage":{"@id":"https:\/\/automotiverevista.pt\/index.php\/2025\/02\/21\/wurth-truck-lease-solucoes-de-financiamento-para-camioes\/"},"wordCount":209,"publisher":{"@id":"https:\/\/automotiverevista.pt\/#organization"},"image":{"@id":"https:\/\/automotiverevista.pt\/index.php\/2025\/02\/21\/wurth-truck-lease-solucoes-de-financiamento-para-camioes\/#primaryimage"},"thumbnailUrl":"https:\/\/automotiverevista.pt\/wp-content\/uploads\/2025\/02\/IMG_8236.jpg","articleSection":["Pesados e M\u00e1quinas"],"inLanguage":"pt-PT"},{"@type":"WebPage","@id":"https:\/\/automotiverevista.pt\/index.php\/2025\/02\/21\/wurth-truck-lease-solucoes-de-financiamento-para-camioes\/","url":"https:\/\/automotiverevista.pt\/index.php\/2025\/02\/21\/wurth-truck-lease-solucoes-de-financiamento-para-camioes\/","name":"W\u00fcrth Truck Lease - solu\u00e7\u00f5es de financiamento para cami\u00f5es - Revista Automotive","isPartOf":{"@id":"https:\/\/automotiverevista.pt\/#website"},"primaryImageOfPage":{"@id":"https:\/\/automotiverevista.pt\/index.php\/2025\/02\/21\/wurth-truck-lease-solucoes-de-financiamento-para-camioes\/#primaryimage"},"image":{"@id":"https:\/\/automotiverevista.pt\/index.php\/2025\/02\/21\/wurth-truck-lease-solucoes-de-financiamento-para-camioes\/#primaryimage"},"thumbnailUrl":"https:\/\/automotiverevista.pt\/wp-content\/uploads\/2025\/02\/IMG_8236.jpg","datePublished":"2025-02-21T06:10:00+00:00","description":"A W\u00fcrth Truck Lease GmbH \u00e9 uma empresa alem\u00e3, pertencente ao Grupo W\u00fcrth, que se dedica ao leasing","breadcrumb":{"@id":"https:\/\/automotiverevista.pt\/index.php\/2025\/02\/21\/wurth-truck-lease-solucoes-de-financiamento-para-camioes\/#breadcrumb"},"inLanguage":"pt-PT","potentialAction":[{"@type":"ReadAction","target":["https:\/\/automotiverevista.pt\/index.php\/2025\/02\/21\/wurth-truck-lease-solucoes-de-financiamento-para-camioes\/"]}]},{"@type":"ImageObject","inLanguage":"pt-PT","@id":"https:\/\/automotiverevista.pt\/index.php\/2025\/02\/21\/wurth-truck-lease-solucoes-de-financiamento-para-camioes\/#primaryimage","url":"https:\/\/automotiverevista.pt\/wp-content\/uploads\/2025\/02\/IMG_8236.jpg","contentUrl":"https:\/\/automotiverevista.pt\/wp-content\/uploads\/2025\/02\/IMG_8236.jpg","width":1500,"height":1000},{"@type":"BreadcrumbList","@id":"https:\/\/automotiverevista.pt\/index.php\/2025\/02\/21\/wurth-truck-lease-solucoes-de-financiamento-para-camioes\/#breadcrumb","itemListElement":[{"@type":"ListItem","position":1,"name":"Home","item":"https:\/\/automotiverevista.pt\/"},{"@type":"ListItem","position":2,"name":"W\u00fcrth Truck Lease &#8211; solu\u00e7\u00f5es de financiamento para cami\u00f5es"}]},{"@type":"WebSite","@id":"https:\/\/automotiverevista.pt\/#website","url":"https:\/\/automotiverevista.pt\/","name":"Revista Automotive","description":"Revista Automotive Portugal","publisher":{"@id":"https:\/\/automotiverevista.pt\/#organization"},"potentialAction":[{"@type":"SearchAction","target":{"@type":"EntryPoint","urlTemplate":"https:\/\/automotiverevista.pt\/?s={search_term_string}"},"query-input":{"@type":"PropertyValueSpecification","valueRequired":true,"valueName":"search_term_string"}}],"inLanguage":"pt-PT"},{"@type":"Organization","@id":"https:\/\/automotiverevista.pt\/#organization","name":"Revista Automotive Portugal","url":"https:\/\/automotiverevista.pt\/","logo":{"@type":"ImageObject","inLanguage":"pt-PT","@id":"https:\/\/automotiverevista.pt\/#\/schema\/logo\/image\/","url":"https:\/\/automotiverevista.pt\/wp-content\/uploads\/2022\/07\/Logo-Automotive-2021_500-1.jpg","contentUrl":"https:\/\/automotiverevista.pt\/wp-content\/uploads\/2022\/07\/Logo-Automotive-2021_500-1.jpg","width":500,"height":160,"caption":"Revista Automotive Portugal"},"image":{"@id":"https:\/\/automotiverevista.pt\/#\/schema\/logo\/image\/"},"sameAs":["https:\/\/linkedin.com\/in\/automotiverevista"]},{"@type":"Person","@id":"https:\/\/automotiverevista.pt\/#\/schema\/person\/1e95eb12553b8edd256acb00fe6dad4b","name":"Fatima Silva","image":{"@type":"ImageObject","inLanguage":"pt-PT","@id":"https:\/\/secure.gravatar.com\/avatar\/4b4a955a9c1b66708ab0dd3bd6181ac1f650299d893bd337a28482f7f19c8511?s=96&d=mm&r=g","url":"https:\/\/secure.gravatar.com\/avatar\/4b4a955a9c1b66708ab0dd3bd6181ac1f650299d893bd337a28482f7f19c8511?s=96&d=mm&r=g","contentUrl":"https:\/\/secure.gravatar.com\/avatar\/4b4a955a9c1b66708ab0dd3bd6181ac1f650299d893bd337a28482f7f19c8511?s=96&d=mm&r=g","caption":"Fatima Silva"},"url":"https:\/\/automotiverevista.pt\/index.php\/author\/fgasparsilva\/"}]}},"_links":{"self":[{"href":"https:\/\/automotiverevista.pt\/index.php\/wp-json\/wp\/v2\/posts\/8809","targetHints":{"allow":["GET"]}}],"collection":[{"href":"https:\/\/automotiverevista.pt\/index.php\/wp-json\/wp\/v2\/posts"}],"about":[{"href":"https:\/\/automotiverevista.pt\/index.php\/wp-json\/wp\/v2\/types\/post"}],"author":[{"embeddable":true,"href":"https:\/\/automotiverevista.pt\/index.php\/wp-json\/wp\/v2\/users\/4"}],"replies":[{"embeddable":true,"href":"https:\/\/automotiverevista.pt\/index.php\/wp-json\/wp\/v2\/comments?post=8809"}],"version-history":[{"count":1,"href":"https:\/\/automotiverevista.pt\/index.php\/wp-json\/wp\/v2\/posts\/8809\/revisions"}],"predecessor-version":[{"id":8812,"href":"https:\/\/automotiverevista.pt\/index.php\/wp-json\/wp\/v2\/posts\/8809\/revisions\/8812"}],"wp:featuredmedia":[{"embeddable":true,"href":"https:\/\/automotiverevista.pt\/index.php\/wp-json\/wp\/v2\/media\/8810"}],"wp:attachment":[{"href":"https:\/\/automotiverevista.pt\/index.php\/wp-json\/wp\/v2\/media?parent=8809"}],"wp:term":[{"taxonomy":"category","embeddable":true,"href":"https:\/\/automotiverevista.pt\/index.php\/wp-json\/wp\/v2\/categories?post=8809"},{"taxonomy":"post_tag","embeddable":true,"href":"https:\/\/automotiverevista.pt\/index.php\/wp-json\/wp\/v2\/tags?post=8809"}],"curies":[{"name":"wp","href":"https:\/\/api.w.org\/{rel}","templated":true}]}}