{"id":8838,"date":"2025-02-11T12:17:00","date_gmt":"2025-02-11T12:17:00","guid":{"rendered":"https:\/\/automotiverevista.pt\/?p=8838"},"modified":"2025-02-10T18:20:16","modified_gmt":"2025-02-10T18:20:16","slug":"nova-imagem-o-mesmo-compromisso","status":"publish","type":"post","link":"https:\/\/automotiverevista.pt\/index.php\/2025\/02\/11\/nova-imagem-o-mesmo-compromisso\/","title":{"rendered":"Nova imagem, o mesmo compromisso"},"content":{"rendered":"\n<p>Fundado em 1972, o Entreposto M\u00e1quinas come\u00e7ou como a Divis\u00e3o de <a href=\"https:\/\/entrepostomaquinas.pt\/\">M\u00e1quinas <\/a>Agr\u00edcolas e Industriais do Grupo Entreposto, especializando-se na comercializa\u00e7\u00e3o de m\u00e1quinas agr\u00edcolas, constru\u00e7\u00e3o e equipamentos de movimenta\u00e7\u00e3o de cargas; em 2020, foi adquirido pelo Grupo JAP.<\/p>\n\n\n\n<p>O Entreposto M\u00e1quinas \u00e9 importador exclusivo das marcas <a href=\"https:\/\/www.youtube.com\/watch?v=pNpmstkrCrw&amp;t=15s\">CASE <\/a>CE, Case IH, TYM, Farmtrac, Dumpers Bell, D\u2019Avino, Hubtex e Noblelift, e distribuidor oficial dos equipamentos: TCM, Hyundai Material Handling, EcoLog, Logmax e Okada.<\/p>\n\n\n\n<figure class=\"wp-block-image size-large is-resized\"><img decoding=\"async\" width=\"1024\" height=\"551\" src=\"https:\/\/automotiverevista.pt\/wp-content\/uploads\/2025\/02\/20240729_122657-1024x551.jpg\" alt=\"\" class=\"wp-image-8872\" style=\"width:787px;height:auto\" srcset=\"https:\/\/automotiverevista.pt\/wp-content\/uploads\/2025\/02\/20240729_122657-1024x551.jpg 1024w, https:\/\/automotiverevista.pt\/wp-content\/uploads\/2025\/02\/20240729_122657-300x161.jpg 300w, https:\/\/automotiverevista.pt\/wp-content\/uploads\/2025\/02\/20240729_122657-768x413.jpg 768w, https:\/\/automotiverevista.pt\/wp-content\/uploads\/2025\/02\/20240729_122657-750x404.jpg 750w, https:\/\/automotiverevista.pt\/wp-content\/uploads\/2025\/02\/20240729_122657-1140x613.jpg 1140w, https:\/\/automotiverevista.pt\/wp-content\/uploads\/2025\/02\/20240729_122657.jpg 1468w\" sizes=\"(max-width: 1024px) 100vw, 1024px\" \/><\/figure>\n\n\n\n<p>A nova imagem do Entreposto M\u00e1quinas al\u00e9m da mudan\u00e7a visual, \u00e9 uma renova\u00e7\u00e3o que refor\u00e7a a necessidade de acompanhar as tend\u00eancias do mercado, mantendo a ess\u00eancia e a sede em Lisboa. Para assegurar uma cobertura de todo o territ\u00f3rio nacional, tem as suas concess\u00f5es localizadas em Vila do Conde (Mindelo), Leiria, Almeirim, Set\u00fabal e Faro.<\/p>\n\n\n\n<p>A empresa representa algumas das marcas mais conceituadas do sector a n\u00edvel global, atuando tanto como importador exclusivo para Portugal da CASE Construction Equipment, Case IH, TYM Tractors, Farmtrac e distribuidor oficial em Portugal das marcas de equipamentos profissionais de movimenta\u00e7\u00e3o de cargas TCM e Hyundai \u2013 Material Handling e de diversas outras marcas.<\/p>\n\n\n<div class=\"wp-block-image\">\n<figure class=\"aligncenter size-large is-resized\"><img decoding=\"async\" width=\"1024\" height=\"682\" src=\"https:\/\/automotiverevista.pt\/wp-content\/uploads\/2025\/02\/image-1-1024x682.png\" alt=\"\" class=\"wp-image-8842\" style=\"width:702px;height:auto\" srcset=\"https:\/\/automotiverevista.pt\/wp-content\/uploads\/2025\/02\/image-1-1024x682.png 1024w, https:\/\/automotiverevista.pt\/wp-content\/uploads\/2025\/02\/image-1-300x200.png 300w, https:\/\/automotiverevista.pt\/wp-content\/uploads\/2025\/02\/image-1-768x512.png 768w, https:\/\/automotiverevista.pt\/wp-content\/uploads\/2025\/02\/image-1-750x500.png 750w, https:\/\/automotiverevista.pt\/wp-content\/uploads\/2025\/02\/image-1.png 1039w\" sizes=\"(max-width: 1024px) 100vw, 1024px\" \/><\/figure>\n<\/div>","protected":false},"excerpt":{"rendered":"<p>Fundado em 1972, o Entreposto M\u00e1quinas come\u00e7ou como a Divis\u00e3o de M\u00e1quinas Agr\u00edcolas e Industriais do Grupo Entreposto, especializando-se na comercializa\u00e7\u00e3o de m\u00e1quinas agr\u00edcolas, constru\u00e7\u00e3o e equipamentos de movimenta\u00e7\u00e3o de cargas; em 2020, foi adquirido pelo Grupo JAP. O Entreposto M\u00e1quinas \u00e9 importador exclusivo das marcas CASE CE, Case IH, TYM, Farmtrac, Dumpers Bell, D\u2019Avino, [&hellip;]<\/p>\n","protected":false},"author":4,"featured_media":8839,"comment_status":"closed","ping_status":"open","sticky":false,"template":"","format":"standard","meta":{"jnews-multi-image_gallery":[],"jnews_single_post":{"format":"standard"},"jnews_primary_category":[],"footnotes":""},"categories":[25],"tags":[],"class_list":["post-8838","post","type-post","status-publish","format-standard","has-post-thumbnail","hentry","category-pesados-e-maquinas"],"yoast_head":"<!-- This site is optimized with the Yoast SEO Premium plugin v27.5 (Yoast SEO v27.5) - https:\/\/yoast.com\/product\/yoast-seo-premium-wordpress\/ -->\n<title>Nova imagem, o mesmo compromisso - Revista Automotive<\/title>\n<meta name=\"description\" content=\"Fundado em 1972, o Entreposto M\u00e1quinas come\u00e7ou como a Divis\u00e3o de M\u00e1quinas Agr\u00edcolas e Industriais do Grupo Entreposto\" \/>\n<meta name=\"robots\" content=\"index, follow, max-snippet:-1, max-image-preview:large, max-video-preview:-1\" \/>\n<link rel=\"canonical\" href=\"https:\/\/automotiverevista.pt\/index.php\/2025\/02\/11\/nova-imagem-o-mesmo-compromisso\/\" \/>\n<meta property=\"og:locale\" content=\"pt_PT\" \/>\n<meta property=\"og:type\" content=\"article\" \/>\n<meta property=\"og:title\" content=\"Nova imagem, o mesmo compromisso\" \/>\n<meta property=\"og:description\" content=\"Fundado em 1972, o Entreposto M\u00e1quinas come\u00e7ou como a Divis\u00e3o de M\u00e1quinas Agr\u00edcolas e Industriais do Grupo Entreposto\" \/>\n<meta property=\"og:url\" content=\"https:\/\/automotiverevista.pt\/index.php\/2025\/02\/11\/nova-imagem-o-mesmo-compromisso\/\" \/>\n<meta property=\"og:site_name\" content=\"Revista Automotive\" \/>\n<meta property=\"article:published_time\" content=\"2025-02-11T12:17:00+00:00\" \/>\n<meta property=\"og:image\" content=\"https:\/\/automotiverevista.pt\/wp-content\/uploads\/2025\/02\/primage_77943_B.jpg\" \/>\n\t<meta property=\"og:image:width\" content=\"1400\" \/>\n\t<meta property=\"og:image:height\" content=\"583\" \/>\n\t<meta property=\"og:image:type\" content=\"image\/jpeg\" \/>\n<meta name=\"author\" content=\"Fatima Silva\" \/>\n<meta name=\"twitter:card\" content=\"summary_large_image\" \/>\n<meta name=\"twitter:label1\" content=\"Escrito por\" \/>\n\t<meta name=\"twitter:data1\" content=\"Fatima Silva\" \/>\n\t<meta name=\"twitter:label2\" content=\"Tempo estimado de leitura\" \/>\n\t<meta name=\"twitter:data2\" content=\"2 minutos\" \/>\n<script type=\"application\/ld+json\" class=\"yoast-schema-graph\">{\"@context\":\"https:\\\/\\\/schema.org\",\"@graph\":[{\"@type\":\"Article\",\"@id\":\"https:\\\/\\\/automotiverevista.pt\\\/index.php\\\/2025\\\/02\\\/11\\\/nova-imagem-o-mesmo-compromisso\\\/#article\",\"isPartOf\":{\"@id\":\"https:\\\/\\\/automotiverevista.pt\\\/index.php\\\/2025\\\/02\\\/11\\\/nova-imagem-o-mesmo-compromisso\\\/\"},\"author\":{\"name\":\"Fatima Silva\",\"@id\":\"https:\\\/\\\/automotiverevista.pt\\\/#\\\/schema\\\/person\\\/1e95eb12553b8edd256acb00fe6dad4b\"},\"headline\":\"Nova imagem, o mesmo compromisso\",\"datePublished\":\"2025-02-11T12:17:00+00:00\",\"mainEntityOfPage\":{\"@id\":\"https:\\\/\\\/automotiverevista.pt\\\/index.php\\\/2025\\\/02\\\/11\\\/nova-imagem-o-mesmo-compromisso\\\/\"},\"wordCount\":204,\"publisher\":{\"@id\":\"https:\\\/\\\/automotiverevista.pt\\\/#organization\"},\"image\":{\"@id\":\"https:\\\/\\\/automotiverevista.pt\\\/index.php\\\/2025\\\/02\\\/11\\\/nova-imagem-o-mesmo-compromisso\\\/#primaryimage\"},\"thumbnailUrl\":\"https:\\\/\\\/automotiverevista.pt\\\/wp-content\\\/uploads\\\/2025\\\/02\\\/primage_77943_B.jpg\",\"articleSection\":[\"Pesados e M\u00e1quinas\"],\"inLanguage\":\"pt-PT\"},{\"@type\":\"WebPage\",\"@id\":\"https:\\\/\\\/automotiverevista.pt\\\/index.php\\\/2025\\\/02\\\/11\\\/nova-imagem-o-mesmo-compromisso\\\/\",\"url\":\"https:\\\/\\\/automotiverevista.pt\\\/index.php\\\/2025\\\/02\\\/11\\\/nova-imagem-o-mesmo-compromisso\\\/\",\"name\":\"Nova imagem, o mesmo compromisso - Revista Automotive\",\"isPartOf\":{\"@id\":\"https:\\\/\\\/automotiverevista.pt\\\/#website\"},\"primaryImageOfPage\":{\"@id\":\"https:\\\/\\\/automotiverevista.pt\\\/index.php\\\/2025\\\/02\\\/11\\\/nova-imagem-o-mesmo-compromisso\\\/#primaryimage\"},\"image\":{\"@id\":\"https:\\\/\\\/automotiverevista.pt\\\/index.php\\\/2025\\\/02\\\/11\\\/nova-imagem-o-mesmo-compromisso\\\/#primaryimage\"},\"thumbnailUrl\":\"https:\\\/\\\/automotiverevista.pt\\\/wp-content\\\/uploads\\\/2025\\\/02\\\/primage_77943_B.jpg\",\"datePublished\":\"2025-02-11T12:17:00+00:00\",\"description\":\"Fundado em 1972, o Entreposto M\u00e1quinas come\u00e7ou como a Divis\u00e3o de M\u00e1quinas Agr\u00edcolas e Industriais do Grupo Entreposto\",\"breadcrumb\":{\"@id\":\"https:\\\/\\\/automotiverevista.pt\\\/index.php\\\/2025\\\/02\\\/11\\\/nova-imagem-o-mesmo-compromisso\\\/#breadcrumb\"},\"inLanguage\":\"pt-PT\",\"potentialAction\":[{\"@type\":\"ReadAction\",\"target\":[\"https:\\\/\\\/automotiverevista.pt\\\/index.php\\\/2025\\\/02\\\/11\\\/nova-imagem-o-mesmo-compromisso\\\/\"]}]},{\"@type\":\"ImageObject\",\"inLanguage\":\"pt-PT\",\"@id\":\"https:\\\/\\\/automotiverevista.pt\\\/index.php\\\/2025\\\/02\\\/11\\\/nova-imagem-o-mesmo-compromisso\\\/#primaryimage\",\"url\":\"https:\\\/\\\/automotiverevista.pt\\\/wp-content\\\/uploads\\\/2025\\\/02\\\/primage_77943_B.jpg\",\"contentUrl\":\"https:\\\/\\\/automotiverevista.pt\\\/wp-content\\\/uploads\\\/2025\\\/02\\\/primage_77943_B.jpg\",\"width\":1400,\"height\":583},{\"@type\":\"BreadcrumbList\",\"@id\":\"https:\\\/\\\/automotiverevista.pt\\\/index.php\\\/2025\\\/02\\\/11\\\/nova-imagem-o-mesmo-compromisso\\\/#breadcrumb\",\"itemListElement\":[{\"@type\":\"ListItem\",\"position\":1,\"name\":\"Home\",\"item\":\"https:\\\/\\\/automotiverevista.pt\\\/\"},{\"@type\":\"ListItem\",\"position\":2,\"name\":\"Nova imagem, o mesmo compromisso\"}]},{\"@type\":\"WebSite\",\"@id\":\"https:\\\/\\\/automotiverevista.pt\\\/#website\",\"url\":\"https:\\\/\\\/automotiverevista.pt\\\/\",\"name\":\"Revista Automotive\",\"description\":\"Revista Automotive Portugal\",\"publisher\":{\"@id\":\"https:\\\/\\\/automotiverevista.pt\\\/#organization\"},\"potentialAction\":[{\"@type\":\"SearchAction\",\"target\":{\"@type\":\"EntryPoint\",\"urlTemplate\":\"https:\\\/\\\/automotiverevista.pt\\\/?s={search_term_string}\"},\"query-input\":{\"@type\":\"PropertyValueSpecification\",\"valueRequired\":true,\"valueName\":\"search_term_string\"}}],\"inLanguage\":\"pt-PT\"},{\"@type\":\"Organization\",\"@id\":\"https:\\\/\\\/automotiverevista.pt\\\/#organization\",\"name\":\"Revista Automotive Portugal\",\"url\":\"https:\\\/\\\/automotiverevista.pt\\\/\",\"logo\":{\"@type\":\"ImageObject\",\"inLanguage\":\"pt-PT\",\"@id\":\"https:\\\/\\\/automotiverevista.pt\\\/#\\\/schema\\\/logo\\\/image\\\/\",\"url\":\"https:\\\/\\\/automotiverevista.pt\\\/wp-content\\\/uploads\\\/2022\\\/07\\\/Logo-Automotive-2021_500-1.jpg\",\"contentUrl\":\"https:\\\/\\\/automotiverevista.pt\\\/wp-content\\\/uploads\\\/2022\\\/07\\\/Logo-Automotive-2021_500-1.jpg\",\"width\":500,\"height\":160,\"caption\":\"Revista Automotive Portugal\"},\"image\":{\"@id\":\"https:\\\/\\\/automotiverevista.pt\\\/#\\\/schema\\\/logo\\\/image\\\/\"},\"sameAs\":[\"https:\\\/\\\/linkedin.com\\\/in\\\/automotiverevista\"]},{\"@type\":\"Person\",\"@id\":\"https:\\\/\\\/automotiverevista.pt\\\/#\\\/schema\\\/person\\\/1e95eb12553b8edd256acb00fe6dad4b\",\"name\":\"Fatima Silva\",\"image\":{\"@type\":\"ImageObject\",\"inLanguage\":\"pt-PT\",\"@id\":\"https:\\\/\\\/secure.gravatar.com\\\/avatar\\\/4b4a955a9c1b66708ab0dd3bd6181ac1f650299d893bd337a28482f7f19c8511?s=96&d=mm&r=g\",\"url\":\"https:\\\/\\\/secure.gravatar.com\\\/avatar\\\/4b4a955a9c1b66708ab0dd3bd6181ac1f650299d893bd337a28482f7f19c8511?s=96&d=mm&r=g\",\"contentUrl\":\"https:\\\/\\\/secure.gravatar.com\\\/avatar\\\/4b4a955a9c1b66708ab0dd3bd6181ac1f650299d893bd337a28482f7f19c8511?s=96&d=mm&r=g\",\"caption\":\"Fatima Silva\"},\"url\":\"https:\\\/\\\/automotiverevista.pt\\\/index.php\\\/author\\\/fgasparsilva\\\/\"}]}<\/script>\n<!-- \/ Yoast SEO Premium plugin. -->","yoast_head_json":{"title":"Nova imagem, o mesmo compromisso - Revista Automotive","description":"Fundado em 1972, o Entreposto M\u00e1quinas come\u00e7ou como a Divis\u00e3o de M\u00e1quinas Agr\u00edcolas e Industriais do Grupo Entreposto","robots":{"index":"index","follow":"follow","max-snippet":"max-snippet:-1","max-image-preview":"max-image-preview:large","max-video-preview":"max-video-preview:-1"},"canonical":"https:\/\/automotiverevista.pt\/index.php\/2025\/02\/11\/nova-imagem-o-mesmo-compromisso\/","og_locale":"pt_PT","og_type":"article","og_title":"Nova imagem, o mesmo compromisso","og_description":"Fundado em 1972, o Entreposto M\u00e1quinas come\u00e7ou como a Divis\u00e3o de M\u00e1quinas Agr\u00edcolas e Industriais do Grupo Entreposto","og_url":"https:\/\/automotiverevista.pt\/index.php\/2025\/02\/11\/nova-imagem-o-mesmo-compromisso\/","og_site_name":"Revista Automotive","article_published_time":"2025-02-11T12:17:00+00:00","og_image":[{"width":1400,"height":583,"url":"https:\/\/automotiverevista.pt\/wp-content\/uploads\/2025\/02\/primage_77943_B.jpg","type":"image\/jpeg"}],"author":"Fatima Silva","twitter_card":"summary_large_image","twitter_misc":{"Escrito por":"Fatima Silva","Tempo estimado de leitura":"2 minutos"},"schema":{"@context":"https:\/\/schema.org","@graph":[{"@type":"Article","@id":"https:\/\/automotiverevista.pt\/index.php\/2025\/02\/11\/nova-imagem-o-mesmo-compromisso\/#article","isPartOf":{"@id":"https:\/\/automotiverevista.pt\/index.php\/2025\/02\/11\/nova-imagem-o-mesmo-compromisso\/"},"author":{"name":"Fatima Silva","@id":"https:\/\/automotiverevista.pt\/#\/schema\/person\/1e95eb12553b8edd256acb00fe6dad4b"},"headline":"Nova imagem, o mesmo compromisso","datePublished":"2025-02-11T12:17:00+00:00","mainEntityOfPage":{"@id":"https:\/\/automotiverevista.pt\/index.php\/2025\/02\/11\/nova-imagem-o-mesmo-compromisso\/"},"wordCount":204,"publisher":{"@id":"https:\/\/automotiverevista.pt\/#organization"},"image":{"@id":"https:\/\/automotiverevista.pt\/index.php\/2025\/02\/11\/nova-imagem-o-mesmo-compromisso\/#primaryimage"},"thumbnailUrl":"https:\/\/automotiverevista.pt\/wp-content\/uploads\/2025\/02\/primage_77943_B.jpg","articleSection":["Pesados e M\u00e1quinas"],"inLanguage":"pt-PT"},{"@type":"WebPage","@id":"https:\/\/automotiverevista.pt\/index.php\/2025\/02\/11\/nova-imagem-o-mesmo-compromisso\/","url":"https:\/\/automotiverevista.pt\/index.php\/2025\/02\/11\/nova-imagem-o-mesmo-compromisso\/","name":"Nova imagem, o mesmo compromisso - Revista Automotive","isPartOf":{"@id":"https:\/\/automotiverevista.pt\/#website"},"primaryImageOfPage":{"@id":"https:\/\/automotiverevista.pt\/index.php\/2025\/02\/11\/nova-imagem-o-mesmo-compromisso\/#primaryimage"},"image":{"@id":"https:\/\/automotiverevista.pt\/index.php\/2025\/02\/11\/nova-imagem-o-mesmo-compromisso\/#primaryimage"},"thumbnailUrl":"https:\/\/automotiverevista.pt\/wp-content\/uploads\/2025\/02\/primage_77943_B.jpg","datePublished":"2025-02-11T12:17:00+00:00","description":"Fundado em 1972, o Entreposto M\u00e1quinas come\u00e7ou como a Divis\u00e3o de M\u00e1quinas Agr\u00edcolas e Industriais do Grupo Entreposto","breadcrumb":{"@id":"https:\/\/automotiverevista.pt\/index.php\/2025\/02\/11\/nova-imagem-o-mesmo-compromisso\/#breadcrumb"},"inLanguage":"pt-PT","potentialAction":[{"@type":"ReadAction","target":["https:\/\/automotiverevista.pt\/index.php\/2025\/02\/11\/nova-imagem-o-mesmo-compromisso\/"]}]},{"@type":"ImageObject","inLanguage":"pt-PT","@id":"https:\/\/automotiverevista.pt\/index.php\/2025\/02\/11\/nova-imagem-o-mesmo-compromisso\/#primaryimage","url":"https:\/\/automotiverevista.pt\/wp-content\/uploads\/2025\/02\/primage_77943_B.jpg","contentUrl":"https:\/\/automotiverevista.pt\/wp-content\/uploads\/2025\/02\/primage_77943_B.jpg","width":1400,"height":583},{"@type":"BreadcrumbList","@id":"https:\/\/automotiverevista.pt\/index.php\/2025\/02\/11\/nova-imagem-o-mesmo-compromisso\/#breadcrumb","itemListElement":[{"@type":"ListItem","position":1,"name":"Home","item":"https:\/\/automotiverevista.pt\/"},{"@type":"ListItem","position":2,"name":"Nova imagem, o mesmo compromisso"}]},{"@type":"WebSite","@id":"https:\/\/automotiverevista.pt\/#website","url":"https:\/\/automotiverevista.pt\/","name":"Revista Automotive","description":"Revista Automotive Portugal","publisher":{"@id":"https:\/\/automotiverevista.pt\/#organization"},"potentialAction":[{"@type":"SearchAction","target":{"@type":"EntryPoint","urlTemplate":"https:\/\/automotiverevista.pt\/?s={search_term_string}"},"query-input":{"@type":"PropertyValueSpecification","valueRequired":true,"valueName":"search_term_string"}}],"inLanguage":"pt-PT"},{"@type":"Organization","@id":"https:\/\/automotiverevista.pt\/#organization","name":"Revista Automotive Portugal","url":"https:\/\/automotiverevista.pt\/","logo":{"@type":"ImageObject","inLanguage":"pt-PT","@id":"https:\/\/automotiverevista.pt\/#\/schema\/logo\/image\/","url":"https:\/\/automotiverevista.pt\/wp-content\/uploads\/2022\/07\/Logo-Automotive-2021_500-1.jpg","contentUrl":"https:\/\/automotiverevista.pt\/wp-content\/uploads\/2022\/07\/Logo-Automotive-2021_500-1.jpg","width":500,"height":160,"caption":"Revista Automotive Portugal"},"image":{"@id":"https:\/\/automotiverevista.pt\/#\/schema\/logo\/image\/"},"sameAs":["https:\/\/linkedin.com\/in\/automotiverevista"]},{"@type":"Person","@id":"https:\/\/automotiverevista.pt\/#\/schema\/person\/1e95eb12553b8edd256acb00fe6dad4b","name":"Fatima Silva","image":{"@type":"ImageObject","inLanguage":"pt-PT","@id":"https:\/\/secure.gravatar.com\/avatar\/4b4a955a9c1b66708ab0dd3bd6181ac1f650299d893bd337a28482f7f19c8511?s=96&d=mm&r=g","url":"https:\/\/secure.gravatar.com\/avatar\/4b4a955a9c1b66708ab0dd3bd6181ac1f650299d893bd337a28482f7f19c8511?s=96&d=mm&r=g","contentUrl":"https:\/\/secure.gravatar.com\/avatar\/4b4a955a9c1b66708ab0dd3bd6181ac1f650299d893bd337a28482f7f19c8511?s=96&d=mm&r=g","caption":"Fatima Silva"},"url":"https:\/\/automotiverevista.pt\/index.php\/author\/fgasparsilva\/"}]}},"_links":{"self":[{"href":"https:\/\/automotiverevista.pt\/index.php\/wp-json\/wp\/v2\/posts\/8838","targetHints":{"allow":["GET"]}}],"collection":[{"href":"https:\/\/automotiverevista.pt\/index.php\/wp-json\/wp\/v2\/posts"}],"about":[{"href":"https:\/\/automotiverevista.pt\/index.php\/wp-json\/wp\/v2\/types\/post"}],"author":[{"embeddable":true,"href":"https:\/\/automotiverevista.pt\/index.php\/wp-json\/wp\/v2\/users\/4"}],"replies":[{"embeddable":true,"href":"https:\/\/automotiverevista.pt\/index.php\/wp-json\/wp\/v2\/comments?post=8838"}],"version-history":[{"count":3,"href":"https:\/\/automotiverevista.pt\/index.php\/wp-json\/wp\/v2\/posts\/8838\/revisions"}],"predecessor-version":[{"id":8873,"href":"https:\/\/automotiverevista.pt\/index.php\/wp-json\/wp\/v2\/posts\/8838\/revisions\/8873"}],"wp:featuredmedia":[{"embeddable":true,"href":"https:\/\/automotiverevista.pt\/index.php\/wp-json\/wp\/v2\/media\/8839"}],"wp:attachment":[{"href":"https:\/\/automotiverevista.pt\/index.php\/wp-json\/wp\/v2\/media?parent=8838"}],"wp:term":[{"taxonomy":"category","embeddable":true,"href":"https:\/\/automotiverevista.pt\/index.php\/wp-json\/wp\/v2\/categories?post=8838"},{"taxonomy":"post_tag","embeddable":true,"href":"https:\/\/automotiverevista.pt\/index.php\/wp-json\/wp\/v2\/tags?post=8838"}],"curies":[{"name":"wp","href":"https:\/\/api.w.org\/{rel}","templated":true}]}}