{"id":8858,"date":"2025-02-10T10:35:16","date_gmt":"2025-02-10T10:35:16","guid":{"rendered":"https:\/\/automotiverevista.pt\/?p=8858"},"modified":"2025-02-10T10:35:17","modified_gmt":"2025-02-10T10:35:17","slug":"daf-reune-europa-em-convencao-no-algarve","status":"publish","type":"post","link":"https:\/\/automotiverevista.pt\/index.php\/2025\/02\/10\/daf-reune-europa-em-convencao-no-algarve\/","title":{"rendered":"DAF re\u00fane Europa em conven\u00e7\u00e3o no Algarve"},"content":{"rendered":"\n<p>Um s\u00f3lido crescimento em 2024; os 75 anos na produ\u00e7\u00e3o de cami\u00f5es e os primeiros modelos 100% el\u00e9tricos entregues, foram alguns dos temas em destaque na conven\u00e7\u00e3o recentemente realizada em Vilamoura (Algarve), regi\u00e3o onde a marca reuniu os seus concession\u00e1rios europeus, sendo que o nosso pa\u00eds esteve representado pelas dire\u00e7\u00f5es da GSVI e ACRV, concession\u00e1rios oficiais da DAF Trucks em Portugal.<\/p>\n\n\n\n<p>Na imagem da Automotive,\u00a0<strong>Ant\u00f3nio Rasero C\u00f3rdoba<\/strong>\u00a0(Sales Manager DAF Trucks Iberia), com\u00a0<strong>Agostinho da Ponte,<\/strong>\u00a0diretor da regi\u00e3o centro da GSVI. \u00c0 direita,\u00a0<strong>Carla Garcia<\/strong>\u00a0(diretora administrativa e financeira da ACRV) com\u00a0<strong>Marisa Sim\u00f5es<\/strong>, gerente da ACRV.<\/p>\n\n\n\n<p>Com o aumento da sua quota de mercado para 15,8% no \u00faltimo trimestre do ano (2023: 15,6%) e a entrega da primeira s\u00e9rie de novos cami\u00f5es el\u00e9tricos DAF aos clientes, a marca prev\u00ea continuar a expandir o seu sucesso em 2025. O ano passado foi tamb\u00e9m marcado pela<a href=\"https:\/\/automotiverevista.pt\/index.php\/2024\/11\/25\/daf-com-atualizacao-completa-na-gama-de-camioes\/\"> introdu\u00e7\u00e3o de um conjunto de inova\u00e7\u00f5es <\/a>para os modelos da nova gera\u00e7\u00e3o DAF e pela celebra\u00e7\u00e3o de 75 anos de produ\u00e7\u00e3o de cami\u00f5es.<\/p>\n\n\n\n<figure class=\"wp-block-image size-large is-resized\"><img decoding=\"async\" width=\"1024\" height=\"621\" src=\"https:\/\/automotiverevista.pt\/wp-content\/uploads\/2025\/02\/20250205_112910_Low-1024x621.jpg\" alt=\"\" class=\"wp-image-8863\" style=\"width:905px;height:auto\" srcset=\"https:\/\/automotiverevista.pt\/wp-content\/uploads\/2025\/02\/20250205_112910_Low-1024x621.jpg 1024w, https:\/\/automotiverevista.pt\/wp-content\/uploads\/2025\/02\/20250205_112910_Low-300x182.jpg 300w, https:\/\/automotiverevista.pt\/wp-content\/uploads\/2025\/02\/20250205_112910_Low-768x466.jpg 768w, https:\/\/automotiverevista.pt\/wp-content\/uploads\/2025\/02\/20250205_112910_Low-750x455.jpg 750w, https:\/\/automotiverevista.pt\/wp-content\/uploads\/2025\/02\/20250205_112910_Low-1140x691.jpg 1140w, https:\/\/automotiverevista.pt\/wp-content\/uploads\/2025\/02\/20250205_112910_Low.jpg 1400w\" sizes=\"(max-width: 1024px) 100vw, 1024px\" \/><\/figure>\n\n\n\n<p><strong>Evolu\u00e7\u00f5es<\/strong><\/p>\n\n\n\n<p>No sal\u00e3o <a href=\"https:\/\/automotiverevista.pt\/index.php\/2024\/10\/09\/daf-novas-cores-e-outras-realidades-em-hannover\/\">IAA Transportation de 2024, em Hannove<\/a>r, a DAF apresentou v\u00e1rias melhorias nos seus ve\u00edculos XD, XF, XG e XG+, v\u00e1rias vezes premiados. As transmiss\u00f5es atualizadas dos PACCAR MX-11 e MX-13, juntamente com as melhorias aerodin\u00e2micas, aumentaram a efici\u00eancia de combust\u00edvel dos cami\u00f5es em mais 3%, estabelecendo novos padr\u00f5es na ind\u00fastria. Al\u00e9m disso, a PACCAR Connect, uma nova e abrangente plataforma de gest\u00e3o de frotas online, foi introduzida para monitorizar o desempenho da frota 24 horas por dia, 7 dias por semana.<\/p>\n\n\n\n<p><strong>Transi\u00e7\u00e3o energ\u00e9tica<\/strong><\/p>\n\n\n\n<p>Um passo importante na transi\u00e7\u00e3o energ\u00e9tica da marca foi a entrega dos primeiros ve\u00edculos DAF XD e XF Electric com zero emiss\u00f5es, com autonomias de condu\u00e7\u00e3o de at\u00e9 500 quil\u00f3metros com uma \u00fanica carga. A PACCAR Power Solutions foi introduzida para apoiar os operadores de transporte na sua transi\u00e7\u00e3o energ\u00e9tica. Este novo departamento fornece \u00e0 DAF e a outros clientes uma gama abrangente de produtos e servi\u00e7os personalizados, incluindo carregadores e sistemas completos de armazenamento de baterias PACCAR.<\/p>\n\n\n\n<figure class=\"wp-block-image size-large is-resized\"><img decoding=\"async\" width=\"1024\" height=\"768\" src=\"https:\/\/automotiverevista.pt\/wp-content\/uploads\/2025\/02\/20250205_122257_Low-1024x768.jpg\" alt=\"\" class=\"wp-image-8862\" style=\"width:874px;height:auto\" srcset=\"https:\/\/automotiverevista.pt\/wp-content\/uploads\/2025\/02\/20250205_122257_Low-1024x768.jpg 1024w, https:\/\/automotiverevista.pt\/wp-content\/uploads\/2025\/02\/20250205_122257_Low-300x225.jpg 300w, https:\/\/automotiverevista.pt\/wp-content\/uploads\/2025\/02\/20250205_122257_Low-768x576.jpg 768w, https:\/\/automotiverevista.pt\/wp-content\/uploads\/2025\/02\/20250205_122257_Low-750x563.jpg 750w, https:\/\/automotiverevista.pt\/wp-content\/uploads\/2025\/02\/20250205_122257_Low-1140x855.jpg 1140w, https:\/\/automotiverevista.pt\/wp-content\/uploads\/2025\/02\/20250205_122257_Low.jpg 1400w\" sizes=\"(max-width: 1024px) 100vw, 1024px\" \/><\/figure>\n\n\n\n<p><strong>Quota de mercado<\/strong><\/p>\n\n\n\n<p>Em toda a Europa, a DAF alcan\u00e7ou uma quota de mercado de 14,4% no segmento de mais de 16 toneladas, o que totalizou <strong>316 mil unidades<\/strong> no ano passado. A DAF \u00e9 l\u00edder de mercado no Reino Unido (27,1%) e nos Pa\u00edses Baixos (28,9%), sendo tamb\u00e9m a maior marca de importa\u00e7\u00e3o no segmento de tratores pesados nos dois maiores mercados de cami\u00f5es da Europa: Alemanha e Fran\u00e7a.<\/p>\n\n\n\n<p>J\u00e1 no segmento de <a href=\"https:\/\/youtu.be\/F-cpRLhgVTI?si=i3ID25juytZ3s5xR\">utiliza\u00e7\u00e3o m\u00e9dia<\/a> (dimens\u00e3o de mercado de 50 900 unidades em 2024), a quota de mercado da DAF foi de 9,5%, com lideran\u00e7a de mercado no Reino Unido e nos Pa\u00edses Baixos. No mercado portugu\u00eas, matriculou 604 unidades ao longo de 2024, o que representa um aumento de 29,1% em rela\u00e7\u00e3o a 2023, alcan\u00e7ando uma quota de mercado de 9,6%. A DAF tamb\u00e9m experimentou um forte aumento, de 16,1% em matr\u00edculas de <a href=\"https:\/\/youtu.be\/C2adpWxuNYE?si=cXABW-gpII_ph2uk\">ve\u00edculos pesados r\u00edgidos <\/a>(&gt;16 Tn), atingindo a cifra de 65 unidades matriculadas em 2024.<\/p>\n\n\n\n<figure class=\"wp-block-image size-large\"><img decoding=\"async\" width=\"1024\" height=\"768\" src=\"https:\/\/automotiverevista.pt\/wp-content\/uploads\/2025\/02\/20250205_122200_Low-1024x768.jpg\" alt=\"\" class=\"wp-image-8861\" srcset=\"https:\/\/automotiverevista.pt\/wp-content\/uploads\/2025\/02\/20250205_122200_Low-1024x768.jpg 1024w, https:\/\/automotiverevista.pt\/wp-content\/uploads\/2025\/02\/20250205_122200_Low-300x225.jpg 300w, https:\/\/automotiverevista.pt\/wp-content\/uploads\/2025\/02\/20250205_122200_Low-768x576.jpg 768w, https:\/\/automotiverevista.pt\/wp-content\/uploads\/2025\/02\/20250205_122200_Low-750x563.jpg 750w, https:\/\/automotiverevista.pt\/wp-content\/uploads\/2025\/02\/20250205_122200_Low-1140x855.jpg 1140w, https:\/\/automotiverevista.pt\/wp-content\/uploads\/2025\/02\/20250205_122200_Low.jpg 1400w\" sizes=\"(max-width: 1024px) 100vw, 1024px\" \/><\/figure>\n\n\n\n<p><strong>Vendas fora da Europa<\/strong><\/p>\n\n\n\n<p>A DAF Brasil produziu um recorde de 10 700 cami\u00f5es em 2024 e atingiu uma quota de mercado recorde de 9,9% no segmento de mais de 16 toneladas. A DAF vendeu mais de 4800 cami\u00f5es fora da Uni\u00e3o Europeia e do Brasil, duplicando as vendas na Jord\u00e2nia e nos EAU. Foi estabelecido um novo recorde de entregas na Turquia e registou-se um crescimento significativo da quota de mercado na Nova Zel\u00e2ndia.<\/p>\n\n\n\n<p>Por sua vez, a DAF Components vendeu mais de 3000 motores PACCAR aos principais fabricantes de autocarros e ve\u00edculos especializados em todo o mundo. Os novos motores PACCAR MX-11 e MX-13 para autocarros definem novos padr\u00f5es no dom\u00ednio da efici\u00eancia de combust\u00edvel e, gra\u00e7as aos bin\u00e1rios elevados a baixas rota\u00e7\u00f5es, de conforto dos passageiros.<\/p>\n\n\n\n<figure class=\"wp-block-image size-large is-resized\"><img decoding=\"async\" width=\"1024\" height=\"768\" src=\"https:\/\/automotiverevista.pt\/wp-content\/uploads\/2025\/02\/20250205_122003_Low-1024x768.jpg\" alt=\"\" class=\"wp-image-8864\" style=\"width:831px;height:auto\" srcset=\"https:\/\/automotiverevista.pt\/wp-content\/uploads\/2025\/02\/20250205_122003_Low-1024x768.jpg 1024w, https:\/\/automotiverevista.pt\/wp-content\/uploads\/2025\/02\/20250205_122003_Low-300x225.jpg 300w, https:\/\/automotiverevista.pt\/wp-content\/uploads\/2025\/02\/20250205_122003_Low-768x576.jpg 768w, https:\/\/automotiverevista.pt\/wp-content\/uploads\/2025\/02\/20250205_122003_Low-750x563.jpg 750w, https:\/\/automotiverevista.pt\/wp-content\/uploads\/2025\/02\/20250205_122003_Low-1140x855.jpg 1140w, https:\/\/automotiverevista.pt\/wp-content\/uploads\/2025\/02\/20250205_122003_Low.jpg 1400w\" sizes=\"(max-width: 1024px) 100vw, 1024px\" \/><\/figure>\n\n\n\n<p><strong>Log\u00edstica e p\u00f3s-venda<\/strong><\/p>\n\n\n\n<p>A PACCAR Parts abriu um<a href=\"https:\/\/automotiverevista.pt\/index.php\/2023\/07\/26\/paccar-parts-marca-seu-50-o-aniversario-este-ano-como-lider-mundial-distribuicao\/\"> novo centro de distribui\u00e7\u00e3o de pe\u00e7as<\/a> em Massbach, na Alemanha, para melhorar ainda mais o servi\u00e7o de apoio ao cliente. A PACCAR Parts<a href=\"https:\/\/automotiverevista.pt\/index.php\/2025\/01\/10\/daf-ano-de-transicao-e-oportunidades-2\/\"> celebrou 30 anos do programa <\/a>de pe\u00e7as p\u00f3s-venda de todas as marcas da TRP, que consiste em mais de 87 000 pe\u00e7as para cami\u00f5es, autocarros e reboques e \u00e9 apoiada pela rede mundial de concession\u00e1rios DAF. Mais de 1300 frotas de transporte beneficiam do programa europeu PACCAR Parts Fleet Services, que disponibiliza pre\u00e7os fixos de pe\u00e7as e fatura\u00e7\u00e3o \u00fanica em toda a Europa.<\/p>\n\n\n\n<p>No ano passado, a DAF Trucks atingiu o marco de 275 mil contratos de servi\u00e7o de repara\u00e7\u00e3o e manuten\u00e7\u00e3o DAF MultiSupport. A rede global de concession\u00e1rios da DAF abriu 31 novas localiza\u00e7\u00f5es em toda a Europa, Am\u00e9rica do Sul, \u00c1frica e Oce\u00e2nia, expandindo a rede mundial para cerca de 1150 localiza\u00e7\u00f5es.<\/p>\n\n\n\n<p><strong>Previs\u00e3o para 2025<\/strong><\/p>\n\n\n\n<p>Tamb\u00e9m presente na conven\u00e7\u00e3o do Algarve, <strong>Harald Seidel<\/strong>, presidente da DAF Trucks, declarou que \u201cneste ano de 2025, os registos da ind\u00fastria europeia de cami\u00f5es no mercado dos ve\u00edculos com mais de 16 toneladas, se situar\u00e1 na ordem dos 270 000 \u2013 300 000 cami\u00f5es. Naturalmente, estamos bem posicionados para expandir o nosso sucesso com os nossos cami\u00f5es l\u00edderes na ind\u00fastria, os servi\u00e7os de primeira classe e o aumento de produ\u00e7\u00e3o planeado da nossa excelente gama de cami\u00f5es el\u00e9tricos.&#8221;<\/p>\n","protected":false},"excerpt":{"rendered":"<p>Um s\u00f3lido crescimento em 2024; os 75 anos na produ\u00e7\u00e3o de cami\u00f5es e os primeiros modelos 100% el\u00e9tricos entregues, foram alguns dos temas em destaque na conven\u00e7\u00e3o recentemente realizada em Vilamoura (Algarve), regi\u00e3o onde a marca reuniu os seus concession\u00e1rios europeus, sendo que o nosso pa\u00eds esteve representado pelas dire\u00e7\u00f5es da GSVI e ACRV, concession\u00e1rios [&hellip;]<\/p>\n","protected":false},"author":1,"featured_media":8859,"comment_status":"closed","ping_status":"open","sticky":false,"template":"","format":"standard","meta":{"jnews-multi-image_gallery":[],"jnews_single_post":{"format":"standard"},"jnews_primary_category":[],"footnotes":""},"categories":[25],"tags":[],"class_list":["post-8858","post","type-post","status-publish","format-standard","has-post-thumbnail","hentry","category-pesados-e-maquinas"],"yoast_head":"<!-- This site is optimized with the Yoast SEO Premium plugin v27.2 (Yoast SEO v27.5) - https:\/\/yoast.com\/product\/yoast-seo-premium-wordpress\/ -->\n<title>DAF re\u00fane Europa em conven\u00e7\u00e3o no Algarve - Revista Automotive<\/title>\n<meta name=\"description\" content=\"concession\u00e1rios europeus, sendo que o esteve representado pelas dire\u00e7\u00f5es da GSVI e ACRV, concession\u00e1rios oficiais da DAF Trucks em Portugal.\" \/>\n<meta name=\"robots\" content=\"index, follow, max-snippet:-1, max-image-preview:large, max-video-preview:-1\" \/>\n<link rel=\"canonical\" href=\"https:\/\/automotiverevista.pt\/index.php\/2025\/02\/10\/daf-reune-europa-em-convencao-no-algarve\/\" \/>\n<meta property=\"og:locale\" content=\"pt_PT\" \/>\n<meta property=\"og:type\" content=\"article\" \/>\n<meta property=\"og:title\" content=\"DAF re\u00fane Europa em conven\u00e7\u00e3o no Algarve\" \/>\n<meta property=\"og:description\" content=\"concession\u00e1rios europeus, sendo que o esteve representado pelas dire\u00e7\u00f5es da GSVI e ACRV, concession\u00e1rios oficiais da DAF Trucks em Portugal.\" \/>\n<meta property=\"og:url\" content=\"https:\/\/automotiverevista.pt\/index.php\/2025\/02\/10\/daf-reune-europa-em-convencao-no-algarve\/\" \/>\n<meta property=\"og:site_name\" content=\"Revista Automotive\" \/>\n<meta property=\"article:published_time\" content=\"2025-02-10T10:35:16+00:00\" \/>\n<meta property=\"article:modified_time\" content=\"2025-02-10T10:35:17+00:00\" \/>\n<meta property=\"og:image\" content=\"https:\/\/automotiverevista.pt\/wp-content\/uploads\/2025\/02\/Site.jpg\" \/>\n\t<meta property=\"og:image:width\" content=\"1469\" \/>\n\t<meta property=\"og:image:height\" content=\"723\" \/>\n\t<meta property=\"og:image:type\" content=\"image\/jpeg\" \/>\n<meta name=\"author\" content=\"adminNovo\" \/>\n<meta name=\"twitter:card\" content=\"summary_large_image\" \/>\n<meta name=\"twitter:label1\" content=\"Escrito por\" \/>\n\t<meta name=\"twitter:data1\" content=\"adminNovo\" \/>\n\t<meta name=\"twitter:label2\" content=\"Tempo estimado de leitura\" \/>\n\t<meta name=\"twitter:data2\" content=\"6 minutos\" \/>\n<script type=\"application\/ld+json\" class=\"yoast-schema-graph\">{\"@context\":\"https:\\\/\\\/schema.org\",\"@graph\":[{\"@type\":\"Article\",\"@id\":\"https:\\\/\\\/automotiverevista.pt\\\/index.php\\\/2025\\\/02\\\/10\\\/daf-reune-europa-em-convencao-no-algarve\\\/#article\",\"isPartOf\":{\"@id\":\"https:\\\/\\\/automotiverevista.pt\\\/index.php\\\/2025\\\/02\\\/10\\\/daf-reune-europa-em-convencao-no-algarve\\\/\"},\"author\":{\"name\":\"adminNovo\",\"@id\":\"https:\\\/\\\/automotiverevista.pt\\\/#\\\/schema\\\/person\\\/1265858bc8c78a0f969de814da8be281\"},\"headline\":\"DAF re\u00fane Europa em conven\u00e7\u00e3o no Algarve\",\"datePublished\":\"2025-02-10T10:35:16+00:00\",\"dateModified\":\"2025-02-10T10:35:17+00:00\",\"mainEntityOfPage\":{\"@id\":\"https:\\\/\\\/automotiverevista.pt\\\/index.php\\\/2025\\\/02\\\/10\\\/daf-reune-europa-em-convencao-no-algarve\\\/\"},\"wordCount\":918,\"publisher\":{\"@id\":\"https:\\\/\\\/automotiverevista.pt\\\/#organization\"},\"image\":{\"@id\":\"https:\\\/\\\/automotiverevista.pt\\\/index.php\\\/2025\\\/02\\\/10\\\/daf-reune-europa-em-convencao-no-algarve\\\/#primaryimage\"},\"thumbnailUrl\":\"https:\\\/\\\/automotiverevista.pt\\\/wp-content\\\/uploads\\\/2025\\\/02\\\/Site.jpg\",\"articleSection\":[\"Pesados e M\u00e1quinas\"],\"inLanguage\":\"pt-PT\"},{\"@type\":\"WebPage\",\"@id\":\"https:\\\/\\\/automotiverevista.pt\\\/index.php\\\/2025\\\/02\\\/10\\\/daf-reune-europa-em-convencao-no-algarve\\\/\",\"url\":\"https:\\\/\\\/automotiverevista.pt\\\/index.php\\\/2025\\\/02\\\/10\\\/daf-reune-europa-em-convencao-no-algarve\\\/\",\"name\":\"DAF re\u00fane Europa em conven\u00e7\u00e3o no Algarve - Revista Automotive\",\"isPartOf\":{\"@id\":\"https:\\\/\\\/automotiverevista.pt\\\/#website\"},\"primaryImageOfPage\":{\"@id\":\"https:\\\/\\\/automotiverevista.pt\\\/index.php\\\/2025\\\/02\\\/10\\\/daf-reune-europa-em-convencao-no-algarve\\\/#primaryimage\"},\"image\":{\"@id\":\"https:\\\/\\\/automotiverevista.pt\\\/index.php\\\/2025\\\/02\\\/10\\\/daf-reune-europa-em-convencao-no-algarve\\\/#primaryimage\"},\"thumbnailUrl\":\"https:\\\/\\\/automotiverevista.pt\\\/wp-content\\\/uploads\\\/2025\\\/02\\\/Site.jpg\",\"datePublished\":\"2025-02-10T10:35:16+00:00\",\"dateModified\":\"2025-02-10T10:35:17+00:00\",\"description\":\"concession\u00e1rios europeus, sendo que o esteve representado pelas dire\u00e7\u00f5es da GSVI e ACRV, concession\u00e1rios oficiais da DAF Trucks em Portugal.\",\"breadcrumb\":{\"@id\":\"https:\\\/\\\/automotiverevista.pt\\\/index.php\\\/2025\\\/02\\\/10\\\/daf-reune-europa-em-convencao-no-algarve\\\/#breadcrumb\"},\"inLanguage\":\"pt-PT\",\"potentialAction\":[{\"@type\":\"ReadAction\",\"target\":[\"https:\\\/\\\/automotiverevista.pt\\\/index.php\\\/2025\\\/02\\\/10\\\/daf-reune-europa-em-convencao-no-algarve\\\/\"]}]},{\"@type\":\"ImageObject\",\"inLanguage\":\"pt-PT\",\"@id\":\"https:\\\/\\\/automotiverevista.pt\\\/index.php\\\/2025\\\/02\\\/10\\\/daf-reune-europa-em-convencao-no-algarve\\\/#primaryimage\",\"url\":\"https:\\\/\\\/automotiverevista.pt\\\/wp-content\\\/uploads\\\/2025\\\/02\\\/Site.jpg\",\"contentUrl\":\"https:\\\/\\\/automotiverevista.pt\\\/wp-content\\\/uploads\\\/2025\\\/02\\\/Site.jpg\",\"width\":1469,\"height\":723},{\"@type\":\"BreadcrumbList\",\"@id\":\"https:\\\/\\\/automotiverevista.pt\\\/index.php\\\/2025\\\/02\\\/10\\\/daf-reune-europa-em-convencao-no-algarve\\\/#breadcrumb\",\"itemListElement\":[{\"@type\":\"ListItem\",\"position\":1,\"name\":\"Home\",\"item\":\"https:\\\/\\\/automotiverevista.pt\\\/\"},{\"@type\":\"ListItem\",\"position\":2,\"name\":\"DAF re\u00fane Europa em conven\u00e7\u00e3o no Algarve\"}]},{\"@type\":\"WebSite\",\"@id\":\"https:\\\/\\\/automotiverevista.pt\\\/#website\",\"url\":\"https:\\\/\\\/automotiverevista.pt\\\/\",\"name\":\"Revista Automotive\",\"description\":\"Revista Automotive Portugal\",\"publisher\":{\"@id\":\"https:\\\/\\\/automotiverevista.pt\\\/#organization\"},\"potentialAction\":[{\"@type\":\"SearchAction\",\"target\":{\"@type\":\"EntryPoint\",\"urlTemplate\":\"https:\\\/\\\/automotiverevista.pt\\\/?s={search_term_string}\"},\"query-input\":{\"@type\":\"PropertyValueSpecification\",\"valueRequired\":true,\"valueName\":\"search_term_string\"}}],\"inLanguage\":\"pt-PT\"},{\"@type\":\"Organization\",\"@id\":\"https:\\\/\\\/automotiverevista.pt\\\/#organization\",\"name\":\"Revista Automotive Portugal\",\"url\":\"https:\\\/\\\/automotiverevista.pt\\\/\",\"logo\":{\"@type\":\"ImageObject\",\"inLanguage\":\"pt-PT\",\"@id\":\"https:\\\/\\\/automotiverevista.pt\\\/#\\\/schema\\\/logo\\\/image\\\/\",\"url\":\"https:\\\/\\\/automotiverevista.pt\\\/wp-content\\\/uploads\\\/2022\\\/07\\\/Logo-Automotive-2021_500-1.jpg\",\"contentUrl\":\"https:\\\/\\\/automotiverevista.pt\\\/wp-content\\\/uploads\\\/2022\\\/07\\\/Logo-Automotive-2021_500-1.jpg\",\"width\":500,\"height\":160,\"caption\":\"Revista Automotive Portugal\"},\"image\":{\"@id\":\"https:\\\/\\\/automotiverevista.pt\\\/#\\\/schema\\\/logo\\\/image\\\/\"},\"sameAs\":[\"https:\\\/\\\/linkedin.com\\\/in\\\/automotiverevista\"]},{\"@type\":\"Person\",\"@id\":\"https:\\\/\\\/automotiverevista.pt\\\/#\\\/schema\\\/person\\\/1265858bc8c78a0f969de814da8be281\",\"name\":\"adminNovo\",\"image\":{\"@type\":\"ImageObject\",\"inLanguage\":\"pt-PT\",\"@id\":\"https:\\\/\\\/secure.gravatar.com\\\/avatar\\\/c606c1288dcc11eb4c709aa5136fdb962583c410f5c23c0b7bf6917c542be355?s=96&d=mm&r=g\",\"url\":\"https:\\\/\\\/secure.gravatar.com\\\/avatar\\\/c606c1288dcc11eb4c709aa5136fdb962583c410f5c23c0b7bf6917c542be355?s=96&d=mm&r=g\",\"contentUrl\":\"https:\\\/\\\/secure.gravatar.com\\\/avatar\\\/c606c1288dcc11eb4c709aa5136fdb962583c410f5c23c0b7bf6917c542be355?s=96&d=mm&r=g\",\"caption\":\"adminNovo\"},\"sameAs\":[\"https:\\\/\\\/automotiverevista.pt\"],\"url\":\"https:\\\/\\\/automotiverevista.pt\\\/index.php\\\/author\\\/adminnovo\\\/\"}]}<\/script>\n<!-- \/ Yoast SEO Premium plugin. -->","yoast_head_json":{"title":"DAF re\u00fane Europa em conven\u00e7\u00e3o no Algarve - Revista Automotive","description":"concession\u00e1rios europeus, sendo que o esteve representado pelas dire\u00e7\u00f5es da GSVI e ACRV, concession\u00e1rios oficiais da DAF Trucks em Portugal.","robots":{"index":"index","follow":"follow","max-snippet":"max-snippet:-1","max-image-preview":"max-image-preview:large","max-video-preview":"max-video-preview:-1"},"canonical":"https:\/\/automotiverevista.pt\/index.php\/2025\/02\/10\/daf-reune-europa-em-convencao-no-algarve\/","og_locale":"pt_PT","og_type":"article","og_title":"DAF re\u00fane Europa em conven\u00e7\u00e3o no Algarve","og_description":"concession\u00e1rios europeus, sendo que o esteve representado pelas dire\u00e7\u00f5es da GSVI e ACRV, concession\u00e1rios oficiais da DAF Trucks em Portugal.","og_url":"https:\/\/automotiverevista.pt\/index.php\/2025\/02\/10\/daf-reune-europa-em-convencao-no-algarve\/","og_site_name":"Revista Automotive","article_published_time":"2025-02-10T10:35:16+00:00","article_modified_time":"2025-02-10T10:35:17+00:00","og_image":[{"width":1469,"height":723,"url":"https:\/\/automotiverevista.pt\/wp-content\/uploads\/2025\/02\/Site.jpg","type":"image\/jpeg"}],"author":"adminNovo","twitter_card":"summary_large_image","twitter_misc":{"Escrito por":"adminNovo","Tempo estimado de leitura":"6 minutos"},"schema":{"@context":"https:\/\/schema.org","@graph":[{"@type":"Article","@id":"https:\/\/automotiverevista.pt\/index.php\/2025\/02\/10\/daf-reune-europa-em-convencao-no-algarve\/#article","isPartOf":{"@id":"https:\/\/automotiverevista.pt\/index.php\/2025\/02\/10\/daf-reune-europa-em-convencao-no-algarve\/"},"author":{"name":"adminNovo","@id":"https:\/\/automotiverevista.pt\/#\/schema\/person\/1265858bc8c78a0f969de814da8be281"},"headline":"DAF re\u00fane Europa em conven\u00e7\u00e3o no Algarve","datePublished":"2025-02-10T10:35:16+00:00","dateModified":"2025-02-10T10:35:17+00:00","mainEntityOfPage":{"@id":"https:\/\/automotiverevista.pt\/index.php\/2025\/02\/10\/daf-reune-europa-em-convencao-no-algarve\/"},"wordCount":918,"publisher":{"@id":"https:\/\/automotiverevista.pt\/#organization"},"image":{"@id":"https:\/\/automotiverevista.pt\/index.php\/2025\/02\/10\/daf-reune-europa-em-convencao-no-algarve\/#primaryimage"},"thumbnailUrl":"https:\/\/automotiverevista.pt\/wp-content\/uploads\/2025\/02\/Site.jpg","articleSection":["Pesados e M\u00e1quinas"],"inLanguage":"pt-PT"},{"@type":"WebPage","@id":"https:\/\/automotiverevista.pt\/index.php\/2025\/02\/10\/daf-reune-europa-em-convencao-no-algarve\/","url":"https:\/\/automotiverevista.pt\/index.php\/2025\/02\/10\/daf-reune-europa-em-convencao-no-algarve\/","name":"DAF re\u00fane Europa em conven\u00e7\u00e3o no Algarve - Revista Automotive","isPartOf":{"@id":"https:\/\/automotiverevista.pt\/#website"},"primaryImageOfPage":{"@id":"https:\/\/automotiverevista.pt\/index.php\/2025\/02\/10\/daf-reune-europa-em-convencao-no-algarve\/#primaryimage"},"image":{"@id":"https:\/\/automotiverevista.pt\/index.php\/2025\/02\/10\/daf-reune-europa-em-convencao-no-algarve\/#primaryimage"},"thumbnailUrl":"https:\/\/automotiverevista.pt\/wp-content\/uploads\/2025\/02\/Site.jpg","datePublished":"2025-02-10T10:35:16+00:00","dateModified":"2025-02-10T10:35:17+00:00","description":"concession\u00e1rios europeus, sendo que o esteve representado pelas dire\u00e7\u00f5es da GSVI e ACRV, concession\u00e1rios oficiais da DAF Trucks em Portugal.","breadcrumb":{"@id":"https:\/\/automotiverevista.pt\/index.php\/2025\/02\/10\/daf-reune-europa-em-convencao-no-algarve\/#breadcrumb"},"inLanguage":"pt-PT","potentialAction":[{"@type":"ReadAction","target":["https:\/\/automotiverevista.pt\/index.php\/2025\/02\/10\/daf-reune-europa-em-convencao-no-algarve\/"]}]},{"@type":"ImageObject","inLanguage":"pt-PT","@id":"https:\/\/automotiverevista.pt\/index.php\/2025\/02\/10\/daf-reune-europa-em-convencao-no-algarve\/#primaryimage","url":"https:\/\/automotiverevista.pt\/wp-content\/uploads\/2025\/02\/Site.jpg","contentUrl":"https:\/\/automotiverevista.pt\/wp-content\/uploads\/2025\/02\/Site.jpg","width":1469,"height":723},{"@type":"BreadcrumbList","@id":"https:\/\/automotiverevista.pt\/index.php\/2025\/02\/10\/daf-reune-europa-em-convencao-no-algarve\/#breadcrumb","itemListElement":[{"@type":"ListItem","position":1,"name":"Home","item":"https:\/\/automotiverevista.pt\/"},{"@type":"ListItem","position":2,"name":"DAF re\u00fane Europa em conven\u00e7\u00e3o no Algarve"}]},{"@type":"WebSite","@id":"https:\/\/automotiverevista.pt\/#website","url":"https:\/\/automotiverevista.pt\/","name":"Revista Automotive","description":"Revista Automotive Portugal","publisher":{"@id":"https:\/\/automotiverevista.pt\/#organization"},"potentialAction":[{"@type":"SearchAction","target":{"@type":"EntryPoint","urlTemplate":"https:\/\/automotiverevista.pt\/?s={search_term_string}"},"query-input":{"@type":"PropertyValueSpecification","valueRequired":true,"valueName":"search_term_string"}}],"inLanguage":"pt-PT"},{"@type":"Organization","@id":"https:\/\/automotiverevista.pt\/#organization","name":"Revista Automotive Portugal","url":"https:\/\/automotiverevista.pt\/","logo":{"@type":"ImageObject","inLanguage":"pt-PT","@id":"https:\/\/automotiverevista.pt\/#\/schema\/logo\/image\/","url":"https:\/\/automotiverevista.pt\/wp-content\/uploads\/2022\/07\/Logo-Automotive-2021_500-1.jpg","contentUrl":"https:\/\/automotiverevista.pt\/wp-content\/uploads\/2022\/07\/Logo-Automotive-2021_500-1.jpg","width":500,"height":160,"caption":"Revista Automotive Portugal"},"image":{"@id":"https:\/\/automotiverevista.pt\/#\/schema\/logo\/image\/"},"sameAs":["https:\/\/linkedin.com\/in\/automotiverevista"]},{"@type":"Person","@id":"https:\/\/automotiverevista.pt\/#\/schema\/person\/1265858bc8c78a0f969de814da8be281","name":"adminNovo","image":{"@type":"ImageObject","inLanguage":"pt-PT","@id":"https:\/\/secure.gravatar.com\/avatar\/c606c1288dcc11eb4c709aa5136fdb962583c410f5c23c0b7bf6917c542be355?s=96&d=mm&r=g","url":"https:\/\/secure.gravatar.com\/avatar\/c606c1288dcc11eb4c709aa5136fdb962583c410f5c23c0b7bf6917c542be355?s=96&d=mm&r=g","contentUrl":"https:\/\/secure.gravatar.com\/avatar\/c606c1288dcc11eb4c709aa5136fdb962583c410f5c23c0b7bf6917c542be355?s=96&d=mm&r=g","caption":"adminNovo"},"sameAs":["https:\/\/automotiverevista.pt"],"url":"https:\/\/automotiverevista.pt\/index.php\/author\/adminnovo\/"}]}},"_links":{"self":[{"href":"https:\/\/automotiverevista.pt\/index.php\/wp-json\/wp\/v2\/posts\/8858","targetHints":{"allow":["GET"]}}],"collection":[{"href":"https:\/\/automotiverevista.pt\/index.php\/wp-json\/wp\/v2\/posts"}],"about":[{"href":"https:\/\/automotiverevista.pt\/index.php\/wp-json\/wp\/v2\/types\/post"}],"author":[{"embeddable":true,"href":"https:\/\/automotiverevista.pt\/index.php\/wp-json\/wp\/v2\/users\/1"}],"replies":[{"embeddable":true,"href":"https:\/\/automotiverevista.pt\/index.php\/wp-json\/wp\/v2\/comments?post=8858"}],"version-history":[{"count":3,"href":"https:\/\/automotiverevista.pt\/index.php\/wp-json\/wp\/v2\/posts\/8858\/revisions"}],"predecessor-version":[{"id":8870,"href":"https:\/\/automotiverevista.pt\/index.php\/wp-json\/wp\/v2\/posts\/8858\/revisions\/8870"}],"wp:featuredmedia":[{"embeddable":true,"href":"https:\/\/automotiverevista.pt\/index.php\/wp-json\/wp\/v2\/media\/8859"}],"wp:attachment":[{"href":"https:\/\/automotiverevista.pt\/index.php\/wp-json\/wp\/v2\/media?parent=8858"}],"wp:term":[{"taxonomy":"category","embeddable":true,"href":"https:\/\/automotiverevista.pt\/index.php\/wp-json\/wp\/v2\/categories?post=8858"},{"taxonomy":"post_tag","embeddable":true,"href":"https:\/\/automotiverevista.pt\/index.php\/wp-json\/wp\/v2\/tags?post=8858"}],"curies":[{"name":"wp","href":"https:\/\/api.w.org\/{rel}","templated":true}]}}