{"id":8917,"date":"2025-02-12T18:47:50","date_gmt":"2025-02-12T18:47:50","guid":{"rendered":"https:\/\/automotiverevista.pt\/?p=8917"},"modified":"2025-02-12T18:47:51","modified_gmt":"2025-02-12T18:47:51","slug":"componentes-automoveis-valem-15-das-exportacoes","status":"publish","type":"post","link":"https:\/\/automotiverevista.pt\/index.php\/2025\/02\/12\/componentes-automoveis-valem-15-das-exportacoes\/","title":{"rendered":"Componentes Autom\u00f3veis valem 15% das exporta\u00e7\u00f5es"},"content":{"rendered":"\n<p>De acordo com os dados divulgados pela\u00a0<a href=\"https:\/\/afia.pt\">AFIA <\/a>\u2013 Associa\u00e7\u00e3o de Fabricantes para a Ind\u00fastria Autom\u00f3vel, as exporta\u00e7\u00f5es de componentes para autom\u00f3veis registaram, em dezembro, uma quebra de 4,5% em termos hom\u00f3logos, uma descida superior \u00e0 verificada no total das exporta\u00e7\u00f5es nacionais de bens, que recuaram 2,5% no mesmo per\u00edodo. Mas estamos a tratar de valores de\u00a0<strong>672 milh\u00f5es de euros<\/strong>\u00a0no \u00faltimo m\u00eas de 2024, o que \u00e9 um valor claramente acima do esperado, muito aproximado daquele que a AFIA tinha projetado.<\/p>\n\n\n<div class=\"wp-block-image\">\n<figure class=\"alignleft size-full is-resized\"><img decoding=\"async\" width=\"459\" height=\"356\" src=\"https:\/\/automotiverevista.pt\/wp-content\/uploads\/2025\/02\/image-3.png\" alt=\"\" class=\"wp-image-8918\" style=\"width:384px;height:auto\" srcset=\"https:\/\/automotiverevista.pt\/wp-content\/uploads\/2025\/02\/image-3.png 459w, https:\/\/automotiverevista.pt\/wp-content\/uploads\/2025\/02\/image-3-300x233.png 300w\" sizes=\"(max-width: 459px) 100vw, 459px\" \/><figcaption class=\"wp-element-caption\">C\u00e1lculos AFIA a partir da base de dados do INE<\/figcaption><\/figure>\n<\/div>\n\n\n<p>No acumulado de\u00a0janeiro a dezembro de 2024, as exporta\u00e7\u00f5es de componentes autom\u00f3veis atingiram os\u00a0<strong>11.785 milh\u00f5es de euros<\/strong> representando\u00a0<strong>14,9% <\/strong>das exporta\u00e7\u00f5es nacionais de bens transacion\u00e1veis, o que n\u00e3o deixa de representar um valor importante no contexto nacional.<\/p>\n\n\n\n<p>A Europa continua a ser o principal destino das exporta\u00e7\u00f5es, mas o setor tem enfrentado oscila\u00e7\u00f5es significativas, h\u00e1 a perce\u00e7\u00e3o de altera\u00e7\u00e3o do mix de produ\u00e7\u00e3o na Europa e o refor\u00e7o de outros destinos.<\/p>\n\n\n\n<p><strong>Perspetivas para 2025<\/strong><\/p>\n\n\n\n<p>Apesar da contra\u00e7\u00e3o verificada no ano de 2024, o setor continua a ser estrat\u00e9gico para a economia portuguesa. A evolu\u00e7\u00e3o dos pr\u00f3ximos meses depender\u00e1 da capacidade de resili\u00eancia das empresas, assim como de ajustarem a sua produ\u00e7\u00e3o ao parque autom\u00f3vel mais envelhecido, em virtude da baixa aceita\u00e7\u00e3o das novas viaturas, especialmente as el\u00e9tricas.<\/p>\n\n\n\n<p>A recupera\u00e7\u00e3o da ind\u00fastria autom\u00f3vel europeia, depende de pol\u00edticas s\u00e9rias para a redu\u00e7\u00e3o dos poluentes, encerrando as importa\u00e7\u00f5es de produtos, cujas empresas s\u00e3o poluidoras, estabilizando as cadeias de abastecimento com produtos de qualidade, durabilidade e que contribuam para a preserva\u00e7\u00e3o e conserva\u00e7\u00e3o dos recursos; fundamentalmente moralizando as pol\u00edticas comerciais globais.<\/p>\n\n\n\n<p>A ind\u00fastria nacional est\u00e1 em muitos projetos, logo o comportamento das vendas nacionais e das exporta\u00e7\u00f5es, est\u00e1 dependente desta din\u00e2mica empresarial dentro e fora de portas. A&nbsp;<strong>AFIA<\/strong>&nbsp;continuar\u00e1 a acompanhar de perto a evolu\u00e7\u00e3o na Europa, a refor\u00e7ar o seu compromisso com a competitividade e inova\u00e7\u00e3o do setor, no quadro de um desenvolvimento sustent\u00e1vel.<\/p>\n\n\n\n<p>Os c\u00e1lculos da AFIA t\u00eam como base as Estat\u00edsticas do Com\u00e9rcio Internacional de Bens divulgadas a 10 de fevereiro pelo INE \u2013 Instituto Nacional de Estat\u00edstica.<\/p>\n","protected":false},"excerpt":{"rendered":"<p>De acordo com os dados divulgados pela\u00a0AFIA \u2013 Associa\u00e7\u00e3o de Fabricantes para a Ind\u00fastria Autom\u00f3vel, as exporta\u00e7\u00f5es de componentes para autom\u00f3veis registaram, em dezembro, uma quebra de 4,5% em termos hom\u00f3logos, uma descida superior \u00e0 verificada no total das exporta\u00e7\u00f5es nacionais de bens, que recuaram 2,5% no mesmo per\u00edodo. Mas estamos a tratar de valores [&hellip;]<\/p>\n","protected":false},"author":4,"featured_media":8919,"comment_status":"closed","ping_status":"open","sticky":false,"template":"","format":"standard","meta":{"jnews-multi-image_gallery":[],"jnews_single_post":{"format":"standard"},"jnews_primary_category":[],"footnotes":""},"categories":[23],"tags":[],"class_list":["post-8917","post","type-post","status-publish","format-standard","has-post-thumbnail","hentry","category-frotas"],"yoast_head":"<!-- This site is optimized with the Yoast SEO Premium plugin v27.5 (Yoast SEO v27.5) - https:\/\/yoast.com\/product\/yoast-seo-premium-wordpress\/ -->\n<title>Componentes Autom\u00f3veis valem 15% das exporta\u00e7\u00f5es - Revista Automotive<\/title>\n<meta name=\"description\" content=\"\u00a0AFIA \u2013 Associa\u00e7\u00e3o de Fabricantes Ind\u00fastria Autom\u00f3vel, exporta\u00e7\u00f5es, componentes, evolu\u00e7\u00e3o, poluentes, abastecimento\" \/>\n<meta name=\"robots\" content=\"index, follow, max-snippet:-1, max-image-preview:large, max-video-preview:-1\" \/>\n<link rel=\"canonical\" href=\"https:\/\/automotiverevista.pt\/index.php\/2025\/02\/12\/componentes-automoveis-valem-15-das-exportacoes\/\" \/>\n<meta property=\"og:locale\" content=\"pt_PT\" \/>\n<meta property=\"og:type\" content=\"article\" \/>\n<meta property=\"og:title\" content=\"Componentes Autom\u00f3veis valem 15% das exporta\u00e7\u00f5es\" \/>\n<meta property=\"og:description\" content=\"\u00a0AFIA \u2013 Associa\u00e7\u00e3o de Fabricantes Ind\u00fastria Autom\u00f3vel, exporta\u00e7\u00f5es, componentes, evolu\u00e7\u00e3o, poluentes, abastecimento\" \/>\n<meta property=\"og:url\" content=\"https:\/\/automotiverevista.pt\/index.php\/2025\/02\/12\/componentes-automoveis-valem-15-das-exportacoes\/\" \/>\n<meta property=\"og:site_name\" content=\"Revista Automotive\" \/>\n<meta property=\"article:published_time\" content=\"2025-02-12T18:47:50+00:00\" \/>\n<meta property=\"article:modified_time\" content=\"2025-02-12T18:47:51+00:00\" \/>\n<meta property=\"og:image\" content=\"https:\/\/automotiverevista.pt\/wp-content\/uploads\/2025\/02\/Capture.jpg\" \/>\n\t<meta property=\"og:image:width\" content=\"1023\" \/>\n\t<meta property=\"og:image:height\" content=\"581\" \/>\n\t<meta property=\"og:image:type\" content=\"image\/jpeg\" \/>\n<meta name=\"author\" content=\"Fatima Silva\" \/>\n<meta name=\"twitter:card\" content=\"summary_large_image\" \/>\n<meta name=\"twitter:label1\" content=\"Escrito por\" \/>\n\t<meta name=\"twitter:data1\" content=\"Fatima Silva\" \/>\n\t<meta name=\"twitter:label2\" content=\"Tempo estimado de leitura\" \/>\n\t<meta name=\"twitter:data2\" content=\"3 minutos\" \/>\n<script type=\"application\/ld+json\" class=\"yoast-schema-graph\">{\"@context\":\"https:\\\/\\\/schema.org\",\"@graph\":[{\"@type\":\"Article\",\"@id\":\"https:\\\/\\\/automotiverevista.pt\\\/index.php\\\/2025\\\/02\\\/12\\\/componentes-automoveis-valem-15-das-exportacoes\\\/#article\",\"isPartOf\":{\"@id\":\"https:\\\/\\\/automotiverevista.pt\\\/index.php\\\/2025\\\/02\\\/12\\\/componentes-automoveis-valem-15-das-exportacoes\\\/\"},\"author\":{\"name\":\"Fatima Silva\",\"@id\":\"https:\\\/\\\/automotiverevista.pt\\\/#\\\/schema\\\/person\\\/1e95eb12553b8edd256acb00fe6dad4b\"},\"headline\":\"Componentes Autom\u00f3veis valem 15% das exporta\u00e7\u00f5es\",\"datePublished\":\"2025-02-12T18:47:50+00:00\",\"dateModified\":\"2025-02-12T18:47:51+00:00\",\"mainEntityOfPage\":{\"@id\":\"https:\\\/\\\/automotiverevista.pt\\\/index.php\\\/2025\\\/02\\\/12\\\/componentes-automoveis-valem-15-das-exportacoes\\\/\"},\"wordCount\":403,\"publisher\":{\"@id\":\"https:\\\/\\\/automotiverevista.pt\\\/#organization\"},\"image\":{\"@id\":\"https:\\\/\\\/automotiverevista.pt\\\/index.php\\\/2025\\\/02\\\/12\\\/componentes-automoveis-valem-15-das-exportacoes\\\/#primaryimage\"},\"thumbnailUrl\":\"https:\\\/\\\/automotiverevista.pt\\\/wp-content\\\/uploads\\\/2025\\\/02\\\/Capture.jpg\",\"articleSection\":[\"Frotas\"],\"inLanguage\":\"pt-PT\"},{\"@type\":\"WebPage\",\"@id\":\"https:\\\/\\\/automotiverevista.pt\\\/index.php\\\/2025\\\/02\\\/12\\\/componentes-automoveis-valem-15-das-exportacoes\\\/\",\"url\":\"https:\\\/\\\/automotiverevista.pt\\\/index.php\\\/2025\\\/02\\\/12\\\/componentes-automoveis-valem-15-das-exportacoes\\\/\",\"name\":\"Componentes Autom\u00f3veis valem 15% das exporta\u00e7\u00f5es - Revista Automotive\",\"isPartOf\":{\"@id\":\"https:\\\/\\\/automotiverevista.pt\\\/#website\"},\"primaryImageOfPage\":{\"@id\":\"https:\\\/\\\/automotiverevista.pt\\\/index.php\\\/2025\\\/02\\\/12\\\/componentes-automoveis-valem-15-das-exportacoes\\\/#primaryimage\"},\"image\":{\"@id\":\"https:\\\/\\\/automotiverevista.pt\\\/index.php\\\/2025\\\/02\\\/12\\\/componentes-automoveis-valem-15-das-exportacoes\\\/#primaryimage\"},\"thumbnailUrl\":\"https:\\\/\\\/automotiverevista.pt\\\/wp-content\\\/uploads\\\/2025\\\/02\\\/Capture.jpg\",\"datePublished\":\"2025-02-12T18:47:50+00:00\",\"dateModified\":\"2025-02-12T18:47:51+00:00\",\"description\":\"\u00a0AFIA \u2013 Associa\u00e7\u00e3o de Fabricantes Ind\u00fastria Autom\u00f3vel, exporta\u00e7\u00f5es, componentes, evolu\u00e7\u00e3o, poluentes, abastecimento\",\"breadcrumb\":{\"@id\":\"https:\\\/\\\/automotiverevista.pt\\\/index.php\\\/2025\\\/02\\\/12\\\/componentes-automoveis-valem-15-das-exportacoes\\\/#breadcrumb\"},\"inLanguage\":\"pt-PT\",\"potentialAction\":[{\"@type\":\"ReadAction\",\"target\":[\"https:\\\/\\\/automotiverevista.pt\\\/index.php\\\/2025\\\/02\\\/12\\\/componentes-automoveis-valem-15-das-exportacoes\\\/\"]}]},{\"@type\":\"ImageObject\",\"inLanguage\":\"pt-PT\",\"@id\":\"https:\\\/\\\/automotiverevista.pt\\\/index.php\\\/2025\\\/02\\\/12\\\/componentes-automoveis-valem-15-das-exportacoes\\\/#primaryimage\",\"url\":\"https:\\\/\\\/automotiverevista.pt\\\/wp-content\\\/uploads\\\/2025\\\/02\\\/Capture.jpg\",\"contentUrl\":\"https:\\\/\\\/automotiverevista.pt\\\/wp-content\\\/uploads\\\/2025\\\/02\\\/Capture.jpg\",\"width\":1023,\"height\":581},{\"@type\":\"BreadcrumbList\",\"@id\":\"https:\\\/\\\/automotiverevista.pt\\\/index.php\\\/2025\\\/02\\\/12\\\/componentes-automoveis-valem-15-das-exportacoes\\\/#breadcrumb\",\"itemListElement\":[{\"@type\":\"ListItem\",\"position\":1,\"name\":\"Home\",\"item\":\"https:\\\/\\\/automotiverevista.pt\\\/\"},{\"@type\":\"ListItem\",\"position\":2,\"name\":\"Componentes Autom\u00f3veis valem 15% das exporta\u00e7\u00f5es\"}]},{\"@type\":\"WebSite\",\"@id\":\"https:\\\/\\\/automotiverevista.pt\\\/#website\",\"url\":\"https:\\\/\\\/automotiverevista.pt\\\/\",\"name\":\"Revista Automotive\",\"description\":\"Revista Automotive Portugal\",\"publisher\":{\"@id\":\"https:\\\/\\\/automotiverevista.pt\\\/#organization\"},\"potentialAction\":[{\"@type\":\"SearchAction\",\"target\":{\"@type\":\"EntryPoint\",\"urlTemplate\":\"https:\\\/\\\/automotiverevista.pt\\\/?s={search_term_string}\"},\"query-input\":{\"@type\":\"PropertyValueSpecification\",\"valueRequired\":true,\"valueName\":\"search_term_string\"}}],\"inLanguage\":\"pt-PT\"},{\"@type\":\"Organization\",\"@id\":\"https:\\\/\\\/automotiverevista.pt\\\/#organization\",\"name\":\"Revista Automotive Portugal\",\"url\":\"https:\\\/\\\/automotiverevista.pt\\\/\",\"logo\":{\"@type\":\"ImageObject\",\"inLanguage\":\"pt-PT\",\"@id\":\"https:\\\/\\\/automotiverevista.pt\\\/#\\\/schema\\\/logo\\\/image\\\/\",\"url\":\"https:\\\/\\\/automotiverevista.pt\\\/wp-content\\\/uploads\\\/2022\\\/07\\\/Logo-Automotive-2021_500-1.jpg\",\"contentUrl\":\"https:\\\/\\\/automotiverevista.pt\\\/wp-content\\\/uploads\\\/2022\\\/07\\\/Logo-Automotive-2021_500-1.jpg\",\"width\":500,\"height\":160,\"caption\":\"Revista Automotive Portugal\"},\"image\":{\"@id\":\"https:\\\/\\\/automotiverevista.pt\\\/#\\\/schema\\\/logo\\\/image\\\/\"},\"sameAs\":[\"https:\\\/\\\/linkedin.com\\\/in\\\/automotiverevista\"]},{\"@type\":\"Person\",\"@id\":\"https:\\\/\\\/automotiverevista.pt\\\/#\\\/schema\\\/person\\\/1e95eb12553b8edd256acb00fe6dad4b\",\"name\":\"Fatima Silva\",\"image\":{\"@type\":\"ImageObject\",\"inLanguage\":\"pt-PT\",\"@id\":\"https:\\\/\\\/secure.gravatar.com\\\/avatar\\\/4b4a955a9c1b66708ab0dd3bd6181ac1f650299d893bd337a28482f7f19c8511?s=96&d=mm&r=g\",\"url\":\"https:\\\/\\\/secure.gravatar.com\\\/avatar\\\/4b4a955a9c1b66708ab0dd3bd6181ac1f650299d893bd337a28482f7f19c8511?s=96&d=mm&r=g\",\"contentUrl\":\"https:\\\/\\\/secure.gravatar.com\\\/avatar\\\/4b4a955a9c1b66708ab0dd3bd6181ac1f650299d893bd337a28482f7f19c8511?s=96&d=mm&r=g\",\"caption\":\"Fatima Silva\"},\"url\":\"https:\\\/\\\/automotiverevista.pt\\\/index.php\\\/author\\\/fgasparsilva\\\/\"}]}<\/script>\n<!-- \/ Yoast SEO Premium plugin. -->","yoast_head_json":{"title":"Componentes Autom\u00f3veis valem 15% das exporta\u00e7\u00f5es - Revista Automotive","description":"\u00a0AFIA \u2013 Associa\u00e7\u00e3o de Fabricantes Ind\u00fastria Autom\u00f3vel, exporta\u00e7\u00f5es, componentes, evolu\u00e7\u00e3o, poluentes, abastecimento","robots":{"index":"index","follow":"follow","max-snippet":"max-snippet:-1","max-image-preview":"max-image-preview:large","max-video-preview":"max-video-preview:-1"},"canonical":"https:\/\/automotiverevista.pt\/index.php\/2025\/02\/12\/componentes-automoveis-valem-15-das-exportacoes\/","og_locale":"pt_PT","og_type":"article","og_title":"Componentes Autom\u00f3veis valem 15% das exporta\u00e7\u00f5es","og_description":"\u00a0AFIA \u2013 Associa\u00e7\u00e3o de Fabricantes Ind\u00fastria Autom\u00f3vel, exporta\u00e7\u00f5es, componentes, evolu\u00e7\u00e3o, poluentes, abastecimento","og_url":"https:\/\/automotiverevista.pt\/index.php\/2025\/02\/12\/componentes-automoveis-valem-15-das-exportacoes\/","og_site_name":"Revista Automotive","article_published_time":"2025-02-12T18:47:50+00:00","article_modified_time":"2025-02-12T18:47:51+00:00","og_image":[{"width":1023,"height":581,"url":"https:\/\/automotiverevista.pt\/wp-content\/uploads\/2025\/02\/Capture.jpg","type":"image\/jpeg"}],"author":"Fatima Silva","twitter_card":"summary_large_image","twitter_misc":{"Escrito por":"Fatima Silva","Tempo estimado de leitura":"3 minutos"},"schema":{"@context":"https:\/\/schema.org","@graph":[{"@type":"Article","@id":"https:\/\/automotiverevista.pt\/index.php\/2025\/02\/12\/componentes-automoveis-valem-15-das-exportacoes\/#article","isPartOf":{"@id":"https:\/\/automotiverevista.pt\/index.php\/2025\/02\/12\/componentes-automoveis-valem-15-das-exportacoes\/"},"author":{"name":"Fatima Silva","@id":"https:\/\/automotiverevista.pt\/#\/schema\/person\/1e95eb12553b8edd256acb00fe6dad4b"},"headline":"Componentes Autom\u00f3veis valem 15% das exporta\u00e7\u00f5es","datePublished":"2025-02-12T18:47:50+00:00","dateModified":"2025-02-12T18:47:51+00:00","mainEntityOfPage":{"@id":"https:\/\/automotiverevista.pt\/index.php\/2025\/02\/12\/componentes-automoveis-valem-15-das-exportacoes\/"},"wordCount":403,"publisher":{"@id":"https:\/\/automotiverevista.pt\/#organization"},"image":{"@id":"https:\/\/automotiverevista.pt\/index.php\/2025\/02\/12\/componentes-automoveis-valem-15-das-exportacoes\/#primaryimage"},"thumbnailUrl":"https:\/\/automotiverevista.pt\/wp-content\/uploads\/2025\/02\/Capture.jpg","articleSection":["Frotas"],"inLanguage":"pt-PT"},{"@type":"WebPage","@id":"https:\/\/automotiverevista.pt\/index.php\/2025\/02\/12\/componentes-automoveis-valem-15-das-exportacoes\/","url":"https:\/\/automotiverevista.pt\/index.php\/2025\/02\/12\/componentes-automoveis-valem-15-das-exportacoes\/","name":"Componentes Autom\u00f3veis valem 15% das exporta\u00e7\u00f5es - Revista Automotive","isPartOf":{"@id":"https:\/\/automotiverevista.pt\/#website"},"primaryImageOfPage":{"@id":"https:\/\/automotiverevista.pt\/index.php\/2025\/02\/12\/componentes-automoveis-valem-15-das-exportacoes\/#primaryimage"},"image":{"@id":"https:\/\/automotiverevista.pt\/index.php\/2025\/02\/12\/componentes-automoveis-valem-15-das-exportacoes\/#primaryimage"},"thumbnailUrl":"https:\/\/automotiverevista.pt\/wp-content\/uploads\/2025\/02\/Capture.jpg","datePublished":"2025-02-12T18:47:50+00:00","dateModified":"2025-02-12T18:47:51+00:00","description":"\u00a0AFIA \u2013 Associa\u00e7\u00e3o de Fabricantes Ind\u00fastria Autom\u00f3vel, exporta\u00e7\u00f5es, componentes, evolu\u00e7\u00e3o, poluentes, abastecimento","breadcrumb":{"@id":"https:\/\/automotiverevista.pt\/index.php\/2025\/02\/12\/componentes-automoveis-valem-15-das-exportacoes\/#breadcrumb"},"inLanguage":"pt-PT","potentialAction":[{"@type":"ReadAction","target":["https:\/\/automotiverevista.pt\/index.php\/2025\/02\/12\/componentes-automoveis-valem-15-das-exportacoes\/"]}]},{"@type":"ImageObject","inLanguage":"pt-PT","@id":"https:\/\/automotiverevista.pt\/index.php\/2025\/02\/12\/componentes-automoveis-valem-15-das-exportacoes\/#primaryimage","url":"https:\/\/automotiverevista.pt\/wp-content\/uploads\/2025\/02\/Capture.jpg","contentUrl":"https:\/\/automotiverevista.pt\/wp-content\/uploads\/2025\/02\/Capture.jpg","width":1023,"height":581},{"@type":"BreadcrumbList","@id":"https:\/\/automotiverevista.pt\/index.php\/2025\/02\/12\/componentes-automoveis-valem-15-das-exportacoes\/#breadcrumb","itemListElement":[{"@type":"ListItem","position":1,"name":"Home","item":"https:\/\/automotiverevista.pt\/"},{"@type":"ListItem","position":2,"name":"Componentes Autom\u00f3veis valem 15% das exporta\u00e7\u00f5es"}]},{"@type":"WebSite","@id":"https:\/\/automotiverevista.pt\/#website","url":"https:\/\/automotiverevista.pt\/","name":"Revista Automotive","description":"Revista Automotive Portugal","publisher":{"@id":"https:\/\/automotiverevista.pt\/#organization"},"potentialAction":[{"@type":"SearchAction","target":{"@type":"EntryPoint","urlTemplate":"https:\/\/automotiverevista.pt\/?s={search_term_string}"},"query-input":{"@type":"PropertyValueSpecification","valueRequired":true,"valueName":"search_term_string"}}],"inLanguage":"pt-PT"},{"@type":"Organization","@id":"https:\/\/automotiverevista.pt\/#organization","name":"Revista Automotive Portugal","url":"https:\/\/automotiverevista.pt\/","logo":{"@type":"ImageObject","inLanguage":"pt-PT","@id":"https:\/\/automotiverevista.pt\/#\/schema\/logo\/image\/","url":"https:\/\/automotiverevista.pt\/wp-content\/uploads\/2022\/07\/Logo-Automotive-2021_500-1.jpg","contentUrl":"https:\/\/automotiverevista.pt\/wp-content\/uploads\/2022\/07\/Logo-Automotive-2021_500-1.jpg","width":500,"height":160,"caption":"Revista Automotive Portugal"},"image":{"@id":"https:\/\/automotiverevista.pt\/#\/schema\/logo\/image\/"},"sameAs":["https:\/\/linkedin.com\/in\/automotiverevista"]},{"@type":"Person","@id":"https:\/\/automotiverevista.pt\/#\/schema\/person\/1e95eb12553b8edd256acb00fe6dad4b","name":"Fatima Silva","image":{"@type":"ImageObject","inLanguage":"pt-PT","@id":"https:\/\/secure.gravatar.com\/avatar\/4b4a955a9c1b66708ab0dd3bd6181ac1f650299d893bd337a28482f7f19c8511?s=96&d=mm&r=g","url":"https:\/\/secure.gravatar.com\/avatar\/4b4a955a9c1b66708ab0dd3bd6181ac1f650299d893bd337a28482f7f19c8511?s=96&d=mm&r=g","contentUrl":"https:\/\/secure.gravatar.com\/avatar\/4b4a955a9c1b66708ab0dd3bd6181ac1f650299d893bd337a28482f7f19c8511?s=96&d=mm&r=g","caption":"Fatima Silva"},"url":"https:\/\/automotiverevista.pt\/index.php\/author\/fgasparsilva\/"}]}},"_links":{"self":[{"href":"https:\/\/automotiverevista.pt\/index.php\/wp-json\/wp\/v2\/posts\/8917","targetHints":{"allow":["GET"]}}],"collection":[{"href":"https:\/\/automotiverevista.pt\/index.php\/wp-json\/wp\/v2\/posts"}],"about":[{"href":"https:\/\/automotiverevista.pt\/index.php\/wp-json\/wp\/v2\/types\/post"}],"author":[{"embeddable":true,"href":"https:\/\/automotiverevista.pt\/index.php\/wp-json\/wp\/v2\/users\/4"}],"replies":[{"embeddable":true,"href":"https:\/\/automotiverevista.pt\/index.php\/wp-json\/wp\/v2\/comments?post=8917"}],"version-history":[{"count":3,"href":"https:\/\/automotiverevista.pt\/index.php\/wp-json\/wp\/v2\/posts\/8917\/revisions"}],"predecessor-version":[{"id":8925,"href":"https:\/\/automotiverevista.pt\/index.php\/wp-json\/wp\/v2\/posts\/8917\/revisions\/8925"}],"wp:featuredmedia":[{"embeddable":true,"href":"https:\/\/automotiverevista.pt\/index.php\/wp-json\/wp\/v2\/media\/8919"}],"wp:attachment":[{"href":"https:\/\/automotiverevista.pt\/index.php\/wp-json\/wp\/v2\/media?parent=8917"}],"wp:term":[{"taxonomy":"category","embeddable":true,"href":"https:\/\/automotiverevista.pt\/index.php\/wp-json\/wp\/v2\/categories?post=8917"},{"taxonomy":"post_tag","embeddable":true,"href":"https:\/\/automotiverevista.pt\/index.php\/wp-json\/wp\/v2\/tags?post=8917"}],"curies":[{"name":"wp","href":"https:\/\/api.w.org\/{rel}","templated":true}]}}