{"id":8929,"date":"2025-02-27T12:30:14","date_gmt":"2025-02-27T12:30:14","guid":{"rendered":"https:\/\/automotiverevista.pt\/?p=8929"},"modified":"2025-02-24T22:47:27","modified_gmt":"2025-02-24T22:47:27","slug":"stet-e-magni-a-juntar-forcas","status":"publish","type":"post","link":"https:\/\/automotiverevista.pt\/index.php\/2025\/02\/27\/stet-e-magni-a-juntar-forcas\/","title":{"rendered":"STET e Magni a juntar for\u00e7as"},"content":{"rendered":"\n<p>A STET, Sociedade T\u00e9cnica de Equipamentos e Tractores, SA, centra a sua atividade na comercializa\u00e7\u00e3o, aluguer, fornecimento de pe\u00e7as e assist\u00eancia t\u00e9cnica a <a href=\"https:\/\/www.youtube.com\/c\/AutomotiveRevista\/videos\">clientes com m\u00e1quinas<\/a>, geradores e motores mar\u00edtimos. Os seus clientes empresas de constru\u00e7\u00e3o, pedreiras, minas, agricultura, floresta, tratamento de lixo e sucata e projetos que envolvam a aplica\u00e7\u00e3o de diferentes solu\u00e7\u00f5es de fornecimento de energia terrestre e ou mar\u00edtima.<\/p>\n\n\n\n<p>A STET passou a ser oficialmente, o distribuidor exclusivo da <strong>Magni Telescopic Handlers em Portugal<\/strong>. A sua gama de produtos inclui telesc\u00f3picas fixas, girat\u00f3rias e de trabalhos pesados e agr\u00edcolas. As telesc\u00f3picas estar\u00e3o dispon\u00edveis no mercado portugu\u00eas a partir de setembro de 2025, ampliando ainda mais as op\u00e7\u00f5es para os profissionais do setor.<\/p>\n\n\n\n<p>A inclus\u00e3o das Telesc\u00f3picas Magni no portf\u00f3lio da STET permitir\u00e1 oferecer uma solu\u00e7\u00e3o mais variada, esta empresa italiana situada em Modena, ainda tem na sua lideran\u00e7a Riccardo Magni, que apesar das condi\u00e7\u00f5es adversas que It\u00e1lia atravessa, procura expandir a sua atua\u00e7\u00e3o.<\/p>\n\n\n\n<figure class=\"wp-block-image size-full\"><img decoding=\"async\" width=\"1000\" height=\"500\" src=\"https:\/\/automotiverevista.pt\/wp-content\/uploads\/2025\/02\/News-Cop_B.jpg\" alt=\"\" class=\"wp-image-8930\" srcset=\"https:\/\/automotiverevista.pt\/wp-content\/uploads\/2025\/02\/News-Cop_B.jpg 1000w, https:\/\/automotiverevista.pt\/wp-content\/uploads\/2025\/02\/News-Cop_B-300x150.jpg 300w, https:\/\/automotiverevista.pt\/wp-content\/uploads\/2025\/02\/News-Cop_B-768x384.jpg 768w, https:\/\/automotiverevista.pt\/wp-content\/uploads\/2025\/02\/News-Cop_B-360x180.jpg 360w, https:\/\/automotiverevista.pt\/wp-content\/uploads\/2025\/02\/News-Cop_B-750x375.jpg 750w\" sizes=\"(max-width: 1000px) 100vw, 1000px\" \/><\/figure>\n\n\n\n<p><\/p>\n","protected":false},"excerpt":{"rendered":"<p>A STET, Sociedade T\u00e9cnica de Equipamentos e Tractores, SA, centra a sua atividade na comercializa\u00e7\u00e3o, aluguer, fornecimento de pe\u00e7as e assist\u00eancia t\u00e9cnica a clientes com m\u00e1quinas, geradores e motores mar\u00edtimos. Os seus clientes empresas de constru\u00e7\u00e3o, pedreiras, minas, agricultura, floresta, tratamento de lixo e sucata e projetos que envolvam a aplica\u00e7\u00e3o de diferentes solu\u00e7\u00f5es de [&hellip;]<\/p>\n","protected":false},"author":4,"featured_media":8931,"comment_status":"closed","ping_status":"open","sticky":false,"template":"","format":"standard","meta":{"jnews-multi-image_gallery":[],"jnews_single_post":{"format":"standard"},"jnews_primary_category":[],"footnotes":""},"categories":[25],"tags":[],"class_list":["post-8929","post","type-post","status-publish","format-standard","has-post-thumbnail","hentry","category-pesados-e-maquinas"],"yoast_head":"<!-- This site is optimized with the Yoast SEO Premium plugin v27.5 (Yoast SEO v27.5) - https:\/\/yoast.com\/product\/yoast-seo-premium-wordpress\/ -->\n<title>STET e Magni a juntar for\u00e7as - Revista Automotive<\/title>\n<meta name=\"description\" content=\"A STET, Sociedade T\u00e9cnica de Equipamentos e Tractores, SA, centra a sua atividade na comercializa\u00e7\u00e3o, aluguer, fornecimento de pe\u00e7as\" \/>\n<meta name=\"robots\" content=\"index, follow, max-snippet:-1, max-image-preview:large, max-video-preview:-1\" \/>\n<link rel=\"canonical\" href=\"https:\/\/automotiverevista.pt\/index.php\/2025\/02\/27\/stet-e-magni-a-juntar-forcas\/\" \/>\n<meta property=\"og:locale\" content=\"pt_PT\" \/>\n<meta property=\"og:type\" content=\"article\" \/>\n<meta property=\"og:title\" content=\"STET e Magni a juntar for\u00e7as\" \/>\n<meta property=\"og:description\" content=\"A STET, Sociedade T\u00e9cnica de Equipamentos e Tractores, SA, centra a sua atividade na comercializa\u00e7\u00e3o, aluguer, fornecimento de pe\u00e7as\" \/>\n<meta property=\"og:url\" content=\"https:\/\/automotiverevista.pt\/index.php\/2025\/02\/27\/stet-e-magni-a-juntar-forcas\/\" \/>\n<meta property=\"og:site_name\" content=\"Revista Automotive\" \/>\n<meta property=\"article:published_time\" content=\"2025-02-27T12:30:14+00:00\" \/>\n<meta property=\"og:image\" content=\"https:\/\/automotiverevista.pt\/wp-content\/uploads\/2025\/02\/News_copert_B.jpg\" \/>\n\t<meta property=\"og:image:width\" content=\"1000\" \/>\n\t<meta property=\"og:image:height\" content=\"500\" \/>\n\t<meta property=\"og:image:type\" content=\"image\/jpeg\" \/>\n<meta name=\"author\" content=\"Fatima Silva\" \/>\n<meta name=\"twitter:card\" content=\"summary_large_image\" \/>\n<meta name=\"twitter:label1\" content=\"Escrito por\" \/>\n\t<meta name=\"twitter:data1\" content=\"Fatima Silva\" \/>\n\t<meta name=\"twitter:label2\" content=\"Tempo estimado de leitura\" \/>\n\t<meta name=\"twitter:data2\" content=\"2 minutos\" \/>\n<script type=\"application\/ld+json\" class=\"yoast-schema-graph\">{\"@context\":\"https:\\\/\\\/schema.org\",\"@graph\":[{\"@type\":\"Article\",\"@id\":\"https:\\\/\\\/automotiverevista.pt\\\/index.php\\\/2025\\\/02\\\/27\\\/stet-e-magni-a-juntar-forcas\\\/#article\",\"isPartOf\":{\"@id\":\"https:\\\/\\\/automotiverevista.pt\\\/index.php\\\/2025\\\/02\\\/27\\\/stet-e-magni-a-juntar-forcas\\\/\"},\"author\":{\"name\":\"Fatima Silva\",\"@id\":\"https:\\\/\\\/automotiverevista.pt\\\/#\\\/schema\\\/person\\\/1e95eb12553b8edd256acb00fe6dad4b\"},\"headline\":\"STET e Magni a juntar for\u00e7as\",\"datePublished\":\"2025-02-27T12:30:14+00:00\",\"mainEntityOfPage\":{\"@id\":\"https:\\\/\\\/automotiverevista.pt\\\/index.php\\\/2025\\\/02\\\/27\\\/stet-e-magni-a-juntar-forcas\\\/\"},\"wordCount\":189,\"publisher\":{\"@id\":\"https:\\\/\\\/automotiverevista.pt\\\/#organization\"},\"image\":{\"@id\":\"https:\\\/\\\/automotiverevista.pt\\\/index.php\\\/2025\\\/02\\\/27\\\/stet-e-magni-a-juntar-forcas\\\/#primaryimage\"},\"thumbnailUrl\":\"https:\\\/\\\/automotiverevista.pt\\\/wp-content\\\/uploads\\\/2025\\\/02\\\/News_copert_B.jpg\",\"articleSection\":[\"Pesados e M\u00e1quinas\"],\"inLanguage\":\"pt-PT\"},{\"@type\":\"WebPage\",\"@id\":\"https:\\\/\\\/automotiverevista.pt\\\/index.php\\\/2025\\\/02\\\/27\\\/stet-e-magni-a-juntar-forcas\\\/\",\"url\":\"https:\\\/\\\/automotiverevista.pt\\\/index.php\\\/2025\\\/02\\\/27\\\/stet-e-magni-a-juntar-forcas\\\/\",\"name\":\"STET e Magni a juntar for\u00e7as - Revista Automotive\",\"isPartOf\":{\"@id\":\"https:\\\/\\\/automotiverevista.pt\\\/#website\"},\"primaryImageOfPage\":{\"@id\":\"https:\\\/\\\/automotiverevista.pt\\\/index.php\\\/2025\\\/02\\\/27\\\/stet-e-magni-a-juntar-forcas\\\/#primaryimage\"},\"image\":{\"@id\":\"https:\\\/\\\/automotiverevista.pt\\\/index.php\\\/2025\\\/02\\\/27\\\/stet-e-magni-a-juntar-forcas\\\/#primaryimage\"},\"thumbnailUrl\":\"https:\\\/\\\/automotiverevista.pt\\\/wp-content\\\/uploads\\\/2025\\\/02\\\/News_copert_B.jpg\",\"datePublished\":\"2025-02-27T12:30:14+00:00\",\"description\":\"A STET, Sociedade T\u00e9cnica de Equipamentos e Tractores, SA, centra a sua atividade na comercializa\u00e7\u00e3o, aluguer, fornecimento de pe\u00e7as\",\"breadcrumb\":{\"@id\":\"https:\\\/\\\/automotiverevista.pt\\\/index.php\\\/2025\\\/02\\\/27\\\/stet-e-magni-a-juntar-forcas\\\/#breadcrumb\"},\"inLanguage\":\"pt-PT\",\"potentialAction\":[{\"@type\":\"ReadAction\",\"target\":[\"https:\\\/\\\/automotiverevista.pt\\\/index.php\\\/2025\\\/02\\\/27\\\/stet-e-magni-a-juntar-forcas\\\/\"]}]},{\"@type\":\"ImageObject\",\"inLanguage\":\"pt-PT\",\"@id\":\"https:\\\/\\\/automotiverevista.pt\\\/index.php\\\/2025\\\/02\\\/27\\\/stet-e-magni-a-juntar-forcas\\\/#primaryimage\",\"url\":\"https:\\\/\\\/automotiverevista.pt\\\/wp-content\\\/uploads\\\/2025\\\/02\\\/News_copert_B.jpg\",\"contentUrl\":\"https:\\\/\\\/automotiverevista.pt\\\/wp-content\\\/uploads\\\/2025\\\/02\\\/News_copert_B.jpg\",\"width\":1000,\"height\":500},{\"@type\":\"BreadcrumbList\",\"@id\":\"https:\\\/\\\/automotiverevista.pt\\\/index.php\\\/2025\\\/02\\\/27\\\/stet-e-magni-a-juntar-forcas\\\/#breadcrumb\",\"itemListElement\":[{\"@type\":\"ListItem\",\"position\":1,\"name\":\"Home\",\"item\":\"https:\\\/\\\/automotiverevista.pt\\\/\"},{\"@type\":\"ListItem\",\"position\":2,\"name\":\"STET e Magni a juntar for\u00e7as\"}]},{\"@type\":\"WebSite\",\"@id\":\"https:\\\/\\\/automotiverevista.pt\\\/#website\",\"url\":\"https:\\\/\\\/automotiverevista.pt\\\/\",\"name\":\"Revista Automotive\",\"description\":\"Revista Automotive Portugal\",\"publisher\":{\"@id\":\"https:\\\/\\\/automotiverevista.pt\\\/#organization\"},\"potentialAction\":[{\"@type\":\"SearchAction\",\"target\":{\"@type\":\"EntryPoint\",\"urlTemplate\":\"https:\\\/\\\/automotiverevista.pt\\\/?s={search_term_string}\"},\"query-input\":{\"@type\":\"PropertyValueSpecification\",\"valueRequired\":true,\"valueName\":\"search_term_string\"}}],\"inLanguage\":\"pt-PT\"},{\"@type\":\"Organization\",\"@id\":\"https:\\\/\\\/automotiverevista.pt\\\/#organization\",\"name\":\"Revista Automotive Portugal\",\"url\":\"https:\\\/\\\/automotiverevista.pt\\\/\",\"logo\":{\"@type\":\"ImageObject\",\"inLanguage\":\"pt-PT\",\"@id\":\"https:\\\/\\\/automotiverevista.pt\\\/#\\\/schema\\\/logo\\\/image\\\/\",\"url\":\"https:\\\/\\\/automotiverevista.pt\\\/wp-content\\\/uploads\\\/2022\\\/07\\\/Logo-Automotive-2021_500-1.jpg\",\"contentUrl\":\"https:\\\/\\\/automotiverevista.pt\\\/wp-content\\\/uploads\\\/2022\\\/07\\\/Logo-Automotive-2021_500-1.jpg\",\"width\":500,\"height\":160,\"caption\":\"Revista Automotive Portugal\"},\"image\":{\"@id\":\"https:\\\/\\\/automotiverevista.pt\\\/#\\\/schema\\\/logo\\\/image\\\/\"},\"sameAs\":[\"https:\\\/\\\/linkedin.com\\\/in\\\/automotiverevista\"]},{\"@type\":\"Person\",\"@id\":\"https:\\\/\\\/automotiverevista.pt\\\/#\\\/schema\\\/person\\\/1e95eb12553b8edd256acb00fe6dad4b\",\"name\":\"Fatima Silva\",\"image\":{\"@type\":\"ImageObject\",\"inLanguage\":\"pt-PT\",\"@id\":\"https:\\\/\\\/secure.gravatar.com\\\/avatar\\\/4b4a955a9c1b66708ab0dd3bd6181ac1f650299d893bd337a28482f7f19c8511?s=96&d=mm&r=g\",\"url\":\"https:\\\/\\\/secure.gravatar.com\\\/avatar\\\/4b4a955a9c1b66708ab0dd3bd6181ac1f650299d893bd337a28482f7f19c8511?s=96&d=mm&r=g\",\"contentUrl\":\"https:\\\/\\\/secure.gravatar.com\\\/avatar\\\/4b4a955a9c1b66708ab0dd3bd6181ac1f650299d893bd337a28482f7f19c8511?s=96&d=mm&r=g\",\"caption\":\"Fatima Silva\"},\"url\":\"https:\\\/\\\/automotiverevista.pt\\\/index.php\\\/author\\\/fgasparsilva\\\/\"}]}<\/script>\n<!-- \/ Yoast SEO Premium plugin. -->","yoast_head_json":{"title":"STET e Magni a juntar for\u00e7as - Revista Automotive","description":"A STET, Sociedade T\u00e9cnica de Equipamentos e Tractores, SA, centra a sua atividade na comercializa\u00e7\u00e3o, aluguer, fornecimento de pe\u00e7as","robots":{"index":"index","follow":"follow","max-snippet":"max-snippet:-1","max-image-preview":"max-image-preview:large","max-video-preview":"max-video-preview:-1"},"canonical":"https:\/\/automotiverevista.pt\/index.php\/2025\/02\/27\/stet-e-magni-a-juntar-forcas\/","og_locale":"pt_PT","og_type":"article","og_title":"STET e Magni a juntar for\u00e7as","og_description":"A STET, Sociedade T\u00e9cnica de Equipamentos e Tractores, SA, centra a sua atividade na comercializa\u00e7\u00e3o, aluguer, fornecimento de pe\u00e7as","og_url":"https:\/\/automotiverevista.pt\/index.php\/2025\/02\/27\/stet-e-magni-a-juntar-forcas\/","og_site_name":"Revista Automotive","article_published_time":"2025-02-27T12:30:14+00:00","og_image":[{"width":1000,"height":500,"url":"https:\/\/automotiverevista.pt\/wp-content\/uploads\/2025\/02\/News_copert_B.jpg","type":"image\/jpeg"}],"author":"Fatima Silva","twitter_card":"summary_large_image","twitter_misc":{"Escrito por":"Fatima Silva","Tempo estimado de leitura":"2 minutos"},"schema":{"@context":"https:\/\/schema.org","@graph":[{"@type":"Article","@id":"https:\/\/automotiverevista.pt\/index.php\/2025\/02\/27\/stet-e-magni-a-juntar-forcas\/#article","isPartOf":{"@id":"https:\/\/automotiverevista.pt\/index.php\/2025\/02\/27\/stet-e-magni-a-juntar-forcas\/"},"author":{"name":"Fatima Silva","@id":"https:\/\/automotiverevista.pt\/#\/schema\/person\/1e95eb12553b8edd256acb00fe6dad4b"},"headline":"STET e Magni a juntar for\u00e7as","datePublished":"2025-02-27T12:30:14+00:00","mainEntityOfPage":{"@id":"https:\/\/automotiverevista.pt\/index.php\/2025\/02\/27\/stet-e-magni-a-juntar-forcas\/"},"wordCount":189,"publisher":{"@id":"https:\/\/automotiverevista.pt\/#organization"},"image":{"@id":"https:\/\/automotiverevista.pt\/index.php\/2025\/02\/27\/stet-e-magni-a-juntar-forcas\/#primaryimage"},"thumbnailUrl":"https:\/\/automotiverevista.pt\/wp-content\/uploads\/2025\/02\/News_copert_B.jpg","articleSection":["Pesados e M\u00e1quinas"],"inLanguage":"pt-PT"},{"@type":"WebPage","@id":"https:\/\/automotiverevista.pt\/index.php\/2025\/02\/27\/stet-e-magni-a-juntar-forcas\/","url":"https:\/\/automotiverevista.pt\/index.php\/2025\/02\/27\/stet-e-magni-a-juntar-forcas\/","name":"STET e Magni a juntar for\u00e7as - Revista Automotive","isPartOf":{"@id":"https:\/\/automotiverevista.pt\/#website"},"primaryImageOfPage":{"@id":"https:\/\/automotiverevista.pt\/index.php\/2025\/02\/27\/stet-e-magni-a-juntar-forcas\/#primaryimage"},"image":{"@id":"https:\/\/automotiverevista.pt\/index.php\/2025\/02\/27\/stet-e-magni-a-juntar-forcas\/#primaryimage"},"thumbnailUrl":"https:\/\/automotiverevista.pt\/wp-content\/uploads\/2025\/02\/News_copert_B.jpg","datePublished":"2025-02-27T12:30:14+00:00","description":"A STET, Sociedade T\u00e9cnica de Equipamentos e Tractores, SA, centra a sua atividade na comercializa\u00e7\u00e3o, aluguer, fornecimento de pe\u00e7as","breadcrumb":{"@id":"https:\/\/automotiverevista.pt\/index.php\/2025\/02\/27\/stet-e-magni-a-juntar-forcas\/#breadcrumb"},"inLanguage":"pt-PT","potentialAction":[{"@type":"ReadAction","target":["https:\/\/automotiverevista.pt\/index.php\/2025\/02\/27\/stet-e-magni-a-juntar-forcas\/"]}]},{"@type":"ImageObject","inLanguage":"pt-PT","@id":"https:\/\/automotiverevista.pt\/index.php\/2025\/02\/27\/stet-e-magni-a-juntar-forcas\/#primaryimage","url":"https:\/\/automotiverevista.pt\/wp-content\/uploads\/2025\/02\/News_copert_B.jpg","contentUrl":"https:\/\/automotiverevista.pt\/wp-content\/uploads\/2025\/02\/News_copert_B.jpg","width":1000,"height":500},{"@type":"BreadcrumbList","@id":"https:\/\/automotiverevista.pt\/index.php\/2025\/02\/27\/stet-e-magni-a-juntar-forcas\/#breadcrumb","itemListElement":[{"@type":"ListItem","position":1,"name":"Home","item":"https:\/\/automotiverevista.pt\/"},{"@type":"ListItem","position":2,"name":"STET e Magni a juntar for\u00e7as"}]},{"@type":"WebSite","@id":"https:\/\/automotiverevista.pt\/#website","url":"https:\/\/automotiverevista.pt\/","name":"Revista Automotive","description":"Revista Automotive Portugal","publisher":{"@id":"https:\/\/automotiverevista.pt\/#organization"},"potentialAction":[{"@type":"SearchAction","target":{"@type":"EntryPoint","urlTemplate":"https:\/\/automotiverevista.pt\/?s={search_term_string}"},"query-input":{"@type":"PropertyValueSpecification","valueRequired":true,"valueName":"search_term_string"}}],"inLanguage":"pt-PT"},{"@type":"Organization","@id":"https:\/\/automotiverevista.pt\/#organization","name":"Revista Automotive Portugal","url":"https:\/\/automotiverevista.pt\/","logo":{"@type":"ImageObject","inLanguage":"pt-PT","@id":"https:\/\/automotiverevista.pt\/#\/schema\/logo\/image\/","url":"https:\/\/automotiverevista.pt\/wp-content\/uploads\/2022\/07\/Logo-Automotive-2021_500-1.jpg","contentUrl":"https:\/\/automotiverevista.pt\/wp-content\/uploads\/2022\/07\/Logo-Automotive-2021_500-1.jpg","width":500,"height":160,"caption":"Revista Automotive Portugal"},"image":{"@id":"https:\/\/automotiverevista.pt\/#\/schema\/logo\/image\/"},"sameAs":["https:\/\/linkedin.com\/in\/automotiverevista"]},{"@type":"Person","@id":"https:\/\/automotiverevista.pt\/#\/schema\/person\/1e95eb12553b8edd256acb00fe6dad4b","name":"Fatima Silva","image":{"@type":"ImageObject","inLanguage":"pt-PT","@id":"https:\/\/secure.gravatar.com\/avatar\/4b4a955a9c1b66708ab0dd3bd6181ac1f650299d893bd337a28482f7f19c8511?s=96&d=mm&r=g","url":"https:\/\/secure.gravatar.com\/avatar\/4b4a955a9c1b66708ab0dd3bd6181ac1f650299d893bd337a28482f7f19c8511?s=96&d=mm&r=g","contentUrl":"https:\/\/secure.gravatar.com\/avatar\/4b4a955a9c1b66708ab0dd3bd6181ac1f650299d893bd337a28482f7f19c8511?s=96&d=mm&r=g","caption":"Fatima Silva"},"url":"https:\/\/automotiverevista.pt\/index.php\/author\/fgasparsilva\/"}]}},"_links":{"self":[{"href":"https:\/\/automotiverevista.pt\/index.php\/wp-json\/wp\/v2\/posts\/8929","targetHints":{"allow":["GET"]}}],"collection":[{"href":"https:\/\/automotiverevista.pt\/index.php\/wp-json\/wp\/v2\/posts"}],"about":[{"href":"https:\/\/automotiverevista.pt\/index.php\/wp-json\/wp\/v2\/types\/post"}],"author":[{"embeddable":true,"href":"https:\/\/automotiverevista.pt\/index.php\/wp-json\/wp\/v2\/users\/4"}],"replies":[{"embeddable":true,"href":"https:\/\/automotiverevista.pt\/index.php\/wp-json\/wp\/v2\/comments?post=8929"}],"version-history":[{"count":4,"href":"https:\/\/automotiverevista.pt\/index.php\/wp-json\/wp\/v2\/posts\/8929\/revisions"}],"predecessor-version":[{"id":8993,"href":"https:\/\/automotiverevista.pt\/index.php\/wp-json\/wp\/v2\/posts\/8929\/revisions\/8993"}],"wp:featuredmedia":[{"embeddable":true,"href":"https:\/\/automotiverevista.pt\/index.php\/wp-json\/wp\/v2\/media\/8931"}],"wp:attachment":[{"href":"https:\/\/automotiverevista.pt\/index.php\/wp-json\/wp\/v2\/media?parent=8929"}],"wp:term":[{"taxonomy":"category","embeddable":true,"href":"https:\/\/automotiverevista.pt\/index.php\/wp-json\/wp\/v2\/categories?post=8929"},{"taxonomy":"post_tag","embeddable":true,"href":"https:\/\/automotiverevista.pt\/index.php\/wp-json\/wp\/v2\/tags?post=8929"}],"curies":[{"name":"wp","href":"https:\/\/api.w.org\/{rel}","templated":true}]}}