{"id":9289,"date":"2025-03-28T07:47:00","date_gmt":"2025-03-28T07:47:00","guid":{"rendered":"https:\/\/automotiverevista.pt\/?p=9289"},"modified":"2025-03-24T17:45:18","modified_gmt":"2025-03-24T17:45:18","slug":"pecas-remanufaturadas-fiaveis-e-sustentaveis","status":"publish","type":"post","link":"https:\/\/automotiverevista.pt\/index.php\/2025\/03\/28\/pecas-remanufaturadas-fiaveis-e-sustentaveis\/","title":{"rendered":"Pe\u00e7as Remanufaturadas: Fi\u00e1veis e Sustent\u00e1veis"},"content":{"rendered":"\n<p>A iniciativa <em>Elige calidad, elige confianza<\/em> (<a href=\"https:\/\/www.recambiosdeconfianza.com\/\">ECEC<\/a>), que re\u00fane fabricantes de componentes autom\u00f3veis, defende as pe\u00e7as remanufaturadas como uma alternativa econ\u00f3mica, sustent\u00e1vel e segura para a manuten\u00e7\u00e3o dos ve\u00edculos.<\/p>\n\n\n\n<p>As pe\u00e7as remanufaturadas resultam da desmontagem, limpeza e substitui\u00e7\u00e3o de componentes desgastados, garantindo uma qualidade e robustez equivalentes \u00e0s novas. Produzidas segundo os mesmos padr\u00f5es dos equipamentos originais, passam por testes rigorosos de funcionalidade e qualidade. O processo deve ocorrer em f\u00e1bricas certificadas, assegurando o cumprimento das normas industriais.<\/p>\n\n\n\n<p>Para manter os padr\u00f5es, as pe\u00e7as de desgaste s\u00e3o substitu\u00eddas por novas de qualidade, enquanto os restantes componentes s\u00e3o testados e, se necess\u00e1rio, recondicionados ou substitu\u00eddos. Assim, a fiabilidade das pe\u00e7as remanufaturadas \u00e9 garantida.<\/p>\n\n\n\n<p>Entre as vantagens, destaca-se a poupan\u00e7a, com pre\u00e7os at\u00e9 30% inferiores aos das pe\u00e7as novas, sem comprometer a qualidade. Do ponto de vista ambiental, promovem a economia circular, reduzindo o consumo de materiais e as emiss\u00f5es de CO\u2082 associadas \u00e0 produ\u00e7\u00e3o de novas pe\u00e7as.<\/p>\n\n\n\n<p>Optar por pe\u00e7as remanufaturadas \u00e9 uma solu\u00e7\u00e3o sustent\u00e1vel que combina economia, seguran\u00e7a e respeito pelo ambiente.<\/p>\n\n\n\n<p><\/p>\n","protected":false},"excerpt":{"rendered":"<p>A iniciativa Elige calidad, elige confianza (ECEC), que re\u00fane fabricantes de componentes autom\u00f3veis, defende as pe\u00e7as remanufaturadas como uma alternativa econ\u00f3mica, sustent\u00e1vel e segura para a manuten\u00e7\u00e3o dos ve\u00edculos. As pe\u00e7as remanufaturadas resultam da desmontagem, limpeza e substitui\u00e7\u00e3o de componentes desgastados, garantindo uma qualidade e robustez equivalentes \u00e0s novas. Produzidas segundo os mesmos padr\u00f5es dos [&hellip;]<\/p>\n","protected":false},"author":4,"featured_media":9290,"comment_status":"closed","ping_status":"open","sticky":false,"template":"","format":"standard","meta":{"jnews-multi-image_gallery":[],"jnews_single_post":{"format":"standard"},"jnews_primary_category":[],"footnotes":""},"categories":[21],"tags":[],"class_list":["post-9289","post","type-post","status-publish","format-standard","has-post-thumbnail","hentry","category-pos-venda"],"yoast_head":"<!-- This site is optimized with the Yoast SEO Premium plugin v27.5 (Yoast SEO v27.5) - https:\/\/yoast.com\/product\/yoast-seo-premium-wordpress\/ -->\n<title>Pe\u00e7as Remanufaturadas: Fi\u00e1veis e Sustent\u00e1veis - Revista Automotive<\/title>\n<meta name=\"description\" content=\"A iniciativa Elige calidad, elige confianza (ECEC), que re\u00fane fabricantes de componentes autom\u00f3veis, defende as pe\u00e7as remanufaturadas como\" \/>\n<meta name=\"robots\" content=\"index, follow, max-snippet:-1, max-image-preview:large, max-video-preview:-1\" \/>\n<link rel=\"canonical\" href=\"https:\/\/automotiverevista.pt\/index.php\/2025\/03\/28\/pecas-remanufaturadas-fiaveis-e-sustentaveis\/\" \/>\n<meta property=\"og:locale\" content=\"pt_PT\" \/>\n<meta property=\"og:type\" content=\"article\" \/>\n<meta property=\"og:title\" content=\"Pe\u00e7as Remanufaturadas: Fi\u00e1veis e Sustent\u00e1veis\" \/>\n<meta property=\"og:description\" content=\"A iniciativa Elige calidad, elige confianza (ECEC), que re\u00fane fabricantes de componentes autom\u00f3veis, defende as pe\u00e7as remanufaturadas como\" \/>\n<meta property=\"og:url\" content=\"https:\/\/automotiverevista.pt\/index.php\/2025\/03\/28\/pecas-remanufaturadas-fiaveis-e-sustentaveis\/\" \/>\n<meta property=\"og:site_name\" content=\"Revista Automotive\" \/>\n<meta property=\"article:published_time\" content=\"2025-03-28T07:47:00+00:00\" \/>\n<meta property=\"og:image\" content=\"https:\/\/automotiverevista.pt\/wp-content\/uploads\/2025\/03\/Eleger-Cualidad.png\" \/>\n\t<meta property=\"og:image:width\" content=\"684\" \/>\n\t<meta property=\"og:image:height\" content=\"425\" \/>\n\t<meta property=\"og:image:type\" content=\"image\/png\" \/>\n<meta name=\"author\" content=\"Fatima Silva\" \/>\n<meta name=\"twitter:card\" content=\"summary_large_image\" \/>\n<meta name=\"twitter:label1\" content=\"Escrito por\" \/>\n\t<meta name=\"twitter:data1\" content=\"Fatima Silva\" \/>\n\t<meta name=\"twitter:label2\" content=\"Tempo estimado de leitura\" \/>\n\t<meta name=\"twitter:data2\" content=\"2 minutos\" \/>\n<script type=\"application\/ld+json\" class=\"yoast-schema-graph\">{\"@context\":\"https:\\\/\\\/schema.org\",\"@graph\":[{\"@type\":\"Article\",\"@id\":\"https:\\\/\\\/automotiverevista.pt\\\/index.php\\\/2025\\\/03\\\/28\\\/pecas-remanufaturadas-fiaveis-e-sustentaveis\\\/#article\",\"isPartOf\":{\"@id\":\"https:\\\/\\\/automotiverevista.pt\\\/index.php\\\/2025\\\/03\\\/28\\\/pecas-remanufaturadas-fiaveis-e-sustentaveis\\\/\"},\"author\":{\"name\":\"Fatima Silva\",\"@id\":\"https:\\\/\\\/automotiverevista.pt\\\/#\\\/schema\\\/person\\\/1e95eb12553b8edd256acb00fe6dad4b\"},\"headline\":\"Pe\u00e7as Remanufaturadas: Fi\u00e1veis e Sustent\u00e1veis\",\"datePublished\":\"2025-03-28T07:47:00+00:00\",\"mainEntityOfPage\":{\"@id\":\"https:\\\/\\\/automotiverevista.pt\\\/index.php\\\/2025\\\/03\\\/28\\\/pecas-remanufaturadas-fiaveis-e-sustentaveis\\\/\"},\"wordCount\":205,\"publisher\":{\"@id\":\"https:\\\/\\\/automotiverevista.pt\\\/#organization\"},\"image\":{\"@id\":\"https:\\\/\\\/automotiverevista.pt\\\/index.php\\\/2025\\\/03\\\/28\\\/pecas-remanufaturadas-fiaveis-e-sustentaveis\\\/#primaryimage\"},\"thumbnailUrl\":\"https:\\\/\\\/automotiverevista.pt\\\/wp-content\\\/uploads\\\/2025\\\/03\\\/Eleger-Cualidad.png\",\"articleSection\":[\"P\u00f3s-Venda\"],\"inLanguage\":\"pt-PT\"},{\"@type\":\"WebPage\",\"@id\":\"https:\\\/\\\/automotiverevista.pt\\\/index.php\\\/2025\\\/03\\\/28\\\/pecas-remanufaturadas-fiaveis-e-sustentaveis\\\/\",\"url\":\"https:\\\/\\\/automotiverevista.pt\\\/index.php\\\/2025\\\/03\\\/28\\\/pecas-remanufaturadas-fiaveis-e-sustentaveis\\\/\",\"name\":\"Pe\u00e7as Remanufaturadas: Fi\u00e1veis e Sustent\u00e1veis - Revista Automotive\",\"isPartOf\":{\"@id\":\"https:\\\/\\\/automotiverevista.pt\\\/#website\"},\"primaryImageOfPage\":{\"@id\":\"https:\\\/\\\/automotiverevista.pt\\\/index.php\\\/2025\\\/03\\\/28\\\/pecas-remanufaturadas-fiaveis-e-sustentaveis\\\/#primaryimage\"},\"image\":{\"@id\":\"https:\\\/\\\/automotiverevista.pt\\\/index.php\\\/2025\\\/03\\\/28\\\/pecas-remanufaturadas-fiaveis-e-sustentaveis\\\/#primaryimage\"},\"thumbnailUrl\":\"https:\\\/\\\/automotiverevista.pt\\\/wp-content\\\/uploads\\\/2025\\\/03\\\/Eleger-Cualidad.png\",\"datePublished\":\"2025-03-28T07:47:00+00:00\",\"description\":\"A iniciativa Elige calidad, elige confianza (ECEC), que re\u00fane fabricantes de componentes autom\u00f3veis, defende as pe\u00e7as remanufaturadas como\",\"breadcrumb\":{\"@id\":\"https:\\\/\\\/automotiverevista.pt\\\/index.php\\\/2025\\\/03\\\/28\\\/pecas-remanufaturadas-fiaveis-e-sustentaveis\\\/#breadcrumb\"},\"inLanguage\":\"pt-PT\",\"potentialAction\":[{\"@type\":\"ReadAction\",\"target\":[\"https:\\\/\\\/automotiverevista.pt\\\/index.php\\\/2025\\\/03\\\/28\\\/pecas-remanufaturadas-fiaveis-e-sustentaveis\\\/\"]}]},{\"@type\":\"ImageObject\",\"inLanguage\":\"pt-PT\",\"@id\":\"https:\\\/\\\/automotiverevista.pt\\\/index.php\\\/2025\\\/03\\\/28\\\/pecas-remanufaturadas-fiaveis-e-sustentaveis\\\/#primaryimage\",\"url\":\"https:\\\/\\\/automotiverevista.pt\\\/wp-content\\\/uploads\\\/2025\\\/03\\\/Eleger-Cualidad.png\",\"contentUrl\":\"https:\\\/\\\/automotiverevista.pt\\\/wp-content\\\/uploads\\\/2025\\\/03\\\/Eleger-Cualidad.png\",\"width\":684,\"height\":425},{\"@type\":\"BreadcrumbList\",\"@id\":\"https:\\\/\\\/automotiverevista.pt\\\/index.php\\\/2025\\\/03\\\/28\\\/pecas-remanufaturadas-fiaveis-e-sustentaveis\\\/#breadcrumb\",\"itemListElement\":[{\"@type\":\"ListItem\",\"position\":1,\"name\":\"Home\",\"item\":\"https:\\\/\\\/automotiverevista.pt\\\/\"},{\"@type\":\"ListItem\",\"position\":2,\"name\":\"Pe\u00e7as Remanufaturadas: Fi\u00e1veis e Sustent\u00e1veis\"}]},{\"@type\":\"WebSite\",\"@id\":\"https:\\\/\\\/automotiverevista.pt\\\/#website\",\"url\":\"https:\\\/\\\/automotiverevista.pt\\\/\",\"name\":\"Revista Automotive\",\"description\":\"Revista Automotive Portugal\",\"publisher\":{\"@id\":\"https:\\\/\\\/automotiverevista.pt\\\/#organization\"},\"potentialAction\":[{\"@type\":\"SearchAction\",\"target\":{\"@type\":\"EntryPoint\",\"urlTemplate\":\"https:\\\/\\\/automotiverevista.pt\\\/?s={search_term_string}\"},\"query-input\":{\"@type\":\"PropertyValueSpecification\",\"valueRequired\":true,\"valueName\":\"search_term_string\"}}],\"inLanguage\":\"pt-PT\"},{\"@type\":\"Organization\",\"@id\":\"https:\\\/\\\/automotiverevista.pt\\\/#organization\",\"name\":\"Revista Automotive Portugal\",\"url\":\"https:\\\/\\\/automotiverevista.pt\\\/\",\"logo\":{\"@type\":\"ImageObject\",\"inLanguage\":\"pt-PT\",\"@id\":\"https:\\\/\\\/automotiverevista.pt\\\/#\\\/schema\\\/logo\\\/image\\\/\",\"url\":\"https:\\\/\\\/automotiverevista.pt\\\/wp-content\\\/uploads\\\/2022\\\/07\\\/Logo-Automotive-2021_500-1.jpg\",\"contentUrl\":\"https:\\\/\\\/automotiverevista.pt\\\/wp-content\\\/uploads\\\/2022\\\/07\\\/Logo-Automotive-2021_500-1.jpg\",\"width\":500,\"height\":160,\"caption\":\"Revista Automotive Portugal\"},\"image\":{\"@id\":\"https:\\\/\\\/automotiverevista.pt\\\/#\\\/schema\\\/logo\\\/image\\\/\"},\"sameAs\":[\"https:\\\/\\\/linkedin.com\\\/in\\\/automotiverevista\"]},{\"@type\":\"Person\",\"@id\":\"https:\\\/\\\/automotiverevista.pt\\\/#\\\/schema\\\/person\\\/1e95eb12553b8edd256acb00fe6dad4b\",\"name\":\"Fatima Silva\",\"image\":{\"@type\":\"ImageObject\",\"inLanguage\":\"pt-PT\",\"@id\":\"https:\\\/\\\/secure.gravatar.com\\\/avatar\\\/4b4a955a9c1b66708ab0dd3bd6181ac1f650299d893bd337a28482f7f19c8511?s=96&d=mm&r=g\",\"url\":\"https:\\\/\\\/secure.gravatar.com\\\/avatar\\\/4b4a955a9c1b66708ab0dd3bd6181ac1f650299d893bd337a28482f7f19c8511?s=96&d=mm&r=g\",\"contentUrl\":\"https:\\\/\\\/secure.gravatar.com\\\/avatar\\\/4b4a955a9c1b66708ab0dd3bd6181ac1f650299d893bd337a28482f7f19c8511?s=96&d=mm&r=g\",\"caption\":\"Fatima Silva\"},\"url\":\"https:\\\/\\\/automotiverevista.pt\\\/index.php\\\/author\\\/fgasparsilva\\\/\"}]}<\/script>\n<!-- \/ Yoast SEO Premium plugin. -->","yoast_head_json":{"title":"Pe\u00e7as Remanufaturadas: Fi\u00e1veis e Sustent\u00e1veis - Revista Automotive","description":"A iniciativa Elige calidad, elige confianza (ECEC), que re\u00fane fabricantes de componentes autom\u00f3veis, defende as pe\u00e7as remanufaturadas como","robots":{"index":"index","follow":"follow","max-snippet":"max-snippet:-1","max-image-preview":"max-image-preview:large","max-video-preview":"max-video-preview:-1"},"canonical":"https:\/\/automotiverevista.pt\/index.php\/2025\/03\/28\/pecas-remanufaturadas-fiaveis-e-sustentaveis\/","og_locale":"pt_PT","og_type":"article","og_title":"Pe\u00e7as Remanufaturadas: Fi\u00e1veis e Sustent\u00e1veis","og_description":"A iniciativa Elige calidad, elige confianza (ECEC), que re\u00fane fabricantes de componentes autom\u00f3veis, defende as pe\u00e7as remanufaturadas como","og_url":"https:\/\/automotiverevista.pt\/index.php\/2025\/03\/28\/pecas-remanufaturadas-fiaveis-e-sustentaveis\/","og_site_name":"Revista Automotive","article_published_time":"2025-03-28T07:47:00+00:00","og_image":[{"width":684,"height":425,"url":"https:\/\/automotiverevista.pt\/wp-content\/uploads\/2025\/03\/Eleger-Cualidad.png","type":"image\/png"}],"author":"Fatima Silva","twitter_card":"summary_large_image","twitter_misc":{"Escrito por":"Fatima Silva","Tempo estimado de leitura":"2 minutos"},"schema":{"@context":"https:\/\/schema.org","@graph":[{"@type":"Article","@id":"https:\/\/automotiverevista.pt\/index.php\/2025\/03\/28\/pecas-remanufaturadas-fiaveis-e-sustentaveis\/#article","isPartOf":{"@id":"https:\/\/automotiverevista.pt\/index.php\/2025\/03\/28\/pecas-remanufaturadas-fiaveis-e-sustentaveis\/"},"author":{"name":"Fatima Silva","@id":"https:\/\/automotiverevista.pt\/#\/schema\/person\/1e95eb12553b8edd256acb00fe6dad4b"},"headline":"Pe\u00e7as Remanufaturadas: Fi\u00e1veis e Sustent\u00e1veis","datePublished":"2025-03-28T07:47:00+00:00","mainEntityOfPage":{"@id":"https:\/\/automotiverevista.pt\/index.php\/2025\/03\/28\/pecas-remanufaturadas-fiaveis-e-sustentaveis\/"},"wordCount":205,"publisher":{"@id":"https:\/\/automotiverevista.pt\/#organization"},"image":{"@id":"https:\/\/automotiverevista.pt\/index.php\/2025\/03\/28\/pecas-remanufaturadas-fiaveis-e-sustentaveis\/#primaryimage"},"thumbnailUrl":"https:\/\/automotiverevista.pt\/wp-content\/uploads\/2025\/03\/Eleger-Cualidad.png","articleSection":["P\u00f3s-Venda"],"inLanguage":"pt-PT"},{"@type":"WebPage","@id":"https:\/\/automotiverevista.pt\/index.php\/2025\/03\/28\/pecas-remanufaturadas-fiaveis-e-sustentaveis\/","url":"https:\/\/automotiverevista.pt\/index.php\/2025\/03\/28\/pecas-remanufaturadas-fiaveis-e-sustentaveis\/","name":"Pe\u00e7as Remanufaturadas: Fi\u00e1veis e Sustent\u00e1veis - Revista Automotive","isPartOf":{"@id":"https:\/\/automotiverevista.pt\/#website"},"primaryImageOfPage":{"@id":"https:\/\/automotiverevista.pt\/index.php\/2025\/03\/28\/pecas-remanufaturadas-fiaveis-e-sustentaveis\/#primaryimage"},"image":{"@id":"https:\/\/automotiverevista.pt\/index.php\/2025\/03\/28\/pecas-remanufaturadas-fiaveis-e-sustentaveis\/#primaryimage"},"thumbnailUrl":"https:\/\/automotiverevista.pt\/wp-content\/uploads\/2025\/03\/Eleger-Cualidad.png","datePublished":"2025-03-28T07:47:00+00:00","description":"A iniciativa Elige calidad, elige confianza (ECEC), que re\u00fane fabricantes de componentes autom\u00f3veis, defende as pe\u00e7as remanufaturadas como","breadcrumb":{"@id":"https:\/\/automotiverevista.pt\/index.php\/2025\/03\/28\/pecas-remanufaturadas-fiaveis-e-sustentaveis\/#breadcrumb"},"inLanguage":"pt-PT","potentialAction":[{"@type":"ReadAction","target":["https:\/\/automotiverevista.pt\/index.php\/2025\/03\/28\/pecas-remanufaturadas-fiaveis-e-sustentaveis\/"]}]},{"@type":"ImageObject","inLanguage":"pt-PT","@id":"https:\/\/automotiverevista.pt\/index.php\/2025\/03\/28\/pecas-remanufaturadas-fiaveis-e-sustentaveis\/#primaryimage","url":"https:\/\/automotiverevista.pt\/wp-content\/uploads\/2025\/03\/Eleger-Cualidad.png","contentUrl":"https:\/\/automotiverevista.pt\/wp-content\/uploads\/2025\/03\/Eleger-Cualidad.png","width":684,"height":425},{"@type":"BreadcrumbList","@id":"https:\/\/automotiverevista.pt\/index.php\/2025\/03\/28\/pecas-remanufaturadas-fiaveis-e-sustentaveis\/#breadcrumb","itemListElement":[{"@type":"ListItem","position":1,"name":"Home","item":"https:\/\/automotiverevista.pt\/"},{"@type":"ListItem","position":2,"name":"Pe\u00e7as Remanufaturadas: Fi\u00e1veis e Sustent\u00e1veis"}]},{"@type":"WebSite","@id":"https:\/\/automotiverevista.pt\/#website","url":"https:\/\/automotiverevista.pt\/","name":"Revista Automotive","description":"Revista Automotive Portugal","publisher":{"@id":"https:\/\/automotiverevista.pt\/#organization"},"potentialAction":[{"@type":"SearchAction","target":{"@type":"EntryPoint","urlTemplate":"https:\/\/automotiverevista.pt\/?s={search_term_string}"},"query-input":{"@type":"PropertyValueSpecification","valueRequired":true,"valueName":"search_term_string"}}],"inLanguage":"pt-PT"},{"@type":"Organization","@id":"https:\/\/automotiverevista.pt\/#organization","name":"Revista Automotive Portugal","url":"https:\/\/automotiverevista.pt\/","logo":{"@type":"ImageObject","inLanguage":"pt-PT","@id":"https:\/\/automotiverevista.pt\/#\/schema\/logo\/image\/","url":"https:\/\/automotiverevista.pt\/wp-content\/uploads\/2022\/07\/Logo-Automotive-2021_500-1.jpg","contentUrl":"https:\/\/automotiverevista.pt\/wp-content\/uploads\/2022\/07\/Logo-Automotive-2021_500-1.jpg","width":500,"height":160,"caption":"Revista Automotive Portugal"},"image":{"@id":"https:\/\/automotiverevista.pt\/#\/schema\/logo\/image\/"},"sameAs":["https:\/\/linkedin.com\/in\/automotiverevista"]},{"@type":"Person","@id":"https:\/\/automotiverevista.pt\/#\/schema\/person\/1e95eb12553b8edd256acb00fe6dad4b","name":"Fatima Silva","image":{"@type":"ImageObject","inLanguage":"pt-PT","@id":"https:\/\/secure.gravatar.com\/avatar\/4b4a955a9c1b66708ab0dd3bd6181ac1f650299d893bd337a28482f7f19c8511?s=96&d=mm&r=g","url":"https:\/\/secure.gravatar.com\/avatar\/4b4a955a9c1b66708ab0dd3bd6181ac1f650299d893bd337a28482f7f19c8511?s=96&d=mm&r=g","contentUrl":"https:\/\/secure.gravatar.com\/avatar\/4b4a955a9c1b66708ab0dd3bd6181ac1f650299d893bd337a28482f7f19c8511?s=96&d=mm&r=g","caption":"Fatima Silva"},"url":"https:\/\/automotiverevista.pt\/index.php\/author\/fgasparsilva\/"}]}},"_links":{"self":[{"href":"https:\/\/automotiverevista.pt\/index.php\/wp-json\/wp\/v2\/posts\/9289","targetHints":{"allow":["GET"]}}],"collection":[{"href":"https:\/\/automotiverevista.pt\/index.php\/wp-json\/wp\/v2\/posts"}],"about":[{"href":"https:\/\/automotiverevista.pt\/index.php\/wp-json\/wp\/v2\/types\/post"}],"author":[{"embeddable":true,"href":"https:\/\/automotiverevista.pt\/index.php\/wp-json\/wp\/v2\/users\/4"}],"replies":[{"embeddable":true,"href":"https:\/\/automotiverevista.pt\/index.php\/wp-json\/wp\/v2\/comments?post=9289"}],"version-history":[{"count":1,"href":"https:\/\/automotiverevista.pt\/index.php\/wp-json\/wp\/v2\/posts\/9289\/revisions"}],"predecessor-version":[{"id":9291,"href":"https:\/\/automotiverevista.pt\/index.php\/wp-json\/wp\/v2\/posts\/9289\/revisions\/9291"}],"wp:featuredmedia":[{"embeddable":true,"href":"https:\/\/automotiverevista.pt\/index.php\/wp-json\/wp\/v2\/media\/9290"}],"wp:attachment":[{"href":"https:\/\/automotiverevista.pt\/index.php\/wp-json\/wp\/v2\/media?parent=9289"}],"wp:term":[{"taxonomy":"category","embeddable":true,"href":"https:\/\/automotiverevista.pt\/index.php\/wp-json\/wp\/v2\/categories?post=9289"},{"taxonomy":"post_tag","embeddable":true,"href":"https:\/\/automotiverevista.pt\/index.php\/wp-json\/wp\/v2\/tags?post=9289"}],"curies":[{"name":"wp","href":"https:\/\/api.w.org\/{rel}","templated":true}]}}