{"id":9322,"date":"2025-03-26T06:47:00","date_gmt":"2025-03-26T06:47:00","guid":{"rendered":"https:\/\/automotiverevista.pt\/?p=9322"},"modified":"2025-03-24T17:48:29","modified_gmt":"2025-03-24T17:48:29","slug":"exide-technologies-lanca-nova-bateria-auxiliar-agm","status":"publish","type":"post","link":"https:\/\/automotiverevista.pt\/index.php\/2025\/03\/26\/exide-technologies-lanca-nova-bateria-auxiliar-agm\/","title":{"rendered":"Exide Technologies lan\u00e7a nova bateria auxiliar AGM"},"content":{"rendered":"\n<p>Profissionais do mercado de reposi\u00e7\u00e3o podem utilizar a bateria auxiliar AGM da Exide Technologies em mais cinco milh\u00f5es de autom\u00f3veis europeus. A<a href=\"http:\/\/www.exidegroup.com\"> Exide Technologies<\/a>, continua a expandir a sua gama de baterias Absorbed Glass Mat (AGM) para ve\u00edculos ligeiros com o lan\u00e7amento da EK013, ap\u00f3s o recente lan\u00e7amento dos modelos EK454 e EK457, equipados com terminais c\u00f3nicos padr\u00e3o e finos de acordo com a Norma Europeia (EN) e o Standard Industrial Japon\u00eas (JIS), respetivamente, esta mais recente adi\u00e7\u00e3o \u00e0 gama de baterias AGM da Exide demonstra o compromisso da empresa em oferecer aos profissionais uma escolha ainda mais abrangente, garantindo um portef\u00f3lio completo, fi\u00e1vel e duradouro.<\/p>\n\n\n\n<p>Desenvolvida exclusivamente como bateria de reserva, a <a href=\"https:\/\/www.exidegroup.com\/eu\/en\/battery\/EK013\">EK013 <\/a>de 12V e 1,2Ah foi concebida para suportar a eletr\u00f3nica autom\u00e1tica da cadeia cinem\u00e1tica e as bombas el\u00e9tricas de \u00f3leo da caixa de velocidades. Al\u00e9m da bateria auxiliar padr\u00e3o \u2013 geralmente localizada atr\u00e1s do porta-luvas \u2013 \u00e9 utilizada para apoiar sistemas start-stop avan\u00e7ados. Esta nova bateria da Exide desempenha um papel essencial ao permitir que os condutores continuem a utilizar os seus ve\u00edculos normalmente, mesmo em caso de avaria ou falha da bateria principal de 12V.<\/p>\n\n\n\n<p>O Range Rover Evoque, assim como v\u00e1rios modelos Mercedes-Benz \u2013 incluindo a s\u00e9rie el\u00e9trica EQ \u2013 est\u00e3o cobertos por esta nova bateria auxiliar, evidenciando a versatilidade do modelo AGM EK013 da <a href=\"https:\/\/automotiverevista.pt\/index.php\/2024\/12\/05\/exide-reforca-gama-de-baterias-agm-para-automoveis-hibridos\/\">Exide<\/a>. A sua adaptabilidade enquanto bateria auxiliar torna-a adequada para praticamente qualquer tipo de ve\u00edculo, consolidando-se como uma solu\u00e7\u00e3o indispens\u00e1vel. Os tr\u00eas modelos EK013, EK454 e EK457, j\u00e1 est\u00e3o dispon\u00edveis para compra. <\/p>\n\n\n\n<figure class=\"wp-block-image size-large\"><img decoding=\"async\" width=\"1024\" height=\"315\" src=\"https:\/\/automotiverevista.pt\/wp-content\/uploads\/2025\/03\/Sem-Titulo1-1024x315.jpg\" alt=\"\" class=\"wp-image-9327\" srcset=\"https:\/\/automotiverevista.pt\/wp-content\/uploads\/2025\/03\/Sem-Titulo1-1024x315.jpg 1024w, https:\/\/automotiverevista.pt\/wp-content\/uploads\/2025\/03\/Sem-Titulo1-300x92.jpg 300w, https:\/\/automotiverevista.pt\/wp-content\/uploads\/2025\/03\/Sem-Titulo1-768x236.jpg 768w, https:\/\/automotiverevista.pt\/wp-content\/uploads\/2025\/03\/Sem-Titulo1-750x231.jpg 750w, https:\/\/automotiverevista.pt\/wp-content\/uploads\/2025\/03\/Sem-Titulo1-1140x351.jpg 1140w, https:\/\/automotiverevista.pt\/wp-content\/uploads\/2025\/03\/Sem-Titulo1.jpg 1257w\" sizes=\"(max-width: 1024px) 100vw, 1024px\" \/><\/figure>\n","protected":false},"excerpt":{"rendered":"<p>Profissionais do mercado de reposi\u00e7\u00e3o podem utilizar a bateria auxiliar AGM da Exide Technologies em mais cinco milh\u00f5es de autom\u00f3veis europeus. A Exide Technologies, continua a expandir a sua gama de baterias Absorbed Glass Mat (AGM) para ve\u00edculos ligeiros com o lan\u00e7amento da EK013, ap\u00f3s o recente lan\u00e7amento dos modelos EK454 e EK457, equipados com [&hellip;]<\/p>\n","protected":false},"author":4,"featured_media":9326,"comment_status":"closed","ping_status":"open","sticky":false,"template":"","format":"standard","meta":{"jnews-multi-image_gallery":[],"jnews_single_post":{"format":"standard"},"jnews_primary_category":[],"footnotes":""},"categories":[21],"tags":[],"class_list":["post-9322","post","type-post","status-publish","format-standard","has-post-thumbnail","hentry","category-pos-venda"],"yoast_head":"<!-- This site is optimized with the Yoast SEO Premium plugin v27.5 (Yoast SEO v27.5) - https:\/\/yoast.com\/product\/yoast-seo-premium-wordpress\/ -->\n<title>Exide Technologies lan\u00e7a nova bateria auxiliar AGM - Revista Automotive<\/title>\n<meta name=\"description\" content=\"Profissionais do mercado de reposi\u00e7\u00e3o podem utilizar a bateria auxiliar AGM da Exide Technologies em mais cinco milh\u00f5es de autom\u00f3veis europeu\" \/>\n<meta name=\"robots\" content=\"index, follow, max-snippet:-1, max-image-preview:large, max-video-preview:-1\" \/>\n<link rel=\"canonical\" href=\"https:\/\/automotiverevista.pt\/index.php\/2025\/03\/26\/exide-technologies-lanca-nova-bateria-auxiliar-agm\/\" \/>\n<meta property=\"og:locale\" content=\"pt_PT\" \/>\n<meta property=\"og:type\" content=\"article\" \/>\n<meta property=\"og:title\" content=\"Exide Technologies lan\u00e7a nova bateria auxiliar AGM\" \/>\n<meta property=\"og:description\" content=\"Profissionais do mercado de reposi\u00e7\u00e3o podem utilizar a bateria auxiliar AGM da Exide Technologies em mais cinco milh\u00f5es de autom\u00f3veis europeu\" \/>\n<meta property=\"og:url\" content=\"https:\/\/automotiverevista.pt\/index.php\/2025\/03\/26\/exide-technologies-lanca-nova-bateria-auxiliar-agm\/\" \/>\n<meta property=\"og:site_name\" content=\"Revista Automotive\" \/>\n<meta property=\"article:published_time\" content=\"2025-03-26T06:47:00+00:00\" \/>\n<meta property=\"og:image\" content=\"https:\/\/automotiverevista.pt\/wp-content\/uploads\/2025\/03\/11.jpg\" \/>\n\t<meta property=\"og:image:width\" content=\"875\" \/>\n\t<meta property=\"og:image:height\" content=\"403\" \/>\n\t<meta property=\"og:image:type\" content=\"image\/jpeg\" \/>\n<meta name=\"author\" content=\"Fatima Silva\" \/>\n<meta name=\"twitter:card\" content=\"summary_large_image\" \/>\n<meta name=\"twitter:label1\" content=\"Escrito por\" \/>\n\t<meta name=\"twitter:data1\" content=\"Fatima Silva\" \/>\n\t<meta name=\"twitter:label2\" content=\"Tempo estimado de leitura\" \/>\n\t<meta name=\"twitter:data2\" content=\"2 minutos\" \/>\n<script type=\"application\/ld+json\" class=\"yoast-schema-graph\">{\"@context\":\"https:\\\/\\\/schema.org\",\"@graph\":[{\"@type\":\"Article\",\"@id\":\"https:\\\/\\\/automotiverevista.pt\\\/index.php\\\/2025\\\/03\\\/26\\\/exide-technologies-lanca-nova-bateria-auxiliar-agm\\\/#article\",\"isPartOf\":{\"@id\":\"https:\\\/\\\/automotiverevista.pt\\\/index.php\\\/2025\\\/03\\\/26\\\/exide-technologies-lanca-nova-bateria-auxiliar-agm\\\/\"},\"author\":{\"name\":\"Fatima Silva\",\"@id\":\"https:\\\/\\\/automotiverevista.pt\\\/#\\\/schema\\\/person\\\/1e95eb12553b8edd256acb00fe6dad4b\"},\"headline\":\"Exide Technologies lan\u00e7a nova bateria auxiliar AGM\",\"datePublished\":\"2025-03-26T06:47:00+00:00\",\"mainEntityOfPage\":{\"@id\":\"https:\\\/\\\/automotiverevista.pt\\\/index.php\\\/2025\\\/03\\\/26\\\/exide-technologies-lanca-nova-bateria-auxiliar-agm\\\/\"},\"wordCount\":287,\"publisher\":{\"@id\":\"https:\\\/\\\/automotiverevista.pt\\\/#organization\"},\"image\":{\"@id\":\"https:\\\/\\\/automotiverevista.pt\\\/index.php\\\/2025\\\/03\\\/26\\\/exide-technologies-lanca-nova-bateria-auxiliar-agm\\\/#primaryimage\"},\"thumbnailUrl\":\"https:\\\/\\\/automotiverevista.pt\\\/wp-content\\\/uploads\\\/2025\\\/03\\\/11.jpg\",\"articleSection\":[\"P\u00f3s-Venda\"],\"inLanguage\":\"pt-PT\"},{\"@type\":\"WebPage\",\"@id\":\"https:\\\/\\\/automotiverevista.pt\\\/index.php\\\/2025\\\/03\\\/26\\\/exide-technologies-lanca-nova-bateria-auxiliar-agm\\\/\",\"url\":\"https:\\\/\\\/automotiverevista.pt\\\/index.php\\\/2025\\\/03\\\/26\\\/exide-technologies-lanca-nova-bateria-auxiliar-agm\\\/\",\"name\":\"Exide Technologies lan\u00e7a nova bateria auxiliar AGM - Revista Automotive\",\"isPartOf\":{\"@id\":\"https:\\\/\\\/automotiverevista.pt\\\/#website\"},\"primaryImageOfPage\":{\"@id\":\"https:\\\/\\\/automotiverevista.pt\\\/index.php\\\/2025\\\/03\\\/26\\\/exide-technologies-lanca-nova-bateria-auxiliar-agm\\\/#primaryimage\"},\"image\":{\"@id\":\"https:\\\/\\\/automotiverevista.pt\\\/index.php\\\/2025\\\/03\\\/26\\\/exide-technologies-lanca-nova-bateria-auxiliar-agm\\\/#primaryimage\"},\"thumbnailUrl\":\"https:\\\/\\\/automotiverevista.pt\\\/wp-content\\\/uploads\\\/2025\\\/03\\\/11.jpg\",\"datePublished\":\"2025-03-26T06:47:00+00:00\",\"description\":\"Profissionais do mercado de reposi\u00e7\u00e3o podem utilizar a bateria auxiliar AGM da Exide Technologies em mais cinco milh\u00f5es de autom\u00f3veis europeu\",\"breadcrumb\":{\"@id\":\"https:\\\/\\\/automotiverevista.pt\\\/index.php\\\/2025\\\/03\\\/26\\\/exide-technologies-lanca-nova-bateria-auxiliar-agm\\\/#breadcrumb\"},\"inLanguage\":\"pt-PT\",\"potentialAction\":[{\"@type\":\"ReadAction\",\"target\":[\"https:\\\/\\\/automotiverevista.pt\\\/index.php\\\/2025\\\/03\\\/26\\\/exide-technologies-lanca-nova-bateria-auxiliar-agm\\\/\"]}]},{\"@type\":\"ImageObject\",\"inLanguage\":\"pt-PT\",\"@id\":\"https:\\\/\\\/automotiverevista.pt\\\/index.php\\\/2025\\\/03\\\/26\\\/exide-technologies-lanca-nova-bateria-auxiliar-agm\\\/#primaryimage\",\"url\":\"https:\\\/\\\/automotiverevista.pt\\\/wp-content\\\/uploads\\\/2025\\\/03\\\/11.jpg\",\"contentUrl\":\"https:\\\/\\\/automotiverevista.pt\\\/wp-content\\\/uploads\\\/2025\\\/03\\\/11.jpg\",\"width\":875,\"height\":403},{\"@type\":\"BreadcrumbList\",\"@id\":\"https:\\\/\\\/automotiverevista.pt\\\/index.php\\\/2025\\\/03\\\/26\\\/exide-technologies-lanca-nova-bateria-auxiliar-agm\\\/#breadcrumb\",\"itemListElement\":[{\"@type\":\"ListItem\",\"position\":1,\"name\":\"Home\",\"item\":\"https:\\\/\\\/automotiverevista.pt\\\/\"},{\"@type\":\"ListItem\",\"position\":2,\"name\":\"Exide Technologies lan\u00e7a nova bateria auxiliar AGM\"}]},{\"@type\":\"WebSite\",\"@id\":\"https:\\\/\\\/automotiverevista.pt\\\/#website\",\"url\":\"https:\\\/\\\/automotiverevista.pt\\\/\",\"name\":\"Revista Automotive\",\"description\":\"Revista Automotive Portugal\",\"publisher\":{\"@id\":\"https:\\\/\\\/automotiverevista.pt\\\/#organization\"},\"potentialAction\":[{\"@type\":\"SearchAction\",\"target\":{\"@type\":\"EntryPoint\",\"urlTemplate\":\"https:\\\/\\\/automotiverevista.pt\\\/?s={search_term_string}\"},\"query-input\":{\"@type\":\"PropertyValueSpecification\",\"valueRequired\":true,\"valueName\":\"search_term_string\"}}],\"inLanguage\":\"pt-PT\"},{\"@type\":\"Organization\",\"@id\":\"https:\\\/\\\/automotiverevista.pt\\\/#organization\",\"name\":\"Revista Automotive Portugal\",\"url\":\"https:\\\/\\\/automotiverevista.pt\\\/\",\"logo\":{\"@type\":\"ImageObject\",\"inLanguage\":\"pt-PT\",\"@id\":\"https:\\\/\\\/automotiverevista.pt\\\/#\\\/schema\\\/logo\\\/image\\\/\",\"url\":\"https:\\\/\\\/automotiverevista.pt\\\/wp-content\\\/uploads\\\/2022\\\/07\\\/Logo-Automotive-2021_500-1.jpg\",\"contentUrl\":\"https:\\\/\\\/automotiverevista.pt\\\/wp-content\\\/uploads\\\/2022\\\/07\\\/Logo-Automotive-2021_500-1.jpg\",\"width\":500,\"height\":160,\"caption\":\"Revista Automotive Portugal\"},\"image\":{\"@id\":\"https:\\\/\\\/automotiverevista.pt\\\/#\\\/schema\\\/logo\\\/image\\\/\"},\"sameAs\":[\"https:\\\/\\\/linkedin.com\\\/in\\\/automotiverevista\"]},{\"@type\":\"Person\",\"@id\":\"https:\\\/\\\/automotiverevista.pt\\\/#\\\/schema\\\/person\\\/1e95eb12553b8edd256acb00fe6dad4b\",\"name\":\"Fatima Silva\",\"image\":{\"@type\":\"ImageObject\",\"inLanguage\":\"pt-PT\",\"@id\":\"https:\\\/\\\/secure.gravatar.com\\\/avatar\\\/4b4a955a9c1b66708ab0dd3bd6181ac1f650299d893bd337a28482f7f19c8511?s=96&d=mm&r=g\",\"url\":\"https:\\\/\\\/secure.gravatar.com\\\/avatar\\\/4b4a955a9c1b66708ab0dd3bd6181ac1f650299d893bd337a28482f7f19c8511?s=96&d=mm&r=g\",\"contentUrl\":\"https:\\\/\\\/secure.gravatar.com\\\/avatar\\\/4b4a955a9c1b66708ab0dd3bd6181ac1f650299d893bd337a28482f7f19c8511?s=96&d=mm&r=g\",\"caption\":\"Fatima Silva\"},\"url\":\"https:\\\/\\\/automotiverevista.pt\\\/index.php\\\/author\\\/fgasparsilva\\\/\"}]}<\/script>\n<!-- \/ Yoast SEO Premium plugin. -->","yoast_head_json":{"title":"Exide Technologies lan\u00e7a nova bateria auxiliar AGM - Revista Automotive","description":"Profissionais do mercado de reposi\u00e7\u00e3o podem utilizar a bateria auxiliar AGM da Exide Technologies em mais cinco milh\u00f5es de autom\u00f3veis europeu","robots":{"index":"index","follow":"follow","max-snippet":"max-snippet:-1","max-image-preview":"max-image-preview:large","max-video-preview":"max-video-preview:-1"},"canonical":"https:\/\/automotiverevista.pt\/index.php\/2025\/03\/26\/exide-technologies-lanca-nova-bateria-auxiliar-agm\/","og_locale":"pt_PT","og_type":"article","og_title":"Exide Technologies lan\u00e7a nova bateria auxiliar AGM","og_description":"Profissionais do mercado de reposi\u00e7\u00e3o podem utilizar a bateria auxiliar AGM da Exide Technologies em mais cinco milh\u00f5es de autom\u00f3veis europeu","og_url":"https:\/\/automotiverevista.pt\/index.php\/2025\/03\/26\/exide-technologies-lanca-nova-bateria-auxiliar-agm\/","og_site_name":"Revista Automotive","article_published_time":"2025-03-26T06:47:00+00:00","og_image":[{"width":875,"height":403,"url":"https:\/\/automotiverevista.pt\/wp-content\/uploads\/2025\/03\/11.jpg","type":"image\/jpeg"}],"author":"Fatima Silva","twitter_card":"summary_large_image","twitter_misc":{"Escrito por":"Fatima Silva","Tempo estimado de leitura":"2 minutos"},"schema":{"@context":"https:\/\/schema.org","@graph":[{"@type":"Article","@id":"https:\/\/automotiverevista.pt\/index.php\/2025\/03\/26\/exide-technologies-lanca-nova-bateria-auxiliar-agm\/#article","isPartOf":{"@id":"https:\/\/automotiverevista.pt\/index.php\/2025\/03\/26\/exide-technologies-lanca-nova-bateria-auxiliar-agm\/"},"author":{"name":"Fatima Silva","@id":"https:\/\/automotiverevista.pt\/#\/schema\/person\/1e95eb12553b8edd256acb00fe6dad4b"},"headline":"Exide Technologies lan\u00e7a nova bateria auxiliar AGM","datePublished":"2025-03-26T06:47:00+00:00","mainEntityOfPage":{"@id":"https:\/\/automotiverevista.pt\/index.php\/2025\/03\/26\/exide-technologies-lanca-nova-bateria-auxiliar-agm\/"},"wordCount":287,"publisher":{"@id":"https:\/\/automotiverevista.pt\/#organization"},"image":{"@id":"https:\/\/automotiverevista.pt\/index.php\/2025\/03\/26\/exide-technologies-lanca-nova-bateria-auxiliar-agm\/#primaryimage"},"thumbnailUrl":"https:\/\/automotiverevista.pt\/wp-content\/uploads\/2025\/03\/11.jpg","articleSection":["P\u00f3s-Venda"],"inLanguage":"pt-PT"},{"@type":"WebPage","@id":"https:\/\/automotiverevista.pt\/index.php\/2025\/03\/26\/exide-technologies-lanca-nova-bateria-auxiliar-agm\/","url":"https:\/\/automotiverevista.pt\/index.php\/2025\/03\/26\/exide-technologies-lanca-nova-bateria-auxiliar-agm\/","name":"Exide Technologies lan\u00e7a nova bateria auxiliar AGM - Revista Automotive","isPartOf":{"@id":"https:\/\/automotiverevista.pt\/#website"},"primaryImageOfPage":{"@id":"https:\/\/automotiverevista.pt\/index.php\/2025\/03\/26\/exide-technologies-lanca-nova-bateria-auxiliar-agm\/#primaryimage"},"image":{"@id":"https:\/\/automotiverevista.pt\/index.php\/2025\/03\/26\/exide-technologies-lanca-nova-bateria-auxiliar-agm\/#primaryimage"},"thumbnailUrl":"https:\/\/automotiverevista.pt\/wp-content\/uploads\/2025\/03\/11.jpg","datePublished":"2025-03-26T06:47:00+00:00","description":"Profissionais do mercado de reposi\u00e7\u00e3o podem utilizar a bateria auxiliar AGM da Exide Technologies em mais cinco milh\u00f5es de autom\u00f3veis europeu","breadcrumb":{"@id":"https:\/\/automotiverevista.pt\/index.php\/2025\/03\/26\/exide-technologies-lanca-nova-bateria-auxiliar-agm\/#breadcrumb"},"inLanguage":"pt-PT","potentialAction":[{"@type":"ReadAction","target":["https:\/\/automotiverevista.pt\/index.php\/2025\/03\/26\/exide-technologies-lanca-nova-bateria-auxiliar-agm\/"]}]},{"@type":"ImageObject","inLanguage":"pt-PT","@id":"https:\/\/automotiverevista.pt\/index.php\/2025\/03\/26\/exide-technologies-lanca-nova-bateria-auxiliar-agm\/#primaryimage","url":"https:\/\/automotiverevista.pt\/wp-content\/uploads\/2025\/03\/11.jpg","contentUrl":"https:\/\/automotiverevista.pt\/wp-content\/uploads\/2025\/03\/11.jpg","width":875,"height":403},{"@type":"BreadcrumbList","@id":"https:\/\/automotiverevista.pt\/index.php\/2025\/03\/26\/exide-technologies-lanca-nova-bateria-auxiliar-agm\/#breadcrumb","itemListElement":[{"@type":"ListItem","position":1,"name":"Home","item":"https:\/\/automotiverevista.pt\/"},{"@type":"ListItem","position":2,"name":"Exide Technologies lan\u00e7a nova bateria auxiliar AGM"}]},{"@type":"WebSite","@id":"https:\/\/automotiverevista.pt\/#website","url":"https:\/\/automotiverevista.pt\/","name":"Revista Automotive","description":"Revista Automotive Portugal","publisher":{"@id":"https:\/\/automotiverevista.pt\/#organization"},"potentialAction":[{"@type":"SearchAction","target":{"@type":"EntryPoint","urlTemplate":"https:\/\/automotiverevista.pt\/?s={search_term_string}"},"query-input":{"@type":"PropertyValueSpecification","valueRequired":true,"valueName":"search_term_string"}}],"inLanguage":"pt-PT"},{"@type":"Organization","@id":"https:\/\/automotiverevista.pt\/#organization","name":"Revista Automotive Portugal","url":"https:\/\/automotiverevista.pt\/","logo":{"@type":"ImageObject","inLanguage":"pt-PT","@id":"https:\/\/automotiverevista.pt\/#\/schema\/logo\/image\/","url":"https:\/\/automotiverevista.pt\/wp-content\/uploads\/2022\/07\/Logo-Automotive-2021_500-1.jpg","contentUrl":"https:\/\/automotiverevista.pt\/wp-content\/uploads\/2022\/07\/Logo-Automotive-2021_500-1.jpg","width":500,"height":160,"caption":"Revista Automotive Portugal"},"image":{"@id":"https:\/\/automotiverevista.pt\/#\/schema\/logo\/image\/"},"sameAs":["https:\/\/linkedin.com\/in\/automotiverevista"]},{"@type":"Person","@id":"https:\/\/automotiverevista.pt\/#\/schema\/person\/1e95eb12553b8edd256acb00fe6dad4b","name":"Fatima Silva","image":{"@type":"ImageObject","inLanguage":"pt-PT","@id":"https:\/\/secure.gravatar.com\/avatar\/4b4a955a9c1b66708ab0dd3bd6181ac1f650299d893bd337a28482f7f19c8511?s=96&d=mm&r=g","url":"https:\/\/secure.gravatar.com\/avatar\/4b4a955a9c1b66708ab0dd3bd6181ac1f650299d893bd337a28482f7f19c8511?s=96&d=mm&r=g","contentUrl":"https:\/\/secure.gravatar.com\/avatar\/4b4a955a9c1b66708ab0dd3bd6181ac1f650299d893bd337a28482f7f19c8511?s=96&d=mm&r=g","caption":"Fatima Silva"},"url":"https:\/\/automotiverevista.pt\/index.php\/author\/fgasparsilva\/"}]}},"_links":{"self":[{"href":"https:\/\/automotiverevista.pt\/index.php\/wp-json\/wp\/v2\/posts\/9322","targetHints":{"allow":["GET"]}}],"collection":[{"href":"https:\/\/automotiverevista.pt\/index.php\/wp-json\/wp\/v2\/posts"}],"about":[{"href":"https:\/\/automotiverevista.pt\/index.php\/wp-json\/wp\/v2\/types\/post"}],"author":[{"embeddable":true,"href":"https:\/\/automotiverevista.pt\/index.php\/wp-json\/wp\/v2\/users\/4"}],"replies":[{"embeddable":true,"href":"https:\/\/automotiverevista.pt\/index.php\/wp-json\/wp\/v2\/comments?post=9322"}],"version-history":[{"count":2,"href":"https:\/\/automotiverevista.pt\/index.php\/wp-json\/wp\/v2\/posts\/9322\/revisions"}],"predecessor-version":[{"id":9328,"href":"https:\/\/automotiverevista.pt\/index.php\/wp-json\/wp\/v2\/posts\/9322\/revisions\/9328"}],"wp:featuredmedia":[{"embeddable":true,"href":"https:\/\/automotiverevista.pt\/index.php\/wp-json\/wp\/v2\/media\/9326"}],"wp:attachment":[{"href":"https:\/\/automotiverevista.pt\/index.php\/wp-json\/wp\/v2\/media?parent=9322"}],"wp:term":[{"taxonomy":"category","embeddable":true,"href":"https:\/\/automotiverevista.pt\/index.php\/wp-json\/wp\/v2\/categories?post=9322"},{"taxonomy":"post_tag","embeddable":true,"href":"https:\/\/automotiverevista.pt\/index.php\/wp-json\/wp\/v2\/tags?post=9322"}],"curies":[{"name":"wp","href":"https:\/\/api.w.org\/{rel}","templated":true}]}}