{"id":9417,"date":"2025-04-08T17:02:25","date_gmt":"2025-04-08T17:02:25","guid":{"rendered":"https:\/\/automotiverevista.pt\/?p=9417"},"modified":"2025-04-08T17:02:27","modified_gmt":"2025-04-08T17:02:27","slug":"schmitz-cargobull-portugal-novas-instalacoes-reforcam-lideranca","status":"publish","type":"post","link":"https:\/\/automotiverevista.pt\/index.php\/2025\/04\/08\/schmitz-cargobull-portugal-novas-instalacoes-reforcam-lideranca\/","title":{"rendered":"Schmitz Cargobull Portugal \u2013 novas instala\u00e7\u00f5es refor\u00e7am lideran\u00e7a\u00a0"},"content":{"rendered":"\n<p>Com mais de 30 anos de presen\u00e7a no mercado nacional, a sucursal da marca Schmitz Cargobull investiu numa renovada estrutura localizada na Zona Industrial Quinta do Sanguinhal, em Rio Maior, onde agora disp\u00f5e de amplas e modernas instala\u00e7\u00f5es que re\u00fane a \u00e1rea administrativa, venda de semirreboques novos e usados, servi\u00e7os de p\u00f3s-venda e vendas de pe\u00e7as, bem como de parqueamento de semirreboques.<\/p>\n\n\n\n<p>Em 2024, a Schmitz Cargobull foi distinguida pela Automotive com o Pr\u00e9mio Fleet &amp; Service na categoria Frota Pesados, pela cria\u00e7\u00e3o da plataforma digital DMC, uma solu\u00e7\u00e3o pioneira que ir\u00e1 impactar positivamente a \u00e1rea de log\u00edstica e transporte de cargas, capaz de integrar todos os softwares e sistemas associados a essa \u00e1rea e, em especial, para as frotas de cami\u00f5es.<\/p>\n\n\n<div class=\"wp-block-image\">\n<figure class=\"alignleft size-large is-resized\"><img decoding=\"async\" width=\"1024\" height=\"682\" src=\"https:\/\/automotiverevista.pt\/wp-content\/uploads\/2025\/04\/3-4-1024x682.jpg\" alt=\"\" class=\"wp-image-9429\" style=\"width:435px;height:auto\" srcset=\"https:\/\/automotiverevista.pt\/wp-content\/uploads\/2025\/04\/3-4-1024x682.jpg 1024w, https:\/\/automotiverevista.pt\/wp-content\/uploads\/2025\/04\/3-4-300x200.jpg 300w, https:\/\/automotiverevista.pt\/wp-content\/uploads\/2025\/04\/3-4-768x512.jpg 768w, https:\/\/automotiverevista.pt\/wp-content\/uploads\/2025\/04\/3-4-750x500.jpg 750w, https:\/\/automotiverevista.pt\/wp-content\/uploads\/2025\/04\/3-4-1140x760.jpg 1140w, https:\/\/automotiverevista.pt\/wp-content\/uploads\/2025\/04\/3-4.jpg 1400w\" sizes=\"(max-width: 1024px) 100vw, 1024px\" \/><\/figure>\n<\/div>\n\n\n<p><strong>Jos\u00e9 Botas,<\/strong> diretor geral da <a href=\"https:\/\/automotiverevista.pt\/index.php\/2025\/01\/16\/schmitz-cargobull-premio-frota-pesados-2024\/\">Schmitz <\/a>Cargobull em Portugal e <strong>Bruno Lopes<\/strong>, respons\u00e1vel de marketing da marca no nosso pa\u00eds, receberam a Revista Automotive e promoveram uma visita guiada \u00e0s novas instala\u00e7\u00f5es num momento particularmente especial para a empresa, que se mant\u00e9m firme na lideran\u00e7a de vendas de semirreboques em Portugal, apesar da forte concorr\u00eancia e da maior din\u00e2mica de outros importantes marcas de semirreboques, tamb\u00e9m presentes no nosso pa\u00eds.<\/p>\n\n\n\n<p>Segundo Jos\u00e9 Botas \u201ca hist\u00f3ria da nossa marca em Portugal \u00e9 cheia de acontecimentos \u00fanicos que no seu todo contribu\u00edram para o crescimento e a consolida\u00e7\u00e3o da imagem dos semirreboques Schmitz no nosso pa\u00eds, incluindo a passagem da marca pelo grupo Evicar. Estive na g\u00e9nese da cria\u00e7\u00e3o desta sucursal e, desde a minha primeira visita \u00e0 f\u00e1brica da Schmitz na Alemanha em 1994, onde conheci toda a estrutura empresarial e principais gestores, a marca nunca mais parou de crescer.<\/p>\n\n\n\n<p><strong>Hist\u00f3ria \u00fanica<\/strong><\/p>\n\n\n\n<p>Inicialmente foi criada uma empresa (Tecnivan) para representar a marca no nosso pa\u00eds, utilizando precisamente as instala\u00e7\u00f5es onde hoje nos encontramos, trinta anos depois. Em resumo, ap\u00f3s algumas altera\u00e7\u00f5es, inici\u00e1mos as atividades de forma mais estruturada da Schmitz em Portugal neste mesmo espa\u00e7o que, volvidas tr\u00eas d\u00e9cadas, voltaria a ter a sua import\u00e2ncia ao sediar, atualmente, a sucursal da marca no territ\u00f3rio nacional.<\/p>\n\n\n<div class=\"wp-block-image\">\n<figure class=\"alignleft size-large is-resized\"><img decoding=\"async\" width=\"1024\" height=\"814\" src=\"https:\/\/automotiverevista.pt\/wp-content\/uploads\/2025\/04\/5-2-1024x814.jpg\" alt=\"\" class=\"wp-image-9427\" style=\"width:528px;height:auto\" srcset=\"https:\/\/automotiverevista.pt\/wp-content\/uploads\/2025\/04\/5-2-1024x814.jpg 1024w, https:\/\/automotiverevista.pt\/wp-content\/uploads\/2025\/04\/5-2-300x238.jpg 300w, https:\/\/automotiverevista.pt\/wp-content\/uploads\/2025\/04\/5-2-768x610.jpg 768w, https:\/\/automotiverevista.pt\/wp-content\/uploads\/2025\/04\/5-2-750x596.jpg 750w, https:\/\/automotiverevista.pt\/wp-content\/uploads\/2025\/04\/5-2-1140x906.jpg 1140w, https:\/\/automotiverevista.pt\/wp-content\/uploads\/2025\/04\/5-2.jpg 1170w\" sizes=\"(max-width: 1024px) 100vw, 1024px\" \/><\/figure>\n<\/div>\n\n\n<p>No ano de 2001, fruto da expans\u00e3o das nossas atividades em Portugal, a Schmitz quis implementar-se diretamente no nosso pa\u00eds, e nos prop\u00f4s a aquisi\u00e7\u00e3o da Tecnivan, empresa nacional da qual era s\u00f3cio fundador. A aquisi\u00e7\u00e3o foi formalizada pouco tempo depois, em junho de 2002, sendo que no final daquele ano foi mud\u00e1mos a denimina\u00e7\u00e3o social da empresa para <a href=\"https:\/\/www.cargobull.com\/pt\">Schmitz <\/a>Cargobull Portugal Unipessoal, detida 100% pela empresa sede na Alemanha.<\/p>\n\n\n\n<p>Em finais de 2003, deix\u00e1mos este espa\u00e7o e fomos ocupar, temporariamente, outras instala\u00e7\u00f5es aqui ao lado. Contudo, com a insolv\u00eancia da Galtrailer, que, entretanto, instalou-se neste espa\u00e7o por pouco tempo, conseguimos regressar, n\u00e3o sem antes realizar um grande investimento na renova\u00e7\u00e3o de toda a estrutura interna e parque envolvente. Assim, dispomos de mais de 6 mil mts2 de \u00e1rea coberta e um terreno com cerca de 44 mil mts2, com grande espa\u00e7o para o stock de semirreboques usados \u00e0 venda, e outros \u00e0 aguardar repara\u00e7\u00e3o.<\/p>\n\n\n\n<p><strong>Benchmarket do grupo<\/strong><\/p>\n\n\n\n<p>A nossa equipa hoje \u00e9 constitu\u00edda por 40 profissionais, nas diversas \u00e1reas de neg\u00f3cio incluindo equipa de vendas, produ\u00e7\u00e3o, vendas de pe\u00e7as, administra\u00e7\u00e3o, financeira e controlo. O layout da atual estrutura contou com uma participa\u00e7\u00e3o ativa dos nossos funcion\u00e1rios, que permitiu implementar um conceito de trabalho mais eficiente e um ambiente mais agrad\u00e1vel, nas v\u00e1rias divis\u00f5es.<\/p>\n\n\n\n<p>Podemos dizer com algum orgulho que estas instala\u00e7\u00f5es s\u00e3o consideradas um BenchMarket para as demais empresas grupo Schmitz, quer pela sua funcionalidade dos seus espa\u00e7os, quer pelo bom ambiente que conseguimos criar para acolher os nossos funcion\u00e1rios, clientes e fornecedores.<\/p>\n\n\n\n<p>Os semirreboques de lonas que comercializamos em Portugal s\u00e3o produzidos em Espanha (na sucursal da Schmitz, localizada em Zaragoza), sendo que os semirreboques frigor\u00edficos uma parte vem de Espanha e outra parte vem da Alemanha. Contudo, e tendo em conta que unidade de Zaragoza \u00e9 atualmente a mais moderna do nosso grupo, \u00e9 muito prov\u00e1vel que esta sucursal de Espanha venha a aumentar a sua capacidade de fornecimento de semirreboques frigor\u00edficos para Portugal.<\/p>\n\n\n<div class=\"wp-block-image\">\n<figure class=\"alignright size-large is-resized\"><img decoding=\"async\" width=\"1024\" height=\"693\" src=\"https:\/\/automotiverevista.pt\/wp-content\/uploads\/2025\/04\/6-1-1024x693.jpg\" alt=\"\" class=\"wp-image-9428\" style=\"width:498px;height:auto\" srcset=\"https:\/\/automotiverevista.pt\/wp-content\/uploads\/2025\/04\/6-1-1024x693.jpg 1024w, https:\/\/automotiverevista.pt\/wp-content\/uploads\/2025\/04\/6-1-300x203.jpg 300w, https:\/\/automotiverevista.pt\/wp-content\/uploads\/2025\/04\/6-1-768x520.jpg 768w, https:\/\/automotiverevista.pt\/wp-content\/uploads\/2025\/04\/6-1-750x508.jpg 750w, https:\/\/automotiverevista.pt\/wp-content\/uploads\/2025\/04\/6-1-1140x772.jpg 1140w, https:\/\/automotiverevista.pt\/wp-content\/uploads\/2025\/04\/6-1.jpg 1250w\" sizes=\"(max-width: 1024px) 100vw, 1024px\" \/><\/figure>\n<\/div>\n\n\n<p>Para al\u00e9m da posi\u00e7\u00e3o cimeira que ocupamos em Portugal na venda de semirreboques novos, tamb\u00e9m estamos a crescer na venda de equipamentos usados com uma boa diversidade de modelos, todos eles com qualidade assegurada pela marca. &nbsp;Outra \u00e1rea de neg\u00f3cio que tamb\u00e9m estamos a crescer s\u00e3o nos servi\u00e7os de p\u00f3s-venda e vendas de pe\u00e7as, gra\u00e7as a reputa\u00e7\u00e3o que constru\u00edmos no nosso mercado e o grande parque circulante de semirreboques da nossa marca.<\/p>\n\n\n\n<p>Nestas renovadas instala\u00e7\u00f5es, realizamos todos os servi\u00e7os manuten\u00e7\u00e3o, repara\u00e7\u00e3o e trabalhos inerentes \u00e0 \u00e1rea do p\u00f3s-venda, incluindo repintura dos semirreboques, atrav\u00e9s uma empresa parceira e especializada nesta atividade, que se encarrega de realizar este trabalho dentro das nossas instala\u00e7\u00f5es, em local espec\u00edfico, mas com equipa e equipamentos pr\u00f3prios.<\/p>\n\n\n\n<p>Ao registarmos os primeiros 30 anos de atividades no nosso pa\u00eds, temos a certeza de que a Schmitz Cargobull Portugal se tornou uma empresa s\u00f3lida, moderna e respeitada no mercado nacional e dentro do nosso Grupo, gra\u00e7as ao contributo dos nossos colaboradores, clientes e fornecedores.&nbsp; Com base neste historial \u00fanico, queremos continuar a expandir os nossos neg\u00f3cios e a contribuir, com os nossos produtos e servi\u00e7os, para melhorar a mobilidade das empresas de transportes e tamb\u00e9m a economia do nosso pa\u00eds\u201d, salientou Jos\u00e9 Botas.<\/p>\n\n\n\n<figure class=\"wp-block-image size-large\"><img decoding=\"async\" width=\"1024\" height=\"434\" src=\"https:\/\/automotiverevista.pt\/wp-content\/uploads\/2025\/04\/8-1-1024x434.jpg\" alt=\"\" class=\"wp-image-9426\" srcset=\"https:\/\/automotiverevista.pt\/wp-content\/uploads\/2025\/04\/8-1-1024x434.jpg 1024w, https:\/\/automotiverevista.pt\/wp-content\/uploads\/2025\/04\/8-1-300x127.jpg 300w, https:\/\/automotiverevista.pt\/wp-content\/uploads\/2025\/04\/8-1-768x326.jpg 768w, https:\/\/automotiverevista.pt\/wp-content\/uploads\/2025\/04\/8-1-750x318.jpg 750w, https:\/\/automotiverevista.pt\/wp-content\/uploads\/2025\/04\/8-1-1140x483.jpg 1140w, https:\/\/automotiverevista.pt\/wp-content\/uploads\/2025\/04\/8-1.jpg 1396w\" sizes=\"(max-width: 1024px) 100vw, 1024px\" \/><\/figure>\n","protected":false},"excerpt":{"rendered":"<p>Com mais de 30 anos de presen\u00e7a no mercado nacional, a sucursal da marca Schmitz Cargobull investiu numa renovada estrutura localizada na Zona Industrial Quinta do Sanguinhal, em Rio Maior, onde agora disp\u00f5e de amplas e modernas instala\u00e7\u00f5es que re\u00fane a \u00e1rea administrativa, venda de semirreboques novos e usados, servi\u00e7os de p\u00f3s-venda e vendas de [&hellip;]<\/p>\n","protected":false},"author":4,"featured_media":9418,"comment_status":"closed","ping_status":"open","sticky":false,"template":"","format":"standard","meta":{"jnews-multi-image_gallery":[],"jnews_single_post":{"format":"standard"},"jnews_primary_category":[],"footnotes":""},"categories":[25,21],"tags":[],"class_list":["post-9417","post","type-post","status-publish","format-standard","has-post-thumbnail","hentry","category-pesados-e-maquinas","category-pos-venda"],"yoast_head":"<!-- This site is optimized with the Yoast SEO Premium plugin v27.5 (Yoast SEO v27.5) - https:\/\/yoast.com\/product\/yoast-seo-premium-wordpress\/ -->\n<title>Schmitz Cargobull Portugal \u2013 novas instala\u00e7\u00f5es refor\u00e7am lideran\u00e7a\u00a0 - Revista Automotive<\/title>\n<meta name=\"description\" content=\"Com mais de 30 anos de presen\u00e7a no mercado nacional, a sucursal da marca Schmitz Cargobull investiu numa renovada estrutura localizada na\" \/>\n<meta name=\"robots\" content=\"index, follow, max-snippet:-1, max-image-preview:large, max-video-preview:-1\" \/>\n<link rel=\"canonical\" href=\"https:\/\/automotiverevista.pt\/index.php\/2025\/04\/08\/schmitz-cargobull-portugal-novas-instalacoes-reforcam-lideranca\/\" \/>\n<meta property=\"og:locale\" content=\"pt_PT\" \/>\n<meta property=\"og:type\" content=\"article\" \/>\n<meta property=\"og:title\" content=\"Schmitz Cargobull Portugal \u2013 novas instala\u00e7\u00f5es refor\u00e7am lideran\u00e7a\u00a0\" \/>\n<meta property=\"og:description\" content=\"Com mais de 30 anos de presen\u00e7a no mercado nacional, a sucursal da marca Schmitz Cargobull investiu numa renovada estrutura localizada na\" \/>\n<meta property=\"og:url\" content=\"https:\/\/automotiverevista.pt\/index.php\/2025\/04\/08\/schmitz-cargobull-portugal-novas-instalacoes-reforcam-lideranca\/\" \/>\n<meta property=\"og:site_name\" content=\"Revista Automotive\" \/>\n<meta property=\"article:published_time\" content=\"2025-04-08T17:02:25+00:00\" \/>\n<meta property=\"article:modified_time\" content=\"2025-04-08T17:02:27+00:00\" \/>\n<meta property=\"og:image\" content=\"https:\/\/automotiverevista.pt\/wp-content\/uploads\/2025\/04\/1-1.jpg\" \/>\n\t<meta property=\"og:image:width\" content=\"1400\" \/>\n\t<meta property=\"og:image:height\" content=\"933\" \/>\n\t<meta property=\"og:image:type\" content=\"image\/jpeg\" \/>\n<meta name=\"author\" content=\"Fatima Silva\" \/>\n<meta name=\"twitter:card\" content=\"summary_large_image\" \/>\n<meta name=\"twitter:label1\" content=\"Escrito por\" \/>\n\t<meta name=\"twitter:data1\" content=\"Fatima Silva\" \/>\n\t<meta name=\"twitter:label2\" content=\"Tempo estimado de leitura\" \/>\n\t<meta name=\"twitter:data2\" content=\"6 minutos\" \/>\n<script type=\"application\/ld+json\" class=\"yoast-schema-graph\">{\"@context\":\"https:\\\/\\\/schema.org\",\"@graph\":[{\"@type\":\"Article\",\"@id\":\"https:\\\/\\\/automotiverevista.pt\\\/index.php\\\/2025\\\/04\\\/08\\\/schmitz-cargobull-portugal-novas-instalacoes-reforcam-lideranca\\\/#article\",\"isPartOf\":{\"@id\":\"https:\\\/\\\/automotiverevista.pt\\\/index.php\\\/2025\\\/04\\\/08\\\/schmitz-cargobull-portugal-novas-instalacoes-reforcam-lideranca\\\/\"},\"author\":{\"name\":\"Fatima Silva\",\"@id\":\"https:\\\/\\\/automotiverevista.pt\\\/#\\\/schema\\\/person\\\/1e95eb12553b8edd256acb00fe6dad4b\"},\"headline\":\"Schmitz Cargobull Portugal \u2013 novas instala\u00e7\u00f5es refor\u00e7am lideran\u00e7a\u00a0\",\"datePublished\":\"2025-04-08T17:02:25+00:00\",\"dateModified\":\"2025-04-08T17:02:27+00:00\",\"mainEntityOfPage\":{\"@id\":\"https:\\\/\\\/automotiverevista.pt\\\/index.php\\\/2025\\\/04\\\/08\\\/schmitz-cargobull-portugal-novas-instalacoes-reforcam-lideranca\\\/\"},\"wordCount\":962,\"publisher\":{\"@id\":\"https:\\\/\\\/automotiverevista.pt\\\/#organization\"},\"image\":{\"@id\":\"https:\\\/\\\/automotiverevista.pt\\\/index.php\\\/2025\\\/04\\\/08\\\/schmitz-cargobull-portugal-novas-instalacoes-reforcam-lideranca\\\/#primaryimage\"},\"thumbnailUrl\":\"https:\\\/\\\/automotiverevista.pt\\\/wp-content\\\/uploads\\\/2025\\\/04\\\/1-1.jpg\",\"articleSection\":[\"Pesados e M\u00e1quinas\",\"P\u00f3s-Venda\"],\"inLanguage\":\"pt-PT\"},{\"@type\":\"WebPage\",\"@id\":\"https:\\\/\\\/automotiverevista.pt\\\/index.php\\\/2025\\\/04\\\/08\\\/schmitz-cargobull-portugal-novas-instalacoes-reforcam-lideranca\\\/\",\"url\":\"https:\\\/\\\/automotiverevista.pt\\\/index.php\\\/2025\\\/04\\\/08\\\/schmitz-cargobull-portugal-novas-instalacoes-reforcam-lideranca\\\/\",\"name\":\"Schmitz Cargobull Portugal \u2013 novas instala\u00e7\u00f5es refor\u00e7am lideran\u00e7a\u00a0 - Revista Automotive\",\"isPartOf\":{\"@id\":\"https:\\\/\\\/automotiverevista.pt\\\/#website\"},\"primaryImageOfPage\":{\"@id\":\"https:\\\/\\\/automotiverevista.pt\\\/index.php\\\/2025\\\/04\\\/08\\\/schmitz-cargobull-portugal-novas-instalacoes-reforcam-lideranca\\\/#primaryimage\"},\"image\":{\"@id\":\"https:\\\/\\\/automotiverevista.pt\\\/index.php\\\/2025\\\/04\\\/08\\\/schmitz-cargobull-portugal-novas-instalacoes-reforcam-lideranca\\\/#primaryimage\"},\"thumbnailUrl\":\"https:\\\/\\\/automotiverevista.pt\\\/wp-content\\\/uploads\\\/2025\\\/04\\\/1-1.jpg\",\"datePublished\":\"2025-04-08T17:02:25+00:00\",\"dateModified\":\"2025-04-08T17:02:27+00:00\",\"description\":\"Com mais de 30 anos de presen\u00e7a no mercado nacional, a sucursal da marca Schmitz Cargobull investiu numa renovada estrutura localizada na\",\"breadcrumb\":{\"@id\":\"https:\\\/\\\/automotiverevista.pt\\\/index.php\\\/2025\\\/04\\\/08\\\/schmitz-cargobull-portugal-novas-instalacoes-reforcam-lideranca\\\/#breadcrumb\"},\"inLanguage\":\"pt-PT\",\"potentialAction\":[{\"@type\":\"ReadAction\",\"target\":[\"https:\\\/\\\/automotiverevista.pt\\\/index.php\\\/2025\\\/04\\\/08\\\/schmitz-cargobull-portugal-novas-instalacoes-reforcam-lideranca\\\/\"]}]},{\"@type\":\"ImageObject\",\"inLanguage\":\"pt-PT\",\"@id\":\"https:\\\/\\\/automotiverevista.pt\\\/index.php\\\/2025\\\/04\\\/08\\\/schmitz-cargobull-portugal-novas-instalacoes-reforcam-lideranca\\\/#primaryimage\",\"url\":\"https:\\\/\\\/automotiverevista.pt\\\/wp-content\\\/uploads\\\/2025\\\/04\\\/1-1.jpg\",\"contentUrl\":\"https:\\\/\\\/automotiverevista.pt\\\/wp-content\\\/uploads\\\/2025\\\/04\\\/1-1.jpg\",\"width\":1400,\"height\":933},{\"@type\":\"BreadcrumbList\",\"@id\":\"https:\\\/\\\/automotiverevista.pt\\\/index.php\\\/2025\\\/04\\\/08\\\/schmitz-cargobull-portugal-novas-instalacoes-reforcam-lideranca\\\/#breadcrumb\",\"itemListElement\":[{\"@type\":\"ListItem\",\"position\":1,\"name\":\"Home\",\"item\":\"https:\\\/\\\/automotiverevista.pt\\\/\"},{\"@type\":\"ListItem\",\"position\":2,\"name\":\"Schmitz Cargobull Portugal \u2013 novas instala\u00e7\u00f5es refor\u00e7am lideran\u00e7a\u00a0\"}]},{\"@type\":\"WebSite\",\"@id\":\"https:\\\/\\\/automotiverevista.pt\\\/#website\",\"url\":\"https:\\\/\\\/automotiverevista.pt\\\/\",\"name\":\"Revista Automotive\",\"description\":\"Revista Automotive Portugal\",\"publisher\":{\"@id\":\"https:\\\/\\\/automotiverevista.pt\\\/#organization\"},\"potentialAction\":[{\"@type\":\"SearchAction\",\"target\":{\"@type\":\"EntryPoint\",\"urlTemplate\":\"https:\\\/\\\/automotiverevista.pt\\\/?s={search_term_string}\"},\"query-input\":{\"@type\":\"PropertyValueSpecification\",\"valueRequired\":true,\"valueName\":\"search_term_string\"}}],\"inLanguage\":\"pt-PT\"},{\"@type\":\"Organization\",\"@id\":\"https:\\\/\\\/automotiverevista.pt\\\/#organization\",\"name\":\"Revista Automotive Portugal\",\"url\":\"https:\\\/\\\/automotiverevista.pt\\\/\",\"logo\":{\"@type\":\"ImageObject\",\"inLanguage\":\"pt-PT\",\"@id\":\"https:\\\/\\\/automotiverevista.pt\\\/#\\\/schema\\\/logo\\\/image\\\/\",\"url\":\"https:\\\/\\\/automotiverevista.pt\\\/wp-content\\\/uploads\\\/2022\\\/07\\\/Logo-Automotive-2021_500-1.jpg\",\"contentUrl\":\"https:\\\/\\\/automotiverevista.pt\\\/wp-content\\\/uploads\\\/2022\\\/07\\\/Logo-Automotive-2021_500-1.jpg\",\"width\":500,\"height\":160,\"caption\":\"Revista Automotive Portugal\"},\"image\":{\"@id\":\"https:\\\/\\\/automotiverevista.pt\\\/#\\\/schema\\\/logo\\\/image\\\/\"},\"sameAs\":[\"https:\\\/\\\/linkedin.com\\\/in\\\/automotiverevista\"]},{\"@type\":\"Person\",\"@id\":\"https:\\\/\\\/automotiverevista.pt\\\/#\\\/schema\\\/person\\\/1e95eb12553b8edd256acb00fe6dad4b\",\"name\":\"Fatima Silva\",\"image\":{\"@type\":\"ImageObject\",\"inLanguage\":\"pt-PT\",\"@id\":\"https:\\\/\\\/secure.gravatar.com\\\/avatar\\\/4b4a955a9c1b66708ab0dd3bd6181ac1f650299d893bd337a28482f7f19c8511?s=96&d=mm&r=g\",\"url\":\"https:\\\/\\\/secure.gravatar.com\\\/avatar\\\/4b4a955a9c1b66708ab0dd3bd6181ac1f650299d893bd337a28482f7f19c8511?s=96&d=mm&r=g\",\"contentUrl\":\"https:\\\/\\\/secure.gravatar.com\\\/avatar\\\/4b4a955a9c1b66708ab0dd3bd6181ac1f650299d893bd337a28482f7f19c8511?s=96&d=mm&r=g\",\"caption\":\"Fatima Silva\"},\"url\":\"https:\\\/\\\/automotiverevista.pt\\\/index.php\\\/author\\\/fgasparsilva\\\/\"}]}<\/script>\n<!-- \/ Yoast SEO Premium plugin. -->","yoast_head_json":{"title":"Schmitz Cargobull Portugal \u2013 novas instala\u00e7\u00f5es refor\u00e7am lideran\u00e7a\u00a0 - Revista Automotive","description":"Com mais de 30 anos de presen\u00e7a no mercado nacional, a sucursal da marca Schmitz Cargobull investiu numa renovada estrutura localizada na","robots":{"index":"index","follow":"follow","max-snippet":"max-snippet:-1","max-image-preview":"max-image-preview:large","max-video-preview":"max-video-preview:-1"},"canonical":"https:\/\/automotiverevista.pt\/index.php\/2025\/04\/08\/schmitz-cargobull-portugal-novas-instalacoes-reforcam-lideranca\/","og_locale":"pt_PT","og_type":"article","og_title":"Schmitz Cargobull Portugal \u2013 novas instala\u00e7\u00f5es refor\u00e7am lideran\u00e7a\u00a0","og_description":"Com mais de 30 anos de presen\u00e7a no mercado nacional, a sucursal da marca Schmitz Cargobull investiu numa renovada estrutura localizada na","og_url":"https:\/\/automotiverevista.pt\/index.php\/2025\/04\/08\/schmitz-cargobull-portugal-novas-instalacoes-reforcam-lideranca\/","og_site_name":"Revista Automotive","article_published_time":"2025-04-08T17:02:25+00:00","article_modified_time":"2025-04-08T17:02:27+00:00","og_image":[{"width":1400,"height":933,"url":"https:\/\/automotiverevista.pt\/wp-content\/uploads\/2025\/04\/1-1.jpg","type":"image\/jpeg"}],"author":"Fatima Silva","twitter_card":"summary_large_image","twitter_misc":{"Escrito por":"Fatima Silva","Tempo estimado de leitura":"6 minutos"},"schema":{"@context":"https:\/\/schema.org","@graph":[{"@type":"Article","@id":"https:\/\/automotiverevista.pt\/index.php\/2025\/04\/08\/schmitz-cargobull-portugal-novas-instalacoes-reforcam-lideranca\/#article","isPartOf":{"@id":"https:\/\/automotiverevista.pt\/index.php\/2025\/04\/08\/schmitz-cargobull-portugal-novas-instalacoes-reforcam-lideranca\/"},"author":{"name":"Fatima Silva","@id":"https:\/\/automotiverevista.pt\/#\/schema\/person\/1e95eb12553b8edd256acb00fe6dad4b"},"headline":"Schmitz Cargobull Portugal \u2013 novas instala\u00e7\u00f5es refor\u00e7am lideran\u00e7a\u00a0","datePublished":"2025-04-08T17:02:25+00:00","dateModified":"2025-04-08T17:02:27+00:00","mainEntityOfPage":{"@id":"https:\/\/automotiverevista.pt\/index.php\/2025\/04\/08\/schmitz-cargobull-portugal-novas-instalacoes-reforcam-lideranca\/"},"wordCount":962,"publisher":{"@id":"https:\/\/automotiverevista.pt\/#organization"},"image":{"@id":"https:\/\/automotiverevista.pt\/index.php\/2025\/04\/08\/schmitz-cargobull-portugal-novas-instalacoes-reforcam-lideranca\/#primaryimage"},"thumbnailUrl":"https:\/\/automotiverevista.pt\/wp-content\/uploads\/2025\/04\/1-1.jpg","articleSection":["Pesados e M\u00e1quinas","P\u00f3s-Venda"],"inLanguage":"pt-PT"},{"@type":"WebPage","@id":"https:\/\/automotiverevista.pt\/index.php\/2025\/04\/08\/schmitz-cargobull-portugal-novas-instalacoes-reforcam-lideranca\/","url":"https:\/\/automotiverevista.pt\/index.php\/2025\/04\/08\/schmitz-cargobull-portugal-novas-instalacoes-reforcam-lideranca\/","name":"Schmitz Cargobull Portugal \u2013 novas instala\u00e7\u00f5es refor\u00e7am lideran\u00e7a\u00a0 - Revista Automotive","isPartOf":{"@id":"https:\/\/automotiverevista.pt\/#website"},"primaryImageOfPage":{"@id":"https:\/\/automotiverevista.pt\/index.php\/2025\/04\/08\/schmitz-cargobull-portugal-novas-instalacoes-reforcam-lideranca\/#primaryimage"},"image":{"@id":"https:\/\/automotiverevista.pt\/index.php\/2025\/04\/08\/schmitz-cargobull-portugal-novas-instalacoes-reforcam-lideranca\/#primaryimage"},"thumbnailUrl":"https:\/\/automotiverevista.pt\/wp-content\/uploads\/2025\/04\/1-1.jpg","datePublished":"2025-04-08T17:02:25+00:00","dateModified":"2025-04-08T17:02:27+00:00","description":"Com mais de 30 anos de presen\u00e7a no mercado nacional, a sucursal da marca Schmitz Cargobull investiu numa renovada estrutura localizada na","breadcrumb":{"@id":"https:\/\/automotiverevista.pt\/index.php\/2025\/04\/08\/schmitz-cargobull-portugal-novas-instalacoes-reforcam-lideranca\/#breadcrumb"},"inLanguage":"pt-PT","potentialAction":[{"@type":"ReadAction","target":["https:\/\/automotiverevista.pt\/index.php\/2025\/04\/08\/schmitz-cargobull-portugal-novas-instalacoes-reforcam-lideranca\/"]}]},{"@type":"ImageObject","inLanguage":"pt-PT","@id":"https:\/\/automotiverevista.pt\/index.php\/2025\/04\/08\/schmitz-cargobull-portugal-novas-instalacoes-reforcam-lideranca\/#primaryimage","url":"https:\/\/automotiverevista.pt\/wp-content\/uploads\/2025\/04\/1-1.jpg","contentUrl":"https:\/\/automotiverevista.pt\/wp-content\/uploads\/2025\/04\/1-1.jpg","width":1400,"height":933},{"@type":"BreadcrumbList","@id":"https:\/\/automotiverevista.pt\/index.php\/2025\/04\/08\/schmitz-cargobull-portugal-novas-instalacoes-reforcam-lideranca\/#breadcrumb","itemListElement":[{"@type":"ListItem","position":1,"name":"Home","item":"https:\/\/automotiverevista.pt\/"},{"@type":"ListItem","position":2,"name":"Schmitz Cargobull Portugal \u2013 novas instala\u00e7\u00f5es refor\u00e7am lideran\u00e7a\u00a0"}]},{"@type":"WebSite","@id":"https:\/\/automotiverevista.pt\/#website","url":"https:\/\/automotiverevista.pt\/","name":"Revista Automotive","description":"Revista Automotive Portugal","publisher":{"@id":"https:\/\/automotiverevista.pt\/#organization"},"potentialAction":[{"@type":"SearchAction","target":{"@type":"EntryPoint","urlTemplate":"https:\/\/automotiverevista.pt\/?s={search_term_string}"},"query-input":{"@type":"PropertyValueSpecification","valueRequired":true,"valueName":"search_term_string"}}],"inLanguage":"pt-PT"},{"@type":"Organization","@id":"https:\/\/automotiverevista.pt\/#organization","name":"Revista Automotive Portugal","url":"https:\/\/automotiverevista.pt\/","logo":{"@type":"ImageObject","inLanguage":"pt-PT","@id":"https:\/\/automotiverevista.pt\/#\/schema\/logo\/image\/","url":"https:\/\/automotiverevista.pt\/wp-content\/uploads\/2022\/07\/Logo-Automotive-2021_500-1.jpg","contentUrl":"https:\/\/automotiverevista.pt\/wp-content\/uploads\/2022\/07\/Logo-Automotive-2021_500-1.jpg","width":500,"height":160,"caption":"Revista Automotive Portugal"},"image":{"@id":"https:\/\/automotiverevista.pt\/#\/schema\/logo\/image\/"},"sameAs":["https:\/\/linkedin.com\/in\/automotiverevista"]},{"@type":"Person","@id":"https:\/\/automotiverevista.pt\/#\/schema\/person\/1e95eb12553b8edd256acb00fe6dad4b","name":"Fatima Silva","image":{"@type":"ImageObject","inLanguage":"pt-PT","@id":"https:\/\/secure.gravatar.com\/avatar\/4b4a955a9c1b66708ab0dd3bd6181ac1f650299d893bd337a28482f7f19c8511?s=96&d=mm&r=g","url":"https:\/\/secure.gravatar.com\/avatar\/4b4a955a9c1b66708ab0dd3bd6181ac1f650299d893bd337a28482f7f19c8511?s=96&d=mm&r=g","contentUrl":"https:\/\/secure.gravatar.com\/avatar\/4b4a955a9c1b66708ab0dd3bd6181ac1f650299d893bd337a28482f7f19c8511?s=96&d=mm&r=g","caption":"Fatima Silva"},"url":"https:\/\/automotiverevista.pt\/index.php\/author\/fgasparsilva\/"}]}},"_links":{"self":[{"href":"https:\/\/automotiverevista.pt\/index.php\/wp-json\/wp\/v2\/posts\/9417","targetHints":{"allow":["GET"]}}],"collection":[{"href":"https:\/\/automotiverevista.pt\/index.php\/wp-json\/wp\/v2\/posts"}],"about":[{"href":"https:\/\/automotiverevista.pt\/index.php\/wp-json\/wp\/v2\/types\/post"}],"author":[{"embeddable":true,"href":"https:\/\/automotiverevista.pt\/index.php\/wp-json\/wp\/v2\/users\/4"}],"replies":[{"embeddable":true,"href":"https:\/\/automotiverevista.pt\/index.php\/wp-json\/wp\/v2\/comments?post=9417"}],"version-history":[{"count":2,"href":"https:\/\/automotiverevista.pt\/index.php\/wp-json\/wp\/v2\/posts\/9417\/revisions"}],"predecessor-version":[{"id":9430,"href":"https:\/\/automotiverevista.pt\/index.php\/wp-json\/wp\/v2\/posts\/9417\/revisions\/9430"}],"wp:featuredmedia":[{"embeddable":true,"href":"https:\/\/automotiverevista.pt\/index.php\/wp-json\/wp\/v2\/media\/9418"}],"wp:attachment":[{"href":"https:\/\/automotiverevista.pt\/index.php\/wp-json\/wp\/v2\/media?parent=9417"}],"wp:term":[{"taxonomy":"category","embeddable":true,"href":"https:\/\/automotiverevista.pt\/index.php\/wp-json\/wp\/v2\/categories?post=9417"},{"taxonomy":"post_tag","embeddable":true,"href":"https:\/\/automotiverevista.pt\/index.php\/wp-json\/wp\/v2\/tags?post=9417"}],"curies":[{"name":"wp","href":"https:\/\/api.w.org\/{rel}","templated":true}]}}