{"id":9437,"date":"2025-04-10T12:57:52","date_gmt":"2025-04-10T12:57:52","guid":{"rendered":"https:\/\/automotiverevista.pt\/?p=9437"},"modified":"2025-04-10T12:57:53","modified_gmt":"2025-04-10T12:57:53","slug":"portugal-bem-representado-em-bauma","status":"publish","type":"post","link":"https:\/\/automotiverevista.pt\/index.php\/2025\/04\/10\/portugal-bem-representado-em-bauma\/","title":{"rendered":"Portugal\u00a0 bem representado em Bauma"},"content":{"rendered":"\n<p>Com uma delega\u00e7\u00e3o formada por 15 expositores, Portugal est\u00e1 bem representado <a href=\"https:\/\/bauma.de\/en\/trade-fair\/tickets\/?utm_campaign=BMA_av_online&amp;utm_medium=other_mmg&amp;utm_source=AutomotiveRevista&amp;utm_content=241216RM07&amp;utm_creative_format=display&amp;utm_marketing_tactic=performance\">na edi\u00e7\u00e3o deste ano de Bauma,<\/a> naquele que \u00e9 o maior sal\u00e3o mundial de m\u00e1quinas, equipamentos, acess\u00f3rios e servi\u00e7os para o mercado da constru\u00e7\u00e3o, obras p\u00fablicas e minera\u00e7\u00e3o.<\/p>\n\n\n\n<p>A Revista Automotive est\u00e1 presente em Bauma, na qualidade de media partner oficial deste grande evento, com mais de 3500 expositores de 57 pa\u00edses que, numa \u00e1rea superior a 600 mil m2 de \u00e1rea expositiva, apresentam as suas novidades destinadas a diferentes setores de atividade.<\/p>\n\n\n\n<p>A organiza\u00e7\u00e3o do Sal\u00e3o de Bauma estima alcan\u00e7ar cerca de 600 mil visitantes que se deslocaram <a href=\"https:\/\/bauma.de\/en\/trade-fair\/tickets\/?utm_campaign=BMA_av_online&amp;utm_medium=other_mmg&amp;utm_source=AutomotiveRevista&amp;utm_content=241216RM07&amp;utm_creative_format=display&amp;utm_marketing_tactic=performance\">a Munique,<\/a> capital do estado da Baviera, para tomarem contato com o que de melhor existe em termos de m\u00e1quinas e equipamentos.<\/p>\n\n\n\n<p>De acordo com <strong>T\u00e2nia Mutert Barros<\/strong>, diretora geral da Mundifeiras, empresa que representa oficialmente o <a href=\"https:\/\/bauma.de\/en\/trade-fair\/tickets\/?utm_campaign=BMA_av_online&amp;utm_medium=other_mmg&amp;utm_source=AutomotiveRevista&amp;utm_content=241216RM07&amp;utm_creative_format=display&amp;utm_marketing_tactic=performance\">Sal\u00e3o de Bauma <\/a>em Portugal \u201ca participa\u00e7\u00e3o portuguesa \u00e9 um \u00eaxito na edi\u00e7\u00e3o deste ano com 15 empresas expositoras que ocupam 950m2, o que representa um aumento de 37% em rela\u00e7\u00e3o \u00e0 edi\u00e7\u00e3o anterior\u201d, destacou T\u00e2nia Mutert, na foto, com a representante da AEP e diretores da empresa portuguesa Catari Ind\u00fastria.<\/p>\n\n\n\n<p>A edi\u00e7\u00e3o deste m\u00eas de abril da Revista Automotive ir\u00e1 apresentar mais detalhes deste grande sal\u00e3o mundial, que decorrer\u00e1 at\u00e9 o dia13 deste m\u00eas.<\/p>\n","protected":false},"excerpt":{"rendered":"<p>Com uma delega\u00e7\u00e3o formada por 15 expositores, Portugal est\u00e1 bem representado na edi\u00e7\u00e3o deste ano de Bauma, naquele que \u00e9 o maior sal\u00e3o mundial de m\u00e1quinas, equipamentos, acess\u00f3rios e servi\u00e7os para o mercado da constru\u00e7\u00e3o, obras p\u00fablicas e minera\u00e7\u00e3o. A Revista Automotive est\u00e1 presente em Bauma, na qualidade de media partner oficial deste grande evento, [&hellip;]<\/p>\n","protected":false},"author":4,"featured_media":9438,"comment_status":"closed","ping_status":"open","sticky":false,"template":"","format":"standard","meta":{"jnews-multi-image_gallery":[],"jnews_single_post":{"format":"standard"},"jnews_primary_category":[],"footnotes":""},"categories":[25],"tags":[],"class_list":["post-9437","post","type-post","status-publish","format-standard","has-post-thumbnail","hentry","category-pesados-e-maquinas"],"yoast_head":"<!-- This site is optimized with the Yoast SEO Premium plugin v27.5 (Yoast SEO v27.5) - https:\/\/yoast.com\/product\/yoast-seo-premium-wordpress\/ -->\n<title>Portugal\u00a0 bem representado em Bauma - Revista Automotive<\/title>\n<meta name=\"description\" content=\"Portugal est\u00e1 bem representado na edi\u00e7\u00e3o deste ano de Bauma, naquele que \u00e9 o maior sal\u00e3o mundial de m\u00e1quinas, equipamentos\" \/>\n<meta name=\"robots\" content=\"index, follow, max-snippet:-1, max-image-preview:large, max-video-preview:-1\" \/>\n<link rel=\"canonical\" href=\"https:\/\/automotiverevista.pt\/index.php\/2025\/04\/10\/portugal-bem-representado-em-bauma\/\" \/>\n<meta property=\"og:locale\" content=\"pt_PT\" \/>\n<meta property=\"og:type\" content=\"article\" \/>\n<meta property=\"og:title\" content=\"Portugal\u00a0 bem representado em Bauma\" \/>\n<meta property=\"og:description\" content=\"Portugal est\u00e1 bem representado na edi\u00e7\u00e3o deste ano de Bauma, naquele que \u00e9 o maior sal\u00e3o mundial de m\u00e1quinas, equipamentos\" \/>\n<meta property=\"og:url\" content=\"https:\/\/automotiverevista.pt\/index.php\/2025\/04\/10\/portugal-bem-representado-em-bauma\/\" \/>\n<meta property=\"og:site_name\" content=\"Revista Automotive\" \/>\n<meta property=\"article:published_time\" content=\"2025-04-10T12:57:52+00:00\" \/>\n<meta property=\"article:modified_time\" content=\"2025-04-10T12:57:53+00:00\" \/>\n<meta property=\"og:image\" content=\"https:\/\/automotiverevista.pt\/wp-content\/uploads\/2025\/04\/20250409_173303_low.jpg\" \/>\n\t<meta property=\"og:image:width\" content=\"1300\" \/>\n\t<meta property=\"og:image:height\" content=\"975\" \/>\n\t<meta property=\"og:image:type\" content=\"image\/jpeg\" \/>\n<meta name=\"author\" content=\"Fatima Silva\" \/>\n<meta name=\"twitter:card\" content=\"summary_large_image\" \/>\n<meta name=\"twitter:label1\" content=\"Escrito por\" \/>\n\t<meta name=\"twitter:data1\" content=\"Fatima Silva\" \/>\n\t<meta name=\"twitter:label2\" content=\"Tempo estimado de leitura\" \/>\n\t<meta name=\"twitter:data2\" content=\"2 minutos\" \/>\n<script type=\"application\/ld+json\" class=\"yoast-schema-graph\">{\"@context\":\"https:\\\/\\\/schema.org\",\"@graph\":[{\"@type\":\"Article\",\"@id\":\"https:\\\/\\\/automotiverevista.pt\\\/index.php\\\/2025\\\/04\\\/10\\\/portugal-bem-representado-em-bauma\\\/#article\",\"isPartOf\":{\"@id\":\"https:\\\/\\\/automotiverevista.pt\\\/index.php\\\/2025\\\/04\\\/10\\\/portugal-bem-representado-em-bauma\\\/\"},\"author\":{\"name\":\"Fatima Silva\",\"@id\":\"https:\\\/\\\/automotiverevista.pt\\\/#\\\/schema\\\/person\\\/1e95eb12553b8edd256acb00fe6dad4b\"},\"headline\":\"Portugal\u00a0 bem representado em Bauma\",\"datePublished\":\"2025-04-10T12:57:52+00:00\",\"dateModified\":\"2025-04-10T12:57:53+00:00\",\"mainEntityOfPage\":{\"@id\":\"https:\\\/\\\/automotiverevista.pt\\\/index.php\\\/2025\\\/04\\\/10\\\/portugal-bem-representado-em-bauma\\\/\"},\"wordCount\":233,\"publisher\":{\"@id\":\"https:\\\/\\\/automotiverevista.pt\\\/#organization\"},\"image\":{\"@id\":\"https:\\\/\\\/automotiverevista.pt\\\/index.php\\\/2025\\\/04\\\/10\\\/portugal-bem-representado-em-bauma\\\/#primaryimage\"},\"thumbnailUrl\":\"https:\\\/\\\/automotiverevista.pt\\\/wp-content\\\/uploads\\\/2025\\\/04\\\/20250409_173303_low.jpg\",\"articleSection\":[\"Pesados e M\u00e1quinas\"],\"inLanguage\":\"pt-PT\"},{\"@type\":\"WebPage\",\"@id\":\"https:\\\/\\\/automotiverevista.pt\\\/index.php\\\/2025\\\/04\\\/10\\\/portugal-bem-representado-em-bauma\\\/\",\"url\":\"https:\\\/\\\/automotiverevista.pt\\\/index.php\\\/2025\\\/04\\\/10\\\/portugal-bem-representado-em-bauma\\\/\",\"name\":\"Portugal\u00a0 bem representado em Bauma - Revista Automotive\",\"isPartOf\":{\"@id\":\"https:\\\/\\\/automotiverevista.pt\\\/#website\"},\"primaryImageOfPage\":{\"@id\":\"https:\\\/\\\/automotiverevista.pt\\\/index.php\\\/2025\\\/04\\\/10\\\/portugal-bem-representado-em-bauma\\\/#primaryimage\"},\"image\":{\"@id\":\"https:\\\/\\\/automotiverevista.pt\\\/index.php\\\/2025\\\/04\\\/10\\\/portugal-bem-representado-em-bauma\\\/#primaryimage\"},\"thumbnailUrl\":\"https:\\\/\\\/automotiverevista.pt\\\/wp-content\\\/uploads\\\/2025\\\/04\\\/20250409_173303_low.jpg\",\"datePublished\":\"2025-04-10T12:57:52+00:00\",\"dateModified\":\"2025-04-10T12:57:53+00:00\",\"description\":\"Portugal est\u00e1 bem representado na edi\u00e7\u00e3o deste ano de Bauma, naquele que \u00e9 o maior sal\u00e3o mundial de m\u00e1quinas, equipamentos\",\"breadcrumb\":{\"@id\":\"https:\\\/\\\/automotiverevista.pt\\\/index.php\\\/2025\\\/04\\\/10\\\/portugal-bem-representado-em-bauma\\\/#breadcrumb\"},\"inLanguage\":\"pt-PT\",\"potentialAction\":[{\"@type\":\"ReadAction\",\"target\":[\"https:\\\/\\\/automotiverevista.pt\\\/index.php\\\/2025\\\/04\\\/10\\\/portugal-bem-representado-em-bauma\\\/\"]}]},{\"@type\":\"ImageObject\",\"inLanguage\":\"pt-PT\",\"@id\":\"https:\\\/\\\/automotiverevista.pt\\\/index.php\\\/2025\\\/04\\\/10\\\/portugal-bem-representado-em-bauma\\\/#primaryimage\",\"url\":\"https:\\\/\\\/automotiverevista.pt\\\/wp-content\\\/uploads\\\/2025\\\/04\\\/20250409_173303_low.jpg\",\"contentUrl\":\"https:\\\/\\\/automotiverevista.pt\\\/wp-content\\\/uploads\\\/2025\\\/04\\\/20250409_173303_low.jpg\",\"width\":1300,\"height\":975},{\"@type\":\"BreadcrumbList\",\"@id\":\"https:\\\/\\\/automotiverevista.pt\\\/index.php\\\/2025\\\/04\\\/10\\\/portugal-bem-representado-em-bauma\\\/#breadcrumb\",\"itemListElement\":[{\"@type\":\"ListItem\",\"position\":1,\"name\":\"Home\",\"item\":\"https:\\\/\\\/automotiverevista.pt\\\/\"},{\"@type\":\"ListItem\",\"position\":2,\"name\":\"Portugal\u00a0 bem representado em Bauma\"}]},{\"@type\":\"WebSite\",\"@id\":\"https:\\\/\\\/automotiverevista.pt\\\/#website\",\"url\":\"https:\\\/\\\/automotiverevista.pt\\\/\",\"name\":\"Revista Automotive\",\"description\":\"Revista Automotive Portugal\",\"publisher\":{\"@id\":\"https:\\\/\\\/automotiverevista.pt\\\/#organization\"},\"potentialAction\":[{\"@type\":\"SearchAction\",\"target\":{\"@type\":\"EntryPoint\",\"urlTemplate\":\"https:\\\/\\\/automotiverevista.pt\\\/?s={search_term_string}\"},\"query-input\":{\"@type\":\"PropertyValueSpecification\",\"valueRequired\":true,\"valueName\":\"search_term_string\"}}],\"inLanguage\":\"pt-PT\"},{\"@type\":\"Organization\",\"@id\":\"https:\\\/\\\/automotiverevista.pt\\\/#organization\",\"name\":\"Revista Automotive Portugal\",\"url\":\"https:\\\/\\\/automotiverevista.pt\\\/\",\"logo\":{\"@type\":\"ImageObject\",\"inLanguage\":\"pt-PT\",\"@id\":\"https:\\\/\\\/automotiverevista.pt\\\/#\\\/schema\\\/logo\\\/image\\\/\",\"url\":\"https:\\\/\\\/automotiverevista.pt\\\/wp-content\\\/uploads\\\/2022\\\/07\\\/Logo-Automotive-2021_500-1.jpg\",\"contentUrl\":\"https:\\\/\\\/automotiverevista.pt\\\/wp-content\\\/uploads\\\/2022\\\/07\\\/Logo-Automotive-2021_500-1.jpg\",\"width\":500,\"height\":160,\"caption\":\"Revista Automotive Portugal\"},\"image\":{\"@id\":\"https:\\\/\\\/automotiverevista.pt\\\/#\\\/schema\\\/logo\\\/image\\\/\"},\"sameAs\":[\"https:\\\/\\\/linkedin.com\\\/in\\\/automotiverevista\"]},{\"@type\":\"Person\",\"@id\":\"https:\\\/\\\/automotiverevista.pt\\\/#\\\/schema\\\/person\\\/1e95eb12553b8edd256acb00fe6dad4b\",\"name\":\"Fatima Silva\",\"image\":{\"@type\":\"ImageObject\",\"inLanguage\":\"pt-PT\",\"@id\":\"https:\\\/\\\/secure.gravatar.com\\\/avatar\\\/4b4a955a9c1b66708ab0dd3bd6181ac1f650299d893bd337a28482f7f19c8511?s=96&d=mm&r=g\",\"url\":\"https:\\\/\\\/secure.gravatar.com\\\/avatar\\\/4b4a955a9c1b66708ab0dd3bd6181ac1f650299d893bd337a28482f7f19c8511?s=96&d=mm&r=g\",\"contentUrl\":\"https:\\\/\\\/secure.gravatar.com\\\/avatar\\\/4b4a955a9c1b66708ab0dd3bd6181ac1f650299d893bd337a28482f7f19c8511?s=96&d=mm&r=g\",\"caption\":\"Fatima Silva\"},\"url\":\"https:\\\/\\\/automotiverevista.pt\\\/index.php\\\/author\\\/fgasparsilva\\\/\"}]}<\/script>\n<!-- \/ Yoast SEO Premium plugin. -->","yoast_head_json":{"title":"Portugal\u00a0 bem representado em Bauma - Revista Automotive","description":"Portugal est\u00e1 bem representado na edi\u00e7\u00e3o deste ano de Bauma, naquele que \u00e9 o maior sal\u00e3o mundial de m\u00e1quinas, equipamentos","robots":{"index":"index","follow":"follow","max-snippet":"max-snippet:-1","max-image-preview":"max-image-preview:large","max-video-preview":"max-video-preview:-1"},"canonical":"https:\/\/automotiverevista.pt\/index.php\/2025\/04\/10\/portugal-bem-representado-em-bauma\/","og_locale":"pt_PT","og_type":"article","og_title":"Portugal\u00a0 bem representado em Bauma","og_description":"Portugal est\u00e1 bem representado na edi\u00e7\u00e3o deste ano de Bauma, naquele que \u00e9 o maior sal\u00e3o mundial de m\u00e1quinas, equipamentos","og_url":"https:\/\/automotiverevista.pt\/index.php\/2025\/04\/10\/portugal-bem-representado-em-bauma\/","og_site_name":"Revista Automotive","article_published_time":"2025-04-10T12:57:52+00:00","article_modified_time":"2025-04-10T12:57:53+00:00","og_image":[{"width":1300,"height":975,"url":"https:\/\/automotiverevista.pt\/wp-content\/uploads\/2025\/04\/20250409_173303_low.jpg","type":"image\/jpeg"}],"author":"Fatima Silva","twitter_card":"summary_large_image","twitter_misc":{"Escrito por":"Fatima Silva","Tempo estimado de leitura":"2 minutos"},"schema":{"@context":"https:\/\/schema.org","@graph":[{"@type":"Article","@id":"https:\/\/automotiverevista.pt\/index.php\/2025\/04\/10\/portugal-bem-representado-em-bauma\/#article","isPartOf":{"@id":"https:\/\/automotiverevista.pt\/index.php\/2025\/04\/10\/portugal-bem-representado-em-bauma\/"},"author":{"name":"Fatima Silva","@id":"https:\/\/automotiverevista.pt\/#\/schema\/person\/1e95eb12553b8edd256acb00fe6dad4b"},"headline":"Portugal\u00a0 bem representado em Bauma","datePublished":"2025-04-10T12:57:52+00:00","dateModified":"2025-04-10T12:57:53+00:00","mainEntityOfPage":{"@id":"https:\/\/automotiverevista.pt\/index.php\/2025\/04\/10\/portugal-bem-representado-em-bauma\/"},"wordCount":233,"publisher":{"@id":"https:\/\/automotiverevista.pt\/#organization"},"image":{"@id":"https:\/\/automotiverevista.pt\/index.php\/2025\/04\/10\/portugal-bem-representado-em-bauma\/#primaryimage"},"thumbnailUrl":"https:\/\/automotiverevista.pt\/wp-content\/uploads\/2025\/04\/20250409_173303_low.jpg","articleSection":["Pesados e M\u00e1quinas"],"inLanguage":"pt-PT"},{"@type":"WebPage","@id":"https:\/\/automotiverevista.pt\/index.php\/2025\/04\/10\/portugal-bem-representado-em-bauma\/","url":"https:\/\/automotiverevista.pt\/index.php\/2025\/04\/10\/portugal-bem-representado-em-bauma\/","name":"Portugal\u00a0 bem representado em Bauma - Revista Automotive","isPartOf":{"@id":"https:\/\/automotiverevista.pt\/#website"},"primaryImageOfPage":{"@id":"https:\/\/automotiverevista.pt\/index.php\/2025\/04\/10\/portugal-bem-representado-em-bauma\/#primaryimage"},"image":{"@id":"https:\/\/automotiverevista.pt\/index.php\/2025\/04\/10\/portugal-bem-representado-em-bauma\/#primaryimage"},"thumbnailUrl":"https:\/\/automotiverevista.pt\/wp-content\/uploads\/2025\/04\/20250409_173303_low.jpg","datePublished":"2025-04-10T12:57:52+00:00","dateModified":"2025-04-10T12:57:53+00:00","description":"Portugal est\u00e1 bem representado na edi\u00e7\u00e3o deste ano de Bauma, naquele que \u00e9 o maior sal\u00e3o mundial de m\u00e1quinas, equipamentos","breadcrumb":{"@id":"https:\/\/automotiverevista.pt\/index.php\/2025\/04\/10\/portugal-bem-representado-em-bauma\/#breadcrumb"},"inLanguage":"pt-PT","potentialAction":[{"@type":"ReadAction","target":["https:\/\/automotiverevista.pt\/index.php\/2025\/04\/10\/portugal-bem-representado-em-bauma\/"]}]},{"@type":"ImageObject","inLanguage":"pt-PT","@id":"https:\/\/automotiverevista.pt\/index.php\/2025\/04\/10\/portugal-bem-representado-em-bauma\/#primaryimage","url":"https:\/\/automotiverevista.pt\/wp-content\/uploads\/2025\/04\/20250409_173303_low.jpg","contentUrl":"https:\/\/automotiverevista.pt\/wp-content\/uploads\/2025\/04\/20250409_173303_low.jpg","width":1300,"height":975},{"@type":"BreadcrumbList","@id":"https:\/\/automotiverevista.pt\/index.php\/2025\/04\/10\/portugal-bem-representado-em-bauma\/#breadcrumb","itemListElement":[{"@type":"ListItem","position":1,"name":"Home","item":"https:\/\/automotiverevista.pt\/"},{"@type":"ListItem","position":2,"name":"Portugal\u00a0 bem representado em Bauma"}]},{"@type":"WebSite","@id":"https:\/\/automotiverevista.pt\/#website","url":"https:\/\/automotiverevista.pt\/","name":"Revista Automotive","description":"Revista Automotive Portugal","publisher":{"@id":"https:\/\/automotiverevista.pt\/#organization"},"potentialAction":[{"@type":"SearchAction","target":{"@type":"EntryPoint","urlTemplate":"https:\/\/automotiverevista.pt\/?s={search_term_string}"},"query-input":{"@type":"PropertyValueSpecification","valueRequired":true,"valueName":"search_term_string"}}],"inLanguage":"pt-PT"},{"@type":"Organization","@id":"https:\/\/automotiverevista.pt\/#organization","name":"Revista Automotive Portugal","url":"https:\/\/automotiverevista.pt\/","logo":{"@type":"ImageObject","inLanguage":"pt-PT","@id":"https:\/\/automotiverevista.pt\/#\/schema\/logo\/image\/","url":"https:\/\/automotiverevista.pt\/wp-content\/uploads\/2022\/07\/Logo-Automotive-2021_500-1.jpg","contentUrl":"https:\/\/automotiverevista.pt\/wp-content\/uploads\/2022\/07\/Logo-Automotive-2021_500-1.jpg","width":500,"height":160,"caption":"Revista Automotive Portugal"},"image":{"@id":"https:\/\/automotiverevista.pt\/#\/schema\/logo\/image\/"},"sameAs":["https:\/\/linkedin.com\/in\/automotiverevista"]},{"@type":"Person","@id":"https:\/\/automotiverevista.pt\/#\/schema\/person\/1e95eb12553b8edd256acb00fe6dad4b","name":"Fatima Silva","image":{"@type":"ImageObject","inLanguage":"pt-PT","@id":"https:\/\/secure.gravatar.com\/avatar\/4b4a955a9c1b66708ab0dd3bd6181ac1f650299d893bd337a28482f7f19c8511?s=96&d=mm&r=g","url":"https:\/\/secure.gravatar.com\/avatar\/4b4a955a9c1b66708ab0dd3bd6181ac1f650299d893bd337a28482f7f19c8511?s=96&d=mm&r=g","contentUrl":"https:\/\/secure.gravatar.com\/avatar\/4b4a955a9c1b66708ab0dd3bd6181ac1f650299d893bd337a28482f7f19c8511?s=96&d=mm&r=g","caption":"Fatima Silva"},"url":"https:\/\/automotiverevista.pt\/index.php\/author\/fgasparsilva\/"}]}},"_links":{"self":[{"href":"https:\/\/automotiverevista.pt\/index.php\/wp-json\/wp\/v2\/posts\/9437","targetHints":{"allow":["GET"]}}],"collection":[{"href":"https:\/\/automotiverevista.pt\/index.php\/wp-json\/wp\/v2\/posts"}],"about":[{"href":"https:\/\/automotiverevista.pt\/index.php\/wp-json\/wp\/v2\/types\/post"}],"author":[{"embeddable":true,"href":"https:\/\/automotiverevista.pt\/index.php\/wp-json\/wp\/v2\/users\/4"}],"replies":[{"embeddable":true,"href":"https:\/\/automotiverevista.pt\/index.php\/wp-json\/wp\/v2\/comments?post=9437"}],"version-history":[{"count":2,"href":"https:\/\/automotiverevista.pt\/index.php\/wp-json\/wp\/v2\/posts\/9437\/revisions"}],"predecessor-version":[{"id":9440,"href":"https:\/\/automotiverevista.pt\/index.php\/wp-json\/wp\/v2\/posts\/9437\/revisions\/9440"}],"wp:featuredmedia":[{"embeddable":true,"href":"https:\/\/automotiverevista.pt\/index.php\/wp-json\/wp\/v2\/media\/9438"}],"wp:attachment":[{"href":"https:\/\/automotiverevista.pt\/index.php\/wp-json\/wp\/v2\/media?parent=9437"}],"wp:term":[{"taxonomy":"category","embeddable":true,"href":"https:\/\/automotiverevista.pt\/index.php\/wp-json\/wp\/v2\/categories?post=9437"},{"taxonomy":"post_tag","embeddable":true,"href":"https:\/\/automotiverevista.pt\/index.php\/wp-json\/wp\/v2\/tags?post=9437"}],"curies":[{"name":"wp","href":"https:\/\/api.w.org\/{rel}","templated":true}]}}