{"id":9679,"date":"2025-05-08T18:34:56","date_gmt":"2025-05-08T18:34:56","guid":{"rendered":"https:\/\/automotiverevista.pt\/?p=9679"},"modified":"2025-05-19T17:52:15","modified_gmt":"2025-05-19T17:52:15","slug":"tatra-phoenix-a-alternativa-aos-dumpers-agora-em-portugal","status":"publish","type":"post","link":"https:\/\/automotiverevista.pt\/index.php\/2025\/05\/08\/tatra-phoenix-a-alternativa-aos-dumpers-agora-em-portugal\/","title":{"rendered":"Tatra Phoenix \u2013 a alternativa aos dumpers agora em Portugal"},"content":{"rendered":"\n<p>A Beiracar (concession\u00e1rio DAF em Viseu), apresentou o novo Tatra Phoenix Euro 6, com capacidade de substituir um <a href=\"https:\/\/youtu.be\/IWR7LTfYjrI?si=JKb5Vp7uOj4hpzBc\">dumper<\/a> e um <a href=\"https:\/\/youtu.be\/F-cpRLhgVTI?si=r_k3xDSbtYl0vF7G\">cami\u00e3o de constru\u00e7\u00e3o<\/a>. Equipado com b\u00e1scula, na sua vers\u00e3o 8&#215;8 tem capacidade de carga de 30 toneladas e est\u00e1 homologado para circular em estrada.<\/p>\n\n\n\n<p>A Revista Automotive esteve presente na apresenta\u00e7\u00e3o nacional, que teve lugar de forma est\u00e1tica no sal\u00e3o Stone no Porto, e de forma din\u00e2mica em Guimar\u00e3es, onde pudemos conduzi-lo no \u00e2mbito de uma a\u00e7\u00e3o de forma\u00e7\u00e3o da<a href=\"https:\/\/www.enb.pt\/index.php\"> Escola Nacional de Bombeiros (ENB).<\/a><\/p>\n\n\n\n<figure class=\"wp-block-image size-large is-resized\"><img decoding=\"async\" width=\"1024\" height=\"660\" src=\"https:\/\/automotiverevista.pt\/wp-content\/uploads\/2025\/05\/Tatra_RM-26-1024x660.jpg\" alt=\"\" class=\"wp-image-9682\" style=\"width:801px;height:auto\" srcset=\"https:\/\/automotiverevista.pt\/wp-content\/uploads\/2025\/05\/Tatra_RM-26-1024x660.jpg 1024w, https:\/\/automotiverevista.pt\/wp-content\/uploads\/2025\/05\/Tatra_RM-26-300x193.jpg 300w, https:\/\/automotiverevista.pt\/wp-content\/uploads\/2025\/05\/Tatra_RM-26-768x495.jpg 768w, https:\/\/automotiverevista.pt\/wp-content\/uploads\/2025\/05\/Tatra_RM-26-750x483.jpg 750w, https:\/\/automotiverevista.pt\/wp-content\/uploads\/2025\/05\/Tatra_RM-26.jpg 1134w\" sizes=\"(max-width: 1024px) 100vw, 1024px\" \/><\/figure>\n\n\n\n<p><strong>Marca tecnicista<\/strong><\/p>\n\n\n\n<p>Fundada em 1850 na cidade de <a href=\"https:\/\/www.tatratrucks.com\/\">Kop\u0159ivnice <\/a>(hoje na Rep\u00fablica Checa), a Tatra \u00e9 a <strong>terceira marca autom\u00f3vel mais antiga do mundo<\/strong> (em opera\u00e7\u00e3o cont\u00ednua), depois da Daimler e da Peugeot. Tem uma filosofia tecnicista e investe bastante em verdadeiras inova\u00e7\u00f5es. Prova disso \u00e9 o modelo Volkswagen Carocha, ter-se baseado em carros da Tatra.<\/p>\n\n\n\n<p>Nos seus mais de 175 anos, a Tatra produziu uma grande variedade de autom\u00f3veis, desde ligeiros a pesados. Nas \u00faltimas d\u00e9cadas, concentrou a sua produ\u00e7\u00e3o em cami\u00f5es para aplica\u00e7\u00f5es nos setores da constru\u00e7\u00e3o, demoli\u00e7\u00e3o, minera\u00e7\u00e3o, \u00e1rea agr\u00edcola, florestal, combate a inc\u00eandios, e inclusive \u00e1rea militar.<\/p>\n\n\n\n<p>Com vendas a n\u00edvel global, a Tatra tem in\u00fameras patentes e inven\u00e7\u00f5es, como \u00e9 o caso dos <strong>semieixos oscilantes independentes<\/strong>, inventados pelos engenheiros da marca em 1923. Estes t\u00eam continuamente vindo a ser aprimorados e s\u00e3o uma parte importante do modelo Phoenix agora apresentado.<\/p>\n\n\n\n<figure class=\"wp-block-image size-large is-resized\"><img decoding=\"async\" width=\"1024\" height=\"768\" src=\"https:\/\/automotiverevista.pt\/wp-content\/uploads\/2025\/05\/Tatra_EG-22-1024x768.jpg\" alt=\"\" class=\"wp-image-9683\" style=\"width:835px;height:auto\" srcset=\"https:\/\/automotiverevista.pt\/wp-content\/uploads\/2025\/05\/Tatra_EG-22-1024x768.jpg 1024w, https:\/\/automotiverevista.pt\/wp-content\/uploads\/2025\/05\/Tatra_EG-22-300x225.jpg 300w, https:\/\/automotiverevista.pt\/wp-content\/uploads\/2025\/05\/Tatra_EG-22-768x576.jpg 768w, https:\/\/automotiverevista.pt\/wp-content\/uploads\/2025\/05\/Tatra_EG-22-750x563.jpg 750w, https:\/\/automotiverevista.pt\/wp-content\/uploads\/2025\/05\/Tatra_EG-22-1140x855.jpg 1140w, https:\/\/automotiverevista.pt\/wp-content\/uploads\/2025\/05\/Tatra_EG-22.jpg 1500w\" sizes=\"(max-width: 1024px) 100vw, 1024px\" \/><\/figure>\n\n\n\n<p><strong>Parceria com a DAF<\/strong><\/p>\n\n\n\n<p>H\u00e1 mais de 10 anos que os cami\u00f5es Tatra est\u00e3o equipados com <a href=\"https:\/\/automotiverevista.pt\/index.php\/2024\/11\/25\/daf-com-atualizacao-completa-na-gama-de-camioes\/\">cabine e motores DAF<\/a>, sendo uma parceria de sucesso. O conforto e habitabilidade dos modelos Tatra est\u00e3o garantidos pelas novas cabinas da DAF; a fiabilidade e os baixos consumos est\u00e3o assegurados pelos motores PACCAR Euro 6. Assim a Tatra pode concentrar-se no que melhor sabe fazer: desenvolvimento e produ\u00e7\u00e3o de cadeia cinem\u00e1tica, chassis e suspens\u00f5es.<\/p>\n\n\n\n<p>Em termos de motores, o novo Phoenix pode ser equipado com o motor 11 litros (Euro 6) <a href=\"https:\/\/automotiverevista.pt\/index.php\/2025\/05\/08\/daf-com-motor-preparado-para-biodiesel-b100\/\">PACCAR <\/a>com 410 ou 450 CV; ou o motor 13 litros (Euro 6) PACCAR, nas pot\u00eancias de 430, 480 ou 530 CV. Destaque para a vers\u00e3o 530 CV que debita 2700NM de bin\u00e1rio.<\/p>\n\n\n\n<figure class=\"wp-block-image size-large is-resized\"><img decoding=\"async\" width=\"1024\" height=\"768\" src=\"https:\/\/automotiverevista.pt\/wp-content\/uploads\/2025\/05\/Tatra_RM-127-1024x768.jpg\" alt=\"\" class=\"wp-image-9684\" style=\"width:813px;height:auto\" srcset=\"https:\/\/automotiverevista.pt\/wp-content\/uploads\/2025\/05\/Tatra_RM-127-1024x768.jpg 1024w, https:\/\/automotiverevista.pt\/wp-content\/uploads\/2025\/05\/Tatra_RM-127-300x225.jpg 300w, https:\/\/automotiverevista.pt\/wp-content\/uploads\/2025\/05\/Tatra_RM-127-768x576.jpg 768w, https:\/\/automotiverevista.pt\/wp-content\/uploads\/2025\/05\/Tatra_RM-127-750x563.jpg 750w, https:\/\/automotiverevista.pt\/wp-content\/uploads\/2025\/05\/Tatra_RM-127-1140x855.jpg 1140w, https:\/\/automotiverevista.pt\/wp-content\/uploads\/2025\/05\/Tatra_RM-127.jpg 1500w\" sizes=\"(max-width: 1024px) 100vw, 1024px\" \/><\/figure>\n\n\n\n<p><strong>Chassis, suspens\u00e3o e cadeia cinem\u00e1tica<\/strong><\/p>\n\n\n\n<p>O Tatra Phoenix apresenta uma solu\u00e7\u00e3o \u00fanica no mercado, que combina um chassis refor\u00e7ado com uma cadeia cinem\u00e1tica \u00fanica e uma suspens\u00e3o inovadora.<\/p>\n\n\n\n<p>Quanto \u00e0 cadeia cinem\u00e1tica, a novidade come\u00e7a na transmiss\u00e3o que se conecta com uma caixa de transfer\u00eancia de 2 velocidades (baixas e altas): baixas para condu\u00e7\u00e3o em fora de estrada, e as altas para condu\u00e7\u00e3o em estrada. A caixa de transmiss\u00e3o liga-se aos eixos atrav\u00e9s de veios propulsores com diferenciais individuais. Tudo isto \u00e9 protegido por completo, atrav\u00e9s de um tubo do eixo central que resguarda os componentes que, num cami\u00e3o convencional, estariam expostos.<\/p>\n\n\n\n<figure class=\"wp-block-image size-large is-resized\"><img decoding=\"async\" width=\"1024\" height=\"768\" src=\"https:\/\/automotiverevista.pt\/wp-content\/uploads\/2025\/05\/Tatra_EG-36-1024x768.jpg\" alt=\"\" class=\"wp-image-9694\" style=\"width:733px;height:auto\" srcset=\"https:\/\/automotiverevista.pt\/wp-content\/uploads\/2025\/05\/Tatra_EG-36-1024x768.jpg 1024w, https:\/\/automotiverevista.pt\/wp-content\/uploads\/2025\/05\/Tatra_EG-36-300x225.jpg 300w, https:\/\/automotiverevista.pt\/wp-content\/uploads\/2025\/05\/Tatra_EG-36-768x576.jpg 768w, https:\/\/automotiverevista.pt\/wp-content\/uploads\/2025\/05\/Tatra_EG-36-750x563.jpg 750w, https:\/\/automotiverevista.pt\/wp-content\/uploads\/2025\/05\/Tatra_EG-36-1140x855.jpg 1140w, https:\/\/automotiverevista.pt\/wp-content\/uploads\/2025\/05\/Tatra_EG-36.jpg 1500w\" sizes=\"(max-width: 1024px) 100vw, 1024px\" \/><\/figure>\n\n\n\n<p>Mais um fator diferenciador: o Phoenix est\u00e1 equipado com semieixos oscilantes independentes que, em conjunto com a suspens\u00e3o pneum\u00e1tica em harmonia com todos os eixos, conferem uma estabilidade inigual\u00e1vel e uma tra\u00e7\u00e3o extraordin\u00e1ria.<\/p>\n\n\n\n<p>Para complementar o manancial tecnol\u00f3gico, o Phoenix tem redu\u00e7\u00e3o aos cubos das rodas, para uma tra\u00e7\u00e3o ainda mais aprimorada. Tendo em conta que este Tatra pode (e deve) circular em estrada, est\u00e1 equipado com um novo sistema de planet\u00e1rios para que esta redu\u00e7\u00e3o aos cubos das rodas n\u00e3o sobreaque\u00e7a, principalmente em autoestrada.<\/p>\n\n\n\n<figure class=\"wp-block-image size-large is-resized\"><img decoding=\"async\" width=\"1024\" height=\"606\" src=\"https:\/\/automotiverevista.pt\/wp-content\/uploads\/2025\/05\/Tatra_EG-16-1024x606.jpg\" alt=\"\" class=\"wp-image-9687\" style=\"width:845px;height:auto\" srcset=\"https:\/\/automotiverevista.pt\/wp-content\/uploads\/2025\/05\/Tatra_EG-16-1024x606.jpg 1024w, https:\/\/automotiverevista.pt\/wp-content\/uploads\/2025\/05\/Tatra_EG-16-300x178.jpg 300w, https:\/\/automotiverevista.pt\/wp-content\/uploads\/2025\/05\/Tatra_EG-16-768x455.jpg 768w, https:\/\/automotiverevista.pt\/wp-content\/uploads\/2025\/05\/Tatra_EG-16-750x444.jpg 750w, https:\/\/automotiverevista.pt\/wp-content\/uploads\/2025\/05\/Tatra_EG-16-1140x675.jpg 1140w, https:\/\/automotiverevista.pt\/wp-content\/uploads\/2025\/05\/Tatra_EG-16.jpg 1400w\" sizes=\"(max-width: 1024px) 100vw, 1024px\" \/><\/figure>\n\n\n\n<p><strong>Variantes<\/strong><\/p>\n\n\n\n<p>A Tatra tem capacidade de produ\u00e7\u00e3o em s\u00e9rie, bem como de cami\u00f5es personalizados. Para o modelo Phoenix, a marca tem cerca de 20 variantes standard. Em Portugal, a Beiracar est\u00e1 a iniciar a comercializa\u00e7\u00e3o do Phoenix em tr\u00eas vers\u00f5es: 4&#215;4 , 6&#215;6 e 8&#215;8.<\/p>\n\n\n\n<p>Na sua vers\u00e3o 6&#215;6 o Phoenix tem uma estrutura robusta mais leve (ideal para carro\u00e7amento), e est\u00e1 equipado com caixa de velocidades semiautom\u00e1tica Traxton da ZF. No teste realizado pelas diversas corpora\u00e7\u00f5es de Bombeiros presentes na forma\u00e7\u00e3o da ENB, not\u00e1mos que feedback foi excelente. Os Bombeiros ficaram positivamente surpresos com as habilidades desta vers\u00e3o em andamento offroad, bem como a conjuga\u00e7\u00e3o entre robustez do chassis com leveza do conjunto e o conforto da cabina.<\/p>\n\n\n\n<figure class=\"wp-block-image size-large is-resized\"><img decoding=\"async\" width=\"1024\" height=\"768\" src=\"https:\/\/automotiverevista.pt\/wp-content\/uploads\/2025\/05\/Tatra_RM-44-1024x768.jpg\" alt=\"\" class=\"wp-image-9688\" style=\"width:775px;height:auto\" srcset=\"https:\/\/automotiverevista.pt\/wp-content\/uploads\/2025\/05\/Tatra_RM-44-1024x768.jpg 1024w, https:\/\/automotiverevista.pt\/wp-content\/uploads\/2025\/05\/Tatra_RM-44-300x225.jpg 300w, https:\/\/automotiverevista.pt\/wp-content\/uploads\/2025\/05\/Tatra_RM-44-768x576.jpg 768w, https:\/\/automotiverevista.pt\/wp-content\/uploads\/2025\/05\/Tatra_RM-44-750x563.jpg 750w, https:\/\/automotiverevista.pt\/wp-content\/uploads\/2025\/05\/Tatra_RM-44-1140x855.jpg 1140w, https:\/\/automotiverevista.pt\/wp-content\/uploads\/2025\/05\/Tatra_RM-44.jpg 1500w\" sizes=\"(max-width: 1024px) 100vw, 1024px\" \/><\/figure>\n\n\n\n<p><strong>A alternativa ao dumper<\/strong><\/p>\n\n\n\n<p>Na sua vers\u00e3o 8&#215;8, o Tatra Phoenix est\u00e1 configurado para trabalhos em constru\u00e7\u00e3o civil e pedreiras (entre outros), sendo capaz de substituir um dumper na movimenta\u00e7\u00e3o de terras, agregados ou pedras.<\/p>\n\n\n\n<p>Assim, este 8&#215;8 com basculante, \u00e9 capaz carregar 30 toneladas de carga em obra, ou um volume de 20m3. Tem uma tara de 20 toneladas e um peso bruto m\u00e1ximo de 50 toneladas. Por compara\u00e7\u00e3o, <a href=\"https:\/\/automotiverevista.pt\/index.php\/2025\/03\/02\/volvo-nova-gama-completa-de-dumpers-articulados\/\">um dumper similar <\/a>carrega 34 toneladas de carga, ou um volume de 21m3, tendo uma tara de 30 toneladas.<\/p>\n\n\n\n<p>Se a capacidade de carga \u00e9 muito similar a um dumper, o pre\u00e7o de aquisi\u00e7\u00e3o do Tatra Phoenix \u00e9 bem menor. &nbsp;Al\u00e9m disso, o custo de manuten\u00e7\u00e3o e das pe\u00e7as \u00e9 bastante inferior a um dumper, sem contar os consumos de diesel, que s\u00e3o mais reduzidos.<\/p>\n\n\n\n<figure class=\"wp-block-image size-large is-resized\"><img decoding=\"async\" width=\"1024\" height=\"714\" src=\"https:\/\/automotiverevista.pt\/wp-content\/uploads\/2025\/05\/Tatra_RM-1154-1024x714.jpg\" alt=\"\" class=\"wp-image-9690\" style=\"width:846px;height:auto\" srcset=\"https:\/\/automotiverevista.pt\/wp-content\/uploads\/2025\/05\/Tatra_RM-1154-1024x714.jpg 1024w, https:\/\/automotiverevista.pt\/wp-content\/uploads\/2025\/05\/Tatra_RM-1154-300x209.jpg 300w, https:\/\/automotiverevista.pt\/wp-content\/uploads\/2025\/05\/Tatra_RM-1154-768x536.jpg 768w, https:\/\/automotiverevista.pt\/wp-content\/uploads\/2025\/05\/Tatra_RM-1154-750x523.jpg 750w, https:\/\/automotiverevista.pt\/wp-content\/uploads\/2025\/05\/Tatra_RM-1154.jpg 1121w\" sizes=\"(max-width: 1024px) 100vw, 1024px\" \/><\/figure>\n\n\n\n<p><strong>Versatilidade inigual\u00e1vel<\/strong><\/p>\n\n\n\n<p>O Tatra Phoenix circula em estradas, e \u00e9 capaz de chegar aos mais diferentes e distantes destinos pelos seus pr\u00f3prios meios, algo que um dumper n\u00e3o consegue fazer. Adicionalmente, o dumper necessita de ser transportado por um cami\u00e3o, o que limita o seu transporte para locais com caminhos mais estreitos e, pela sua tara (30 Ton.), o dumper tamb\u00e9m requer um transporte especial.<\/p>\n\n\n\n<p>O Phoenix 8&#215;8 pode, por exemplo, trabalhar como dumper na movimenta\u00e7\u00e3o de terras numa obra, e depois quando a obra termina, operar como cami\u00e3o de transporte de terra ou de agregados em estrada. Esta versatilidade permite que o ve\u00edculo n\u00e3o fique parado a aguardar pela pr\u00f3xima obra.<\/p>\n\n\n\n<figure class=\"wp-block-image size-large is-resized\"><img decoding=\"async\" width=\"1024\" height=\"584\" src=\"https:\/\/automotiverevista.pt\/wp-content\/uploads\/2025\/05\/Tatra_RM-1-1024x584.jpg\" alt=\"\" class=\"wp-image-9691\" style=\"width:868px;height:auto\" srcset=\"https:\/\/automotiverevista.pt\/wp-content\/uploads\/2025\/05\/Tatra_RM-1-1024x584.jpg 1024w, https:\/\/automotiverevista.pt\/wp-content\/uploads\/2025\/05\/Tatra_RM-1-300x171.jpg 300w, https:\/\/automotiverevista.pt\/wp-content\/uploads\/2025\/05\/Tatra_RM-1-768x438.jpg 768w, https:\/\/automotiverevista.pt\/wp-content\/uploads\/2025\/05\/Tatra_RM-1-750x428.jpg 750w, https:\/\/automotiverevista.pt\/wp-content\/uploads\/2025\/05\/Tatra_RM-1-1140x650.jpg 1140w, https:\/\/automotiverevista.pt\/wp-content\/uploads\/2025\/05\/Tatra_RM-1.jpg 1404w\" sizes=\"(max-width: 1024px) 100vw, 1024px\" \/><\/figure>\n\n\n\n<p><strong>Condu\u00e7\u00e3o e robustez<\/strong><\/p>\n\n\n\n<p>Do teste que pudemos realizar, este ve\u00edculo demonstrou uma capacidade de tra\u00e7\u00e3o que o leva para um patamar sem igual em fora de estrada. Equipado com caixa de velocidades totalmente autom\u00e1tica da Allison, n\u00e3o perde rota\u00e7\u00e3o em subidas ingremes, mesmo que esteja carregado. Quanto ao funcionamento do chassis e suspens\u00e3o, est\u00e1 ao n\u00edvel dos melhores dumpers no mercado.<\/p>\n\n\n\n<p>A Tatra tem forjas pr\u00f3prias, resultando em que 95% dos componentes do chassis, cadeia cinem\u00e1tica e suspens\u00f5es sejam produzidas na f\u00e1brica de Kop\u0159ivnice (Rep\u00fablica Checa). Desta forma, conseguem controlar o grau de pureza e de qualidade dos metais utilizados, garantido a robustez adequada dos componentes. Complementar \u00e0 venda, importa ressaltar que Beiracar presta a assist\u00eancia t\u00e9cnica da Tatra no nosso pa\u00eds.<\/p>\n\n\n\n<figure class=\"wp-block-image size-large is-resized\"><img decoding=\"async\" width=\"1024\" height=\"768\" src=\"https:\/\/automotiverevista.pt\/wp-content\/uploads\/2025\/05\/Tatra_EG-57-1024x768.jpg\" alt=\"\" class=\"wp-image-9692\" style=\"width:828px;height:auto\" srcset=\"https:\/\/automotiverevista.pt\/wp-content\/uploads\/2025\/05\/Tatra_EG-57-1024x768.jpg 1024w, https:\/\/automotiverevista.pt\/wp-content\/uploads\/2025\/05\/Tatra_EG-57-300x225.jpg 300w, https:\/\/automotiverevista.pt\/wp-content\/uploads\/2025\/05\/Tatra_EG-57-768x576.jpg 768w, https:\/\/automotiverevista.pt\/wp-content\/uploads\/2025\/05\/Tatra_EG-57-750x563.jpg 750w, https:\/\/automotiverevista.pt\/wp-content\/uploads\/2025\/05\/Tatra_EG-57-1140x855.jpg 1140w, https:\/\/automotiverevista.pt\/wp-content\/uploads\/2025\/05\/Tatra_EG-57.jpg 1400w\" sizes=\"(max-width: 1024px) 100vw, 1024px\" \/><\/figure>\n\n\n\n<p><strong>Potencial por explorar<\/strong><\/p>\n\n\n\n<p>Em termos mundiais, a Tatra tem o objetivo de aumentar gradualmente a sua produ\u00e7\u00e3o. Neste momento produzem cerca de 1500 cami\u00f5es\/ano na f\u00e1brica de Kop\u0159ivnice e o objetivo \u00e9 duplicarem num futuro pr\u00f3ximo.<\/p>\n\n\n\n<p>Para tal, o modelo Phoenix dever\u00e1 representar uma parte importante das vendas, em setores como a constru\u00e7\u00e3o, demoli\u00e7\u00e3o, minera\u00e7\u00e3o, \u00e1rea agr\u00edcola, florestal, combate a inc\u00eandios, e militar. Em Portugal, este cami\u00e3o\/dumper tem todos os argumentos t\u00e9cnicos para ser um sucesso, atrav\u00e9s de um concession\u00e1rio com larga experi\u00eancia com capacidades para dar o suporte t\u00e9cnico, comercial e de p\u00f3s-venda aos clientes nacionais.<\/p>\n\n\n\n<figure class=\"wp-block-image size-large is-resized\"><img decoding=\"async\" width=\"1024\" height=\"768\" src=\"https:\/\/automotiverevista.pt\/wp-content\/uploads\/2025\/05\/Tatra_RM-190-1024x768.jpg\" alt=\"\" class=\"wp-image-9693\" style=\"width:836px;height:auto\" srcset=\"https:\/\/automotiverevista.pt\/wp-content\/uploads\/2025\/05\/Tatra_RM-190-1024x768.jpg 1024w, https:\/\/automotiverevista.pt\/wp-content\/uploads\/2025\/05\/Tatra_RM-190-300x225.jpg 300w, https:\/\/automotiverevista.pt\/wp-content\/uploads\/2025\/05\/Tatra_RM-190-768x576.jpg 768w, https:\/\/automotiverevista.pt\/wp-content\/uploads\/2025\/05\/Tatra_RM-190-750x563.jpg 750w, https:\/\/automotiverevista.pt\/wp-content\/uploads\/2025\/05\/Tatra_RM-190-1140x855.jpg 1140w, https:\/\/automotiverevista.pt\/wp-content\/uploads\/2025\/05\/Tatra_RM-190.jpg 1500w\" sizes=\"(max-width: 1024px) 100vw, 1024px\" \/><\/figure>\n","protected":false},"excerpt":{"rendered":"<p>A Beiracar (concession\u00e1rio DAF em Viseu), apresentou o novo Tatra Phoenix Euro 6, com capacidade de substituir um dumper e um cami\u00e3o de constru\u00e7\u00e3o. Equipado com b\u00e1scula, na sua vers\u00e3o 8&#215;8 tem capacidade de carga de 30 toneladas e est\u00e1 homologado para circular em estrada. A Revista Automotive esteve presente na apresenta\u00e7\u00e3o nacional, que teve [&hellip;]<\/p>\n","protected":false},"author":1,"featured_media":9685,"comment_status":"closed","ping_status":"open","sticky":false,"template":"","format":"standard","meta":{"jnews-multi-image_gallery":[],"jnews_single_post":{"format":"standard"},"jnews_primary_category":[],"footnotes":""},"categories":[25],"tags":[],"class_list":["post-9679","post","type-post","status-publish","format-standard","has-post-thumbnail","hentry","category-pesados-e-maquinas"],"yoast_head":"<!-- This site is optimized with the Yoast SEO Premium plugin v27.5 (Yoast SEO v27.5) - https:\/\/yoast.com\/product\/yoast-seo-premium-wordpress\/ -->\n<title>Tatra Phoenix \u2013 a alternativa aos dumpers agora em Portugal - Revista Automotive<\/title>\n<meta name=\"description\" content=\"Tatra Phoenix Euro 6, com capacidade de substituir um dumper e um cami\u00e3o de constru\u00e7\u00e3o comercializado pela Beiracar\" \/>\n<meta name=\"robots\" content=\"index, follow, max-snippet:-1, max-image-preview:large, max-video-preview:-1\" \/>\n<link rel=\"canonical\" href=\"https:\/\/automotiverevista.pt\/index.php\/2025\/05\/08\/tatra-phoenix-a-alternativa-aos-dumpers-agora-em-portugal\/\" \/>\n<meta property=\"og:locale\" content=\"pt_PT\" \/>\n<meta property=\"og:type\" content=\"article\" \/>\n<meta property=\"og:title\" content=\"Tatra Phoenix \u2013 a alternativa aos dumpers agora em Portugal\" \/>\n<meta property=\"og:description\" content=\"Tatra Phoenix Euro 6, com capacidade de substituir um dumper e um cami\u00e3o de constru\u00e7\u00e3o comercializado pela Beiracar\" \/>\n<meta property=\"og:url\" content=\"https:\/\/automotiverevista.pt\/index.php\/2025\/05\/08\/tatra-phoenix-a-alternativa-aos-dumpers-agora-em-portugal\/\" \/>\n<meta property=\"og:site_name\" content=\"Revista Automotive\" \/>\n<meta property=\"article:published_time\" content=\"2025-05-08T18:34:56+00:00\" \/>\n<meta property=\"article:modified_time\" content=\"2025-05-19T17:52:15+00:00\" \/>\n<meta property=\"og:image\" content=\"https:\/\/automotiverevista.pt\/wp-content\/uploads\/2025\/05\/Tatra_EG-60.jpg\" \/>\n\t<meta property=\"og:image:width\" content=\"1400\" \/>\n\t<meta property=\"og:image:height\" content=\"957\" \/>\n\t<meta property=\"og:image:type\" content=\"image\/jpeg\" \/>\n<meta name=\"author\" content=\"adminNovo\" \/>\n<meta name=\"twitter:card\" content=\"summary_large_image\" \/>\n<meta name=\"twitter:label1\" content=\"Escrito por\" \/>\n\t<meta name=\"twitter:data1\" content=\"adminNovo\" \/>\n\t<meta name=\"twitter:label2\" content=\"Tempo estimado de leitura\" \/>\n\t<meta name=\"twitter:data2\" content=\"9 minutos\" \/>\n<script type=\"application\/ld+json\" class=\"yoast-schema-graph\">{\"@context\":\"https:\\\/\\\/schema.org\",\"@graph\":[{\"@type\":\"Article\",\"@id\":\"https:\\\/\\\/automotiverevista.pt\\\/index.php\\\/2025\\\/05\\\/08\\\/tatra-phoenix-a-alternativa-aos-dumpers-agora-em-portugal\\\/#article\",\"isPartOf\":{\"@id\":\"https:\\\/\\\/automotiverevista.pt\\\/index.php\\\/2025\\\/05\\\/08\\\/tatra-phoenix-a-alternativa-aos-dumpers-agora-em-portugal\\\/\"},\"author\":{\"name\":\"adminNovo\",\"@id\":\"https:\\\/\\\/automotiverevista.pt\\\/#\\\/schema\\\/person\\\/1265858bc8c78a0f969de814da8be281\"},\"headline\":\"Tatra Phoenix \u2013 a alternativa aos dumpers agora em Portugal\",\"datePublished\":\"2025-05-08T18:34:56+00:00\",\"dateModified\":\"2025-05-19T17:52:15+00:00\",\"mainEntityOfPage\":{\"@id\":\"https:\\\/\\\/automotiverevista.pt\\\/index.php\\\/2025\\\/05\\\/08\\\/tatra-phoenix-a-alternativa-aos-dumpers-agora-em-portugal\\\/\"},\"wordCount\":1236,\"publisher\":{\"@id\":\"https:\\\/\\\/automotiverevista.pt\\\/#organization\"},\"image\":{\"@id\":\"https:\\\/\\\/automotiverevista.pt\\\/index.php\\\/2025\\\/05\\\/08\\\/tatra-phoenix-a-alternativa-aos-dumpers-agora-em-portugal\\\/#primaryimage\"},\"thumbnailUrl\":\"https:\\\/\\\/automotiverevista.pt\\\/wp-content\\\/uploads\\\/2025\\\/05\\\/Tatra_EG-60.jpg\",\"articleSection\":[\"Pesados e M\u00e1quinas\"],\"inLanguage\":\"pt-PT\"},{\"@type\":\"WebPage\",\"@id\":\"https:\\\/\\\/automotiverevista.pt\\\/index.php\\\/2025\\\/05\\\/08\\\/tatra-phoenix-a-alternativa-aos-dumpers-agora-em-portugal\\\/\",\"url\":\"https:\\\/\\\/automotiverevista.pt\\\/index.php\\\/2025\\\/05\\\/08\\\/tatra-phoenix-a-alternativa-aos-dumpers-agora-em-portugal\\\/\",\"name\":\"Tatra Phoenix \u2013 a alternativa aos dumpers agora em Portugal - Revista Automotive\",\"isPartOf\":{\"@id\":\"https:\\\/\\\/automotiverevista.pt\\\/#website\"},\"primaryImageOfPage\":{\"@id\":\"https:\\\/\\\/automotiverevista.pt\\\/index.php\\\/2025\\\/05\\\/08\\\/tatra-phoenix-a-alternativa-aos-dumpers-agora-em-portugal\\\/#primaryimage\"},\"image\":{\"@id\":\"https:\\\/\\\/automotiverevista.pt\\\/index.php\\\/2025\\\/05\\\/08\\\/tatra-phoenix-a-alternativa-aos-dumpers-agora-em-portugal\\\/#primaryimage\"},\"thumbnailUrl\":\"https:\\\/\\\/automotiverevista.pt\\\/wp-content\\\/uploads\\\/2025\\\/05\\\/Tatra_EG-60.jpg\",\"datePublished\":\"2025-05-08T18:34:56+00:00\",\"dateModified\":\"2025-05-19T17:52:15+00:00\",\"description\":\"Tatra Phoenix Euro 6, com capacidade de substituir um dumper e um cami\u00e3o de constru\u00e7\u00e3o comercializado pela Beiracar\",\"breadcrumb\":{\"@id\":\"https:\\\/\\\/automotiverevista.pt\\\/index.php\\\/2025\\\/05\\\/08\\\/tatra-phoenix-a-alternativa-aos-dumpers-agora-em-portugal\\\/#breadcrumb\"},\"inLanguage\":\"pt-PT\",\"potentialAction\":[{\"@type\":\"ReadAction\",\"target\":[\"https:\\\/\\\/automotiverevista.pt\\\/index.php\\\/2025\\\/05\\\/08\\\/tatra-phoenix-a-alternativa-aos-dumpers-agora-em-portugal\\\/\"]}]},{\"@type\":\"ImageObject\",\"inLanguage\":\"pt-PT\",\"@id\":\"https:\\\/\\\/automotiverevista.pt\\\/index.php\\\/2025\\\/05\\\/08\\\/tatra-phoenix-a-alternativa-aos-dumpers-agora-em-portugal\\\/#primaryimage\",\"url\":\"https:\\\/\\\/automotiverevista.pt\\\/wp-content\\\/uploads\\\/2025\\\/05\\\/Tatra_EG-60.jpg\",\"contentUrl\":\"https:\\\/\\\/automotiverevista.pt\\\/wp-content\\\/uploads\\\/2025\\\/05\\\/Tatra_EG-60.jpg\",\"width\":1400,\"height\":957},{\"@type\":\"BreadcrumbList\",\"@id\":\"https:\\\/\\\/automotiverevista.pt\\\/index.php\\\/2025\\\/05\\\/08\\\/tatra-phoenix-a-alternativa-aos-dumpers-agora-em-portugal\\\/#breadcrumb\",\"itemListElement\":[{\"@type\":\"ListItem\",\"position\":1,\"name\":\"Home\",\"item\":\"https:\\\/\\\/automotiverevista.pt\\\/\"},{\"@type\":\"ListItem\",\"position\":2,\"name\":\"Tatra Phoenix \u2013 a alternativa aos dumpers agora em Portugal\"}]},{\"@type\":\"WebSite\",\"@id\":\"https:\\\/\\\/automotiverevista.pt\\\/#website\",\"url\":\"https:\\\/\\\/automotiverevista.pt\\\/\",\"name\":\"Revista Automotive\",\"description\":\"Revista Automotive Portugal\",\"publisher\":{\"@id\":\"https:\\\/\\\/automotiverevista.pt\\\/#organization\"},\"potentialAction\":[{\"@type\":\"SearchAction\",\"target\":{\"@type\":\"EntryPoint\",\"urlTemplate\":\"https:\\\/\\\/automotiverevista.pt\\\/?s={search_term_string}\"},\"query-input\":{\"@type\":\"PropertyValueSpecification\",\"valueRequired\":true,\"valueName\":\"search_term_string\"}}],\"inLanguage\":\"pt-PT\"},{\"@type\":\"Organization\",\"@id\":\"https:\\\/\\\/automotiverevista.pt\\\/#organization\",\"name\":\"Revista Automotive Portugal\",\"url\":\"https:\\\/\\\/automotiverevista.pt\\\/\",\"logo\":{\"@type\":\"ImageObject\",\"inLanguage\":\"pt-PT\",\"@id\":\"https:\\\/\\\/automotiverevista.pt\\\/#\\\/schema\\\/logo\\\/image\\\/\",\"url\":\"https:\\\/\\\/automotiverevista.pt\\\/wp-content\\\/uploads\\\/2022\\\/07\\\/Logo-Automotive-2021_500-1.jpg\",\"contentUrl\":\"https:\\\/\\\/automotiverevista.pt\\\/wp-content\\\/uploads\\\/2022\\\/07\\\/Logo-Automotive-2021_500-1.jpg\",\"width\":500,\"height\":160,\"caption\":\"Revista Automotive Portugal\"},\"image\":{\"@id\":\"https:\\\/\\\/automotiverevista.pt\\\/#\\\/schema\\\/logo\\\/image\\\/\"},\"sameAs\":[\"https:\\\/\\\/linkedin.com\\\/in\\\/automotiverevista\"]},{\"@type\":\"Person\",\"@id\":\"https:\\\/\\\/automotiverevista.pt\\\/#\\\/schema\\\/person\\\/1265858bc8c78a0f969de814da8be281\",\"name\":\"adminNovo\",\"image\":{\"@type\":\"ImageObject\",\"inLanguage\":\"pt-PT\",\"@id\":\"https:\\\/\\\/secure.gravatar.com\\\/avatar\\\/c606c1288dcc11eb4c709aa5136fdb962583c410f5c23c0b7bf6917c542be355?s=96&d=mm&r=g\",\"url\":\"https:\\\/\\\/secure.gravatar.com\\\/avatar\\\/c606c1288dcc11eb4c709aa5136fdb962583c410f5c23c0b7bf6917c542be355?s=96&d=mm&r=g\",\"contentUrl\":\"https:\\\/\\\/secure.gravatar.com\\\/avatar\\\/c606c1288dcc11eb4c709aa5136fdb962583c410f5c23c0b7bf6917c542be355?s=96&d=mm&r=g\",\"caption\":\"adminNovo\"},\"sameAs\":[\"https:\\\/\\\/automotiverevista.pt\"],\"url\":\"https:\\\/\\\/automotiverevista.pt\\\/index.php\\\/author\\\/adminnovo\\\/\"}]}<\/script>\n<!-- \/ Yoast SEO Premium plugin. -->","yoast_head_json":{"title":"Tatra Phoenix \u2013 a alternativa aos dumpers agora em Portugal - Revista Automotive","description":"Tatra Phoenix Euro 6, com capacidade de substituir um dumper e um cami\u00e3o de constru\u00e7\u00e3o comercializado pela Beiracar","robots":{"index":"index","follow":"follow","max-snippet":"max-snippet:-1","max-image-preview":"max-image-preview:large","max-video-preview":"max-video-preview:-1"},"canonical":"https:\/\/automotiverevista.pt\/index.php\/2025\/05\/08\/tatra-phoenix-a-alternativa-aos-dumpers-agora-em-portugal\/","og_locale":"pt_PT","og_type":"article","og_title":"Tatra Phoenix \u2013 a alternativa aos dumpers agora em Portugal","og_description":"Tatra Phoenix Euro 6, com capacidade de substituir um dumper e um cami\u00e3o de constru\u00e7\u00e3o comercializado pela Beiracar","og_url":"https:\/\/automotiverevista.pt\/index.php\/2025\/05\/08\/tatra-phoenix-a-alternativa-aos-dumpers-agora-em-portugal\/","og_site_name":"Revista Automotive","article_published_time":"2025-05-08T18:34:56+00:00","article_modified_time":"2025-05-19T17:52:15+00:00","og_image":[{"width":1400,"height":957,"url":"https:\/\/automotiverevista.pt\/wp-content\/uploads\/2025\/05\/Tatra_EG-60.jpg","type":"image\/jpeg"}],"author":"adminNovo","twitter_card":"summary_large_image","twitter_misc":{"Escrito por":"adminNovo","Tempo estimado de leitura":"9 minutos"},"schema":{"@context":"https:\/\/schema.org","@graph":[{"@type":"Article","@id":"https:\/\/automotiverevista.pt\/index.php\/2025\/05\/08\/tatra-phoenix-a-alternativa-aos-dumpers-agora-em-portugal\/#article","isPartOf":{"@id":"https:\/\/automotiverevista.pt\/index.php\/2025\/05\/08\/tatra-phoenix-a-alternativa-aos-dumpers-agora-em-portugal\/"},"author":{"name":"adminNovo","@id":"https:\/\/automotiverevista.pt\/#\/schema\/person\/1265858bc8c78a0f969de814da8be281"},"headline":"Tatra Phoenix \u2013 a alternativa aos dumpers agora em Portugal","datePublished":"2025-05-08T18:34:56+00:00","dateModified":"2025-05-19T17:52:15+00:00","mainEntityOfPage":{"@id":"https:\/\/automotiverevista.pt\/index.php\/2025\/05\/08\/tatra-phoenix-a-alternativa-aos-dumpers-agora-em-portugal\/"},"wordCount":1236,"publisher":{"@id":"https:\/\/automotiverevista.pt\/#organization"},"image":{"@id":"https:\/\/automotiverevista.pt\/index.php\/2025\/05\/08\/tatra-phoenix-a-alternativa-aos-dumpers-agora-em-portugal\/#primaryimage"},"thumbnailUrl":"https:\/\/automotiverevista.pt\/wp-content\/uploads\/2025\/05\/Tatra_EG-60.jpg","articleSection":["Pesados e M\u00e1quinas"],"inLanguage":"pt-PT"},{"@type":"WebPage","@id":"https:\/\/automotiverevista.pt\/index.php\/2025\/05\/08\/tatra-phoenix-a-alternativa-aos-dumpers-agora-em-portugal\/","url":"https:\/\/automotiverevista.pt\/index.php\/2025\/05\/08\/tatra-phoenix-a-alternativa-aos-dumpers-agora-em-portugal\/","name":"Tatra Phoenix \u2013 a alternativa aos dumpers agora em Portugal - Revista Automotive","isPartOf":{"@id":"https:\/\/automotiverevista.pt\/#website"},"primaryImageOfPage":{"@id":"https:\/\/automotiverevista.pt\/index.php\/2025\/05\/08\/tatra-phoenix-a-alternativa-aos-dumpers-agora-em-portugal\/#primaryimage"},"image":{"@id":"https:\/\/automotiverevista.pt\/index.php\/2025\/05\/08\/tatra-phoenix-a-alternativa-aos-dumpers-agora-em-portugal\/#primaryimage"},"thumbnailUrl":"https:\/\/automotiverevista.pt\/wp-content\/uploads\/2025\/05\/Tatra_EG-60.jpg","datePublished":"2025-05-08T18:34:56+00:00","dateModified":"2025-05-19T17:52:15+00:00","description":"Tatra Phoenix Euro 6, com capacidade de substituir um dumper e um cami\u00e3o de constru\u00e7\u00e3o comercializado pela Beiracar","breadcrumb":{"@id":"https:\/\/automotiverevista.pt\/index.php\/2025\/05\/08\/tatra-phoenix-a-alternativa-aos-dumpers-agora-em-portugal\/#breadcrumb"},"inLanguage":"pt-PT","potentialAction":[{"@type":"ReadAction","target":["https:\/\/automotiverevista.pt\/index.php\/2025\/05\/08\/tatra-phoenix-a-alternativa-aos-dumpers-agora-em-portugal\/"]}]},{"@type":"ImageObject","inLanguage":"pt-PT","@id":"https:\/\/automotiverevista.pt\/index.php\/2025\/05\/08\/tatra-phoenix-a-alternativa-aos-dumpers-agora-em-portugal\/#primaryimage","url":"https:\/\/automotiverevista.pt\/wp-content\/uploads\/2025\/05\/Tatra_EG-60.jpg","contentUrl":"https:\/\/automotiverevista.pt\/wp-content\/uploads\/2025\/05\/Tatra_EG-60.jpg","width":1400,"height":957},{"@type":"BreadcrumbList","@id":"https:\/\/automotiverevista.pt\/index.php\/2025\/05\/08\/tatra-phoenix-a-alternativa-aos-dumpers-agora-em-portugal\/#breadcrumb","itemListElement":[{"@type":"ListItem","position":1,"name":"Home","item":"https:\/\/automotiverevista.pt\/"},{"@type":"ListItem","position":2,"name":"Tatra Phoenix \u2013 a alternativa aos dumpers agora em Portugal"}]},{"@type":"WebSite","@id":"https:\/\/automotiverevista.pt\/#website","url":"https:\/\/automotiverevista.pt\/","name":"Revista Automotive","description":"Revista Automotive Portugal","publisher":{"@id":"https:\/\/automotiverevista.pt\/#organization"},"potentialAction":[{"@type":"SearchAction","target":{"@type":"EntryPoint","urlTemplate":"https:\/\/automotiverevista.pt\/?s={search_term_string}"},"query-input":{"@type":"PropertyValueSpecification","valueRequired":true,"valueName":"search_term_string"}}],"inLanguage":"pt-PT"},{"@type":"Organization","@id":"https:\/\/automotiverevista.pt\/#organization","name":"Revista Automotive Portugal","url":"https:\/\/automotiverevista.pt\/","logo":{"@type":"ImageObject","inLanguage":"pt-PT","@id":"https:\/\/automotiverevista.pt\/#\/schema\/logo\/image\/","url":"https:\/\/automotiverevista.pt\/wp-content\/uploads\/2022\/07\/Logo-Automotive-2021_500-1.jpg","contentUrl":"https:\/\/automotiverevista.pt\/wp-content\/uploads\/2022\/07\/Logo-Automotive-2021_500-1.jpg","width":500,"height":160,"caption":"Revista Automotive Portugal"},"image":{"@id":"https:\/\/automotiverevista.pt\/#\/schema\/logo\/image\/"},"sameAs":["https:\/\/linkedin.com\/in\/automotiverevista"]},{"@type":"Person","@id":"https:\/\/automotiverevista.pt\/#\/schema\/person\/1265858bc8c78a0f969de814da8be281","name":"adminNovo","image":{"@type":"ImageObject","inLanguage":"pt-PT","@id":"https:\/\/secure.gravatar.com\/avatar\/c606c1288dcc11eb4c709aa5136fdb962583c410f5c23c0b7bf6917c542be355?s=96&d=mm&r=g","url":"https:\/\/secure.gravatar.com\/avatar\/c606c1288dcc11eb4c709aa5136fdb962583c410f5c23c0b7bf6917c542be355?s=96&d=mm&r=g","contentUrl":"https:\/\/secure.gravatar.com\/avatar\/c606c1288dcc11eb4c709aa5136fdb962583c410f5c23c0b7bf6917c542be355?s=96&d=mm&r=g","caption":"adminNovo"},"sameAs":["https:\/\/automotiverevista.pt"],"url":"https:\/\/automotiverevista.pt\/index.php\/author\/adminnovo\/"}]}},"_links":{"self":[{"href":"https:\/\/automotiverevista.pt\/index.php\/wp-json\/wp\/v2\/posts\/9679","targetHints":{"allow":["GET"]}}],"collection":[{"href":"https:\/\/automotiverevista.pt\/index.php\/wp-json\/wp\/v2\/posts"}],"about":[{"href":"https:\/\/automotiverevista.pt\/index.php\/wp-json\/wp\/v2\/types\/post"}],"author":[{"embeddable":true,"href":"https:\/\/automotiverevista.pt\/index.php\/wp-json\/wp\/v2\/users\/1"}],"replies":[{"embeddable":true,"href":"https:\/\/automotiverevista.pt\/index.php\/wp-json\/wp\/v2\/comments?post=9679"}],"version-history":[{"count":5,"href":"https:\/\/automotiverevista.pt\/index.php\/wp-json\/wp\/v2\/posts\/9679\/revisions"}],"predecessor-version":[{"id":9806,"href":"https:\/\/automotiverevista.pt\/index.php\/wp-json\/wp\/v2\/posts\/9679\/revisions\/9806"}],"wp:featuredmedia":[{"embeddable":true,"href":"https:\/\/automotiverevista.pt\/index.php\/wp-json\/wp\/v2\/media\/9685"}],"wp:attachment":[{"href":"https:\/\/automotiverevista.pt\/index.php\/wp-json\/wp\/v2\/media?parent=9679"}],"wp:term":[{"taxonomy":"category","embeddable":true,"href":"https:\/\/automotiverevista.pt\/index.php\/wp-json\/wp\/v2\/categories?post=9679"},{"taxonomy":"post_tag","embeddable":true,"href":"https:\/\/automotiverevista.pt\/index.php\/wp-json\/wp\/v2\/tags?post=9679"}],"curies":[{"name":"wp","href":"https:\/\/api.w.org\/{rel}","templated":true}]}}